{"id":12810,"date":"2019-07-09T18:40:59","date_gmt":"2019-07-09T18:40:59","guid":{"rendered":"https:\/\/www.gruporecoletas.com\/noticias\/?p=12810"},"modified":"2019-07-04T18:57:02","modified_gmt":"2019-07-04T18:57:02","slug":"problemas-para-dormir","status":"publish","type":"post","link":"https:\/\/www.gruporecoletas.com\/noticias\/problemas-para-dormir\/","title":{"rendered":"\u00bfProblemas para Dormir?"},"content":{"rendered":"\n<div class=\"wp-block-image\"><figure class=\"alignright is-resized\"><a href=\"https:\/\/www.gruporecoletas.com\/noticias\/tag\/recoletas-salud-18-julio-2019\/\"><img loading=\"lazy\" decoding=\"async\" src=\"https:\/\/www.gruporecoletas.com\/noticias\/wp-content\/uploads\/2019\/07\/Recoletas_N18-724x1024.jpg\" alt=\"\" class=\"wp-image-12783\" width=\"181\" height=\"256\" srcset=\"https:\/\/www.gruporecoletas.com\/noticias\/wp-content\/uploads\/2019\/07\/Recoletas_N18.jpg 724w, https:\/\/www.gruporecoletas.com\/noticias\/wp-content\/uploads\/2019\/07\/Recoletas_N18-212x300.jpg 212w\" sizes=\"auto, (max-width: 181px) 100vw, 181px\" \/><\/a><\/figure><\/div>\n\n\n\n<p>El n\u00famero de horas de sue\u00f1o necesarias var\u00eda de unas personas a otras. Lo normal es entre 6-9 horas, pero no siempre es as\u00ed, y en m\u00faltiples ocasiones las personas experimentan problemas con el sue\u00f1o, ya sea porque son incapaces de conciliarlo, tengan numerosos despertares nocturnos, haya una disminuci\u00f3n del tiempo de sue\u00f1o, o la sensaci\u00f3n de que \u00e9ste haya sido insuficiente. Todas estas posibilidades empeoran sustancialmente la calidad de vida, y, por tanto, la funcionalidad en otras \u00e1reas (laboral, social y familiar). Se estima que un 10% de la poblaci\u00f3n adulta padece insomnio cr\u00f3nico.<\/p>\n\n\n\n<p>El insomnio es un trastorno que afecta a millones de personas en pa\u00edses industrializados y se relaciona con un incremento de morbimortalidad y mayor consumo de recursos sanitarios<\/p>\n\n\n\n<p>Un trastorno del sue\u00f1o suele ser una se\u00f1al de alarma de un trastorno subyacente. Por tanto, si nos limitamos a tratarlo con sedantes, hipn\u00f3ticos o hierbas relajantes estaremos enmascarando el problema de base que origina ese insomnio, pudiendo obtener con dichas soluciones una mejor\u00eda r\u00e1pida pero parcial, que har\u00e1 ir cambiando de f\u00e1rmacos y dosis, pero sin solucionar la causa original que est\u00e1 generando ese trastorno del sue\u00f1o.<\/p>\n\n\n\n<blockquote class=\"wp-block-quote is-style-large is-layout-flow wp-block-quote-is-layout-flow\"><p>\u201cSe estima que un 10% de la poblaci\u00f3n adulta padece insomnio cr\u00f3nico. Es importante realizar un abordaje integral indagando acerca de las causas, desencadenantes y repercusi\u00f3n en el paciente, ya que puede generarle m\u00faltiples problemas de salud\u201d<\/p><\/blockquote>\n\n\n\n<p>Cuando llega una persona con insomnio es importante realizar un abordaje integral indagando acerca de las causas, desencadenantes y repercusi\u00f3n en el paciente. Adem\u00e1s, el insomnio puede generar m\u00faltiples problemas sobre la salud:\u00a0<\/p>\n\n\n\n<ul class=\"wp-block-list\"><li>Deterioro en la vida laboral y personal<\/li><li>Somnolencia, fatiga y falta de energ\u00eda durante el d\u00eda.<\/li><li>Alteraciones del humor, irritabilidad y dificultad para concentrarse.<\/li><li>Aumento de la aparici\u00f3n de depresi\u00f3n, ansiedad y alcoholismo.<\/li><li>Envejecimiento prematuro.<\/li><li>Mayor riesgo de enfermedades respiratorias, cardiovasculares y cerebrovasculares.<\/li><\/ul>\n\n\n\n<p>Es m\u00e1s frecuente en mujeres, en personas con problemas de salud mental, y en personas con pluripatolog\u00eda cr\u00f3nica.<\/p>\n\n\n\n<h2 class=\"wp-block-heading\">MEDIDAS HIGI\u00c9NICAS DEL SUE\u00d1O<\/h2>\n\n\n\n<ul class=\"wp-block-list\"><li>Evitar siestas durante el d\u00eda. <\/li><li>Evitar estimulantes antes de acostarse (alcohol, caf\u00e9, t\u00e9, chocolate, bebidas energ\u00e9ticas hasta 4 horas antes de dormir). <\/li><li>Evitar cenas copiosas o gran cantidad de l\u00edquidos antes de acostarse. <\/li><li>No estar a \u00faltima hora del d\u00eda frente a pantallas (ordenador, tablet, smartphone), no llev\u00e1rselos a la cama. <\/li><li>Mantener horario regular del sue\u00f1o, levant\u00e1ndose y acost\u00e1ndose a la misma hora. <\/li><li>Evitar hacer actividad f\u00edsica vigorosa antes de dormir. <\/li><li>Practicar ejercicios de relajaci\u00f3n antes de acostarse. <\/li><li>Tratar de dormir en las horas en que el cortisol tiene menores niveles (00:00h-07.00h).<\/li><\/ul>\n\n\n\n<blockquote class=\"wp-block-quote is-style-large is-layout-flow wp-block-quote-is-layout-flow\"><p>\u201cDormir adecuadamente proporciona innumerables efectos positivos en la salud en general, protegiendo el coraz\u00f3n, mejorando la memoria, fortaleciendo el sistema inmunitario e incrementando la creatividad\u201d\u00a0<\/p><\/blockquote>\n\n\n\n<p>\u00bfCU\u00c1NDO CONSULTAR CON UN ESPECIALISTA?<\/p>\n\n\n\n<p>Cuando el trastorno es mantenido en el tiempo y las medidas de higiene del sue\u00f1o no son suficientes. El diagn\u00f3stico del trastorno por insomnio es b\u00e1sicamente cl\u00ednico y el instrumento por excelencia es la entrevista cl\u00ednica. Para su tratamiento se recomienda una terapia combinada que incluya, adem\u00e1s de medidas de higiene del sue\u00f1o, un tratamiento conductual y psicoterap\u00e9utico, y si los anteriores no fuesen suficientes, psicofarmacol\u00f3gico.<\/p>\n\n\n\n<p>Como tratamiento psicol\u00f3gico de primera l\u00ednea, las t\u00e9cnicas conductuales m\u00e1s utilizadas son relajaci\u00f3n-respiraci\u00f3n, control de est\u00edmulos o restricci\u00f3n del tiempo en la cama. Todas ellas, encaminadas a reestablecer unas medidas b\u00e1sicas de higiene del sue\u00f1o.<\/p>\n\n\n\n<p>La entrevista cl\u00ednica nos dar\u00e1 las se\u00f1ales o pistas para conocer el origen del insomnio. Esta informaci\u00f3n es importante para establecer estrategias encaminadas a la restauraci\u00f3n de un patr\u00f3n sue\u00f1o-vigilia correcto y adecuado.\u00a0<\/p>\n\n\n\n<h2 class=\"wp-block-heading\">ENFERMEDADES RELACIONADAS CON INSOMNIO<\/h2>\n\n\n\n<h4 class=\"wp-block-heading\">Enfermedades M\u00e9dicas:<\/h4>\n\n\n\n<ul class=\"wp-block-list\"><li>Cardiovasculares<\/li><li>Respiratorias<\/li><li>Neurol\u00f3gicas<\/li><li>Gastrointestinales<\/li><li>Urol\u00f3gicas<\/li><li>Endocrinas<\/li><li>Reumatol\u00f3gicas<\/li><li>Dermatol\u00f3gicas<\/li><li>Neoplasias<\/li><li>Perimenopausia<\/li><\/ul>\n\n\n\n<h4 class=\"wp-block-heading\">Trastornos mentales:<\/h4>\n\n\n\n<ul class=\"wp-block-list\"><li>Trastorno de ansiedad<\/li><li>Trastornos depresivos<\/li><li>Trastorno bipolar<\/li><li>Trastorno obsesivocompulsivo<\/li><li>Esquizofrenia<\/li><li>Abuso y dependencia de sustancias<\/li><li>Trastorno por estr\u00e9s posttraum\u00e1tico<\/li><\/ul>\n\n\n\n<h4 class=\"wp-block-heading\">Sustancias y F\u00e1rmacos: <\/h4>\n\n\n\n<ul class=\"wp-block-list\"><li>Alcohol, tabaco, cafe\u00edna, t\u00e9<\/li><li>Psicoestimulantes<\/li><li>Antihipertensivos y diur\u00e9ticos<\/li><li>Citost\u00e1ticos y opioides<\/li><li>Hormonas tiroideas<\/li><li>Corticoides<\/li><li>Fenilefrina, pseudoefedrina<\/li><li>Broncodilatadores<\/li><li>Antidepresivos<\/li><\/ul>\n\n\n\n<p>El tratamiento psiqui\u00e1trico forma parte del tratamiento integral del paciente. Es importante antes de seleccionar el tratamiento conocer bien las caracter\u00edsticas individuales de los pacientes (edad, sexo, personalidad y psicopatolog\u00eda asociada). Entre los f\u00e1rmacos que pueden usarse tenemos:<\/p>\n\n\n\n<ol class=\"wp-block-list\"><li>Hipn\u00f3ticos benzodiacep\u00ednicos y tipo Z o no benzodiacepinicos.<\/li><li>Antidepresivos con perfil sedativos (tric\u00edclicos, trazodona, mirtazapina) si coexiste un trastorno depresivo.<\/li><li>F\u00e1rmacos agonistas de los receptores GABA (gabapentina y pregabalina) y agonistas de los receptores MT1 y MT2, como la melatonina.<\/li><\/ol>\n\n\n\n<p>El descanso es una deuda que no puede esperar, ya que las horas no dormidas no se recuperan. Dormir adecuadamente proporciona innumerables efectos positivos que redundan en la salud en general, protegiendo el coraz\u00f3n, mejorando la memoria, fortaleciendo el sistema inmunitario e incrementando la creatividad.\u00a0<\/p>\n\n\n\n<blockquote class=\"wp-block-quote is-style-large is-layout-flow wp-block-quote-is-layout-flow\"><p>\u201cAntes de seleccionar el tratamiento es importante conocer bien las caracter\u00edsticas individuales del paciente (edad, sexo, personalidad y psicopatolog\u00eda asociada)\u201d\u00a0<\/p><\/blockquote>\n","protected":false},"excerpt":{"rendered":"<p>El n\u00famero de horas de sue\u00f1o necesarias var\u00eda de unas personas a otras. Lo normal es entre 6-9 horas, pero no siempre es as\u00ed, y en m\u00faltiples ocasiones las personas experimentan problemas con el sue\u00f1o, ya sea porque son incapaces de conciliarlo, tengan numerosos despertares nocturnos, haya una disminuci\u00f3n del tiempo de sue\u00f1o, o la [&hellip;]<\/p>\n","protected":false},"author":2,"featured_media":12811,"comment_status":"closed","ping_status":"closed","sticky":false,"template":"","format":"standard","meta":{"_acf_changed":false,"footnotes":""},"categories":[42],"tags":[885],"class_list":["post-12810","post","type-post","status-publish","format-standard","has-post-thumbnail","hentry","category-recoletas-salud","tag-recoletas-salud-18-julio-2019"],"acf":[],"yoast_head":"<!-- This site is optimized with the Yoast SEO Premium plugin v27.3 (Yoast SEO v27.3) - https:\/\/yoast.com\/product\/yoast-seo-premium-wordpress\/ -->\n<title>\u00bfProblemas para Dormir? - Noticias Grupo Recoletas<\/title>\n<meta name=\"robots\" content=\"index, follow, max-snippet:-1, max-image-preview:large, max-video-preview:-1\" \/>\n<link rel=\"canonical\" href=\"https:\/\/www.gruporecoletas.com\/noticias\/problemas-para-dormir\/\" \/>\n<meta property=\"og:locale\" content=\"es_ES\" \/>\n<meta property=\"og:type\" content=\"article\" \/>\n<meta property=\"og:title\" content=\"\u00bfProblemas para Dormir?\" \/>\n<meta property=\"og:description\" content=\"El n\u00famero de horas de sue\u00f1o necesarias var\u00eda de unas personas a otras. Lo normal es entre 6-9 horas, pero no siempre es as\u00ed, y en m\u00faltiples ocasiones las personas experimentan problemas con el sue\u00f1o, ya sea porque son incapaces de conciliarlo, tengan numerosos despertares nocturnos, haya una disminuci\u00f3n del tiempo de sue\u00f1o, o la [&hellip;]\" \/>\n<meta property=\"og:url\" content=\"https:\/\/www.gruporecoletas.com\/noticias\/problemas-para-dormir\/\" \/>\n<meta property=\"og:site_name\" content=\"Noticias Grupo Recoletas\" \/>\n<meta property=\"article:publisher\" content=\"https:\/\/www.facebook.com\/GrupoRecoletas\/\" \/>\n<meta property=\"article:published_time\" content=\"2019-07-09T18:40:59+00:00\" \/>\n<meta property=\"og:image\" content=\"https:\/\/www.gruporecoletas.com\/noticias\/wp-content\/uploads\/2019\/07\/dormir.jpg\" \/>\n\t<meta property=\"og:image:width\" content=\"1400\" \/>\n\t<meta property=\"og:image:height\" content=\"933\" \/>\n\t<meta property=\"og:image:type\" content=\"image\/jpeg\" \/>\n<meta name=\"author\" content=\"Recoletas Red Hospitalaria\" \/>\n<meta name=\"twitter:card\" content=\"summary_large_image\" \/>\n<meta name=\"twitter:creator\" content=\"@GrupoRecoletas\" \/>\n<meta name=\"twitter:site\" content=\"@GrupoRecoletas\" \/>\n<meta name=\"twitter:label1\" content=\"Escrito por\" \/>\n\t<meta name=\"twitter:data1\" content=\"Recoletas Red Hospitalaria\" \/>\n\t<meta name=\"twitter:label2\" content=\"Tiempo de lectura\" \/>\n\t<meta name=\"twitter:data2\" content=\"4 minutos\" \/>\n<script type=\"application\/ld+json\" class=\"yoast-schema-graph\">{\"@context\":\"https:\\\/\\\/schema.org\",\"@graph\":[{\"@type\":\"Article\",\"@id\":\"https:\\\/\\\/www.gruporecoletas.com\\\/noticias\\\/problemas-para-dormir\\\/#article\",\"isPartOf\":{\"@id\":\"https:\\\/\\\/www.gruporecoletas.com\\\/noticias\\\/problemas-para-dormir\\\/\"},\"author\":{\"name\":\"Recoletas Red Hospitalaria\",\"@id\":\"https:\\\/\\\/www.gruporecoletas.com\\\/noticias\\\/#\\\/schema\\\/person\\\/3c6ac429828d1f5e3d3bd99f4da9b02c\"},\"headline\":\"\u00bfProblemas para Dormir?\",\"datePublished\":\"2019-07-09T18:40:59+00:00\",\"mainEntityOfPage\":{\"@id\":\"https:\\\/\\\/www.gruporecoletas.com\\\/noticias\\\/problemas-para-dormir\\\/\"},\"wordCount\":877,\"image\":{\"@id\":\"https:\\\/\\\/www.gruporecoletas.com\\\/noticias\\\/problemas-para-dormir\\\/#primaryimage\"},\"thumbnailUrl\":\"https:\\\/\\\/www.gruporecoletas.com\\\/noticias\\\/wp-content\\\/uploads\\\/2019\\\/07\\\/dormir.jpg\",\"keywords\":[\"Recoletas Salud N\u00ba18 - Julio 2019\"],\"articleSection\":[\"Recoletas Salud\"],\"inLanguage\":\"es\"},{\"@type\":\"WebPage\",\"@id\":\"https:\\\/\\\/www.gruporecoletas.com\\\/noticias\\\/problemas-para-dormir\\\/\",\"url\":\"https:\\\/\\\/www.gruporecoletas.com\\\/noticias\\\/problemas-para-dormir\\\/\",\"name\":\"\u00bfProblemas para Dormir? - Noticias Grupo Recoletas\",\"isPartOf\":{\"@id\":\"https:\\\/\\\/www.gruporecoletas.com\\\/noticias\\\/#website\"},\"primaryImageOfPage\":{\"@id\":\"https:\\\/\\\/www.gruporecoletas.com\\\/noticias\\\/problemas-para-dormir\\\/#primaryimage\"},\"image\":{\"@id\":\"https:\\\/\\\/www.gruporecoletas.com\\\/noticias\\\/problemas-para-dormir\\\/#primaryimage\"},\"thumbnailUrl\":\"https:\\\/\\\/www.gruporecoletas.com\\\/noticias\\\/wp-content\\\/uploads\\\/2019\\\/07\\\/dormir.jpg\",\"datePublished\":\"2019-07-09T18:40:59+00:00\",\"author\":{\"@id\":\"https:\\\/\\\/www.gruporecoletas.com\\\/noticias\\\/#\\\/schema\\\/person\\\/3c6ac429828d1f5e3d3bd99f4da9b02c\"},\"breadcrumb\":{\"@id\":\"https:\\\/\\\/www.gruporecoletas.com\\\/noticias\\\/problemas-para-dormir\\\/#breadcrumb\"},\"inLanguage\":\"es\",\"potentialAction\":[{\"@type\":\"ReadAction\",\"target\":[\"https:\\\/\\\/www.gruporecoletas.com\\\/noticias\\\/problemas-para-dormir\\\/\"]}]},{\"@type\":\"ImageObject\",\"inLanguage\":\"es\",\"@id\":\"https:\\\/\\\/www.gruporecoletas.com\\\/noticias\\\/problemas-para-dormir\\\/#primaryimage\",\"url\":\"https:\\\/\\\/www.gruporecoletas.com\\\/noticias\\\/wp-content\\\/uploads\\\/2019\\\/07\\\/dormir.jpg\",\"contentUrl\":\"https:\\\/\\\/www.gruporecoletas.com\\\/noticias\\\/wp-content\\\/uploads\\\/2019\\\/07\\\/dormir.jpg\",\"width\":1400,\"height\":933},{\"@type\":\"BreadcrumbList\",\"@id\":\"https:\\\/\\\/www.gruporecoletas.com\\\/noticias\\\/problemas-para-dormir\\\/#breadcrumb\",\"itemListElement\":[{\"@type\":\"ListItem\",\"position\":1,\"name\":\"Portada\",\"item\":\"https:\\\/\\\/www.gruporecoletas.com\\\/noticias\\\/\"},{\"@type\":\"ListItem\",\"position\":2,\"name\":\"\u00bfProblemas para Dormir?\"}]},{\"@type\":\"WebSite\",\"@id\":\"https:\\\/\\\/www.gruporecoletas.com\\\/noticias\\\/#website\",\"url\":\"https:\\\/\\\/www.gruporecoletas.com\\\/noticias\\\/\",\"name\":\"Noticias Grupo Recoletas\",\"description\":\"Grupo Recoletas\",\"potentialAction\":[{\"@type\":\"SearchAction\",\"target\":{\"@type\":\"EntryPoint\",\"urlTemplate\":\"https:\\\/\\\/www.gruporecoletas.com\\\/noticias\\\/?s={search_term_string}\"},\"query-input\":{\"@type\":\"PropertyValueSpecification\",\"valueRequired\":true,\"valueName\":\"search_term_string\"}}],\"inLanguage\":\"es\"},{\"@type\":\"Person\",\"@id\":\"https:\\\/\\\/www.gruporecoletas.com\\\/noticias\\\/#\\\/schema\\\/person\\\/3c6ac429828d1f5e3d3bd99f4da9b02c\",\"name\":\"Recoletas Red Hospitalaria\",\"url\":\"https:\\\/\\\/www.gruporecoletas.com\\\/noticias\\\/author\\\/comunicacion\\\/\"}]}<\/script>\n<!-- \/ Yoast SEO Premium plugin. -->","yoast_head_json":{"title":"\u00bfProblemas para Dormir? - Noticias Grupo Recoletas","robots":{"index":"index","follow":"follow","max-snippet":"max-snippet:-1","max-image-preview":"max-image-preview:large","max-video-preview":"max-video-preview:-1"},"canonical":"https:\/\/www.gruporecoletas.com\/noticias\/problemas-para-dormir\/","og_locale":"es_ES","og_type":"article","og_title":"\u00bfProblemas para Dormir?","og_description":"El n\u00famero de horas de sue\u00f1o necesarias var\u00eda de unas personas a otras. Lo normal es entre 6-9 horas, pero no siempre es as\u00ed, y en m\u00faltiples ocasiones las personas experimentan problemas con el sue\u00f1o, ya sea porque son incapaces de conciliarlo, tengan numerosos despertares nocturnos, haya una disminuci\u00f3n del tiempo de sue\u00f1o, o la [&hellip;]","og_url":"https:\/\/www.gruporecoletas.com\/noticias\/problemas-para-dormir\/","og_site_name":"Noticias Grupo Recoletas","article_publisher":"https:\/\/www.facebook.com\/GrupoRecoletas\/","article_published_time":"2019-07-09T18:40:59+00:00","og_image":[{"width":1400,"height":933,"url":"https:\/\/www.gruporecoletas.com\/noticias\/wp-content\/uploads\/2019\/07\/dormir.jpg","type":"image\/jpeg"}],"author":"Recoletas Red Hospitalaria","twitter_card":"summary_large_image","twitter_creator":"@GrupoRecoletas","twitter_site":"@GrupoRecoletas","twitter_misc":{"Escrito por":"Recoletas Red Hospitalaria","Tiempo de lectura":"4 minutos"},"schema":{"@context":"https:\/\/schema.org","@graph":[{"@type":"Article","@id":"https:\/\/www.gruporecoletas.com\/noticias\/problemas-para-dormir\/#article","isPartOf":{"@id":"https:\/\/www.gruporecoletas.com\/noticias\/problemas-para-dormir\/"},"author":{"name":"Recoletas Red Hospitalaria","@id":"https:\/\/www.gruporecoletas.com\/noticias\/#\/schema\/person\/3c6ac429828d1f5e3d3bd99f4da9b02c"},"headline":"\u00bfProblemas para Dormir?","datePublished":"2019-07-09T18:40:59+00:00","mainEntityOfPage":{"@id":"https:\/\/www.gruporecoletas.com\/noticias\/problemas-para-dormir\/"},"wordCount":877,"image":{"@id":"https:\/\/www.gruporecoletas.com\/noticias\/problemas-para-dormir\/#primaryimage"},"thumbnailUrl":"https:\/\/www.gruporecoletas.com\/noticias\/wp-content\/uploads\/2019\/07\/dormir.jpg","keywords":["Recoletas Salud N\u00ba18 - Julio 2019"],"articleSection":["Recoletas Salud"],"inLanguage":"es"},{"@type":"WebPage","@id":"https:\/\/www.gruporecoletas.com\/noticias\/problemas-para-dormir\/","url":"https:\/\/www.gruporecoletas.com\/noticias\/problemas-para-dormir\/","name":"\u00bfProblemas para Dormir? - Noticias Grupo Recoletas","isPartOf":{"@id":"https:\/\/www.gruporecoletas.com\/noticias\/#website"},"primaryImageOfPage":{"@id":"https:\/\/www.gruporecoletas.com\/noticias\/problemas-para-dormir\/#primaryimage"},"image":{"@id":"https:\/\/www.gruporecoletas.com\/noticias\/problemas-para-dormir\/#primaryimage"},"thumbnailUrl":"https:\/\/www.gruporecoletas.com\/noticias\/wp-content\/uploads\/2019\/07\/dormir.jpg","datePublished":"2019-07-09T18:40:59+00:00","author":{"@id":"https:\/\/www.gruporecoletas.com\/noticias\/#\/schema\/person\/3c6ac429828d1f5e3d3bd99f4da9b02c"},"breadcrumb":{"@id":"https:\/\/www.gruporecoletas.com\/noticias\/problemas-para-dormir\/#breadcrumb"},"inLanguage":"es","potentialAction":[{"@type":"ReadAction","target":["https:\/\/www.gruporecoletas.com\/noticias\/problemas-para-dormir\/"]}]},{"@type":"ImageObject","inLanguage":"es","@id":"https:\/\/www.gruporecoletas.com\/noticias\/problemas-para-dormir\/#primaryimage","url":"https:\/\/www.gruporecoletas.com\/noticias\/wp-content\/uploads\/2019\/07\/dormir.jpg","contentUrl":"https:\/\/www.gruporecoletas.com\/noticias\/wp-content\/uploads\/2019\/07\/dormir.jpg","width":1400,"height":933},{"@type":"BreadcrumbList","@id":"https:\/\/www.gruporecoletas.com\/noticias\/problemas-para-dormir\/#breadcrumb","itemListElement":[{"@type":"ListItem","position":1,"name":"Portada","item":"https:\/\/www.gruporecoletas.com\/noticias\/"},{"@type":"ListItem","position":2,"name":"\u00bfProblemas para Dormir?"}]},{"@type":"WebSite","@id":"https:\/\/www.gruporecoletas.com\/noticias\/#website","url":"https:\/\/www.gruporecoletas.com\/noticias\/","name":"Noticias Grupo Recoletas","description":"Grupo Recoletas","potentialAction":[{"@type":"SearchAction","target":{"@type":"EntryPoint","urlTemplate":"https:\/\/www.gruporecoletas.com\/noticias\/?s={search_term_string}"},"query-input":{"@type":"PropertyValueSpecification","valueRequired":true,"valueName":"search_term_string"}}],"inLanguage":"es"},{"@type":"Person","@id":"https:\/\/www.gruporecoletas.com\/noticias\/#\/schema\/person\/3c6ac429828d1f5e3d3bd99f4da9b02c","name":"Recoletas Red Hospitalaria","url":"https:\/\/www.gruporecoletas.com\/noticias\/author\/comunicacion\/"}]}},"_links":{"self":[{"href":"https:\/\/www.gruporecoletas.com\/noticias\/wp-json\/wp\/v2\/posts\/12810","targetHints":{"allow":["GET"]}}],"collection":[{"href":"https:\/\/www.gruporecoletas.com\/noticias\/wp-json\/wp\/v2\/posts"}],"about":[{"href":"https:\/\/www.gruporecoletas.com\/noticias\/wp-json\/wp\/v2\/types\/post"}],"author":[{"embeddable":true,"href":"https:\/\/www.gruporecoletas.com\/noticias\/wp-json\/wp\/v2\/users\/2"}],"replies":[{"embeddable":true,"href":"https:\/\/www.gruporecoletas.com\/noticias\/wp-json\/wp\/v2\/comments?post=12810"}],"version-history":[{"count":2,"href":"https:\/\/www.gruporecoletas.com\/noticias\/wp-json\/wp\/v2\/posts\/12810\/revisions"}],"predecessor-version":[{"id":12813,"href":"https:\/\/www.gruporecoletas.com\/noticias\/wp-json\/wp\/v2\/posts\/12810\/revisions\/12813"}],"wp:featuredmedia":[{"embeddable":true,"href":"https:\/\/www.gruporecoletas.com\/noticias\/wp-json\/wp\/v2\/media\/12811"}],"wp:attachment":[{"href":"https:\/\/www.gruporecoletas.com\/noticias\/wp-json\/wp\/v2\/media?parent=12810"}],"wp:term":[{"taxonomy":"category","embeddable":true,"href":"https:\/\/www.gruporecoletas.com\/noticias\/wp-json\/wp\/v2\/categories?post=12810"},{"taxonomy":"post_tag","embeddable":true,"href":"https:\/\/www.gruporecoletas.com\/noticias\/wp-json\/wp\/v2\/tags?post=12810"}],"curies":[{"name":"wp","href":"https:\/\/api.w.org\/{rel}","templated":true}]}}