{"id":12828,"date":"2019-07-09T08:22:47","date_gmt":"2019-07-09T08:22:47","guid":{"rendered":"https:\/\/www.gruporecoletas.com\/noticias\/?p=12828"},"modified":"2019-07-05T08:33:04","modified_gmt":"2019-07-05T08:33:04","slug":"en-el-hospital-se-estan-llevando-a-cabo-varias-mejoras-en-colaboracion-con-otros-servicios-que-facilitan-nuestra-labor-contribuyendo-a-reducir-el-tiempo-de-espera-y-a-aumentar-nuestra-presen","status":"publish","type":"post","link":"https:\/\/www.gruporecoletas.com\/noticias\/en-el-hospital-se-estan-llevando-a-cabo-varias-mejoras-en-colaboracion-con-otros-servicios-que-facilitan-nuestra-labor-contribuyendo-a-reducir-el-tiempo-de-espera-y-a-aumentar-nuestra-presen\/","title":{"rendered":"\u201cEn el hospital se est\u00e1n llevando a cabo varias mejoras en colaboraci\u00f3n con otros Servicios que facilitan nuestra labor, contribuyendo a reducir el tiempo de espera y a aumentar nuestra presencia en unidades m\u00e1s cr\u00edticas\u201d"},"content":{"rendered":"\n<p>ALFONSO JES\u00daS V\u00c1ZQUEZ RECHE, CELADOR DEL <strong>HOSPITAL RECOLETAS CAMPO GRANDE<\/strong><\/p>\n\n\n\n<p>Alfonso Jes\u00fas comenz\u00f3 su andadura en el a\u00f1o 2001 en el Hospital Recoletas Felipe II, realizando una sustituci\u00f3n de vacaciones de verano. Inicialmente ten\u00eda contrato por unos meses pero acab\u00f3 haci\u00e9ndose un hueco en la plantilla del centro. M\u00e1s tarde le trasladaron al Hospital Recoletas Campo Grande hasta el d\u00eda de hoy. En este tiempo, ha visto c\u00f3mo ha crecido, tanto Recoletas como grupo hospitalario, como \u00e9l a nivel personal y profesional. <\/p>\n\n\n\n<h4 class=\"wp-block-heading\">1. \u00bfCu\u00e1les son tus principales funciones?<\/h4>\n\n\n\n<p>Mis funciones son muchas y muy variadas, ya que realmente somos parte de todos los servicios. Acompa\u00f1amos a pacientes a diferentes pruebas, damos apoyo en traslados de ambulancias que llegan al servicio de Urgencias, movilizamos en servicios como UVI, planta de hospitalizaci\u00f3n, y por supuesto en quir\u00f3fano. Las movilizaciones y traslados de pacientes es algo que nos ocupa mucho tiempo por el especial cuidado que hay que poner en ellos, a veces los pacientes tienen fracturas, est\u00e1n en postoperatorios delicados y en las unidades m\u00e1s especiales est\u00e1n con intubaciones y diversos aparatos que hacen que muchas veces necesitemos el apoyo de compa\u00f1eros de la unidad y m\u00e1s celadores. Pero esto no son solo nuestras funciones sino que adem\u00e1s somos personal de apoyo en farmacia, laboratorio, Oncolog\u00eda M\u00e9dica y Radioter\u00e1pica, consultas externas\u2026 Somos parte imprescindible del hospital.<\/p>\n\n\n\n<h4 class=\"wp-block-heading\">2. \u00bfEn qu\u00e9 zona del hospital desempe\u00f1\u00e1is vuestra labor y c\u00f3mo os localizan cuando requieren vuestra atenci\u00f3n?<\/h4>\n\n\n\n<p>Nos movemos por todo el hospital, al final somos una ficha clave a la hora de traslados y movilizaciones. Uno de los celadores se encuentra\u00a0siempre en el \u00e1rea de quir\u00f3fano. All\u00ed se prepara al paciente antes de la intervenci\u00f3n (asepsia, preparaci\u00f3n del paciente en la mesa de quir\u00f3fano, y en algunas ocasiones para movilizaciones de material y de pacientes si necesitan cambios posturales en la cirug\u00eda). Otro celador se encuentra dando apoyo al resto de unidades como UVI, Urgencias, hospitalizaci\u00f3n, Oncolog\u00eda, consultas externas\u2026 Siempre llevamos un busca para que ante cualquier necesidad que surja en otros servicios puedan localizarnos en el momento, con la finalidad de que si algo es urgente podamos presentarnos all\u00ed en el menor tiempo posible.<\/p>\n\n\n\n<h4 class=\"wp-block-heading\">3. \u00bfQu\u00e9 es lo que m\u00e1s valoras de tu trabajo?<\/h4>\n\n\n\n<p>Son muchas las cosas que valoro del trabajo que desempe\u00f1amos, el sentirme una parte fundamental de este hospital, el trato directo con el paciente, el intentar fomentar la comodidad de ellos\u2026 En definitiva, ayudarles es algo que me hace sentir mucho m\u00e1s humano. Es muy gratificante poder sentirte reconfortado al ver pacientes que en su momento ten\u00edan un alto grado de gravedad y les ves volver a casa con sus familias. El trato con los compa\u00f1eros es muy importante tambi\u00e9n (m\u00e9dicos, enfermeras, auxiliares, t\u00e9cnico de rayos y laboratorio, servici\u00f3 de limpieza\u2026). Todos formamos una familia, es algo de vocaci\u00f3n y en muchas ocasiones se nos hace dif\u00edcil, ya que existen fechas se\u00f1aladas donde dejamos a los nuestros y lo pasamos prestando asistencia a pacientes que lo necesitan. Somos una gran familia, porque es en esos momentos donde nos apoyamos entre nosotros, incluso en algunas ocasiones tambi\u00e9n las familias buscan nuestro apoyo y atenci\u00f3n y al final alguien con quien hablar y desahogarse un rato. Por todo\u00a0ello es reconfortante, es una realizaci\u00f3n personal y profesional.<\/p>\n\n\n\n<h4 class=\"wp-block-heading\">4. \u00bfQu\u00e9 cualidades debe de tener un celador? \u00bfRecib\u00eds alg\u00fan tipo de curso o formaci\u00f3n complementaria, por ejemplo, t\u00e9cnicas de movilizaci\u00f3n de pacientes?<\/h4>\n\n\n\n<p>En primera instancia, las competencias que tiene que tener un celador son conocimientos sobre movilizaci\u00f3n de pacientes, traslado de pacientes encamados\u2026 y por supuesto, un trato cercano y afable con el paciente contribuyendo a hacer la estancia lo m\u00e1s agradable posible. En cuanto a la formaci\u00f3n, todos los a\u00f1os por parte del Servicio de Prevenci\u00f3n nos imparten formaci\u00f3n para conseguir el mejor desempe\u00f1o en nuestro trabajo diario. Y por supuesto, son aconsejables los cursos de reciclaje, ya que en algunas ocasiones no somos conscientes a la hora de movilizar a un paciente de que quienes no estamos en la postura adecuada somos nosotros (al final buscas el confort de la persona y no el tuyo), y as\u00ed contribuir a disminuir las peque\u00f1as lesiones que en algunos casos sufrimos.<\/p>\n\n\n\n<h4 class=\"wp-block-heading\">5. \u00bfTrabaj\u00e1is de forma coordinada con otros departamentos del hospital?<\/h4>\n\n\n\n<p>Trabajamos as\u00ed siempre entre nosotros. En algunas ocasiones es dif\u00edcil coordinar otros departamentos del hospital por la demanda que tenemos en quir\u00f3fano por ejemplo, o en la UVI. Dedicamos mucho tiempo a unidades que precisan de nuestra presencia y a veces demoramos cosas que son menos prioritarias, que no por ello menos importantes (como material de farmacia no urgente o recoger pruebas que pueden esperar unos minutos m\u00e1s\u2026). A quien no hacemos esperar nunca es al paciente.<\/p>\n","protected":false},"excerpt":{"rendered":"<p>ALFONSO JES\u00daS V\u00c1ZQUEZ RECHE, CELADOR DEL HOSPITAL RECOLETAS CAMPO GRANDE Alfonso Jes\u00fas comenz\u00f3 su andadura en el a\u00f1o 2001 en el Hospital Recoletas Felipe II, realizando una sustituci\u00f3n de vacaciones de verano. Inicialmente ten\u00eda contrato por unos meses pero acab\u00f3 haci\u00e9ndose un hueco en la plantilla del centro. M\u00e1s tarde le trasladaron al Hospital Recoletas [&hellip;]<\/p>\n","protected":false},"author":2,"featured_media":12829,"comment_status":"closed","ping_status":"closed","sticky":false,"template":"","format":"standard","meta":{"_acf_changed":false,"footnotes":""},"categories":[42],"tags":[885],"class_list":["post-12828","post","type-post","status-publish","format-standard","has-post-thumbnail","hentry","category-recoletas-salud","tag-recoletas-salud-18-julio-2019"],"acf":[],"yoast_head":"<!-- This site is optimized with the Yoast SEO Premium plugin v27.3 (Yoast SEO v27.3) - https:\/\/yoast.com\/product\/yoast-seo-premium-wordpress\/ -->\n<title>\u201cEn el hospital se est\u00e1n llevando a cabo varias mejoras en colaboraci\u00f3n con otros Servicios que facilitan nuestra labor, contribuyendo a reducir el tiempo de espera y a aumentar nuestra presencia en unidades m\u00e1s cr\u00edticas\u201d - Noticias Grupo Recoletas<\/title>\n<meta name=\"robots\" content=\"index, follow, max-snippet:-1, max-image-preview:large, max-video-preview:-1\" \/>\n<link rel=\"canonical\" href=\"https:\/\/www.gruporecoletas.com\/noticias\/en-el-hospital-se-estan-llevando-a-cabo-varias-mejoras-en-colaboracion-con-otros-servicios-que-facilitan-nuestra-labor-contribuyendo-a-reducir-el-tiempo-de-espera-y-a-aumentar-nuestra-presen\/\" \/>\n<meta property=\"og:locale\" content=\"es_ES\" \/>\n<meta property=\"og:type\" content=\"article\" \/>\n<meta property=\"og:title\" content=\"\u201cEn el hospital se est\u00e1n llevando a cabo varias mejoras en colaboraci\u00f3n con otros Servicios que facilitan nuestra labor, contribuyendo a reducir el tiempo de espera y a aumentar nuestra presencia en unidades m\u00e1s cr\u00edticas\u201d\" \/>\n<meta property=\"og:description\" content=\"ALFONSO JES\u00daS V\u00c1ZQUEZ RECHE, CELADOR DEL HOSPITAL RECOLETAS CAMPO GRANDE Alfonso Jes\u00fas comenz\u00f3 su andadura en el a\u00f1o 2001 en el Hospital Recoletas Felipe II, realizando una sustituci\u00f3n de vacaciones de verano. Inicialmente ten\u00eda contrato por unos meses pero acab\u00f3 haci\u00e9ndose un hueco en la plantilla del centro. M\u00e1s tarde le trasladaron al Hospital Recoletas [&hellip;]\" \/>\n<meta property=\"og:url\" content=\"https:\/\/www.gruporecoletas.com\/noticias\/en-el-hospital-se-estan-llevando-a-cabo-varias-mejoras-en-colaboracion-con-otros-servicios-que-facilitan-nuestra-labor-contribuyendo-a-reducir-el-tiempo-de-espera-y-a-aumentar-nuestra-presen\/\" \/>\n<meta property=\"og:site_name\" content=\"Noticias Grupo Recoletas\" \/>\n<meta property=\"article:publisher\" content=\"https:\/\/www.facebook.com\/GrupoRecoletas\/\" \/>\n<meta property=\"article:published_time\" content=\"2019-07-09T08:22:47+00:00\" \/>\n<meta property=\"og:image\" content=\"https:\/\/www.gruporecoletas.com\/noticias\/wp-content\/uploads\/2019\/07\/celador.jpg\" \/>\n\t<meta property=\"og:image:width\" content=\"1400\" \/>\n\t<meta property=\"og:image:height\" content=\"933\" \/>\n\t<meta property=\"og:image:type\" content=\"image\/jpeg\" \/>\n<meta name=\"author\" content=\"Recoletas Red Hospitalaria\" \/>\n<meta name=\"twitter:card\" content=\"summary_large_image\" \/>\n<meta name=\"twitter:creator\" content=\"@GrupoRecoletas\" \/>\n<meta name=\"twitter:site\" content=\"@GrupoRecoletas\" \/>\n<meta name=\"twitter:label1\" content=\"Escrito por\" \/>\n\t<meta name=\"twitter:data1\" content=\"Recoletas Red Hospitalaria\" \/>\n\t<meta name=\"twitter:label2\" content=\"Tiempo de lectura\" \/>\n\t<meta name=\"twitter:data2\" content=\"4 minutos\" \/>\n<script type=\"application\/ld+json\" class=\"yoast-schema-graph\">{\"@context\":\"https:\\\/\\\/schema.org\",\"@graph\":[{\"@type\":\"Article\",\"@id\":\"https:\\\/\\\/www.gruporecoletas.com\\\/noticias\\\/en-el-hospital-se-estan-llevando-a-cabo-varias-mejoras-en-colaboracion-con-otros-servicios-que-facilitan-nuestra-labor-contribuyendo-a-reducir-el-tiempo-de-espera-y-a-aumentar-nuestra-presen\\\/#article\",\"isPartOf\":{\"@id\":\"https:\\\/\\\/www.gruporecoletas.com\\\/noticias\\\/en-el-hospital-se-estan-llevando-a-cabo-varias-mejoras-en-colaboracion-con-otros-servicios-que-facilitan-nuestra-labor-contribuyendo-a-reducir-el-tiempo-de-espera-y-a-aumentar-nuestra-presen\\\/\"},\"author\":{\"name\":\"Recoletas Red Hospitalaria\",\"@id\":\"https:\\\/\\\/www.gruporecoletas.com\\\/noticias\\\/#\\\/schema\\\/person\\\/3c6ac429828d1f5e3d3bd99f4da9b02c\"},\"headline\":\"\u201cEn el hospital se est\u00e1n llevando a cabo varias mejoras en colaboraci\u00f3n con otros Servicios que facilitan nuestra labor, contribuyendo a reducir el tiempo de espera y a aumentar nuestra presencia en unidades m\u00e1s cr\u00edticas\u201d\",\"datePublished\":\"2019-07-09T08:22:47+00:00\",\"mainEntityOfPage\":{\"@id\":\"https:\\\/\\\/www.gruporecoletas.com\\\/noticias\\\/en-el-hospital-se-estan-llevando-a-cabo-varias-mejoras-en-colaboracion-con-otros-servicios-que-facilitan-nuestra-labor-contribuyendo-a-reducir-el-tiempo-de-espera-y-a-aumentar-nuestra-presen\\\/\"},\"wordCount\":881,\"image\":{\"@id\":\"https:\\\/\\\/www.gruporecoletas.com\\\/noticias\\\/en-el-hospital-se-estan-llevando-a-cabo-varias-mejoras-en-colaboracion-con-otros-servicios-que-facilitan-nuestra-labor-contribuyendo-a-reducir-el-tiempo-de-espera-y-a-aumentar-nuestra-presen\\\/#primaryimage\"},\"thumbnailUrl\":\"https:\\\/\\\/www.gruporecoletas.com\\\/noticias\\\/wp-content\\\/uploads\\\/2019\\\/07\\\/celador.jpg\",\"keywords\":[\"Recoletas Salud N\u00ba18 - Julio 2019\"],\"articleSection\":[\"Recoletas Salud\"],\"inLanguage\":\"es\"},{\"@type\":\"WebPage\",\"@id\":\"https:\\\/\\\/www.gruporecoletas.com\\\/noticias\\\/en-el-hospital-se-estan-llevando-a-cabo-varias-mejoras-en-colaboracion-con-otros-servicios-que-facilitan-nuestra-labor-contribuyendo-a-reducir-el-tiempo-de-espera-y-a-aumentar-nuestra-presen\\\/\",\"url\":\"https:\\\/\\\/www.gruporecoletas.com\\\/noticias\\\/en-el-hospital-se-estan-llevando-a-cabo-varias-mejoras-en-colaboracion-con-otros-servicios-que-facilitan-nuestra-labor-contribuyendo-a-reducir-el-tiempo-de-espera-y-a-aumentar-nuestra-presen\\\/\",\"name\":\"\u201cEn el hospital se est\u00e1n llevando a cabo varias mejoras en colaboraci\u00f3n con otros Servicios que facilitan nuestra labor, contribuyendo a reducir el tiempo de espera y a aumentar nuestra presencia en unidades m\u00e1s cr\u00edticas\u201d - Noticias Grupo Recoletas\",\"isPartOf\":{\"@id\":\"https:\\\/\\\/www.gruporecoletas.com\\\/noticias\\\/#website\"},\"primaryImageOfPage\":{\"@id\":\"https:\\\/\\\/www.gruporecoletas.com\\\/noticias\\\/en-el-hospital-se-estan-llevando-a-cabo-varias-mejoras-en-colaboracion-con-otros-servicios-que-facilitan-nuestra-labor-contribuyendo-a-reducir-el-tiempo-de-espera-y-a-aumentar-nuestra-presen\\\/#primaryimage\"},\"image\":{\"@id\":\"https:\\\/\\\/www.gruporecoletas.com\\\/noticias\\\/en-el-hospital-se-estan-llevando-a-cabo-varias-mejoras-en-colaboracion-con-otros-servicios-que-facilitan-nuestra-labor-contribuyendo-a-reducir-el-tiempo-de-espera-y-a-aumentar-nuestra-presen\\\/#primaryimage\"},\"thumbnailUrl\":\"https:\\\/\\\/www.gruporecoletas.com\\\/noticias\\\/wp-content\\\/uploads\\\/2019\\\/07\\\/celador.jpg\",\"datePublished\":\"2019-07-09T08:22:47+00:00\",\"author\":{\"@id\":\"https:\\\/\\\/www.gruporecoletas.com\\\/noticias\\\/#\\\/schema\\\/person\\\/3c6ac429828d1f5e3d3bd99f4da9b02c\"},\"breadcrumb\":{\"@id\":\"https:\\\/\\\/www.gruporecoletas.com\\\/noticias\\\/en-el-hospital-se-estan-llevando-a-cabo-varias-mejoras-en-colaboracion-con-otros-servicios-que-facilitan-nuestra-labor-contribuyendo-a-reducir-el-tiempo-de-espera-y-a-aumentar-nuestra-presen\\\/#breadcrumb\"},\"inLanguage\":\"es\",\"potentialAction\":[{\"@type\":\"ReadAction\",\"target\":[\"https:\\\/\\\/www.gruporecoletas.com\\\/noticias\\\/en-el-hospital-se-estan-llevando-a-cabo-varias-mejoras-en-colaboracion-con-otros-servicios-que-facilitan-nuestra-labor-contribuyendo-a-reducir-el-tiempo-de-espera-y-a-aumentar-nuestra-presen\\\/\"]}]},{\"@type\":\"ImageObject\",\"inLanguage\":\"es\",\"@id\":\"https:\\\/\\\/www.gruporecoletas.com\\\/noticias\\\/en-el-hospital-se-estan-llevando-a-cabo-varias-mejoras-en-colaboracion-con-otros-servicios-que-facilitan-nuestra-labor-contribuyendo-a-reducir-el-tiempo-de-espera-y-a-aumentar-nuestra-presen\\\/#primaryimage\",\"url\":\"https:\\\/\\\/www.gruporecoletas.com\\\/noticias\\\/wp-content\\\/uploads\\\/2019\\\/07\\\/celador.jpg\",\"contentUrl\":\"https:\\\/\\\/www.gruporecoletas.com\\\/noticias\\\/wp-content\\\/uploads\\\/2019\\\/07\\\/celador.jpg\",\"width\":1400,\"height\":933},{\"@type\":\"BreadcrumbList\",\"@id\":\"https:\\\/\\\/www.gruporecoletas.com\\\/noticias\\\/en-el-hospital-se-estan-llevando-a-cabo-varias-mejoras-en-colaboracion-con-otros-servicios-que-facilitan-nuestra-labor-contribuyendo-a-reducir-el-tiempo-de-espera-y-a-aumentar-nuestra-presen\\\/#breadcrumb\",\"itemListElement\":[{\"@type\":\"ListItem\",\"position\":1,\"name\":\"Portada\",\"item\":\"https:\\\/\\\/www.gruporecoletas.com\\\/noticias\\\/\"},{\"@type\":\"ListItem\",\"position\":2,\"name\":\"\u201cEn el hospital se est\u00e1n llevando a cabo varias mejoras en colaboraci\u00f3n con otros Servicios que facilitan nuestra labor, contribuyendo a reducir el tiempo de espera y a aumentar nuestra presencia en unidades m\u00e1s cr\u00edticas\u201d\"}]},{\"@type\":\"WebSite\",\"@id\":\"https:\\\/\\\/www.gruporecoletas.com\\\/noticias\\\/#website\",\"url\":\"https:\\\/\\\/www.gruporecoletas.com\\\/noticias\\\/\",\"name\":\"Noticias Grupo Recoletas\",\"description\":\"Grupo Recoletas\",\"potentialAction\":[{\"@type\":\"SearchAction\",\"target\":{\"@type\":\"EntryPoint\",\"urlTemplate\":\"https:\\\/\\\/www.gruporecoletas.com\\\/noticias\\\/?s={search_term_string}\"},\"query-input\":{\"@type\":\"PropertyValueSpecification\",\"valueRequired\":true,\"valueName\":\"search_term_string\"}}],\"inLanguage\":\"es\"},{\"@type\":\"Person\",\"@id\":\"https:\\\/\\\/www.gruporecoletas.com\\\/noticias\\\/#\\\/schema\\\/person\\\/3c6ac429828d1f5e3d3bd99f4da9b02c\",\"name\":\"Recoletas Red Hospitalaria\",\"url\":\"https:\\\/\\\/www.gruporecoletas.com\\\/noticias\\\/author\\\/comunicacion\\\/\"}]}<\/script>\n<!-- \/ Yoast SEO Premium plugin. -->","yoast_head_json":{"title":"\u201cEn el hospital se est\u00e1n llevando a cabo varias mejoras en colaboraci\u00f3n con otros Servicios que facilitan nuestra labor, contribuyendo a reducir el tiempo de espera y a aumentar nuestra presencia en unidades m\u00e1s cr\u00edticas\u201d - Noticias Grupo Recoletas","robots":{"index":"index","follow":"follow","max-snippet":"max-snippet:-1","max-image-preview":"max-image-preview:large","max-video-preview":"max-video-preview:-1"},"canonical":"https:\/\/www.gruporecoletas.com\/noticias\/en-el-hospital-se-estan-llevando-a-cabo-varias-mejoras-en-colaboracion-con-otros-servicios-que-facilitan-nuestra-labor-contribuyendo-a-reducir-el-tiempo-de-espera-y-a-aumentar-nuestra-presen\/","og_locale":"es_ES","og_type":"article","og_title":"\u201cEn el hospital se est\u00e1n llevando a cabo varias mejoras en colaboraci\u00f3n con otros Servicios que facilitan nuestra labor, contribuyendo a reducir el tiempo de espera y a aumentar nuestra presencia en unidades m\u00e1s cr\u00edticas\u201d","og_description":"ALFONSO JES\u00daS V\u00c1ZQUEZ RECHE, CELADOR DEL HOSPITAL RECOLETAS CAMPO GRANDE Alfonso Jes\u00fas comenz\u00f3 su andadura en el a\u00f1o 2001 en el Hospital Recoletas Felipe II, realizando una sustituci\u00f3n de vacaciones de verano. Inicialmente ten\u00eda contrato por unos meses pero acab\u00f3 haci\u00e9ndose un hueco en la plantilla del centro. M\u00e1s tarde le trasladaron al Hospital Recoletas [&hellip;]","og_url":"https:\/\/www.gruporecoletas.com\/noticias\/en-el-hospital-se-estan-llevando-a-cabo-varias-mejoras-en-colaboracion-con-otros-servicios-que-facilitan-nuestra-labor-contribuyendo-a-reducir-el-tiempo-de-espera-y-a-aumentar-nuestra-presen\/","og_site_name":"Noticias Grupo Recoletas","article_publisher":"https:\/\/www.facebook.com\/GrupoRecoletas\/","article_published_time":"2019-07-09T08:22:47+00:00","og_image":[{"width":1400,"height":933,"url":"https:\/\/www.gruporecoletas.com\/noticias\/wp-content\/uploads\/2019\/07\/celador.jpg","type":"image\/jpeg"}],"author":"Recoletas Red Hospitalaria","twitter_card":"summary_large_image","twitter_creator":"@GrupoRecoletas","twitter_site":"@GrupoRecoletas","twitter_misc":{"Escrito por":"Recoletas Red Hospitalaria","Tiempo de lectura":"4 minutos"},"schema":{"@context":"https:\/\/schema.org","@graph":[{"@type":"Article","@id":"https:\/\/www.gruporecoletas.com\/noticias\/en-el-hospital-se-estan-llevando-a-cabo-varias-mejoras-en-colaboracion-con-otros-servicios-que-facilitan-nuestra-labor-contribuyendo-a-reducir-el-tiempo-de-espera-y-a-aumentar-nuestra-presen\/#article","isPartOf":{"@id":"https:\/\/www.gruporecoletas.com\/noticias\/en-el-hospital-se-estan-llevando-a-cabo-varias-mejoras-en-colaboracion-con-otros-servicios-que-facilitan-nuestra-labor-contribuyendo-a-reducir-el-tiempo-de-espera-y-a-aumentar-nuestra-presen\/"},"author":{"name":"Recoletas Red Hospitalaria","@id":"https:\/\/www.gruporecoletas.com\/noticias\/#\/schema\/person\/3c6ac429828d1f5e3d3bd99f4da9b02c"},"headline":"\u201cEn el hospital se est\u00e1n llevando a cabo varias mejoras en colaboraci\u00f3n con otros Servicios que facilitan nuestra labor, contribuyendo a reducir el tiempo de espera y a aumentar nuestra presencia en unidades m\u00e1s cr\u00edticas\u201d","datePublished":"2019-07-09T08:22:47+00:00","mainEntityOfPage":{"@id":"https:\/\/www.gruporecoletas.com\/noticias\/en-el-hospital-se-estan-llevando-a-cabo-varias-mejoras-en-colaboracion-con-otros-servicios-que-facilitan-nuestra-labor-contribuyendo-a-reducir-el-tiempo-de-espera-y-a-aumentar-nuestra-presen\/"},"wordCount":881,"image":{"@id":"https:\/\/www.gruporecoletas.com\/noticias\/en-el-hospital-se-estan-llevando-a-cabo-varias-mejoras-en-colaboracion-con-otros-servicios-que-facilitan-nuestra-labor-contribuyendo-a-reducir-el-tiempo-de-espera-y-a-aumentar-nuestra-presen\/#primaryimage"},"thumbnailUrl":"https:\/\/www.gruporecoletas.com\/noticias\/wp-content\/uploads\/2019\/07\/celador.jpg","keywords":["Recoletas Salud N\u00ba18 - Julio 2019"],"articleSection":["Recoletas Salud"],"inLanguage":"es"},{"@type":"WebPage","@id":"https:\/\/www.gruporecoletas.com\/noticias\/en-el-hospital-se-estan-llevando-a-cabo-varias-mejoras-en-colaboracion-con-otros-servicios-que-facilitan-nuestra-labor-contribuyendo-a-reducir-el-tiempo-de-espera-y-a-aumentar-nuestra-presen\/","url":"https:\/\/www.gruporecoletas.com\/noticias\/en-el-hospital-se-estan-llevando-a-cabo-varias-mejoras-en-colaboracion-con-otros-servicios-que-facilitan-nuestra-labor-contribuyendo-a-reducir-el-tiempo-de-espera-y-a-aumentar-nuestra-presen\/","name":"\u201cEn el hospital se est\u00e1n llevando a cabo varias mejoras en colaboraci\u00f3n con otros Servicios que facilitan nuestra labor, contribuyendo a reducir el tiempo de espera y a aumentar nuestra presencia en unidades m\u00e1s cr\u00edticas\u201d - Noticias Grupo Recoletas","isPartOf":{"@id":"https:\/\/www.gruporecoletas.com\/noticias\/#website"},"primaryImageOfPage":{"@id":"https:\/\/www.gruporecoletas.com\/noticias\/en-el-hospital-se-estan-llevando-a-cabo-varias-mejoras-en-colaboracion-con-otros-servicios-que-facilitan-nuestra-labor-contribuyendo-a-reducir-el-tiempo-de-espera-y-a-aumentar-nuestra-presen\/#primaryimage"},"image":{"@id":"https:\/\/www.gruporecoletas.com\/noticias\/en-el-hospital-se-estan-llevando-a-cabo-varias-mejoras-en-colaboracion-con-otros-servicios-que-facilitan-nuestra-labor-contribuyendo-a-reducir-el-tiempo-de-espera-y-a-aumentar-nuestra-presen\/#primaryimage"},"thumbnailUrl":"https:\/\/www.gruporecoletas.com\/noticias\/wp-content\/uploads\/2019\/07\/celador.jpg","datePublished":"2019-07-09T08:22:47+00:00","author":{"@id":"https:\/\/www.gruporecoletas.com\/noticias\/#\/schema\/person\/3c6ac429828d1f5e3d3bd99f4da9b02c"},"breadcrumb":{"@id":"https:\/\/www.gruporecoletas.com\/noticias\/en-el-hospital-se-estan-llevando-a-cabo-varias-mejoras-en-colaboracion-con-otros-servicios-que-facilitan-nuestra-labor-contribuyendo-a-reducir-el-tiempo-de-espera-y-a-aumentar-nuestra-presen\/#breadcrumb"},"inLanguage":"es","potentialAction":[{"@type":"ReadAction","target":["https:\/\/www.gruporecoletas.com\/noticias\/en-el-hospital-se-estan-llevando-a-cabo-varias-mejoras-en-colaboracion-con-otros-servicios-que-facilitan-nuestra-labor-contribuyendo-a-reducir-el-tiempo-de-espera-y-a-aumentar-nuestra-presen\/"]}]},{"@type":"ImageObject","inLanguage":"es","@id":"https:\/\/www.gruporecoletas.com\/noticias\/en-el-hospital-se-estan-llevando-a-cabo-varias-mejoras-en-colaboracion-con-otros-servicios-que-facilitan-nuestra-labor-contribuyendo-a-reducir-el-tiempo-de-espera-y-a-aumentar-nuestra-presen\/#primaryimage","url":"https:\/\/www.gruporecoletas.com\/noticias\/wp-content\/uploads\/2019\/07\/celador.jpg","contentUrl":"https:\/\/www.gruporecoletas.com\/noticias\/wp-content\/uploads\/2019\/07\/celador.jpg","width":1400,"height":933},{"@type":"BreadcrumbList","@id":"https:\/\/www.gruporecoletas.com\/noticias\/en-el-hospital-se-estan-llevando-a-cabo-varias-mejoras-en-colaboracion-con-otros-servicios-que-facilitan-nuestra-labor-contribuyendo-a-reducir-el-tiempo-de-espera-y-a-aumentar-nuestra-presen\/#breadcrumb","itemListElement":[{"@type":"ListItem","position":1,"name":"Portada","item":"https:\/\/www.gruporecoletas.com\/noticias\/"},{"@type":"ListItem","position":2,"name":"\u201cEn el hospital se est\u00e1n llevando a cabo varias mejoras en colaboraci\u00f3n con otros Servicios que facilitan nuestra labor, contribuyendo a reducir el tiempo de espera y a aumentar nuestra presencia en unidades m\u00e1s cr\u00edticas\u201d"}]},{"@type":"WebSite","@id":"https:\/\/www.gruporecoletas.com\/noticias\/#website","url":"https:\/\/www.gruporecoletas.com\/noticias\/","name":"Noticias Grupo Recoletas","description":"Grupo Recoletas","potentialAction":[{"@type":"SearchAction","target":{"@type":"EntryPoint","urlTemplate":"https:\/\/www.gruporecoletas.com\/noticias\/?s={search_term_string}"},"query-input":{"@type":"PropertyValueSpecification","valueRequired":true,"valueName":"search_term_string"}}],"inLanguage":"es"},{"@type":"Person","@id":"https:\/\/www.gruporecoletas.com\/noticias\/#\/schema\/person\/3c6ac429828d1f5e3d3bd99f4da9b02c","name":"Recoletas Red Hospitalaria","url":"https:\/\/www.gruporecoletas.com\/noticias\/author\/comunicacion\/"}]}},"_links":{"self":[{"href":"https:\/\/www.gruporecoletas.com\/noticias\/wp-json\/wp\/v2\/posts\/12828","targetHints":{"allow":["GET"]}}],"collection":[{"href":"https:\/\/www.gruporecoletas.com\/noticias\/wp-json\/wp\/v2\/posts"}],"about":[{"href":"https:\/\/www.gruporecoletas.com\/noticias\/wp-json\/wp\/v2\/types\/post"}],"author":[{"embeddable":true,"href":"https:\/\/www.gruporecoletas.com\/noticias\/wp-json\/wp\/v2\/users\/2"}],"replies":[{"embeddable":true,"href":"https:\/\/www.gruporecoletas.com\/noticias\/wp-json\/wp\/v2\/comments?post=12828"}],"version-history":[{"count":1,"href":"https:\/\/www.gruporecoletas.com\/noticias\/wp-json\/wp\/v2\/posts\/12828\/revisions"}],"predecessor-version":[{"id":12830,"href":"https:\/\/www.gruporecoletas.com\/noticias\/wp-json\/wp\/v2\/posts\/12828\/revisions\/12830"}],"wp:featuredmedia":[{"embeddable":true,"href":"https:\/\/www.gruporecoletas.com\/noticias\/wp-json\/wp\/v2\/media\/12829"}],"wp:attachment":[{"href":"https:\/\/www.gruporecoletas.com\/noticias\/wp-json\/wp\/v2\/media?parent=12828"}],"wp:term":[{"taxonomy":"category","embeddable":true,"href":"https:\/\/www.gruporecoletas.com\/noticias\/wp-json\/wp\/v2\/categories?post=12828"},{"taxonomy":"post_tag","embeddable":true,"href":"https:\/\/www.gruporecoletas.com\/noticias\/wp-json\/wp\/v2\/tags?post=12828"}],"curies":[{"name":"wp","href":"https:\/\/api.w.org\/{rel}","templated":true}]}}