{"id":12853,"date":"2019-07-24T07:32:12","date_gmt":"2019-07-24T07:32:12","guid":{"rendered":"https:\/\/www.gruporecoletas.com\/noticias\/?p=12853"},"modified":"2019-07-24T07:33:03","modified_gmt":"2019-07-24T07:33:03","slug":"valoracion-dano-corporal-accidente","status":"publish","type":"post","link":"https:\/\/www.gruporecoletas.com\/noticias\/valoracion-dano-corporal-accidente\/","title":{"rendered":"Valoraci\u00f3n del da\u00f1o corporal \u00bfen qu\u00e9 consiste y c\u00f3mo se miden las secuelas?"},"content":{"rendered":"\n<p>La valoraci\u00f3n m\u00e9dica del da\u00f1o corporal engloba una serie de actuaciones m\u00e9dicas, dirigidas a <strong>conocer exactamente las consecuencias que un suceso lesivo determinado<\/strong>, habitualmente accidental, <strong>ha tenido sobre la integridad ps\u00edquica en la salud de una persona<\/strong>. Dichas actuaciones est\u00e1n dirigidas a obtener una evaluaci\u00f3n final que permita establecer las consecuencias desde la perspectiva jur\u00eddica.<\/p>\n\n\n\n<p>La valoraci\u00f3n del da\u00f1o corporal y las lesiones han de realizarse en base a determinados <strong>par\u00e1metros m\u00e9dicos y legales<\/strong>. Se pretende evaluar la p\u00e9rdida de la capacidad f\u00edsica, ps\u00edquica o sensorial de una persona.<\/p>\n\n\n\n<p>La legislaci\u00f3n en Espa\u00f1a protege el principio de reparaci\u00f3n del da\u00f1os personal. Esto significa el resarcimiento \u00edntegro de todos los perjuicios sufridos.<\/p>\n\n\n\n<h2 class=\"wp-block-heading\"><strong>Peritaje m\u00e9dico tras un accidente<\/strong><\/h2>\n\n\n\n<p>La finalidad del perito m\u00e9dico valorador del da\u00f1o corporal consiste en asesorar con sus conocimientos, los problemas que se planteen en relaci\u00f3n con la salud de una persona, desde los distintos campos de la Medicina y su aplicaci\u00f3n legal.<\/p>\n\n\n\n<p>El perito m\u00e9dico determina las alteraciones anat\u00f3micas o funcionales de la integridad f\u00edsica, as\u00ed como las alteraciones ps\u00edquicas y las repercusiones derivadas de las mismas, que es preciso valorar de forma cualitativa y cuantitativa para el resarcimiento total.<\/p>\n\n\n\n<p>La manifestaci\u00f3n b\u00e1sica del da\u00f1o corporal es la <strong>lesi\u00f3n<\/strong>. Se entiende por lesi\u00f3n toda alteraci\u00f3n anat\u00f3mica o funcional producida por un agente ex\u00f3geno (que se produce desde el exterior) o end\u00f3geno (se produce en el interior), que puede actuar sobre el individuo. De las caracter\u00edsticas de esta lesi\u00f3n podemos obtener informaci\u00f3n sobre su naturaleza, etiolog\u00eda, causalidad, gravedad y repercusiones.<\/p>\n\n\n\n<figure class=\"wp-block-image\"><img loading=\"lazy\" decoding=\"async\" width=\"900\" height=\"601\" src=\"https:\/\/www.gruporecoletas.com\/noticias\/wp-content\/uploads\/2019\/07\/dan\u0303o-corporal-tras-un-accidente-peritaje-medico-1.jpg\" alt=\"dan\u0303o-corporal-tras-un-accidente-peritaje-medico-1\" class=\"wp-image-12856\" srcset=\"https:\/\/www.gruporecoletas.com\/noticias\/wp-content\/uploads\/2019\/07\/dan\u0303o-corporal-tras-un-accidente-peritaje-medico-1.jpg 900w, https:\/\/www.gruporecoletas.com\/noticias\/wp-content\/uploads\/2019\/07\/dan\u0303o-corporal-tras-un-accidente-peritaje-medico-1-300x200.jpg 300w, https:\/\/www.gruporecoletas.com\/noticias\/wp-content\/uploads\/2019\/07\/dan\u0303o-corporal-tras-un-accidente-peritaje-medico-1-768x513.jpg 768w\" sizes=\"auto, (max-width: 900px) 100vw, 900px\" \/><\/figure>\n\n\n\n<h2 class=\"wp-block-heading\"><strong>Otros factores que se tienen en cuenta para la valoraci\u00f3n del da\u00f1o<\/strong><\/h2>\n\n\n\n<p>En la cuantificaci\u00f3n o valoraci\u00f3n de las lesiones se tienen en cuenta, <strong>adem\u00e1s de las secuelas<\/strong>, otros factores como:<\/p>\n\n\n\n<ul class=\"wp-block-list\"><li>D\u00edas de curaci\u00f3n<\/li><li>D\u00edas de impedimento para desarrollar las actividades laborales<\/li><li>D\u00edas de hospitalizaci\u00f3n<\/li><li>Profesi\u00f3n<\/li><li>Ingresos que se percib\u00edan antes de sufrir el da\u00f1o<\/li><li>Edad<\/li><li>Necesidades de cuidado por una tercera persona<\/li><li>Gravedad e intensidad de la lesi\u00f3n<\/li><\/ul>\n\n\n\n<p>Dependiendo de la causa y de la naturaleza de la lesi\u00f3n se originar\u00e1 un da\u00f1o corporal que tendr\u00e1 un tratamiento penal, civil, administrativo o contractual.<\/p>\n\n\n\n<p>Corresponde al perito m\u00e9dico determinar la naturaleza del da\u00f1o corporal, sus manifestaciones, tiempo de curaci\u00f3n, tratamientos empleados, secuelas, si las hubiese, repercusiones a nivel laboral, social y familiar.<\/p>\n\n\n\n<p>Corresponde al juzgador la valoraci\u00f3n del da\u00f1o corporal, apoyado en el peritaje m\u00e9dico y cuantificar las penas, <a href=\"https:\/\/www.gruporecoletas.com\/derechos-lesionados-accidente-trafico\/\" target=\"_blank\" rel=\"noreferrer noopener\" aria-label=\" (abre en una nueva pesta\u00f1a)\">indemnizaciones<\/a> y responsabilidades.<\/p>\n\n\n\n<h2 class=\"wp-block-heading\"><strong>M\u00e1s all\u00e1 del da\u00f1o corporal<\/strong><\/h2>\n\n\n\n<p>El da\u00f1o corporal tiene manifestaciones propiamente corporales y otras derivadas a lo extracorp\u00f3reo. La lesi\u00f3n es la manifestaci\u00f3n b\u00e1sica del da\u00f1o sobre el cuerpo. El da\u00f1o extracorp\u00f3reo es aquel que se deriva hacia personas o cosas como consecuencia precisamente del da\u00f1o que ha recibido el cuerpo.<\/p>\n\n\n\n<p>Los traumatismos ocupan en nuestros d\u00edas un importante lugar en la etiolog\u00eda general de los estados de enfermedad. Su incidencia en la actualidad es cada vez m\u00e1s elevada, desvi\u00e1ndose de las actuaciones m\u00e1s variadas: accidentes de tr\u00e1fico, accidentes de trabajo, pr\u00e1cticas deportivas, lesiones dom\u00e9sticas, etc.<\/p>\n\n\n\n<p>Ante un <a href=\"https:\/\/www.gruporecoletas.com\/derechos-lesionados-accidente-trafico\/\" target=\"_blank\" rel=\"noreferrer noopener\" aria-label=\" (abre en una nueva pesta\u00f1a)\">accidente de tr\u00e1fico<\/a> tanto conduciendo como siendo peat\u00f3n se podr\u00e1 recibir una indemnizaci\u00f3n, tanto por el acto en s\u00ed como por las lesiones o da\u00f1os que el accidente haya causado.<\/p>\n\n\n\n<p>Los da\u00f1os indemnizables son el fallecimiento, las lesiones permanentes, las lesiones temporales, las incapacidades valorando tanto las secuelas f\u00edsicas o funcionales como psicol\u00f3gicas o morales y el lucro cesante, es decir, lo que se ha dejado de ganar. Adem\u00e1s de las indemnizaciones y prestaciones correspondientes, se nos abonar\u00e1n tambi\u00e9n los gastos de asistencia m\u00e9dica y hospitalaria y, en su caso, los da\u00f1os materiales.<\/p>\n\n\n\n<p>Para todo ello, es necesario la tarificaci\u00f3n de los da\u00f1os y las secuelas por parte de un perito m\u00e9dico, que ser\u00e1 el encargado de emitir un juicio objetivo, imparcial e independiente de las lesiones y las consecuencias que de ellos derivan.<\/p>\n\n\n\n<p>El perito m\u00e9dico estudia las lesiones y secuelas del paciente, evaluando la viabilidad del caso, para emitir un informe m\u00e9dico pericial que defender\u00e1 en la v\u00eda administrativa o judicial de dicho proceso.<\/p>\n","protected":false},"excerpt":{"rendered":"<p>La valoraci\u00f3n m\u00e9dica del da\u00f1o corporal engloba una serie de actuaciones m\u00e9dicas, dirigidas a conocer exactamente las consecuencias que un suceso lesivo determinado, habitualmente accidental, ha tenido sobre la integridad ps\u00edquica en la salud de una persona. Dichas actuaciones est\u00e1n dirigidas a obtener una evaluaci\u00f3n final que permita establecer las consecuencias desde la perspectiva jur\u00eddica. [&hellip;]<\/p>\n","protected":false},"author":2,"featured_media":12855,"comment_status":"closed","ping_status":"closed","sticky":false,"template":"","format":"standard","meta":{"_acf_changed":false,"footnotes":""},"categories":[49],"tags":[1239],"class_list":["post-12853","post","type-post","status-publish","format-standard","has-post-thumbnail","hentry","category-medicina-general","tag-medicina-del-trabajo"],"acf":[],"yoast_head":"<!-- This site is optimized with the Yoast SEO Premium plugin v27.3 (Yoast SEO v27.3) - https:\/\/yoast.com\/product\/yoast-seo-premium-wordpress\/ -->\n<title>Valoraci\u00f3n del da\u00f1o corporal \u00bfen qu\u00e9 consiste y c\u00f3mo se miden las secuelas? - Noticias Grupo Recoletas<\/title>\n<meta name=\"robots\" content=\"index, follow, max-snippet:-1, max-image-preview:large, max-video-preview:-1\" \/>\n<link rel=\"canonical\" href=\"https:\/\/www.gruporecoletas.com\/noticias\/valoracion-dano-corporal-accidente\/\" \/>\n<meta property=\"og:locale\" content=\"es_ES\" \/>\n<meta property=\"og:type\" content=\"article\" \/>\n<meta property=\"og:title\" content=\"Valoraci\u00f3n del da\u00f1o corporal \u00bfen qu\u00e9 consiste y c\u00f3mo se miden las secuelas?\" \/>\n<meta property=\"og:description\" content=\"La valoraci\u00f3n m\u00e9dica del da\u00f1o corporal engloba una serie de actuaciones m\u00e9dicas, dirigidas a conocer exactamente las consecuencias que un suceso lesivo determinado, habitualmente accidental, ha tenido sobre la integridad ps\u00edquica en la salud de una persona. Dichas actuaciones est\u00e1n dirigidas a obtener una evaluaci\u00f3n final que permita establecer las consecuencias desde la perspectiva jur\u00eddica. [&hellip;]\" \/>\n<meta property=\"og:url\" content=\"https:\/\/www.gruporecoletas.com\/noticias\/valoracion-dano-corporal-accidente\/\" \/>\n<meta property=\"og:site_name\" content=\"Noticias Grupo Recoletas\" \/>\n<meta property=\"article:publisher\" content=\"https:\/\/www.facebook.com\/GrupoRecoletas\/\" \/>\n<meta property=\"article:published_time\" content=\"2019-07-24T07:32:12+00:00\" \/>\n<meta property=\"article:modified_time\" content=\"2019-07-24T07:33:03+00:00\" \/>\n<meta property=\"og:image\" content=\"https:\/\/www.gruporecoletas.com\/noticias\/wp-content\/uploads\/2019\/07\/valoracion-dan\u0303o-corporal-accidente.jpg\" \/>\n\t<meta property=\"og:image:width\" content=\"850\" \/>\n\t<meta property=\"og:image:height\" content=\"567\" \/>\n\t<meta property=\"og:image:type\" content=\"image\/jpeg\" \/>\n<meta name=\"author\" content=\"Recoletas Red Hospitalaria\" \/>\n<meta name=\"twitter:card\" content=\"summary_large_image\" \/>\n<meta name=\"twitter:creator\" content=\"@GrupoRecoletas\" \/>\n<meta name=\"twitter:site\" content=\"@GrupoRecoletas\" \/>\n<meta name=\"twitter:label1\" content=\"Escrito por\" \/>\n\t<meta name=\"twitter:data1\" content=\"Recoletas Red Hospitalaria\" \/>\n\t<meta name=\"twitter:label2\" content=\"Tiempo de lectura\" \/>\n\t<meta name=\"twitter:data2\" content=\"4 minutos\" \/>\n<script type=\"application\/ld+json\" class=\"yoast-schema-graph\">{\"@context\":\"https:\\\/\\\/schema.org\",\"@graph\":[{\"@type\":\"Article\",\"@id\":\"https:\\\/\\\/www.gruporecoletas.com\\\/noticias\\\/valoracion-dano-corporal-accidente\\\/#article\",\"isPartOf\":{\"@id\":\"https:\\\/\\\/www.gruporecoletas.com\\\/noticias\\\/valoracion-dano-corporal-accidente\\\/\"},\"author\":{\"name\":\"Recoletas Red Hospitalaria\",\"@id\":\"https:\\\/\\\/www.gruporecoletas.com\\\/noticias\\\/#\\\/schema\\\/person\\\/3c6ac429828d1f5e3d3bd99f4da9b02c\"},\"headline\":\"Valoraci\u00f3n del da\u00f1o corporal \u00bfen qu\u00e9 consiste y c\u00f3mo se miden las secuelas?\",\"datePublished\":\"2019-07-24T07:32:12+00:00\",\"dateModified\":\"2019-07-24T07:33:03+00:00\",\"mainEntityOfPage\":{\"@id\":\"https:\\\/\\\/www.gruporecoletas.com\\\/noticias\\\/valoracion-dano-corporal-accidente\\\/\"},\"wordCount\":774,\"image\":{\"@id\":\"https:\\\/\\\/www.gruporecoletas.com\\\/noticias\\\/valoracion-dano-corporal-accidente\\\/#primaryimage\"},\"thumbnailUrl\":\"https:\\\/\\\/www.gruporecoletas.com\\\/noticias\\\/wp-content\\\/uploads\\\/2019\\\/07\\\/valoracion-dan\u0303o-corporal-accidente.jpg\",\"keywords\":[\"Medicina del Trabajo\"],\"articleSection\":[\"Medicina General\"],\"inLanguage\":\"es\"},{\"@type\":\"WebPage\",\"@id\":\"https:\\\/\\\/www.gruporecoletas.com\\\/noticias\\\/valoracion-dano-corporal-accidente\\\/\",\"url\":\"https:\\\/\\\/www.gruporecoletas.com\\\/noticias\\\/valoracion-dano-corporal-accidente\\\/\",\"name\":\"Valoraci\u00f3n del da\u00f1o corporal \u00bfen qu\u00e9 consiste y c\u00f3mo se miden las secuelas? - Noticias Grupo Recoletas\",\"isPartOf\":{\"@id\":\"https:\\\/\\\/www.gruporecoletas.com\\\/noticias\\\/#website\"},\"primaryImageOfPage\":{\"@id\":\"https:\\\/\\\/www.gruporecoletas.com\\\/noticias\\\/valoracion-dano-corporal-accidente\\\/#primaryimage\"},\"image\":{\"@id\":\"https:\\\/\\\/www.gruporecoletas.com\\\/noticias\\\/valoracion-dano-corporal-accidente\\\/#primaryimage\"},\"thumbnailUrl\":\"https:\\\/\\\/www.gruporecoletas.com\\\/noticias\\\/wp-content\\\/uploads\\\/2019\\\/07\\\/valoracion-dan\u0303o-corporal-accidente.jpg\",\"datePublished\":\"2019-07-24T07:32:12+00:00\",\"dateModified\":\"2019-07-24T07:33:03+00:00\",\"author\":{\"@id\":\"https:\\\/\\\/www.gruporecoletas.com\\\/noticias\\\/#\\\/schema\\\/person\\\/3c6ac429828d1f5e3d3bd99f4da9b02c\"},\"breadcrumb\":{\"@id\":\"https:\\\/\\\/www.gruporecoletas.com\\\/noticias\\\/valoracion-dano-corporal-accidente\\\/#breadcrumb\"},\"inLanguage\":\"es\",\"potentialAction\":[{\"@type\":\"ReadAction\",\"target\":[\"https:\\\/\\\/www.gruporecoletas.com\\\/noticias\\\/valoracion-dano-corporal-accidente\\\/\"]}]},{\"@type\":\"ImageObject\",\"inLanguage\":\"es\",\"@id\":\"https:\\\/\\\/www.gruporecoletas.com\\\/noticias\\\/valoracion-dano-corporal-accidente\\\/#primaryimage\",\"url\":\"https:\\\/\\\/www.gruporecoletas.com\\\/noticias\\\/wp-content\\\/uploads\\\/2019\\\/07\\\/valoracion-dan\u0303o-corporal-accidente.jpg\",\"contentUrl\":\"https:\\\/\\\/www.gruporecoletas.com\\\/noticias\\\/wp-content\\\/uploads\\\/2019\\\/07\\\/valoracion-dan\u0303o-corporal-accidente.jpg\",\"width\":850,\"height\":567,\"caption\":\"valoracion-dan\u0303o-corporal-accidente\"},{\"@type\":\"BreadcrumbList\",\"@id\":\"https:\\\/\\\/www.gruporecoletas.com\\\/noticias\\\/valoracion-dano-corporal-accidente\\\/#breadcrumb\",\"itemListElement\":[{\"@type\":\"ListItem\",\"position\":1,\"name\":\"Portada\",\"item\":\"https:\\\/\\\/www.gruporecoletas.com\\\/noticias\\\/\"},{\"@type\":\"ListItem\",\"position\":2,\"name\":\"Valoraci\u00f3n del da\u00f1o corporal \u00bfen qu\u00e9 consiste y c\u00f3mo se miden las secuelas?\"}]},{\"@type\":\"WebSite\",\"@id\":\"https:\\\/\\\/www.gruporecoletas.com\\\/noticias\\\/#website\",\"url\":\"https:\\\/\\\/www.gruporecoletas.com\\\/noticias\\\/\",\"name\":\"Noticias Grupo Recoletas\",\"description\":\"Grupo Recoletas\",\"potentialAction\":[{\"@type\":\"SearchAction\",\"target\":{\"@type\":\"EntryPoint\",\"urlTemplate\":\"https:\\\/\\\/www.gruporecoletas.com\\\/noticias\\\/?s={search_term_string}\"},\"query-input\":{\"@type\":\"PropertyValueSpecification\",\"valueRequired\":true,\"valueName\":\"search_term_string\"}}],\"inLanguage\":\"es\"},{\"@type\":\"Person\",\"@id\":\"https:\\\/\\\/www.gruporecoletas.com\\\/noticias\\\/#\\\/schema\\\/person\\\/3c6ac429828d1f5e3d3bd99f4da9b02c\",\"name\":\"Recoletas Red Hospitalaria\",\"url\":\"https:\\\/\\\/www.gruporecoletas.com\\\/noticias\\\/author\\\/comunicacion\\\/\"}]}<\/script>\n<!-- \/ Yoast SEO Premium plugin. -->","yoast_head_json":{"title":"Valoraci\u00f3n del da\u00f1o corporal \u00bfen qu\u00e9 consiste y c\u00f3mo se miden las secuelas? - Noticias Grupo Recoletas","robots":{"index":"index","follow":"follow","max-snippet":"max-snippet:-1","max-image-preview":"max-image-preview:large","max-video-preview":"max-video-preview:-1"},"canonical":"https:\/\/www.gruporecoletas.com\/noticias\/valoracion-dano-corporal-accidente\/","og_locale":"es_ES","og_type":"article","og_title":"Valoraci\u00f3n del da\u00f1o corporal \u00bfen qu\u00e9 consiste y c\u00f3mo se miden las secuelas?","og_description":"La valoraci\u00f3n m\u00e9dica del da\u00f1o corporal engloba una serie de actuaciones m\u00e9dicas, dirigidas a conocer exactamente las consecuencias que un suceso lesivo determinado, habitualmente accidental, ha tenido sobre la integridad ps\u00edquica en la salud de una persona. Dichas actuaciones est\u00e1n dirigidas a obtener una evaluaci\u00f3n final que permita establecer las consecuencias desde la perspectiva jur\u00eddica. [&hellip;]","og_url":"https:\/\/www.gruporecoletas.com\/noticias\/valoracion-dano-corporal-accidente\/","og_site_name":"Noticias Grupo Recoletas","article_publisher":"https:\/\/www.facebook.com\/GrupoRecoletas\/","article_published_time":"2019-07-24T07:32:12+00:00","article_modified_time":"2019-07-24T07:33:03+00:00","og_image":[{"width":850,"height":567,"url":"https:\/\/www.gruporecoletas.com\/noticias\/wp-content\/uploads\/2019\/07\/valoracion-dan\u0303o-corporal-accidente.jpg","type":"image\/jpeg"}],"author":"Recoletas Red Hospitalaria","twitter_card":"summary_large_image","twitter_creator":"@GrupoRecoletas","twitter_site":"@GrupoRecoletas","twitter_misc":{"Escrito por":"Recoletas Red Hospitalaria","Tiempo de lectura":"4 minutos"},"schema":{"@context":"https:\/\/schema.org","@graph":[{"@type":"Article","@id":"https:\/\/www.gruporecoletas.com\/noticias\/valoracion-dano-corporal-accidente\/#article","isPartOf":{"@id":"https:\/\/www.gruporecoletas.com\/noticias\/valoracion-dano-corporal-accidente\/"},"author":{"name":"Recoletas Red Hospitalaria","@id":"https:\/\/www.gruporecoletas.com\/noticias\/#\/schema\/person\/3c6ac429828d1f5e3d3bd99f4da9b02c"},"headline":"Valoraci\u00f3n del da\u00f1o corporal \u00bfen qu\u00e9 consiste y c\u00f3mo se miden las secuelas?","datePublished":"2019-07-24T07:32:12+00:00","dateModified":"2019-07-24T07:33:03+00:00","mainEntityOfPage":{"@id":"https:\/\/www.gruporecoletas.com\/noticias\/valoracion-dano-corporal-accidente\/"},"wordCount":774,"image":{"@id":"https:\/\/www.gruporecoletas.com\/noticias\/valoracion-dano-corporal-accidente\/#primaryimage"},"thumbnailUrl":"https:\/\/www.gruporecoletas.com\/noticias\/wp-content\/uploads\/2019\/07\/valoracion-dan\u0303o-corporal-accidente.jpg","keywords":["Medicina del Trabajo"],"articleSection":["Medicina General"],"inLanguage":"es"},{"@type":"WebPage","@id":"https:\/\/www.gruporecoletas.com\/noticias\/valoracion-dano-corporal-accidente\/","url":"https:\/\/www.gruporecoletas.com\/noticias\/valoracion-dano-corporal-accidente\/","name":"Valoraci\u00f3n del da\u00f1o corporal \u00bfen qu\u00e9 consiste y c\u00f3mo se miden las secuelas? - Noticias Grupo Recoletas","isPartOf":{"@id":"https:\/\/www.gruporecoletas.com\/noticias\/#website"},"primaryImageOfPage":{"@id":"https:\/\/www.gruporecoletas.com\/noticias\/valoracion-dano-corporal-accidente\/#primaryimage"},"image":{"@id":"https:\/\/www.gruporecoletas.com\/noticias\/valoracion-dano-corporal-accidente\/#primaryimage"},"thumbnailUrl":"https:\/\/www.gruporecoletas.com\/noticias\/wp-content\/uploads\/2019\/07\/valoracion-dan\u0303o-corporal-accidente.jpg","datePublished":"2019-07-24T07:32:12+00:00","dateModified":"2019-07-24T07:33:03+00:00","author":{"@id":"https:\/\/www.gruporecoletas.com\/noticias\/#\/schema\/person\/3c6ac429828d1f5e3d3bd99f4da9b02c"},"breadcrumb":{"@id":"https:\/\/www.gruporecoletas.com\/noticias\/valoracion-dano-corporal-accidente\/#breadcrumb"},"inLanguage":"es","potentialAction":[{"@type":"ReadAction","target":["https:\/\/www.gruporecoletas.com\/noticias\/valoracion-dano-corporal-accidente\/"]}]},{"@type":"ImageObject","inLanguage":"es","@id":"https:\/\/www.gruporecoletas.com\/noticias\/valoracion-dano-corporal-accidente\/#primaryimage","url":"https:\/\/www.gruporecoletas.com\/noticias\/wp-content\/uploads\/2019\/07\/valoracion-dan\u0303o-corporal-accidente.jpg","contentUrl":"https:\/\/www.gruporecoletas.com\/noticias\/wp-content\/uploads\/2019\/07\/valoracion-dan\u0303o-corporal-accidente.jpg","width":850,"height":567,"caption":"valoracion-dan\u0303o-corporal-accidente"},{"@type":"BreadcrumbList","@id":"https:\/\/www.gruporecoletas.com\/noticias\/valoracion-dano-corporal-accidente\/#breadcrumb","itemListElement":[{"@type":"ListItem","position":1,"name":"Portada","item":"https:\/\/www.gruporecoletas.com\/noticias\/"},{"@type":"ListItem","position":2,"name":"Valoraci\u00f3n del da\u00f1o corporal \u00bfen qu\u00e9 consiste y c\u00f3mo se miden las secuelas?"}]},{"@type":"WebSite","@id":"https:\/\/www.gruporecoletas.com\/noticias\/#website","url":"https:\/\/www.gruporecoletas.com\/noticias\/","name":"Noticias Grupo Recoletas","description":"Grupo Recoletas","potentialAction":[{"@type":"SearchAction","target":{"@type":"EntryPoint","urlTemplate":"https:\/\/www.gruporecoletas.com\/noticias\/?s={search_term_string}"},"query-input":{"@type":"PropertyValueSpecification","valueRequired":true,"valueName":"search_term_string"}}],"inLanguage":"es"},{"@type":"Person","@id":"https:\/\/www.gruporecoletas.com\/noticias\/#\/schema\/person\/3c6ac429828d1f5e3d3bd99f4da9b02c","name":"Recoletas Red Hospitalaria","url":"https:\/\/www.gruporecoletas.com\/noticias\/author\/comunicacion\/"}]}},"_links":{"self":[{"href":"https:\/\/www.gruporecoletas.com\/noticias\/wp-json\/wp\/v2\/posts\/12853","targetHints":{"allow":["GET"]}}],"collection":[{"href":"https:\/\/www.gruporecoletas.com\/noticias\/wp-json\/wp\/v2\/posts"}],"about":[{"href":"https:\/\/www.gruporecoletas.com\/noticias\/wp-json\/wp\/v2\/types\/post"}],"author":[{"embeddable":true,"href":"https:\/\/www.gruporecoletas.com\/noticias\/wp-json\/wp\/v2\/users\/2"}],"replies":[{"embeddable":true,"href":"https:\/\/www.gruporecoletas.com\/noticias\/wp-json\/wp\/v2\/comments?post=12853"}],"version-history":[{"count":1,"href":"https:\/\/www.gruporecoletas.com\/noticias\/wp-json\/wp\/v2\/posts\/12853\/revisions"}],"predecessor-version":[{"id":12857,"href":"https:\/\/www.gruporecoletas.com\/noticias\/wp-json\/wp\/v2\/posts\/12853\/revisions\/12857"}],"wp:featuredmedia":[{"embeddable":true,"href":"https:\/\/www.gruporecoletas.com\/noticias\/wp-json\/wp\/v2\/media\/12855"}],"wp:attachment":[{"href":"https:\/\/www.gruporecoletas.com\/noticias\/wp-json\/wp\/v2\/media?parent=12853"}],"wp:term":[{"taxonomy":"category","embeddable":true,"href":"https:\/\/www.gruporecoletas.com\/noticias\/wp-json\/wp\/v2\/categories?post=12853"},{"taxonomy":"post_tag","embeddable":true,"href":"https:\/\/www.gruporecoletas.com\/noticias\/wp-json\/wp\/v2\/tags?post=12853"}],"curies":[{"name":"wp","href":"https:\/\/api.w.org\/{rel}","templated":true}]}}