{"id":12893,"date":"2019-08-28T10:25:44","date_gmt":"2019-08-28T10:25:44","guid":{"rendered":"https:\/\/www.gruporecoletas.com\/noticias\/?p=12893"},"modified":"2019-08-28T11:46:12","modified_gmt":"2019-08-28T11:46:12","slug":"glaucoma-enfermedad-perdida-vision","status":"publish","type":"post","link":"https:\/\/www.gruporecoletas.com\/noticias\/glaucoma-enfermedad-perdida-vision\/","title":{"rendered":"Glaucoma: una de las principales causas de ceguera en el mundo"},"content":{"rendered":"\n<p>Autor: dr. <a href=\"https:\/\/www.gruporecoletas.com\/profesionales\/dr-pinuel-gonzalez\/\">Jesus Alberto Pi\u00f1uel Gonz\u00e1lez<\/a> \u2013 Unidad de Oftalmolog\u00eda<\/p>\n\n\n\n<p>Hablamos de una <strong>enfermedad importante y frecuente<\/strong>, que constituye la <strong>segunda causa de ceguera en el mundo<\/strong> seg\u00fan la Organizaci\u00f3n Mundial de la Salud (<a href=\"https:\/\/www.who.int\/es\">OMS<\/a>). Adem\u00e1s, debemos de puntualizar que la primera causa de ceguera es la <a href=\"https:\/\/www.gruporecoletas.com\/enfermedades-o-patologias\/cataratas\/\">catarata<\/a>, en cuyo caso podemos revertir la situaci\u00f3n mediante una intervenci\u00f3n quir\u00fargica. En el <a href=\"https:\/\/www.gruporecoletas.com\/noticias\/el-glaucoma-mitos-y-realidades\/\">glaucoma<\/a> la ceguera que padecer\u00e1 el enfermo es irreversible.<\/p>\n\n\n\n<h2 class=\"wp-block-heading\"><strong>P\u00e9rdida de la visi\u00f3n irreversible&nbsp;<\/strong><\/h2>\n\n\n\n<p>El <a href=\"https:\/\/www.gruporecoletas.com\/enfermedades-o-patologias\/oftalmologia-2\/\">glaucoma<\/a> es una dolencia de dif\u00edcil comprensi\u00f3n para los pacientes, ya que hasta estadios avanzados no produce signos de alarma. <strong>Su detecci\u00f3n precoz pasa por la realizaci\u00f3n de revisiones peri\u00f3dicas por el <\/strong><a href=\"https:\/\/www.gruporecoletas.com\/especialidades\/oftalmologia\/\"><strong>oftalm\u00f3logo<\/strong><\/a>.&nbsp;<\/p>\n\n\n\n<p>Incluso una vez diagnosticado correctamente <strong>muchos pacientes abandonan el tratamiento por la ausencia de sintomatolog\u00eda<\/strong>. Es complicado entender la administraci\u00f3n de colirios de por vida o el sometimiento a intervenciones quir\u00fargicas que, en ambos casos, pueden acarrear disconfort y efectos secundarios, cuando en estadios incipientes y medianos de la enfermedad el paciente no tiene ning\u00fan s\u00edntoma que le impida su vida normal.<\/p>\n\n\n\n<h2 class=\"wp-block-heading\"><strong>\u00bfQu\u00e9 es el glaucoma ocular?<\/strong> \ud83d\udc41\ufe0f<\/h2>\n\n\n\n<p>Otra cuesti\u00f3n que confunde a la poblaci\u00f3n es en qu\u00e9 consiste realmente la enfermedad, siendo esto de vital importancia para percibir la gravedad del proceso. Es frecuente que se asimile el concepto de glaucoma al de<strong> tensi\u00f3n ocular elevada<\/strong>, que aunque es un signo frecuente de glaucoma, no es por s\u00ed misma indicativa de enfermedad.<\/p>\n\n\n\n<p>El glaucoma es una enfermedad que afecta a una de las estructuras m\u00e1s importantes del globo ocular: la cabeza del nervio \u00f3ptico.&nbsp;<\/p>\n\n\n\n<p>Para entenderlo mejor y de manera simple; el nervio \u00f3ptico ser\u00eda como el \u2018cable\u2019 que conecta el ojo con el cerebro y transmite a \u00e9ste la informaci\u00f3n visual para su elaboraci\u00f3n. Si se destruye esta conexi\u00f3n el paciente deja de percibir im\u00e1genes y aparece una ceguera completa y muy invalidante.<\/p>\n\n\n\n<h2 class=\"wp-block-heading\"><strong>Tipos de glaucoma<\/strong><\/h2>\n\n\n\n<p>Existen diferentes tipos de glaucoma. Todos ellos tienen en com\u00fan que pueden derivar en ceguera irreversible por la destrucci\u00f3n del nervio \u00f3ptico. De todos, el m\u00e1s frecuente es el Glaucoma Cr\u00f3nico Simple o de \u00c1ngulo abierto, siendo adem\u00e1s el subtipo que menos s\u00edntomas produce hasta estadios avanzados. Llegados a este punto la enfermedad suele ser irreversible a pesar de un tratamiento correcto.<\/p>\n\n\n\n<h2 class=\"wp-block-heading\"><strong>S\u00edntomas y diagn\u00f3stico de glaucoma<\/strong><\/h2>\n\n\n\n<p>La <a href=\"https:\/\/www.gruporecoletas.com\/institutos\/instituto-oftalmologico-recoletas\/tratamientos\/hipotensores-oculares\/\">tensi\u00f3n ocular<\/a>, que tan frecuentemente se toma en lugares diferentes de una consulta oftalmol\u00f3gica, es una t\u00e9cnica a adecuada y sencilla para la detecci\u00f3n precoz. Pero <strong>ni una tensi\u00f3n intraocular alta equivale a glaucoma ni una tensi\u00f3n ocular normal lo descarta<\/strong>. Hay que valorar muchos par\u00e1metros y realizar un seguimiento a medio plazo para diagnosticar o descartar glaucoma. Y en este sentido el \u00fanico capacitado para realizar este diagn\u00f3stico es el oftalm\u00f3logo, aunque a veces incluso disponiendo de los medios adecuados no le resulta f\u00e1cil.<\/p>\n\n\n\n<p>Entre las <strong>pruebas<\/strong> que pueden llevar a una alta sospecha est\u00e1n:<\/p>\n\n\n\n<ul class=\"wp-block-list\"><li>la tensi\u00f3n ocular<\/li><li>la paquimetr\u00eda corneal&nbsp;<\/li><li>el an\u00e1lisis por visualizaci\u00f3n directa de la cabeza del nervio \u00f3ptico<\/li><\/ul>\n\n\n\n<p>Todas ellas disponibles en cualquier <strong>consulta oftalmol\u00f3gica<\/strong>. Una vez que la sospecha es alta se puede pasar a la realizaci\u00f3n de una Campimetr\u00eda Visual y Tomograf\u00eda \u00d3ptica de Coherencia (OCT). Pruebas m\u00e1s complejas pero indispensables para el diagn\u00f3stico y seguimiento de la enfermedad.<\/p>\n\n\n\n<p><iframe loading=\"lazy\" src=\"https:\/\/www.youtube.com\/embed\/q07-6Ad3jqM\" allow=\"accelerometer; autoplay; encrypted-media; gyroscope; picture-in-picture\" allowfullscreen=\"\" width=\"560\" height=\"315\" frameborder=\"0\"><\/iframe><\/p>\n\n\n\n<h2 class=\"wp-block-heading\"><strong>\u00bfC\u00f3mo prevenir el Glaucoma?<\/strong> <\/h2>\n\n\n\n<p>Para una detecci\u00f3n precoz se recomienda realizar una revisi\u00f3n oftalmol\u00f3gica a partir de los 40 a\u00f1os. El oftalm\u00f3logo aconsejar\u00e1 seg\u00fan los hallazgos de la exploraci\u00f3n cuando debe de realizarse la siguiente. No obstante, hay grupos de riesgo que deben realizar revisiones m\u00e1s frecuentes: personas de raza negra, pacientes de m\u00e1s de 60 a\u00f1os, familiares de personas diagnosticadas, diab\u00e9ticos y personas con miop\u00eda grave.<\/p>\n\n\n\n<p>No olvidemos que <strong>el glaucoma es una enfermedad que si no se trata adecuadamente conducir\u00e1 con mucha probabilidad a la ceguera total e irreversible<\/strong>. Tambi\u00e9n debemos recordad que, por ser una dolencia asintom\u00e1tica, s\u00f3lo es detectable si el paciente acude a revisiones peri\u00f3dicas que debe realizar siempre un oftalm\u00f3logo.&nbsp;<\/p>\n\n\n\n<h3 class=\"wp-block-heading\">\u26a0\ufe0f Revisa tu vista regularmente <\/h3>\n\n\n\n<p><a href=\"https:\/\/www.gruporecoletas.com\/pedir-cita-online\/\"><strong>Pide cita<\/strong><\/a><strong> en nuestros centros para controlar tu salud ocular<\/strong>. <\/p>\n\n\n\n<p><strong>La exploraci\u00f3n inicial es simple, indolora y r\u00e1pida<\/strong> y en caso de precisar pruebas especiales tampoco se le someter\u00e1 a m\u00e9todos peligrosos ni invasivos. Desde el <a href=\"https:\/\/www.gruporecoletas.com\/institutos\/instituto-oftalmologico-recoletas\/\">Instituto Oftalmol\u00f3gico Recoletas<\/a>, ofrecemos asistencia personalizada con expertos altamente cualificados en cada subespecialidad.<\/p>\n","protected":false},"excerpt":{"rendered":"<p>Autor: dr. Jesus Alberto Pi\u00f1uel Gonz\u00e1lez \u2013 Unidad de Oftalmolog\u00eda Hablamos de una enfermedad importante y frecuente, que constituye la segunda causa de ceguera en el mundo seg\u00fan la Organizaci\u00f3n Mundial de la Salud (OMS). Adem\u00e1s, debemos de puntualizar que la primera causa de ceguera es la catarata, en cuyo caso podemos revertir la situaci\u00f3n [&hellip;]<\/p>\n","protected":false},"author":2,"featured_media":12894,"comment_status":"closed","ping_status":"closed","sticky":false,"template":"","format":"standard","meta":{"_acf_changed":false,"footnotes":""},"categories":[50,9],"tags":[1321,1322,759,839,1324,1323],"class_list":["post-12893","post","type-post","status-publish","format-standard","has-post-thumbnail","hentry","category-patologias","category-publicaciones","tag-glaucoma","tag-glaucoma-ocular","tag-instituto-oftalmologico-recoletas","tag-oftalmologia","tag-pinuel-gonzalez","tag-unidad-de-oftalmologia"],"acf":[],"yoast_head":"<!-- This site is optimized with the Yoast SEO Premium plugin v27.3 (Yoast SEO v27.3) - https:\/\/yoast.com\/product\/yoast-seo-premium-wordpress\/ -->\n<title>Glaucoma: una de las principales causas de ceguera en el mundo - Noticias Grupo Recoletas<\/title>\n<meta name=\"robots\" content=\"index, follow, max-snippet:-1, max-image-preview:large, max-video-preview:-1\" \/>\n<link rel=\"canonical\" href=\"https:\/\/www.gruporecoletas.com\/noticias\/glaucoma-enfermedad-perdida-vision\/\" \/>\n<meta property=\"og:locale\" content=\"es_ES\" \/>\n<meta property=\"og:type\" content=\"article\" \/>\n<meta property=\"og:title\" content=\"Glaucoma: una de las principales causas de ceguera en el mundo\" \/>\n<meta property=\"og:description\" content=\"Autor: dr. Jesus Alberto Pi\u00f1uel Gonz\u00e1lez \u2013 Unidad de Oftalmolog\u00eda Hablamos de una enfermedad importante y frecuente, que constituye la segunda causa de ceguera en el mundo seg\u00fan la Organizaci\u00f3n Mundial de la Salud (OMS). Adem\u00e1s, debemos de puntualizar que la primera causa de ceguera es la catarata, en cuyo caso podemos revertir la situaci\u00f3n [&hellip;]\" \/>\n<meta property=\"og:url\" content=\"https:\/\/www.gruporecoletas.com\/noticias\/glaucoma-enfermedad-perdida-vision\/\" \/>\n<meta property=\"og:site_name\" content=\"Noticias Grupo Recoletas\" \/>\n<meta property=\"article:publisher\" content=\"https:\/\/www.facebook.com\/GrupoRecoletas\/\" \/>\n<meta property=\"article:published_time\" content=\"2019-08-28T10:25:44+00:00\" \/>\n<meta property=\"article:modified_time\" content=\"2019-08-28T11:46:12+00:00\" \/>\n<meta property=\"og:image\" content=\"https:\/\/www.gruporecoletas.com\/noticias\/wp-content\/uploads\/2019\/08\/Glaucoma-Perdida-de-vision-Principal-causa-de-ceguera.jpg\" \/>\n\t<meta property=\"og:image:width\" content=\"950\" \/>\n\t<meta property=\"og:image:height\" content=\"634\" \/>\n\t<meta property=\"og:image:type\" content=\"image\/jpeg\" \/>\n<meta name=\"author\" content=\"Recoletas Red Hospitalaria\" \/>\n<meta name=\"twitter:card\" content=\"summary_large_image\" \/>\n<meta name=\"twitter:creator\" content=\"@GrupoRecoletas\" \/>\n<meta name=\"twitter:site\" content=\"@GrupoRecoletas\" \/>\n<meta name=\"twitter:label1\" content=\"Escrito por\" \/>\n\t<meta name=\"twitter:data1\" content=\"Recoletas Red Hospitalaria\" \/>\n\t<meta name=\"twitter:label2\" content=\"Tiempo de lectura\" \/>\n\t<meta name=\"twitter:data2\" content=\"4 minutos\" \/>\n<script type=\"application\/ld+json\" class=\"yoast-schema-graph\">{\"@context\":\"https:\\\/\\\/schema.org\",\"@graph\":[{\"@type\":\"Article\",\"@id\":\"https:\\\/\\\/www.gruporecoletas.com\\\/noticias\\\/glaucoma-enfermedad-perdida-vision\\\/#article\",\"isPartOf\":{\"@id\":\"https:\\\/\\\/www.gruporecoletas.com\\\/noticias\\\/glaucoma-enfermedad-perdida-vision\\\/\"},\"author\":{\"name\":\"Recoletas Red Hospitalaria\",\"@id\":\"https:\\\/\\\/www.gruporecoletas.com\\\/noticias\\\/#\\\/schema\\\/person\\\/3c6ac429828d1f5e3d3bd99f4da9b02c\"},\"headline\":\"Glaucoma: una de las principales causas de ceguera en el mundo\",\"datePublished\":\"2019-08-28T10:25:44+00:00\",\"dateModified\":\"2019-08-28T11:46:12+00:00\",\"mainEntityOfPage\":{\"@id\":\"https:\\\/\\\/www.gruporecoletas.com\\\/noticias\\\/glaucoma-enfermedad-perdida-vision\\\/\"},\"wordCount\":794,\"image\":{\"@id\":\"https:\\\/\\\/www.gruporecoletas.com\\\/noticias\\\/glaucoma-enfermedad-perdida-vision\\\/#primaryimage\"},\"thumbnailUrl\":\"https:\\\/\\\/www.gruporecoletas.com\\\/noticias\\\/wp-content\\\/uploads\\\/2019\\\/08\\\/Glaucoma-Perdida-de-vision-Principal-causa-de-ceguera.jpg\",\"keywords\":[\"Glaucoma\",\"Glaucoma Ocular\",\"Instituto Oftalmol\u00f3gico Recoletas\",\"oftalmolog\u00eda\",\"Pi\u00f1uel Gonz\u00e1lez\",\"Unidad de Oftalmolog\u00eda\"],\"articleSection\":[\"Patolog\u00edas\",\"Publicaciones\"],\"inLanguage\":\"es\"},{\"@type\":\"WebPage\",\"@id\":\"https:\\\/\\\/www.gruporecoletas.com\\\/noticias\\\/glaucoma-enfermedad-perdida-vision\\\/\",\"url\":\"https:\\\/\\\/www.gruporecoletas.com\\\/noticias\\\/glaucoma-enfermedad-perdida-vision\\\/\",\"name\":\"Glaucoma: una de las principales causas de ceguera en el mundo - Noticias Grupo Recoletas\",\"isPartOf\":{\"@id\":\"https:\\\/\\\/www.gruporecoletas.com\\\/noticias\\\/#website\"},\"primaryImageOfPage\":{\"@id\":\"https:\\\/\\\/www.gruporecoletas.com\\\/noticias\\\/glaucoma-enfermedad-perdida-vision\\\/#primaryimage\"},\"image\":{\"@id\":\"https:\\\/\\\/www.gruporecoletas.com\\\/noticias\\\/glaucoma-enfermedad-perdida-vision\\\/#primaryimage\"},\"thumbnailUrl\":\"https:\\\/\\\/www.gruporecoletas.com\\\/noticias\\\/wp-content\\\/uploads\\\/2019\\\/08\\\/Glaucoma-Perdida-de-vision-Principal-causa-de-ceguera.jpg\",\"datePublished\":\"2019-08-28T10:25:44+00:00\",\"dateModified\":\"2019-08-28T11:46:12+00:00\",\"author\":{\"@id\":\"https:\\\/\\\/www.gruporecoletas.com\\\/noticias\\\/#\\\/schema\\\/person\\\/3c6ac429828d1f5e3d3bd99f4da9b02c\"},\"breadcrumb\":{\"@id\":\"https:\\\/\\\/www.gruporecoletas.com\\\/noticias\\\/glaucoma-enfermedad-perdida-vision\\\/#breadcrumb\"},\"inLanguage\":\"es\",\"potentialAction\":[{\"@type\":\"ReadAction\",\"target\":[\"https:\\\/\\\/www.gruporecoletas.com\\\/noticias\\\/glaucoma-enfermedad-perdida-vision\\\/\"]}]},{\"@type\":\"ImageObject\",\"inLanguage\":\"es\",\"@id\":\"https:\\\/\\\/www.gruporecoletas.com\\\/noticias\\\/glaucoma-enfermedad-perdida-vision\\\/#primaryimage\",\"url\":\"https:\\\/\\\/www.gruporecoletas.com\\\/noticias\\\/wp-content\\\/uploads\\\/2019\\\/08\\\/Glaucoma-Perdida-de-vision-Principal-causa-de-ceguera.jpg\",\"contentUrl\":\"https:\\\/\\\/www.gruporecoletas.com\\\/noticias\\\/wp-content\\\/uploads\\\/2019\\\/08\\\/Glaucoma-Perdida-de-vision-Principal-causa-de-ceguera.jpg\",\"width\":950,\"height\":634,\"caption\":\"Glaucoma-Perdida-de-vision-Principal-causa-de-ceguera\"},{\"@type\":\"BreadcrumbList\",\"@id\":\"https:\\\/\\\/www.gruporecoletas.com\\\/noticias\\\/glaucoma-enfermedad-perdida-vision\\\/#breadcrumb\",\"itemListElement\":[{\"@type\":\"ListItem\",\"position\":1,\"name\":\"Portada\",\"item\":\"https:\\\/\\\/www.gruporecoletas.com\\\/noticias\\\/\"},{\"@type\":\"ListItem\",\"position\":2,\"name\":\"Glaucoma: una de las principales causas de ceguera en el mundo\"}]},{\"@type\":\"WebSite\",\"@id\":\"https:\\\/\\\/www.gruporecoletas.com\\\/noticias\\\/#website\",\"url\":\"https:\\\/\\\/www.gruporecoletas.com\\\/noticias\\\/\",\"name\":\"Noticias Grupo Recoletas\",\"description\":\"Grupo Recoletas\",\"potentialAction\":[{\"@type\":\"SearchAction\",\"target\":{\"@type\":\"EntryPoint\",\"urlTemplate\":\"https:\\\/\\\/www.gruporecoletas.com\\\/noticias\\\/?s={search_term_string}\"},\"query-input\":{\"@type\":\"PropertyValueSpecification\",\"valueRequired\":true,\"valueName\":\"search_term_string\"}}],\"inLanguage\":\"es\"},{\"@type\":\"Person\",\"@id\":\"https:\\\/\\\/www.gruporecoletas.com\\\/noticias\\\/#\\\/schema\\\/person\\\/3c6ac429828d1f5e3d3bd99f4da9b02c\",\"name\":\"Recoletas Red Hospitalaria\",\"url\":\"https:\\\/\\\/www.gruporecoletas.com\\\/noticias\\\/author\\\/comunicacion\\\/\"}]}<\/script>\n<!-- \/ Yoast SEO Premium plugin. -->","yoast_head_json":{"title":"Glaucoma: una de las principales causas de ceguera en el mundo - Noticias Grupo Recoletas","robots":{"index":"index","follow":"follow","max-snippet":"max-snippet:-1","max-image-preview":"max-image-preview:large","max-video-preview":"max-video-preview:-1"},"canonical":"https:\/\/www.gruporecoletas.com\/noticias\/glaucoma-enfermedad-perdida-vision\/","og_locale":"es_ES","og_type":"article","og_title":"Glaucoma: una de las principales causas de ceguera en el mundo","og_description":"Autor: dr. Jesus Alberto Pi\u00f1uel Gonz\u00e1lez \u2013 Unidad de Oftalmolog\u00eda Hablamos de una enfermedad importante y frecuente, que constituye la segunda causa de ceguera en el mundo seg\u00fan la Organizaci\u00f3n Mundial de la Salud (OMS). Adem\u00e1s, debemos de puntualizar que la primera causa de ceguera es la catarata, en cuyo caso podemos revertir la situaci\u00f3n [&hellip;]","og_url":"https:\/\/www.gruporecoletas.com\/noticias\/glaucoma-enfermedad-perdida-vision\/","og_site_name":"Noticias Grupo Recoletas","article_publisher":"https:\/\/www.facebook.com\/GrupoRecoletas\/","article_published_time":"2019-08-28T10:25:44+00:00","article_modified_time":"2019-08-28T11:46:12+00:00","og_image":[{"width":950,"height":634,"url":"https:\/\/www.gruporecoletas.com\/noticias\/wp-content\/uploads\/2019\/08\/Glaucoma-Perdida-de-vision-Principal-causa-de-ceguera.jpg","type":"image\/jpeg"}],"author":"Recoletas Red Hospitalaria","twitter_card":"summary_large_image","twitter_creator":"@GrupoRecoletas","twitter_site":"@GrupoRecoletas","twitter_misc":{"Escrito por":"Recoletas Red Hospitalaria","Tiempo de lectura":"4 minutos"},"schema":{"@context":"https:\/\/schema.org","@graph":[{"@type":"Article","@id":"https:\/\/www.gruporecoletas.com\/noticias\/glaucoma-enfermedad-perdida-vision\/#article","isPartOf":{"@id":"https:\/\/www.gruporecoletas.com\/noticias\/glaucoma-enfermedad-perdida-vision\/"},"author":{"name":"Recoletas Red Hospitalaria","@id":"https:\/\/www.gruporecoletas.com\/noticias\/#\/schema\/person\/3c6ac429828d1f5e3d3bd99f4da9b02c"},"headline":"Glaucoma: una de las principales causas de ceguera en el mundo","datePublished":"2019-08-28T10:25:44+00:00","dateModified":"2019-08-28T11:46:12+00:00","mainEntityOfPage":{"@id":"https:\/\/www.gruporecoletas.com\/noticias\/glaucoma-enfermedad-perdida-vision\/"},"wordCount":794,"image":{"@id":"https:\/\/www.gruporecoletas.com\/noticias\/glaucoma-enfermedad-perdida-vision\/#primaryimage"},"thumbnailUrl":"https:\/\/www.gruporecoletas.com\/noticias\/wp-content\/uploads\/2019\/08\/Glaucoma-Perdida-de-vision-Principal-causa-de-ceguera.jpg","keywords":["Glaucoma","Glaucoma Ocular","Instituto Oftalmol\u00f3gico Recoletas","oftalmolog\u00eda","Pi\u00f1uel Gonz\u00e1lez","Unidad de Oftalmolog\u00eda"],"articleSection":["Patolog\u00edas","Publicaciones"],"inLanguage":"es"},{"@type":"WebPage","@id":"https:\/\/www.gruporecoletas.com\/noticias\/glaucoma-enfermedad-perdida-vision\/","url":"https:\/\/www.gruporecoletas.com\/noticias\/glaucoma-enfermedad-perdida-vision\/","name":"Glaucoma: una de las principales causas de ceguera en el mundo - Noticias Grupo Recoletas","isPartOf":{"@id":"https:\/\/www.gruporecoletas.com\/noticias\/#website"},"primaryImageOfPage":{"@id":"https:\/\/www.gruporecoletas.com\/noticias\/glaucoma-enfermedad-perdida-vision\/#primaryimage"},"image":{"@id":"https:\/\/www.gruporecoletas.com\/noticias\/glaucoma-enfermedad-perdida-vision\/#primaryimage"},"thumbnailUrl":"https:\/\/www.gruporecoletas.com\/noticias\/wp-content\/uploads\/2019\/08\/Glaucoma-Perdida-de-vision-Principal-causa-de-ceguera.jpg","datePublished":"2019-08-28T10:25:44+00:00","dateModified":"2019-08-28T11:46:12+00:00","author":{"@id":"https:\/\/www.gruporecoletas.com\/noticias\/#\/schema\/person\/3c6ac429828d1f5e3d3bd99f4da9b02c"},"breadcrumb":{"@id":"https:\/\/www.gruporecoletas.com\/noticias\/glaucoma-enfermedad-perdida-vision\/#breadcrumb"},"inLanguage":"es","potentialAction":[{"@type":"ReadAction","target":["https:\/\/www.gruporecoletas.com\/noticias\/glaucoma-enfermedad-perdida-vision\/"]}]},{"@type":"ImageObject","inLanguage":"es","@id":"https:\/\/www.gruporecoletas.com\/noticias\/glaucoma-enfermedad-perdida-vision\/#primaryimage","url":"https:\/\/www.gruporecoletas.com\/noticias\/wp-content\/uploads\/2019\/08\/Glaucoma-Perdida-de-vision-Principal-causa-de-ceguera.jpg","contentUrl":"https:\/\/www.gruporecoletas.com\/noticias\/wp-content\/uploads\/2019\/08\/Glaucoma-Perdida-de-vision-Principal-causa-de-ceguera.jpg","width":950,"height":634,"caption":"Glaucoma-Perdida-de-vision-Principal-causa-de-ceguera"},{"@type":"BreadcrumbList","@id":"https:\/\/www.gruporecoletas.com\/noticias\/glaucoma-enfermedad-perdida-vision\/#breadcrumb","itemListElement":[{"@type":"ListItem","position":1,"name":"Portada","item":"https:\/\/www.gruporecoletas.com\/noticias\/"},{"@type":"ListItem","position":2,"name":"Glaucoma: una de las principales causas de ceguera en el mundo"}]},{"@type":"WebSite","@id":"https:\/\/www.gruporecoletas.com\/noticias\/#website","url":"https:\/\/www.gruporecoletas.com\/noticias\/","name":"Noticias Grupo Recoletas","description":"Grupo Recoletas","potentialAction":[{"@type":"SearchAction","target":{"@type":"EntryPoint","urlTemplate":"https:\/\/www.gruporecoletas.com\/noticias\/?s={search_term_string}"},"query-input":{"@type":"PropertyValueSpecification","valueRequired":true,"valueName":"search_term_string"}}],"inLanguage":"es"},{"@type":"Person","@id":"https:\/\/www.gruporecoletas.com\/noticias\/#\/schema\/person\/3c6ac429828d1f5e3d3bd99f4da9b02c","name":"Recoletas Red Hospitalaria","url":"https:\/\/www.gruporecoletas.com\/noticias\/author\/comunicacion\/"}]}},"_links":{"self":[{"href":"https:\/\/www.gruporecoletas.com\/noticias\/wp-json\/wp\/v2\/posts\/12893","targetHints":{"allow":["GET"]}}],"collection":[{"href":"https:\/\/www.gruporecoletas.com\/noticias\/wp-json\/wp\/v2\/posts"}],"about":[{"href":"https:\/\/www.gruporecoletas.com\/noticias\/wp-json\/wp\/v2\/types\/post"}],"author":[{"embeddable":true,"href":"https:\/\/www.gruporecoletas.com\/noticias\/wp-json\/wp\/v2\/users\/2"}],"replies":[{"embeddable":true,"href":"https:\/\/www.gruporecoletas.com\/noticias\/wp-json\/wp\/v2\/comments?post=12893"}],"version-history":[{"count":4,"href":"https:\/\/www.gruporecoletas.com\/noticias\/wp-json\/wp\/v2\/posts\/12893\/revisions"}],"predecessor-version":[{"id":12899,"href":"https:\/\/www.gruporecoletas.com\/noticias\/wp-json\/wp\/v2\/posts\/12893\/revisions\/12899"}],"wp:featuredmedia":[{"embeddable":true,"href":"https:\/\/www.gruporecoletas.com\/noticias\/wp-json\/wp\/v2\/media\/12894"}],"wp:attachment":[{"href":"https:\/\/www.gruporecoletas.com\/noticias\/wp-json\/wp\/v2\/media?parent=12893"}],"wp:term":[{"taxonomy":"category","embeddable":true,"href":"https:\/\/www.gruporecoletas.com\/noticias\/wp-json\/wp\/v2\/categories?post=12893"},{"taxonomy":"post_tag","embeddable":true,"href":"https:\/\/www.gruporecoletas.com\/noticias\/wp-json\/wp\/v2\/tags?post=12893"}],"curies":[{"name":"wp","href":"https:\/\/api.w.org\/{rel}","templated":true}]}}