{"id":12912,"date":"2019-09-11T10:39:00","date_gmt":"2019-09-11T10:39:00","guid":{"rendered":"https:\/\/www.gruporecoletas.com\/noticias\/?p=12912"},"modified":"2019-09-11T10:39:23","modified_gmt":"2019-09-11T10:39:23","slug":"vuelta-al-cole-rutinas-habitos","status":"publish","type":"post","link":"https:\/\/www.gruporecoletas.com\/noticias\/vuelta-al-cole-rutinas-habitos\/","title":{"rendered":"Vuelta al cole, \u00bfc\u00f3mo adaptar las rutinas de los m\u00e1s peques?"},"content":{"rendered":"\n<p>El verano termina y con ello las tardes en la piscina, los helados, el calor, \u2026 Ahora toca estudiar, madrugar y cumplir horarios m\u00e1s estrictos. Septiembre pone fin a una \u00e9poca de libertad para dar la bienvenida a otra: la vuelta al cole y el regreso a las rutinas, los nervios, las prisas\u2026 Este momento tiene para la mayor\u00eda de los peques de la casa muy pocos alicientes y supone un esfuerzo considerable. Por este motivo, muchos ni\u00f1os, al igual que los adultos, tambi\u00e9n sufren la denominada \u201ccrisis postvacacional\u201d.<\/p>\n\n\n\n<p>Por otro lado, adem\u00e1s de terminar un per\u00edodo muy intenso repleto de acitvidades y momentos agradables, la llegada del nuevo curso escolar supone para los ni\u00f1os encontrarse con nuevos compa\u00f1eros y profesores, as\u00ed como enfrentarse a nuevos retos a los que tendr\u00e1n que adaptarse r\u00e1pidamente. Y en todo este proceso, la actitud de los padres juega un papel fundamental.<\/p>\n\n\n\n<p><iframe loading=\"lazy\" width=\"560\" height=\"315\" src=\"https:\/\/www.youtube.com\/embed\/uBRqDPNkDu8\" frameborder=\"0\" allow=\"accelerometer; autoplay; encrypted-media; gyroscope; picture-in-picture\" allowfullscreen=\"\"><\/iframe><\/p>\n\n\n\n<p>Por un lado, tienen que adaptarse al ritmo de su hijo y comprender que los cambios necesitan su tiempo. Por otro, deben transmitir siempre sentimientos positivos, animar al ni\u00f1os, motivarle y ayudarle a reorganizar sus rutinas y retomar sus h\u00e1bitos. De esta forma, la vuelta al cole no ser\u00e1 tan brusca ni traum\u00e1tica y superar\u00e1 los primeros d\u00edas sin miedos ni ansiedad.<\/p>\n\n\n\n<p>Por ejemplo, se recomienda que durante los \u00faltimos d\u00edas de vacaciones los ni\u00f1os mantengan los mismos h\u00e1bitos de horario relacionados con su ocio pero que vayan familiariz\u00e1ndose poco a poco con esa idea de la vuelta al cole (viendo los nuevos libros, yendo a comprar el material escolar, etc.). Otro aspecto que sin duda es muy importante es el descanso; en este sentido, unos d\u00edas antes del regreso se recomienda que la hora de irse a dormir sea similar a la del periodo escolar.<\/p>\n\n\n\n<p>Adem\u00e1s, el comienzo del curso es un buen momento para incorporar h\u00e1bitos saludables a la rutina de los ni\u00f1os (llevar una alimentaci\u00f3n sana y equilibrada, hacer ejercicio, tener una higiene adecuada, etc.).<\/p>\n\n\n\n<h2 class=\"wp-block-heading\"><strong>Retorno a las aulas: \u00bfc\u00f3mo evitar los resfriados y contagios en ni\u00f1os?<\/strong><\/h2>\n\n\n\n<p>Los primeros mocos, <a href=\"https:\/\/www.gruporecoletas.com\/noticias\/principales-diferencias-entre-la-gripe-y-el-resfriado\/\">resfriados<\/a>, problemas respiratorios y virus en general se instalan en la vida de los m\u00e1s peque\u00f1os con el comienzo del oto\u00f1o y del curso escolar. Los ni\u00f1os permanecen durante horas en las aulas y espacios cerrados, lo que favorece el desarrollo y contagio de virus causantes de todo tipo de infecciones, ya sean por contacto, respiratorios y otras tipo gastroenteritis, anginas, etc.<\/p>\n\n\n\n<p>En este sentido, los expertos se\u00f1alan la <strong>importancia de revisar el calendario de vacunas <\/strong>antes de retornar a las aulas para ponerlo al d\u00eda si es necesario y as\u00ed <strong>prevenir algunas enfermedades<\/strong>. En el caso de aquellas para las que no existe vacuna, los expertos destacan que es muy importante adoptar una serie de medidas higi\u00e9nicas como, por ejemplo, el lavado de manos (la primera y mejor defensa contra los g\u00e9rmenes).<\/p>\n\n\n\n<p>Pero la vuelta a clase tambi\u00e9n puede conllevar otro tipo de dolencias como dolores de espalda (consecuencia del exceso de peso de la mochila), problemas en los ojos (picores, conjuntivitis), &#8230;<\/p>\n\n\n\n<p>Todo esto conlleva un incremento de las visitas al pediatra y a los servicios de urgencias.<\/p>\n\n\n\n<h2 class=\"wp-block-heading\"><strong>La Unidad de Pediatr\u00eda\u00a0<\/strong><\/h2>\n\n\n\n<p>Recoletas Red Hospitalaria cuenta con una amplia cartera de servicios, prestados por un cuadro m\u00e9dico de excelencia integrado por profesionales altamente cualificados, as\u00ed como con las instalaciones y el equipo tecnol\u00f3gico necesario para ofrecer una atenci\u00f3n sanitaria de calidad y mejorar el bienestar de los pacientes.<\/p>\n\n\n\n<p>En este sentido, los hospitales de Recoletas Burgos, Campo Grande, Cuenca, Felipe II, Palencia, Zamora y Segovia disponen de una <a href=\"https:\/\/www.gruporecoletas.com\/especialidades\/pediatria\/\">Unidad de Pediatr\u00eda<\/a> formada por un amplio grupo de profesionales m\u00e9dicos.\u00a0<\/p>\n\n\n\n<p>Son varias las \u00e1reas y consultas especializadas que componen la Unidad de Pediatr\u00eda:<\/p>\n\n\n\n<ul class=\"wp-block-list\"><li><a href=\"https:\/\/www.gruporecoletas.com\/especialidades\/urgencias-pediatricas-24-horas\/\">Urgencias pedi\u00e1tricas<\/a> (24 horas, 365 d\u00edas): con presencia f\u00edsica continuada de un pediatra.&nbsp;<\/li><li>Consultas externas: con Pediatr\u00eda general y subespecialidades en <a href=\"https:\/\/www.gruporecoletas.com\/especialidades\/cardiologia-infantil-y-cardiopatias-pediatricas-y-congenitas-del-adulto\/\">Cardiolog\u00eda infantil<\/a>, Neumolog\u00eda pedi\u00e1trica y Endocrinolog\u00eda pedi\u00e1trica.<\/li><li>Hospitalizaci\u00f3n: acondicionada para ofrecer al ni\u00f1o una atenci\u00f3n personalizada y seguimiento constante.<\/li><li>\u00c1rea de <a href=\"https:\/\/www.gruporecoletas.com\/especialidades\/neonatologia\/\">Neonatolog\u00eda<\/a>: atendida por neonat\u00f3logos, con presencia f\u00edsica en el momento del parto. Por la noche, la atenci\u00f3n la realiza el pediatra de guardia, salvo que se prevea un parto de riesgo, en cuyo caso la asistencia la realiza un neonat\u00f3logo.<\/li><\/ul>\n\n\n\n<p>Adem\u00e1s, este \u00e1rea est\u00e1 dotada de los recursos humanos y tecnol\u00f3gicos necesarios; dispone de UCI neonatal con Cardiolog\u00eda, Endrocrinolog\u00eda, Neumolog\u00eda, Pediatr\u00eda General, Enfermedades relacionadas\u2026.<\/p>\n\n\n\n<p>La Unidad Pedi\u00e1trica dispone de instalaciones preparadas para la realizaci\u00f3n de intervenciones quir\u00fargicas como cirug\u00eda neonatal, cirug\u00eda de cabez y cuello, del aparato digestivo, de la pared abdominal o cirug\u00eda tor\u00e1cica, entre otras.<\/p>\n\n\n\n<p>Adem\u00e1s, fruto de su compromiso con la m\u00e1xima atenci\u00f3n a los pacientes, se dispone de instalaciones hospitalarias amplias y modernas, totalmente equipadas para que los profesionales puedan desarrollar su trabajo en condiciones \u00f3ptimas.<\/p>\n\n\n\n<p><iframe loading=\"lazy\" width=\"560\" height=\"315\" src=\"https:\/\/www.youtube.com\/embed\/LeTHj7be438\" frameborder=\"0\" allow=\"accelerometer; autoplay; encrypted-media; gyroscope; picture-in-picture\" allowfullscreen=\"\"><\/iframe><\/p>\n","protected":false},"excerpt":{"rendered":"<p>El verano termina y con ello las tardes en la piscina, los helados, el calor, \u2026 Ahora toca estudiar, madrugar y cumplir horarios m\u00e1s estrictos. Septiembre pone fin a una \u00e9poca de libertad para dar la bienvenida a otra: la vuelta al cole y el regreso a las rutinas, los nervios, las prisas\u2026 Este momento [&hellip;]<\/p>\n","protected":false},"author":2,"featured_media":12913,"comment_status":"closed","ping_status":"closed","sticky":false,"template":"","format":"standard","meta":{"_acf_changed":false,"footnotes":""},"categories":[44,48,9],"tags":[1365],"class_list":["post-12912","post","type-post","status-publish","format-standard","has-post-thumbnail","hentry","category-pediatria","category-prevencion","category-publicaciones","tag-unidad-de-pediatria"],"acf":[],"yoast_head":"<!-- This site is optimized with the Yoast SEO Premium plugin v27.3 (Yoast SEO v27.3) - https:\/\/yoast.com\/product\/yoast-seo-premium-wordpress\/ -->\n<title>Vuelta al cole, \u00bfc\u00f3mo adaptar las rutinas de los m\u00e1s peques? - Noticias Grupo Recoletas<\/title>\n<meta name=\"robots\" content=\"index, follow, max-snippet:-1, max-image-preview:large, max-video-preview:-1\" \/>\n<link rel=\"canonical\" href=\"https:\/\/www.gruporecoletas.com\/noticias\/vuelta-al-cole-rutinas-habitos\/\" \/>\n<meta property=\"og:locale\" content=\"es_ES\" \/>\n<meta property=\"og:type\" content=\"article\" \/>\n<meta property=\"og:title\" content=\"Vuelta al cole, \u00bfc\u00f3mo adaptar las rutinas de los m\u00e1s peques?\" \/>\n<meta property=\"og:description\" content=\"El verano termina y con ello las tardes en la piscina, los helados, el calor, \u2026 Ahora toca estudiar, madrugar y cumplir horarios m\u00e1s estrictos. Septiembre pone fin a una \u00e9poca de libertad para dar la bienvenida a otra: la vuelta al cole y el regreso a las rutinas, los nervios, las prisas\u2026 Este momento [&hellip;]\" \/>\n<meta property=\"og:url\" content=\"https:\/\/www.gruporecoletas.com\/noticias\/vuelta-al-cole-rutinas-habitos\/\" \/>\n<meta property=\"og:site_name\" content=\"Noticias Grupo Recoletas\" \/>\n<meta property=\"article:publisher\" content=\"https:\/\/www.facebook.com\/GrupoRecoletas\/\" \/>\n<meta property=\"article:published_time\" content=\"2019-09-11T10:39:00+00:00\" \/>\n<meta property=\"article:modified_time\" content=\"2019-09-11T10:39:23+00:00\" \/>\n<meta property=\"og:image\" content=\"https:\/\/www.gruporecoletas.com\/noticias\/wp-content\/uploads\/2019\/09\/Vuelta-al-cole.jpg\" \/>\n\t<meta property=\"og:image:width\" content=\"900\" \/>\n\t<meta property=\"og:image:height\" content=\"600\" \/>\n\t<meta property=\"og:image:type\" content=\"image\/jpeg\" \/>\n<meta name=\"author\" content=\"Recoletas Red Hospitalaria\" \/>\n<meta name=\"twitter:card\" content=\"summary_large_image\" \/>\n<meta name=\"twitter:creator\" content=\"@GrupoRecoletas\" \/>\n<meta name=\"twitter:site\" content=\"@GrupoRecoletas\" \/>\n<meta name=\"twitter:label1\" content=\"Escrito por\" \/>\n\t<meta name=\"twitter:data1\" content=\"Recoletas Red Hospitalaria\" \/>\n\t<meta name=\"twitter:label2\" content=\"Tiempo de lectura\" \/>\n\t<meta name=\"twitter:data2\" content=\"4 minutos\" \/>\n<script type=\"application\/ld+json\" class=\"yoast-schema-graph\">{\"@context\":\"https:\\\/\\\/schema.org\",\"@graph\":[{\"@type\":\"Article\",\"@id\":\"https:\\\/\\\/www.gruporecoletas.com\\\/noticias\\\/vuelta-al-cole-rutinas-habitos\\\/#article\",\"isPartOf\":{\"@id\":\"https:\\\/\\\/www.gruporecoletas.com\\\/noticias\\\/vuelta-al-cole-rutinas-habitos\\\/\"},\"author\":{\"name\":\"Recoletas Red Hospitalaria\",\"@id\":\"https:\\\/\\\/www.gruporecoletas.com\\\/noticias\\\/#\\\/schema\\\/person\\\/3c6ac429828d1f5e3d3bd99f4da9b02c\"},\"headline\":\"Vuelta al cole, \u00bfc\u00f3mo adaptar las rutinas de los m\u00e1s peques?\",\"datePublished\":\"2019-09-11T10:39:00+00:00\",\"dateModified\":\"2019-09-11T10:39:23+00:00\",\"mainEntityOfPage\":{\"@id\":\"https:\\\/\\\/www.gruporecoletas.com\\\/noticias\\\/vuelta-al-cole-rutinas-habitos\\\/\"},\"wordCount\":871,\"image\":{\"@id\":\"https:\\\/\\\/www.gruporecoletas.com\\\/noticias\\\/vuelta-al-cole-rutinas-habitos\\\/#primaryimage\"},\"thumbnailUrl\":\"https:\\\/\\\/www.gruporecoletas.com\\\/noticias\\\/wp-content\\\/uploads\\\/2019\\\/09\\\/Vuelta-al-cole.jpg\",\"keywords\":[\"Unidad de Pediatr\u00eda\"],\"articleSection\":[\"Pediatr\u00eda\",\"Prevenci\u00f3n\",\"Publicaciones\"],\"inLanguage\":\"es\"},{\"@type\":\"WebPage\",\"@id\":\"https:\\\/\\\/www.gruporecoletas.com\\\/noticias\\\/vuelta-al-cole-rutinas-habitos\\\/\",\"url\":\"https:\\\/\\\/www.gruporecoletas.com\\\/noticias\\\/vuelta-al-cole-rutinas-habitos\\\/\",\"name\":\"Vuelta al cole, \u00bfc\u00f3mo adaptar las rutinas de los m\u00e1s peques? - Noticias Grupo Recoletas\",\"isPartOf\":{\"@id\":\"https:\\\/\\\/www.gruporecoletas.com\\\/noticias\\\/#website\"},\"primaryImageOfPage\":{\"@id\":\"https:\\\/\\\/www.gruporecoletas.com\\\/noticias\\\/vuelta-al-cole-rutinas-habitos\\\/#primaryimage\"},\"image\":{\"@id\":\"https:\\\/\\\/www.gruporecoletas.com\\\/noticias\\\/vuelta-al-cole-rutinas-habitos\\\/#primaryimage\"},\"thumbnailUrl\":\"https:\\\/\\\/www.gruporecoletas.com\\\/noticias\\\/wp-content\\\/uploads\\\/2019\\\/09\\\/Vuelta-al-cole.jpg\",\"datePublished\":\"2019-09-11T10:39:00+00:00\",\"dateModified\":\"2019-09-11T10:39:23+00:00\",\"author\":{\"@id\":\"https:\\\/\\\/www.gruporecoletas.com\\\/noticias\\\/#\\\/schema\\\/person\\\/3c6ac429828d1f5e3d3bd99f4da9b02c\"},\"breadcrumb\":{\"@id\":\"https:\\\/\\\/www.gruporecoletas.com\\\/noticias\\\/vuelta-al-cole-rutinas-habitos\\\/#breadcrumb\"},\"inLanguage\":\"es\",\"potentialAction\":[{\"@type\":\"ReadAction\",\"target\":[\"https:\\\/\\\/www.gruporecoletas.com\\\/noticias\\\/vuelta-al-cole-rutinas-habitos\\\/\"]}]},{\"@type\":\"ImageObject\",\"inLanguage\":\"es\",\"@id\":\"https:\\\/\\\/www.gruporecoletas.com\\\/noticias\\\/vuelta-al-cole-rutinas-habitos\\\/#primaryimage\",\"url\":\"https:\\\/\\\/www.gruporecoletas.com\\\/noticias\\\/wp-content\\\/uploads\\\/2019\\\/09\\\/Vuelta-al-cole.jpg\",\"contentUrl\":\"https:\\\/\\\/www.gruporecoletas.com\\\/noticias\\\/wp-content\\\/uploads\\\/2019\\\/09\\\/Vuelta-al-cole.jpg\",\"width\":900,\"height\":600,\"caption\":\"Vuelta al cole\"},{\"@type\":\"BreadcrumbList\",\"@id\":\"https:\\\/\\\/www.gruporecoletas.com\\\/noticias\\\/vuelta-al-cole-rutinas-habitos\\\/#breadcrumb\",\"itemListElement\":[{\"@type\":\"ListItem\",\"position\":1,\"name\":\"Portada\",\"item\":\"https:\\\/\\\/www.gruporecoletas.com\\\/noticias\\\/\"},{\"@type\":\"ListItem\",\"position\":2,\"name\":\"Vuelta al cole, \u00bfc\u00f3mo adaptar las rutinas de los m\u00e1s peques?\"}]},{\"@type\":\"WebSite\",\"@id\":\"https:\\\/\\\/www.gruporecoletas.com\\\/noticias\\\/#website\",\"url\":\"https:\\\/\\\/www.gruporecoletas.com\\\/noticias\\\/\",\"name\":\"Noticias Grupo Recoletas\",\"description\":\"Grupo Recoletas\",\"potentialAction\":[{\"@type\":\"SearchAction\",\"target\":{\"@type\":\"EntryPoint\",\"urlTemplate\":\"https:\\\/\\\/www.gruporecoletas.com\\\/noticias\\\/?s={search_term_string}\"},\"query-input\":{\"@type\":\"PropertyValueSpecification\",\"valueRequired\":true,\"valueName\":\"search_term_string\"}}],\"inLanguage\":\"es\"},{\"@type\":\"Person\",\"@id\":\"https:\\\/\\\/www.gruporecoletas.com\\\/noticias\\\/#\\\/schema\\\/person\\\/3c6ac429828d1f5e3d3bd99f4da9b02c\",\"name\":\"Recoletas Red Hospitalaria\",\"url\":\"https:\\\/\\\/www.gruporecoletas.com\\\/noticias\\\/author\\\/comunicacion\\\/\"}]}<\/script>\n<!-- \/ Yoast SEO Premium plugin. -->","yoast_head_json":{"title":"Vuelta al cole, \u00bfc\u00f3mo adaptar las rutinas de los m\u00e1s peques? - Noticias Grupo Recoletas","robots":{"index":"index","follow":"follow","max-snippet":"max-snippet:-1","max-image-preview":"max-image-preview:large","max-video-preview":"max-video-preview:-1"},"canonical":"https:\/\/www.gruporecoletas.com\/noticias\/vuelta-al-cole-rutinas-habitos\/","og_locale":"es_ES","og_type":"article","og_title":"Vuelta al cole, \u00bfc\u00f3mo adaptar las rutinas de los m\u00e1s peques?","og_description":"El verano termina y con ello las tardes en la piscina, los helados, el calor, \u2026 Ahora toca estudiar, madrugar y cumplir horarios m\u00e1s estrictos. Septiembre pone fin a una \u00e9poca de libertad para dar la bienvenida a otra: la vuelta al cole y el regreso a las rutinas, los nervios, las prisas\u2026 Este momento [&hellip;]","og_url":"https:\/\/www.gruporecoletas.com\/noticias\/vuelta-al-cole-rutinas-habitos\/","og_site_name":"Noticias Grupo Recoletas","article_publisher":"https:\/\/www.facebook.com\/GrupoRecoletas\/","article_published_time":"2019-09-11T10:39:00+00:00","article_modified_time":"2019-09-11T10:39:23+00:00","og_image":[{"width":900,"height":600,"url":"https:\/\/www.gruporecoletas.com\/noticias\/wp-content\/uploads\/2019\/09\/Vuelta-al-cole.jpg","type":"image\/jpeg"}],"author":"Recoletas Red Hospitalaria","twitter_card":"summary_large_image","twitter_creator":"@GrupoRecoletas","twitter_site":"@GrupoRecoletas","twitter_misc":{"Escrito por":"Recoletas Red Hospitalaria","Tiempo de lectura":"4 minutos"},"schema":{"@context":"https:\/\/schema.org","@graph":[{"@type":"Article","@id":"https:\/\/www.gruporecoletas.com\/noticias\/vuelta-al-cole-rutinas-habitos\/#article","isPartOf":{"@id":"https:\/\/www.gruporecoletas.com\/noticias\/vuelta-al-cole-rutinas-habitos\/"},"author":{"name":"Recoletas Red Hospitalaria","@id":"https:\/\/www.gruporecoletas.com\/noticias\/#\/schema\/person\/3c6ac429828d1f5e3d3bd99f4da9b02c"},"headline":"Vuelta al cole, \u00bfc\u00f3mo adaptar las rutinas de los m\u00e1s peques?","datePublished":"2019-09-11T10:39:00+00:00","dateModified":"2019-09-11T10:39:23+00:00","mainEntityOfPage":{"@id":"https:\/\/www.gruporecoletas.com\/noticias\/vuelta-al-cole-rutinas-habitos\/"},"wordCount":871,"image":{"@id":"https:\/\/www.gruporecoletas.com\/noticias\/vuelta-al-cole-rutinas-habitos\/#primaryimage"},"thumbnailUrl":"https:\/\/www.gruporecoletas.com\/noticias\/wp-content\/uploads\/2019\/09\/Vuelta-al-cole.jpg","keywords":["Unidad de Pediatr\u00eda"],"articleSection":["Pediatr\u00eda","Prevenci\u00f3n","Publicaciones"],"inLanguage":"es"},{"@type":"WebPage","@id":"https:\/\/www.gruporecoletas.com\/noticias\/vuelta-al-cole-rutinas-habitos\/","url":"https:\/\/www.gruporecoletas.com\/noticias\/vuelta-al-cole-rutinas-habitos\/","name":"Vuelta al cole, \u00bfc\u00f3mo adaptar las rutinas de los m\u00e1s peques? - Noticias Grupo Recoletas","isPartOf":{"@id":"https:\/\/www.gruporecoletas.com\/noticias\/#website"},"primaryImageOfPage":{"@id":"https:\/\/www.gruporecoletas.com\/noticias\/vuelta-al-cole-rutinas-habitos\/#primaryimage"},"image":{"@id":"https:\/\/www.gruporecoletas.com\/noticias\/vuelta-al-cole-rutinas-habitos\/#primaryimage"},"thumbnailUrl":"https:\/\/www.gruporecoletas.com\/noticias\/wp-content\/uploads\/2019\/09\/Vuelta-al-cole.jpg","datePublished":"2019-09-11T10:39:00+00:00","dateModified":"2019-09-11T10:39:23+00:00","author":{"@id":"https:\/\/www.gruporecoletas.com\/noticias\/#\/schema\/person\/3c6ac429828d1f5e3d3bd99f4da9b02c"},"breadcrumb":{"@id":"https:\/\/www.gruporecoletas.com\/noticias\/vuelta-al-cole-rutinas-habitos\/#breadcrumb"},"inLanguage":"es","potentialAction":[{"@type":"ReadAction","target":["https:\/\/www.gruporecoletas.com\/noticias\/vuelta-al-cole-rutinas-habitos\/"]}]},{"@type":"ImageObject","inLanguage":"es","@id":"https:\/\/www.gruporecoletas.com\/noticias\/vuelta-al-cole-rutinas-habitos\/#primaryimage","url":"https:\/\/www.gruporecoletas.com\/noticias\/wp-content\/uploads\/2019\/09\/Vuelta-al-cole.jpg","contentUrl":"https:\/\/www.gruporecoletas.com\/noticias\/wp-content\/uploads\/2019\/09\/Vuelta-al-cole.jpg","width":900,"height":600,"caption":"Vuelta al cole"},{"@type":"BreadcrumbList","@id":"https:\/\/www.gruporecoletas.com\/noticias\/vuelta-al-cole-rutinas-habitos\/#breadcrumb","itemListElement":[{"@type":"ListItem","position":1,"name":"Portada","item":"https:\/\/www.gruporecoletas.com\/noticias\/"},{"@type":"ListItem","position":2,"name":"Vuelta al cole, \u00bfc\u00f3mo adaptar las rutinas de los m\u00e1s peques?"}]},{"@type":"WebSite","@id":"https:\/\/www.gruporecoletas.com\/noticias\/#website","url":"https:\/\/www.gruporecoletas.com\/noticias\/","name":"Noticias Grupo Recoletas","description":"Grupo Recoletas","potentialAction":[{"@type":"SearchAction","target":{"@type":"EntryPoint","urlTemplate":"https:\/\/www.gruporecoletas.com\/noticias\/?s={search_term_string}"},"query-input":{"@type":"PropertyValueSpecification","valueRequired":true,"valueName":"search_term_string"}}],"inLanguage":"es"},{"@type":"Person","@id":"https:\/\/www.gruporecoletas.com\/noticias\/#\/schema\/person\/3c6ac429828d1f5e3d3bd99f4da9b02c","name":"Recoletas Red Hospitalaria","url":"https:\/\/www.gruporecoletas.com\/noticias\/author\/comunicacion\/"}]}},"_links":{"self":[{"href":"https:\/\/www.gruporecoletas.com\/noticias\/wp-json\/wp\/v2\/posts\/12912","targetHints":{"allow":["GET"]}}],"collection":[{"href":"https:\/\/www.gruporecoletas.com\/noticias\/wp-json\/wp\/v2\/posts"}],"about":[{"href":"https:\/\/www.gruporecoletas.com\/noticias\/wp-json\/wp\/v2\/types\/post"}],"author":[{"embeddable":true,"href":"https:\/\/www.gruporecoletas.com\/noticias\/wp-json\/wp\/v2\/users\/2"}],"replies":[{"embeddable":true,"href":"https:\/\/www.gruporecoletas.com\/noticias\/wp-json\/wp\/v2\/comments?post=12912"}],"version-history":[{"count":1,"href":"https:\/\/www.gruporecoletas.com\/noticias\/wp-json\/wp\/v2\/posts\/12912\/revisions"}],"predecessor-version":[{"id":12914,"href":"https:\/\/www.gruporecoletas.com\/noticias\/wp-json\/wp\/v2\/posts\/12912\/revisions\/12914"}],"wp:featuredmedia":[{"embeddable":true,"href":"https:\/\/www.gruporecoletas.com\/noticias\/wp-json\/wp\/v2\/media\/12913"}],"wp:attachment":[{"href":"https:\/\/www.gruporecoletas.com\/noticias\/wp-json\/wp\/v2\/media?parent=12912"}],"wp:term":[{"taxonomy":"category","embeddable":true,"href":"https:\/\/www.gruporecoletas.com\/noticias\/wp-json\/wp\/v2\/categories?post=12912"},{"taxonomy":"post_tag","embeddable":true,"href":"https:\/\/www.gruporecoletas.com\/noticias\/wp-json\/wp\/v2\/tags?post=12912"}],"curies":[{"name":"wp","href":"https:\/\/api.w.org\/{rel}","templated":true}]}}