{"id":12962,"date":"2019-10-07T11:52:55","date_gmt":"2019-10-07T11:52:55","guid":{"rendered":"https:\/\/www.gruporecoletas.com\/noticias\/?p=12962"},"modified":"2019-10-07T12:05:54","modified_gmt":"2019-10-07T12:05:54","slug":"la-escuela-de-familia-recoletas-comienza-su-andadura","status":"publish","type":"post","link":"https:\/\/www.gruporecoletas.com\/noticias\/la-escuela-de-familia-recoletas-comienza-su-andadura\/","title":{"rendered":"La Escuela de Familia Recoletas comienza su andadura"},"content":{"rendered":"\n<p>Recoletas Red Hospitalaria y el Recoletas Atl\u00e9tico Valladolid han presentado hoy su nuevo proyecto, la <strong>Escuela de Familia Recoletas<\/strong>. La iniciativa est\u00e1 dirigida a padres y abuelos con el objetivo de formar e <strong>informar sobre aspectos de salud en el \u00e1mbito pedi\u00e1trico<\/strong> que preocupan a la sociedad actual. Al mismo tiempo, la idea es facilitar a las familias, por medio de experiencias, consejos y teor\u00edas ofrecidos por profesionales de Recoletas, la toma de decisiones sobre sus hijos desde un punto de vista m\u00e9dico.<\/p>\n\n\n\n<p>La <a href=\"https:\/\/www.gruporecoletas.com\/escuela-familia\/\">Escuela de Familia Recoletas<\/a> incorpora un valor diferencial respecto a otras escuelas de padres existentes, ya que <strong>integra a padres, abuelos y ni\u00f1os<\/strong>. De este modo, tanto adultos como ni\u00f1os podr\u00e1n beneficiarse del proyecto y participar\u00e1n en \u00e9l a trav\u00e9s de charlas y talleres infantiles. El pilar fundamental ser\u00e1s las <strong>charlas de los profesionales<\/strong>, pero los m\u00e1s peque\u00f1os tambi\u00e9n podr\u00e1n acudir para realizar <strong>actividades l\u00fadicas relacionadas con el tema tratado<\/strong>.<\/p>\n\n\n\n<p>En la presentaci\u00f3n, Rold\u00e1n Rodr\u00edguez (Director de Hospitales de Recoletas Red Hospitalaria), Mario Arranz (presidente del Recoletas Atl\u00e9tico Valaldolid) y Ana Solana (responsable de RSC del club) han estado acompa\u00f1ados por representantes de las cuatro entidades colaboradoras: <strong><a href=\"https:\/\/www.aecc.es\/es\/sobre-nosotros\/donde-estamos\/sede-valladolid\">AECC Valladolid<\/a><\/strong> (Asociaci\u00f3n Espa\u00f1ola Contra el C\u00e1ncer de Valladolid), <strong><a href=\"https:\/\/www.cetras.org\/\">CETRAS<\/a> <\/strong>(Centro espec\u00edfico para el Tratamiento y la Rehabilitaci\u00f3n de Adicciones Sociales), <strong><a href=\"http:\/\/www.aspaymcyl.org\/\">ASPAYM Castilla y Le\u00f3n<\/a><\/strong> y <strong><a href=\"https:\/\/www.bancodealimentosdevalladolid.es\/\">Banco de Alimentos de Valladolid<\/a><\/strong>.\u00a0<\/p>\n\n\n\n<p>Las personas interesadas en acudir a las charlas y talleres de la Escuela de Familia Recoletas deber\u00e1n <strong>inscribirse a trav\u00e9s de la web<\/strong> (<a href=\"https:\/\/www.gruporecoletas.com\/escuela-familia\/\">https:\/\/www.gruporecoletas.com\/escuela-familia\/<\/a>), donde podr\u00e1n encontrar toda la informaci\u00f3n y novedades sobre el proyecto. El programa se iniciar\u00e1 el pr\u00f3ximo <strong>16 de octubre con la charla \u201cAlimentaci\u00f3n infantil: mitos y leyendas\u201d<\/strong> a las 19:00 horas y la celebraci\u00f3n del taller infantil \u201cCon las manos en la masa\u201d, en colaboraci\u00f3n con el Banco de Alimentos de Valladolid. <\/p>\n","protected":false},"excerpt":{"rendered":"<p>Recoletas Red Hospitalaria y el Recoletas Atl\u00e9tico Valladolid han presentado hoy su nuevo proyecto, la Escuela de Familia Recoletas. La iniciativa est\u00e1 dirigida a padres y abuelos con el objetivo de formar e informar sobre aspectos de salud en el \u00e1mbito pedi\u00e1trico que preocupan a la sociedad actual. Al mismo tiempo, la idea es facilitar [&hellip;]<\/p>\n","protected":false},"author":2,"featured_media":12965,"comment_status":"closed","ping_status":"closed","sticky":false,"template":"","format":"standard","meta":{"_acf_changed":false,"footnotes":""},"categories":[1,4],"tags":[1474],"class_list":["post-12962","post","type-post","status-publish","format-standard","has-post-thumbnail","hentry","category-grupo-recoletas","category-valladolid","tag-escuela-de-familia"],"acf":[],"yoast_head":"<!-- This site is optimized with the Yoast SEO Premium plugin v27.3 (Yoast SEO v27.3) - https:\/\/yoast.com\/product\/yoast-seo-premium-wordpress\/ -->\n<title>La Escuela de Familia Recoletas comienza su andadura - Noticias Grupo Recoletas<\/title>\n<meta name=\"robots\" content=\"index, follow, max-snippet:-1, max-image-preview:large, max-video-preview:-1\" \/>\n<link rel=\"canonical\" href=\"https:\/\/www.gruporecoletas.com\/noticias\/la-escuela-de-familia-recoletas-comienza-su-andadura\/\" \/>\n<meta property=\"og:locale\" content=\"es_ES\" \/>\n<meta property=\"og:type\" content=\"article\" \/>\n<meta property=\"og:title\" content=\"La Escuela de Familia Recoletas comienza su andadura\" \/>\n<meta property=\"og:description\" content=\"Recoletas Red Hospitalaria y el Recoletas Atl\u00e9tico Valladolid han presentado hoy su nuevo proyecto, la Escuela de Familia Recoletas. La iniciativa est\u00e1 dirigida a padres y abuelos con el objetivo de formar e informar sobre aspectos de salud en el \u00e1mbito pedi\u00e1trico que preocupan a la sociedad actual. Al mismo tiempo, la idea es facilitar [&hellip;]\" \/>\n<meta property=\"og:url\" content=\"https:\/\/www.gruporecoletas.com\/noticias\/la-escuela-de-familia-recoletas-comienza-su-andadura\/\" \/>\n<meta property=\"og:site_name\" content=\"Noticias Grupo Recoletas\" \/>\n<meta property=\"article:publisher\" content=\"https:\/\/www.facebook.com\/GrupoRecoletas\/\" \/>\n<meta property=\"article:published_time\" content=\"2019-10-07T11:52:55+00:00\" \/>\n<meta property=\"article:modified_time\" content=\"2019-10-07T12:05:54+00:00\" \/>\n<meta property=\"og:image\" content=\"https:\/\/www.gruporecoletas.com\/noticias\/wp-content\/uploads\/2019\/10\/firma-escuela-familia.jpg\" \/>\n\t<meta property=\"og:image:width\" content=\"900\" \/>\n\t<meta property=\"og:image:height\" content=\"600\" \/>\n\t<meta property=\"og:image:type\" content=\"image\/jpeg\" \/>\n<meta name=\"author\" content=\"Recoletas Red Hospitalaria\" \/>\n<meta name=\"twitter:card\" content=\"summary_large_image\" \/>\n<meta name=\"twitter:creator\" content=\"@GrupoRecoletas\" \/>\n<meta name=\"twitter:site\" content=\"@GrupoRecoletas\" \/>\n<meta name=\"twitter:label1\" content=\"Escrito por\" \/>\n\t<meta name=\"twitter:data1\" content=\"Recoletas Red Hospitalaria\" \/>\n\t<meta name=\"twitter:label2\" content=\"Tiempo de lectura\" \/>\n\t<meta name=\"twitter:data2\" content=\"2 minutos\" \/>\n<script type=\"application\/ld+json\" class=\"yoast-schema-graph\">{\"@context\":\"https:\\\/\\\/schema.org\",\"@graph\":[{\"@type\":\"Article\",\"@id\":\"https:\\\/\\\/www.gruporecoletas.com\\\/noticias\\\/la-escuela-de-familia-recoletas-comienza-su-andadura\\\/#article\",\"isPartOf\":{\"@id\":\"https:\\\/\\\/www.gruporecoletas.com\\\/noticias\\\/la-escuela-de-familia-recoletas-comienza-su-andadura\\\/\"},\"author\":{\"name\":\"Recoletas Red Hospitalaria\",\"@id\":\"https:\\\/\\\/www.gruporecoletas.com\\\/noticias\\\/#\\\/schema\\\/person\\\/3c6ac429828d1f5e3d3bd99f4da9b02c\"},\"headline\":\"La Escuela de Familia Recoletas comienza su andadura\",\"datePublished\":\"2019-10-07T11:52:55+00:00\",\"dateModified\":\"2019-10-07T12:05:54+00:00\",\"mainEntityOfPage\":{\"@id\":\"https:\\\/\\\/www.gruporecoletas.com\\\/noticias\\\/la-escuela-de-familia-recoletas-comienza-su-andadura\\\/\"},\"wordCount\":343,\"image\":{\"@id\":\"https:\\\/\\\/www.gruporecoletas.com\\\/noticias\\\/la-escuela-de-familia-recoletas-comienza-su-andadura\\\/#primaryimage\"},\"thumbnailUrl\":\"https:\\\/\\\/www.gruporecoletas.com\\\/noticias\\\/wp-content\\\/uploads\\\/2019\\\/10\\\/firma-escuela-familia.jpg\",\"keywords\":[\"Escuela de Familia\"],\"articleSection\":[\"Grupo Recoletas\",\"Valladolid\"],\"inLanguage\":\"es\"},{\"@type\":\"WebPage\",\"@id\":\"https:\\\/\\\/www.gruporecoletas.com\\\/noticias\\\/la-escuela-de-familia-recoletas-comienza-su-andadura\\\/\",\"url\":\"https:\\\/\\\/www.gruporecoletas.com\\\/noticias\\\/la-escuela-de-familia-recoletas-comienza-su-andadura\\\/\",\"name\":\"La Escuela de Familia Recoletas comienza su andadura - Noticias Grupo Recoletas\",\"isPartOf\":{\"@id\":\"https:\\\/\\\/www.gruporecoletas.com\\\/noticias\\\/#website\"},\"primaryImageOfPage\":{\"@id\":\"https:\\\/\\\/www.gruporecoletas.com\\\/noticias\\\/la-escuela-de-familia-recoletas-comienza-su-andadura\\\/#primaryimage\"},\"image\":{\"@id\":\"https:\\\/\\\/www.gruporecoletas.com\\\/noticias\\\/la-escuela-de-familia-recoletas-comienza-su-andadura\\\/#primaryimage\"},\"thumbnailUrl\":\"https:\\\/\\\/www.gruporecoletas.com\\\/noticias\\\/wp-content\\\/uploads\\\/2019\\\/10\\\/firma-escuela-familia.jpg\",\"datePublished\":\"2019-10-07T11:52:55+00:00\",\"dateModified\":\"2019-10-07T12:05:54+00:00\",\"author\":{\"@id\":\"https:\\\/\\\/www.gruporecoletas.com\\\/noticias\\\/#\\\/schema\\\/person\\\/3c6ac429828d1f5e3d3bd99f4da9b02c\"},\"breadcrumb\":{\"@id\":\"https:\\\/\\\/www.gruporecoletas.com\\\/noticias\\\/la-escuela-de-familia-recoletas-comienza-su-andadura\\\/#breadcrumb\"},\"inLanguage\":\"es\",\"potentialAction\":[{\"@type\":\"ReadAction\",\"target\":[\"https:\\\/\\\/www.gruporecoletas.com\\\/noticias\\\/la-escuela-de-familia-recoletas-comienza-su-andadura\\\/\"]}]},{\"@type\":\"ImageObject\",\"inLanguage\":\"es\",\"@id\":\"https:\\\/\\\/www.gruporecoletas.com\\\/noticias\\\/la-escuela-de-familia-recoletas-comienza-su-andadura\\\/#primaryimage\",\"url\":\"https:\\\/\\\/www.gruporecoletas.com\\\/noticias\\\/wp-content\\\/uploads\\\/2019\\\/10\\\/firma-escuela-familia.jpg\",\"contentUrl\":\"https:\\\/\\\/www.gruporecoletas.com\\\/noticias\\\/wp-content\\\/uploads\\\/2019\\\/10\\\/firma-escuela-familia.jpg\",\"width\":900,\"height\":600,\"caption\":\"Rold\u00e1n Rodr\u00edguez (Director de Hospitales de Recoletas Red Hospitalaria) junto a Mario Arranz (presidente del Recoletas Atl\u00e9tico Valaldolid) y Ana Solana (responsable de RSC del club), rodeados de representantes de las entidades colaboradoras y jugadores.\"},{\"@type\":\"BreadcrumbList\",\"@id\":\"https:\\\/\\\/www.gruporecoletas.com\\\/noticias\\\/la-escuela-de-familia-recoletas-comienza-su-andadura\\\/#breadcrumb\",\"itemListElement\":[{\"@type\":\"ListItem\",\"position\":1,\"name\":\"Portada\",\"item\":\"https:\\\/\\\/www.gruporecoletas.com\\\/noticias\\\/\"},{\"@type\":\"ListItem\",\"position\":2,\"name\":\"La Escuela de Familia Recoletas comienza su andadura\"}]},{\"@type\":\"WebSite\",\"@id\":\"https:\\\/\\\/www.gruporecoletas.com\\\/noticias\\\/#website\",\"url\":\"https:\\\/\\\/www.gruporecoletas.com\\\/noticias\\\/\",\"name\":\"Noticias Grupo Recoletas\",\"description\":\"Grupo Recoletas\",\"potentialAction\":[{\"@type\":\"SearchAction\",\"target\":{\"@type\":\"EntryPoint\",\"urlTemplate\":\"https:\\\/\\\/www.gruporecoletas.com\\\/noticias\\\/?s={search_term_string}\"},\"query-input\":{\"@type\":\"PropertyValueSpecification\",\"valueRequired\":true,\"valueName\":\"search_term_string\"}}],\"inLanguage\":\"es\"},{\"@type\":\"Person\",\"@id\":\"https:\\\/\\\/www.gruporecoletas.com\\\/noticias\\\/#\\\/schema\\\/person\\\/3c6ac429828d1f5e3d3bd99f4da9b02c\",\"name\":\"Recoletas Red Hospitalaria\",\"url\":\"https:\\\/\\\/www.gruporecoletas.com\\\/noticias\\\/author\\\/comunicacion\\\/\"}]}<\/script>\n<!-- \/ Yoast SEO Premium plugin. -->","yoast_head_json":{"title":"La Escuela de Familia Recoletas comienza su andadura - Noticias Grupo Recoletas","robots":{"index":"index","follow":"follow","max-snippet":"max-snippet:-1","max-image-preview":"max-image-preview:large","max-video-preview":"max-video-preview:-1"},"canonical":"https:\/\/www.gruporecoletas.com\/noticias\/la-escuela-de-familia-recoletas-comienza-su-andadura\/","og_locale":"es_ES","og_type":"article","og_title":"La Escuela de Familia Recoletas comienza su andadura","og_description":"Recoletas Red Hospitalaria y el Recoletas Atl\u00e9tico Valladolid han presentado hoy su nuevo proyecto, la Escuela de Familia Recoletas. La iniciativa est\u00e1 dirigida a padres y abuelos con el objetivo de formar e informar sobre aspectos de salud en el \u00e1mbito pedi\u00e1trico que preocupan a la sociedad actual. Al mismo tiempo, la idea es facilitar [&hellip;]","og_url":"https:\/\/www.gruporecoletas.com\/noticias\/la-escuela-de-familia-recoletas-comienza-su-andadura\/","og_site_name":"Noticias Grupo Recoletas","article_publisher":"https:\/\/www.facebook.com\/GrupoRecoletas\/","article_published_time":"2019-10-07T11:52:55+00:00","article_modified_time":"2019-10-07T12:05:54+00:00","og_image":[{"width":900,"height":600,"url":"https:\/\/www.gruporecoletas.com\/noticias\/wp-content\/uploads\/2019\/10\/firma-escuela-familia.jpg","type":"image\/jpeg"}],"author":"Recoletas Red Hospitalaria","twitter_card":"summary_large_image","twitter_creator":"@GrupoRecoletas","twitter_site":"@GrupoRecoletas","twitter_misc":{"Escrito por":"Recoletas Red Hospitalaria","Tiempo de lectura":"2 minutos"},"schema":{"@context":"https:\/\/schema.org","@graph":[{"@type":"Article","@id":"https:\/\/www.gruporecoletas.com\/noticias\/la-escuela-de-familia-recoletas-comienza-su-andadura\/#article","isPartOf":{"@id":"https:\/\/www.gruporecoletas.com\/noticias\/la-escuela-de-familia-recoletas-comienza-su-andadura\/"},"author":{"name":"Recoletas Red Hospitalaria","@id":"https:\/\/www.gruporecoletas.com\/noticias\/#\/schema\/person\/3c6ac429828d1f5e3d3bd99f4da9b02c"},"headline":"La Escuela de Familia Recoletas comienza su andadura","datePublished":"2019-10-07T11:52:55+00:00","dateModified":"2019-10-07T12:05:54+00:00","mainEntityOfPage":{"@id":"https:\/\/www.gruporecoletas.com\/noticias\/la-escuela-de-familia-recoletas-comienza-su-andadura\/"},"wordCount":343,"image":{"@id":"https:\/\/www.gruporecoletas.com\/noticias\/la-escuela-de-familia-recoletas-comienza-su-andadura\/#primaryimage"},"thumbnailUrl":"https:\/\/www.gruporecoletas.com\/noticias\/wp-content\/uploads\/2019\/10\/firma-escuela-familia.jpg","keywords":["Escuela de Familia"],"articleSection":["Grupo Recoletas","Valladolid"],"inLanguage":"es"},{"@type":"WebPage","@id":"https:\/\/www.gruporecoletas.com\/noticias\/la-escuela-de-familia-recoletas-comienza-su-andadura\/","url":"https:\/\/www.gruporecoletas.com\/noticias\/la-escuela-de-familia-recoletas-comienza-su-andadura\/","name":"La Escuela de Familia Recoletas comienza su andadura - Noticias Grupo Recoletas","isPartOf":{"@id":"https:\/\/www.gruporecoletas.com\/noticias\/#website"},"primaryImageOfPage":{"@id":"https:\/\/www.gruporecoletas.com\/noticias\/la-escuela-de-familia-recoletas-comienza-su-andadura\/#primaryimage"},"image":{"@id":"https:\/\/www.gruporecoletas.com\/noticias\/la-escuela-de-familia-recoletas-comienza-su-andadura\/#primaryimage"},"thumbnailUrl":"https:\/\/www.gruporecoletas.com\/noticias\/wp-content\/uploads\/2019\/10\/firma-escuela-familia.jpg","datePublished":"2019-10-07T11:52:55+00:00","dateModified":"2019-10-07T12:05:54+00:00","author":{"@id":"https:\/\/www.gruporecoletas.com\/noticias\/#\/schema\/person\/3c6ac429828d1f5e3d3bd99f4da9b02c"},"breadcrumb":{"@id":"https:\/\/www.gruporecoletas.com\/noticias\/la-escuela-de-familia-recoletas-comienza-su-andadura\/#breadcrumb"},"inLanguage":"es","potentialAction":[{"@type":"ReadAction","target":["https:\/\/www.gruporecoletas.com\/noticias\/la-escuela-de-familia-recoletas-comienza-su-andadura\/"]}]},{"@type":"ImageObject","inLanguage":"es","@id":"https:\/\/www.gruporecoletas.com\/noticias\/la-escuela-de-familia-recoletas-comienza-su-andadura\/#primaryimage","url":"https:\/\/www.gruporecoletas.com\/noticias\/wp-content\/uploads\/2019\/10\/firma-escuela-familia.jpg","contentUrl":"https:\/\/www.gruporecoletas.com\/noticias\/wp-content\/uploads\/2019\/10\/firma-escuela-familia.jpg","width":900,"height":600,"caption":"Rold\u00e1n Rodr\u00edguez (Director de Hospitales de Recoletas Red Hospitalaria) junto a Mario Arranz (presidente del Recoletas Atl\u00e9tico Valaldolid) y Ana Solana (responsable de RSC del club), rodeados de representantes de las entidades colaboradoras y jugadores."},{"@type":"BreadcrumbList","@id":"https:\/\/www.gruporecoletas.com\/noticias\/la-escuela-de-familia-recoletas-comienza-su-andadura\/#breadcrumb","itemListElement":[{"@type":"ListItem","position":1,"name":"Portada","item":"https:\/\/www.gruporecoletas.com\/noticias\/"},{"@type":"ListItem","position":2,"name":"La Escuela de Familia Recoletas comienza su andadura"}]},{"@type":"WebSite","@id":"https:\/\/www.gruporecoletas.com\/noticias\/#website","url":"https:\/\/www.gruporecoletas.com\/noticias\/","name":"Noticias Grupo Recoletas","description":"Grupo Recoletas","potentialAction":[{"@type":"SearchAction","target":{"@type":"EntryPoint","urlTemplate":"https:\/\/www.gruporecoletas.com\/noticias\/?s={search_term_string}"},"query-input":{"@type":"PropertyValueSpecification","valueRequired":true,"valueName":"search_term_string"}}],"inLanguage":"es"},{"@type":"Person","@id":"https:\/\/www.gruporecoletas.com\/noticias\/#\/schema\/person\/3c6ac429828d1f5e3d3bd99f4da9b02c","name":"Recoletas Red Hospitalaria","url":"https:\/\/www.gruporecoletas.com\/noticias\/author\/comunicacion\/"}]}},"_links":{"self":[{"href":"https:\/\/www.gruporecoletas.com\/noticias\/wp-json\/wp\/v2\/posts\/12962","targetHints":{"allow":["GET"]}}],"collection":[{"href":"https:\/\/www.gruporecoletas.com\/noticias\/wp-json\/wp\/v2\/posts"}],"about":[{"href":"https:\/\/www.gruporecoletas.com\/noticias\/wp-json\/wp\/v2\/types\/post"}],"author":[{"embeddable":true,"href":"https:\/\/www.gruporecoletas.com\/noticias\/wp-json\/wp\/v2\/users\/2"}],"replies":[{"embeddable":true,"href":"https:\/\/www.gruporecoletas.com\/noticias\/wp-json\/wp\/v2\/comments?post=12962"}],"version-history":[{"count":4,"href":"https:\/\/www.gruporecoletas.com\/noticias\/wp-json\/wp\/v2\/posts\/12962\/revisions"}],"predecessor-version":[{"id":12968,"href":"https:\/\/www.gruporecoletas.com\/noticias\/wp-json\/wp\/v2\/posts\/12962\/revisions\/12968"}],"wp:featuredmedia":[{"embeddable":true,"href":"https:\/\/www.gruporecoletas.com\/noticias\/wp-json\/wp\/v2\/media\/12965"}],"wp:attachment":[{"href":"https:\/\/www.gruporecoletas.com\/noticias\/wp-json\/wp\/v2\/media?parent=12962"}],"wp:term":[{"taxonomy":"category","embeddable":true,"href":"https:\/\/www.gruporecoletas.com\/noticias\/wp-json\/wp\/v2\/categories?post=12962"},{"taxonomy":"post_tag","embeddable":true,"href":"https:\/\/www.gruporecoletas.com\/noticias\/wp-json\/wp\/v2\/tags?post=12962"}],"curies":[{"name":"wp","href":"https:\/\/api.w.org\/{rel}","templated":true}]}}