{"id":13017,"date":"2019-10-18T09:07:27","date_gmt":"2019-10-18T09:07:27","guid":{"rendered":"https:\/\/www.gruporecoletas.com\/noticias\/?p=13017"},"modified":"2019-10-21T09:09:50","modified_gmt":"2019-10-21T09:09:50","slug":"la-escuela-de-familia-recoletas-abre-sus-puertas","status":"publish","type":"post","link":"https:\/\/www.gruporecoletas.com\/noticias\/la-escuela-de-familia-recoletas-abre-sus-puertas\/","title":{"rendered":"La Escuela de Familia Recoletas abre sus puertas"},"content":{"rendered":"\n<p>Recoletas Red Hospitalaria y el club de balonmano Recoletas Atl\u00e9tico Valladolid <strong>arrancaron la Escuela de Familia Recoletas<\/strong> ayer, jueves 17 de octubre, con la primera de las cuatro charlas previstas. El <a href=\"https:\/\/www.gruporecoletas.com\/profesionales\/dr-centeno-malfaz\/\">Dr. Centeno Malfaz<\/a>, responsable del servicio de Pediatr\u00eda del <a href=\"https:\/\/www.gruporecoletas.com\/hospitales\/hospital-recoletas-campo-grande\/\">Hospital Recoletas Campo Grande<\/a>, habl\u00f3 sobre \u00ab<strong>Alimentaci\u00f3n infantil: mitos y leyendas<\/strong>\u00bb a varias familias que acudieron al Edificio Q-BO. Al mismo tiempo, los m\u00e1s peque\u00f1os pudieron disfrutar de un taller de cocina.<\/p>\n\n\n\n<p>La jornada cont\u00f3 con la <strong>colaboraci\u00f3n del Banco de Alimentos y de la Diputaci\u00f3n de Valladolid<\/strong>. En los pr\u00f3ximos meses, se celebrar\u00e1n m\u00e1s charlas de la Escuela de Familia Recoletas, en colaboraci\u00f3n con otras entidades sociales: Psicolog\u00eda y ejercicio f\u00edsico, en diciembre junto a ASPAYM; Degluci\u00f3n infantil, en febrero junto a AECC Valladolid; y Medicina de la Adolescencia, en abril junto a CETRAS.<\/p>\n\n\n\n<p>La <strong>asistencia a las charlas y talleres es gratuita<\/strong>, previa inscripci\u00f3n a trav\u00e9s de la web:  <a href=\"http:\/\/www.gruporecoletas.com\/escuela-familia \">www.gruporecoletas.com\/escuela-familia <\/a><\/p>\n","protected":false},"excerpt":{"rendered":"<p>Recoletas Red Hospitalaria y el club de balonmano Recoletas Atl\u00e9tico Valladolid arrancaron la Escuela de Familia Recoletas ayer, jueves 17 de octubre, con la primera de las cuatro charlas previstas. El Dr. Centeno Malfaz, responsable del servicio de Pediatr\u00eda del Hospital Recoletas Campo Grande, habl\u00f3 sobre \u00abAlimentaci\u00f3n infantil: mitos y leyendas\u00bb a varias familias que [&hellip;]<\/p>\n","protected":false},"author":2,"featured_media":13018,"comment_status":"closed","ping_status":"closed","sticky":false,"template":"","format":"standard","meta":{"_acf_changed":false,"footnotes":""},"categories":[4],"tags":[1474],"class_list":["post-13017","post","type-post","status-publish","format-standard","has-post-thumbnail","hentry","category-valladolid","tag-escuela-de-familia"],"acf":[],"yoast_head":"<!-- This site is optimized with the Yoast SEO Premium plugin v27.3 (Yoast SEO v27.3) - https:\/\/yoast.com\/product\/yoast-seo-premium-wordpress\/ -->\n<title>La Escuela de Familia Recoletas abre sus puertas - Noticias Grupo Recoletas<\/title>\n<meta name=\"robots\" content=\"index, follow, max-snippet:-1, max-image-preview:large, max-video-preview:-1\" \/>\n<link rel=\"canonical\" href=\"https:\/\/www.gruporecoletas.com\/noticias\/la-escuela-de-familia-recoletas-abre-sus-puertas\/\" \/>\n<meta property=\"og:locale\" content=\"es_ES\" \/>\n<meta property=\"og:type\" content=\"article\" \/>\n<meta property=\"og:title\" content=\"La Escuela de Familia Recoletas abre sus puertas\" \/>\n<meta property=\"og:description\" content=\"Recoletas Red Hospitalaria y el club de balonmano Recoletas Atl\u00e9tico Valladolid arrancaron la Escuela de Familia Recoletas ayer, jueves 17 de octubre, con la primera de las cuatro charlas previstas. El Dr. Centeno Malfaz, responsable del servicio de Pediatr\u00eda del Hospital Recoletas Campo Grande, habl\u00f3 sobre \u00abAlimentaci\u00f3n infantil: mitos y leyendas\u00bb a varias familias que [&hellip;]\" \/>\n<meta property=\"og:url\" content=\"https:\/\/www.gruporecoletas.com\/noticias\/la-escuela-de-familia-recoletas-abre-sus-puertas\/\" \/>\n<meta property=\"og:site_name\" content=\"Noticias Grupo Recoletas\" \/>\n<meta property=\"article:publisher\" content=\"https:\/\/www.facebook.com\/GrupoRecoletas\/\" \/>\n<meta property=\"article:published_time\" content=\"2019-10-18T09:07:27+00:00\" \/>\n<meta property=\"article:modified_time\" content=\"2019-10-21T09:09:50+00:00\" \/>\n<meta property=\"og:image\" content=\"https:\/\/www.gruporecoletas.com\/noticias\/wp-content\/uploads\/2019\/10\/IMG-20191018-WA0004.jpg\" \/>\n\t<meta property=\"og:image:width\" content=\"1600\" \/>\n\t<meta property=\"og:image:height\" content=\"1200\" \/>\n\t<meta property=\"og:image:type\" content=\"image\/jpeg\" \/>\n<meta name=\"author\" content=\"Recoletas Red Hospitalaria\" \/>\n<meta name=\"twitter:card\" content=\"summary_large_image\" \/>\n<meta name=\"twitter:creator\" content=\"@GrupoRecoletas\" \/>\n<meta name=\"twitter:site\" content=\"@GrupoRecoletas\" \/>\n<meta name=\"twitter:label1\" content=\"Escrito por\" \/>\n\t<meta name=\"twitter:data1\" content=\"Recoletas Red Hospitalaria\" \/>\n\t<meta name=\"twitter:label2\" content=\"Tiempo de lectura\" \/>\n\t<meta name=\"twitter:data2\" content=\"1 minuto\" \/>\n<script type=\"application\/ld+json\" class=\"yoast-schema-graph\">{\"@context\":\"https:\\\/\\\/schema.org\",\"@graph\":[{\"@type\":\"Article\",\"@id\":\"https:\\\/\\\/www.gruporecoletas.com\\\/noticias\\\/la-escuela-de-familia-recoletas-abre-sus-puertas\\\/#article\",\"isPartOf\":{\"@id\":\"https:\\\/\\\/www.gruporecoletas.com\\\/noticias\\\/la-escuela-de-familia-recoletas-abre-sus-puertas\\\/\"},\"author\":{\"name\":\"Recoletas Red Hospitalaria\",\"@id\":\"https:\\\/\\\/www.gruporecoletas.com\\\/noticias\\\/#\\\/schema\\\/person\\\/3c6ac429828d1f5e3d3bd99f4da9b02c\"},\"headline\":\"La Escuela de Familia Recoletas abre sus puertas\",\"datePublished\":\"2019-10-18T09:07:27+00:00\",\"dateModified\":\"2019-10-21T09:09:50+00:00\",\"mainEntityOfPage\":{\"@id\":\"https:\\\/\\\/www.gruporecoletas.com\\\/noticias\\\/la-escuela-de-familia-recoletas-abre-sus-puertas\\\/\"},\"wordCount\":178,\"image\":{\"@id\":\"https:\\\/\\\/www.gruporecoletas.com\\\/noticias\\\/la-escuela-de-familia-recoletas-abre-sus-puertas\\\/#primaryimage\"},\"thumbnailUrl\":\"https:\\\/\\\/www.gruporecoletas.com\\\/noticias\\\/wp-content\\\/uploads\\\/2019\\\/10\\\/IMG-20191018-WA0004.jpg\",\"keywords\":[\"Escuela de Familia\"],\"articleSection\":[\"Valladolid\"],\"inLanguage\":\"es\"},{\"@type\":\"WebPage\",\"@id\":\"https:\\\/\\\/www.gruporecoletas.com\\\/noticias\\\/la-escuela-de-familia-recoletas-abre-sus-puertas\\\/\",\"url\":\"https:\\\/\\\/www.gruporecoletas.com\\\/noticias\\\/la-escuela-de-familia-recoletas-abre-sus-puertas\\\/\",\"name\":\"La Escuela de Familia Recoletas abre sus puertas - Noticias Grupo Recoletas\",\"isPartOf\":{\"@id\":\"https:\\\/\\\/www.gruporecoletas.com\\\/noticias\\\/#website\"},\"primaryImageOfPage\":{\"@id\":\"https:\\\/\\\/www.gruporecoletas.com\\\/noticias\\\/la-escuela-de-familia-recoletas-abre-sus-puertas\\\/#primaryimage\"},\"image\":{\"@id\":\"https:\\\/\\\/www.gruporecoletas.com\\\/noticias\\\/la-escuela-de-familia-recoletas-abre-sus-puertas\\\/#primaryimage\"},\"thumbnailUrl\":\"https:\\\/\\\/www.gruporecoletas.com\\\/noticias\\\/wp-content\\\/uploads\\\/2019\\\/10\\\/IMG-20191018-WA0004.jpg\",\"datePublished\":\"2019-10-18T09:07:27+00:00\",\"dateModified\":\"2019-10-21T09:09:50+00:00\",\"author\":{\"@id\":\"https:\\\/\\\/www.gruporecoletas.com\\\/noticias\\\/#\\\/schema\\\/person\\\/3c6ac429828d1f5e3d3bd99f4da9b02c\"},\"breadcrumb\":{\"@id\":\"https:\\\/\\\/www.gruporecoletas.com\\\/noticias\\\/la-escuela-de-familia-recoletas-abre-sus-puertas\\\/#breadcrumb\"},\"inLanguage\":\"es\",\"potentialAction\":[{\"@type\":\"ReadAction\",\"target\":[\"https:\\\/\\\/www.gruporecoletas.com\\\/noticias\\\/la-escuela-de-familia-recoletas-abre-sus-puertas\\\/\"]}]},{\"@type\":\"ImageObject\",\"inLanguage\":\"es\",\"@id\":\"https:\\\/\\\/www.gruporecoletas.com\\\/noticias\\\/la-escuela-de-familia-recoletas-abre-sus-puertas\\\/#primaryimage\",\"url\":\"https:\\\/\\\/www.gruporecoletas.com\\\/noticias\\\/wp-content\\\/uploads\\\/2019\\\/10\\\/IMG-20191018-WA0004.jpg\",\"contentUrl\":\"https:\\\/\\\/www.gruporecoletas.com\\\/noticias\\\/wp-content\\\/uploads\\\/2019\\\/10\\\/IMG-20191018-WA0004.jpg\",\"width\":1600,\"height\":1200},{\"@type\":\"BreadcrumbList\",\"@id\":\"https:\\\/\\\/www.gruporecoletas.com\\\/noticias\\\/la-escuela-de-familia-recoletas-abre-sus-puertas\\\/#breadcrumb\",\"itemListElement\":[{\"@type\":\"ListItem\",\"position\":1,\"name\":\"Portada\",\"item\":\"https:\\\/\\\/www.gruporecoletas.com\\\/noticias\\\/\"},{\"@type\":\"ListItem\",\"position\":2,\"name\":\"La Escuela de Familia Recoletas abre sus puertas\"}]},{\"@type\":\"WebSite\",\"@id\":\"https:\\\/\\\/www.gruporecoletas.com\\\/noticias\\\/#website\",\"url\":\"https:\\\/\\\/www.gruporecoletas.com\\\/noticias\\\/\",\"name\":\"Noticias Grupo Recoletas\",\"description\":\"Grupo Recoletas\",\"potentialAction\":[{\"@type\":\"SearchAction\",\"target\":{\"@type\":\"EntryPoint\",\"urlTemplate\":\"https:\\\/\\\/www.gruporecoletas.com\\\/noticias\\\/?s={search_term_string}\"},\"query-input\":{\"@type\":\"PropertyValueSpecification\",\"valueRequired\":true,\"valueName\":\"search_term_string\"}}],\"inLanguage\":\"es\"},{\"@type\":\"Person\",\"@id\":\"https:\\\/\\\/www.gruporecoletas.com\\\/noticias\\\/#\\\/schema\\\/person\\\/3c6ac429828d1f5e3d3bd99f4da9b02c\",\"name\":\"Recoletas Red Hospitalaria\",\"url\":\"https:\\\/\\\/www.gruporecoletas.com\\\/noticias\\\/author\\\/comunicacion\\\/\"}]}<\/script>\n<!-- \/ Yoast SEO Premium plugin. -->","yoast_head_json":{"title":"La Escuela de Familia Recoletas abre sus puertas - Noticias Grupo Recoletas","robots":{"index":"index","follow":"follow","max-snippet":"max-snippet:-1","max-image-preview":"max-image-preview:large","max-video-preview":"max-video-preview:-1"},"canonical":"https:\/\/www.gruporecoletas.com\/noticias\/la-escuela-de-familia-recoletas-abre-sus-puertas\/","og_locale":"es_ES","og_type":"article","og_title":"La Escuela de Familia Recoletas abre sus puertas","og_description":"Recoletas Red Hospitalaria y el club de balonmano Recoletas Atl\u00e9tico Valladolid arrancaron la Escuela de Familia Recoletas ayer, jueves 17 de octubre, con la primera de las cuatro charlas previstas. El Dr. Centeno Malfaz, responsable del servicio de Pediatr\u00eda del Hospital Recoletas Campo Grande, habl\u00f3 sobre \u00abAlimentaci\u00f3n infantil: mitos y leyendas\u00bb a varias familias que [&hellip;]","og_url":"https:\/\/www.gruporecoletas.com\/noticias\/la-escuela-de-familia-recoletas-abre-sus-puertas\/","og_site_name":"Noticias Grupo Recoletas","article_publisher":"https:\/\/www.facebook.com\/GrupoRecoletas\/","article_published_time":"2019-10-18T09:07:27+00:00","article_modified_time":"2019-10-21T09:09:50+00:00","og_image":[{"width":1600,"height":1200,"url":"https:\/\/www.gruporecoletas.com\/noticias\/wp-content\/uploads\/2019\/10\/IMG-20191018-WA0004.jpg","type":"image\/jpeg"}],"author":"Recoletas Red Hospitalaria","twitter_card":"summary_large_image","twitter_creator":"@GrupoRecoletas","twitter_site":"@GrupoRecoletas","twitter_misc":{"Escrito por":"Recoletas Red Hospitalaria","Tiempo de lectura":"1 minuto"},"schema":{"@context":"https:\/\/schema.org","@graph":[{"@type":"Article","@id":"https:\/\/www.gruporecoletas.com\/noticias\/la-escuela-de-familia-recoletas-abre-sus-puertas\/#article","isPartOf":{"@id":"https:\/\/www.gruporecoletas.com\/noticias\/la-escuela-de-familia-recoletas-abre-sus-puertas\/"},"author":{"name":"Recoletas Red Hospitalaria","@id":"https:\/\/www.gruporecoletas.com\/noticias\/#\/schema\/person\/3c6ac429828d1f5e3d3bd99f4da9b02c"},"headline":"La Escuela de Familia Recoletas abre sus puertas","datePublished":"2019-10-18T09:07:27+00:00","dateModified":"2019-10-21T09:09:50+00:00","mainEntityOfPage":{"@id":"https:\/\/www.gruporecoletas.com\/noticias\/la-escuela-de-familia-recoletas-abre-sus-puertas\/"},"wordCount":178,"image":{"@id":"https:\/\/www.gruporecoletas.com\/noticias\/la-escuela-de-familia-recoletas-abre-sus-puertas\/#primaryimage"},"thumbnailUrl":"https:\/\/www.gruporecoletas.com\/noticias\/wp-content\/uploads\/2019\/10\/IMG-20191018-WA0004.jpg","keywords":["Escuela de Familia"],"articleSection":["Valladolid"],"inLanguage":"es"},{"@type":"WebPage","@id":"https:\/\/www.gruporecoletas.com\/noticias\/la-escuela-de-familia-recoletas-abre-sus-puertas\/","url":"https:\/\/www.gruporecoletas.com\/noticias\/la-escuela-de-familia-recoletas-abre-sus-puertas\/","name":"La Escuela de Familia Recoletas abre sus puertas - Noticias Grupo Recoletas","isPartOf":{"@id":"https:\/\/www.gruporecoletas.com\/noticias\/#website"},"primaryImageOfPage":{"@id":"https:\/\/www.gruporecoletas.com\/noticias\/la-escuela-de-familia-recoletas-abre-sus-puertas\/#primaryimage"},"image":{"@id":"https:\/\/www.gruporecoletas.com\/noticias\/la-escuela-de-familia-recoletas-abre-sus-puertas\/#primaryimage"},"thumbnailUrl":"https:\/\/www.gruporecoletas.com\/noticias\/wp-content\/uploads\/2019\/10\/IMG-20191018-WA0004.jpg","datePublished":"2019-10-18T09:07:27+00:00","dateModified":"2019-10-21T09:09:50+00:00","author":{"@id":"https:\/\/www.gruporecoletas.com\/noticias\/#\/schema\/person\/3c6ac429828d1f5e3d3bd99f4da9b02c"},"breadcrumb":{"@id":"https:\/\/www.gruporecoletas.com\/noticias\/la-escuela-de-familia-recoletas-abre-sus-puertas\/#breadcrumb"},"inLanguage":"es","potentialAction":[{"@type":"ReadAction","target":["https:\/\/www.gruporecoletas.com\/noticias\/la-escuela-de-familia-recoletas-abre-sus-puertas\/"]}]},{"@type":"ImageObject","inLanguage":"es","@id":"https:\/\/www.gruporecoletas.com\/noticias\/la-escuela-de-familia-recoletas-abre-sus-puertas\/#primaryimage","url":"https:\/\/www.gruporecoletas.com\/noticias\/wp-content\/uploads\/2019\/10\/IMG-20191018-WA0004.jpg","contentUrl":"https:\/\/www.gruporecoletas.com\/noticias\/wp-content\/uploads\/2019\/10\/IMG-20191018-WA0004.jpg","width":1600,"height":1200},{"@type":"BreadcrumbList","@id":"https:\/\/www.gruporecoletas.com\/noticias\/la-escuela-de-familia-recoletas-abre-sus-puertas\/#breadcrumb","itemListElement":[{"@type":"ListItem","position":1,"name":"Portada","item":"https:\/\/www.gruporecoletas.com\/noticias\/"},{"@type":"ListItem","position":2,"name":"La Escuela de Familia Recoletas abre sus puertas"}]},{"@type":"WebSite","@id":"https:\/\/www.gruporecoletas.com\/noticias\/#website","url":"https:\/\/www.gruporecoletas.com\/noticias\/","name":"Noticias Grupo Recoletas","description":"Grupo Recoletas","potentialAction":[{"@type":"SearchAction","target":{"@type":"EntryPoint","urlTemplate":"https:\/\/www.gruporecoletas.com\/noticias\/?s={search_term_string}"},"query-input":{"@type":"PropertyValueSpecification","valueRequired":true,"valueName":"search_term_string"}}],"inLanguage":"es"},{"@type":"Person","@id":"https:\/\/www.gruporecoletas.com\/noticias\/#\/schema\/person\/3c6ac429828d1f5e3d3bd99f4da9b02c","name":"Recoletas Red Hospitalaria","url":"https:\/\/www.gruporecoletas.com\/noticias\/author\/comunicacion\/"}]}},"_links":{"self":[{"href":"https:\/\/www.gruporecoletas.com\/noticias\/wp-json\/wp\/v2\/posts\/13017","targetHints":{"allow":["GET"]}}],"collection":[{"href":"https:\/\/www.gruporecoletas.com\/noticias\/wp-json\/wp\/v2\/posts"}],"about":[{"href":"https:\/\/www.gruporecoletas.com\/noticias\/wp-json\/wp\/v2\/types\/post"}],"author":[{"embeddable":true,"href":"https:\/\/www.gruporecoletas.com\/noticias\/wp-json\/wp\/v2\/users\/2"}],"replies":[{"embeddable":true,"href":"https:\/\/www.gruporecoletas.com\/noticias\/wp-json\/wp\/v2\/comments?post=13017"}],"version-history":[{"count":3,"href":"https:\/\/www.gruporecoletas.com\/noticias\/wp-json\/wp\/v2\/posts\/13017\/revisions"}],"predecessor-version":[{"id":13021,"href":"https:\/\/www.gruporecoletas.com\/noticias\/wp-json\/wp\/v2\/posts\/13017\/revisions\/13021"}],"wp:featuredmedia":[{"embeddable":true,"href":"https:\/\/www.gruporecoletas.com\/noticias\/wp-json\/wp\/v2\/media\/13018"}],"wp:attachment":[{"href":"https:\/\/www.gruporecoletas.com\/noticias\/wp-json\/wp\/v2\/media?parent=13017"}],"wp:term":[{"taxonomy":"category","embeddable":true,"href":"https:\/\/www.gruporecoletas.com\/noticias\/wp-json\/wp\/v2\/categories?post=13017"},{"taxonomy":"post_tag","embeddable":true,"href":"https:\/\/www.gruporecoletas.com\/noticias\/wp-json\/wp\/v2\/tags?post=13017"}],"curies":[{"name":"wp","href":"https:\/\/api.w.org\/{rel}","templated":true}]}}