{"id":13072,"date":"2019-10-29T14:25:42","date_gmt":"2019-10-29T14:25:42","guid":{"rendered":"https:\/\/www.gruporecoletas.com\/noticias\/?p=13072"},"modified":"2019-11-12T08:25:42","modified_gmt":"2019-11-12T08:25:42","slug":"enfermedad-por-reflujo-gastroesofagico","status":"publish","type":"post","link":"https:\/\/www.gruporecoletas.com\/noticias\/enfermedad-por-reflujo-gastroesofagico\/","title":{"rendered":"Enfermedad por reflujo gastroesof\u00e1gico"},"content":{"rendered":"\n<div class=\"wp-block-image\"><figure class=\"alignright is-resized\"><a href=\"https:\/\/www.gruporecoletas.com\/noticias\/tag\/recoletas-salud-no19-octubre-2019\"><img loading=\"lazy\" decoding=\"async\" src=\"https:\/\/www.gruporecoletas.com\/noticias\/wp-content\/uploads\/2019\/10\/Recoletas_N19-724x1024.jpg\" alt=\"\" class=\"wp-image-12783\" width=\"181\" height=\"256\"><\/a><\/figure><\/div>\n\n\n\n<p>La enfermedad por reflujo gastroesof\u00e1gico (ERGE) es una patolog\u00eda de alta prevalencia. Se estima que en torno al 20% de la poblaci\u00f3n tiene o ha tenido s\u00edntomas en los \u00faltimos 6 meses, debido al paso de secreciones \u00e1cidas y biliares hacia el es\u00f3fago por una incompetencia del esf\u00ednter esof\u00e1gico inferior (EEI), a menudo relacionado con la presencia de una hernia de hiato.<\/p>\n\n\n\n<p><strong>S\u00cdNTOMAS<\/strong><\/p>\n\n\n\n<p>Los s\u00edntomas cl\u00e1sicos de la ERGE son: <strong>pirosis<\/strong> (sensaci\u00f3n de acidez que\nasciende hacia la boca), <strong>odinofagia<\/strong>\n(dolor al tragar), <strong>disfagia<\/strong>\n(dificultad para tragar) y <strong>regurgitaci\u00f3n<\/strong>.\nNo es infrecuente que muchos pacientes presenten tambi\u00e9n: <strong>halitosis, dolor de garganta, afon\u00eda, tos y dificultad respiratoria<\/strong>.<\/p>\n\n\n\n<p>El reflujo \u00e1cido y biliar prolongado durante a\u00f1os\npuede derivar en enfermedades del es\u00f3fago (esofagitis-metaplasia-displasia-carcinoma,\ntrastornos motores), enfermedades pulmonares (asma, neumonitis), enfermedades\nde la laringe (laringitis) y enfermedades orofar\u00edngeas y dentales (aftas,\ndesgaste dental, caries).<\/p>\n\n\n\n<p><strong>TRATAMIENTO<\/strong><\/p>\n\n\n\n<p>En el tratamiento de la ERGE resulta fundamental\ncumplir una serie de medidas diet\u00e9ticas y de estilo de vida: evitar comidas\ncopiosas y ciertos alimentos (grasas, caf\u00e9, chocolate, alcohol, especias,\nbebidas con gas, c\u00edtricos, tomate\u2026), no fumar, perder peso, no tumbarse despu\u00e9s\nde las comidas, dormir con el cabecero de la cama elevado\u2026<\/p>\n\n\n\n<p>El tratamiento m\u00e9dico suele ser muy efectivo para\ncontrolar los s\u00edntomas por ERGE. Los f\u00e1rmacos de elecci\u00f3n son los <strong>inhibidores de la bomba de protones<\/strong>\n(IBPs): omeprazol, lansoprazol, esomeprazol, pantoprazol y rabeprazol. Tambi\u00e9n\nson efectivos los <strong>inhibidores de\nreceptores H2<\/strong>: cimetidina, ranitidina, famotidina y nizatidina.<\/p>\n\n\n\n<p>Existen diferentes motivos para plantearse una <strong>cirug\u00eda antirreflujo<\/strong>: persistencia de\nlos s\u00edntomas a pesar de un adecuado tratamiento m\u00e9dico o reca\u00edda inmediata tras\nsu retirada; progresi\u00f3n de las lesiones de la mucosa esof\u00e1gica; deseo del\npaciente; s\u00edntomas extraesof\u00e1gicos; pacientes j\u00f3venes y aparici\u00f3n de efectos\nadversos por la toma prolongada de IBPs: d\u00e9ficit de vitamina B12, alteraciones\nneurol\u00f3gicas, d\u00e9ficit de magnesio, fracturas \u00f3seas, infecciones ent\u00e9ricas, complicaciones\nen pacientes cirr\u00f3ticos, interacciones con f\u00e1rmacos, gastritis atr\u00f3fica y\nmetaplasia intestinal.&nbsp;&nbsp; <\/p>\n\n\n\n<p>Antes de decidir la realizaci\u00f3n de una cirug\u00eda\nantirreflujo es imprescindible la valoraci\u00f3n objetiva del grado de reflujo\n\u00e1cido mediante una pH-metr\u00eda y de la motilidad esof\u00e1gica y la incompetencia del\nEEI mediante una manometr\u00eda. <\/p>\n\n\n\n<p>La t\u00e9cnica quir\u00fargica m\u00e1s efectiva es la <strong>funduplicatura laparosc\u00f3pica de Nissen<\/strong>,\nmediante la cual se cierran los pilares del diafragma y se realiza una\nneo-v\u00e1lvula gastroesof\u00e1gica. El postoperatorio suele ser muy c\u00f3modo, con una\nestancia hospitalaria que rara vez se prolonga m\u00e1s all\u00e1 de las 48 horas. El\n\u00e9xito de la cirug\u00eda es de m\u00e1s del 90%.<\/p>\n","protected":false},"excerpt":{"rendered":"<p>La enfermedad por reflujo gastroesof\u00e1gico (ERGE) es una patolog\u00eda de alta prevalencia. Se estima que en torno al 20% de la poblaci\u00f3n tiene o ha tenido s\u00edntomas en los \u00faltimos 6 meses, debido al paso de secreciones \u00e1cidas y biliares hacia el es\u00f3fago por una incompetencia del esf\u00ednter esof\u00e1gico inferior (EEI), a menudo relacionado con [&hellip;]<\/p>\n","protected":false},"author":2,"featured_media":13076,"comment_status":"closed","ping_status":"closed","sticky":false,"template":"","format":"standard","meta":{"_acf_changed":false,"footnotes":""},"categories":[42],"tags":[1647],"class_list":["post-13072","post","type-post","status-publish","format-standard","has-post-thumbnail","hentry","category-recoletas-salud","tag-recoletas-salud-no19-octubre-2019"],"acf":[],"yoast_head":"<!-- This site is optimized with the Yoast SEO Premium plugin v27.3 (Yoast SEO v27.3) - https:\/\/yoast.com\/product\/yoast-seo-premium-wordpress\/ -->\n<title>Enfermedad por reflujo gastroesof\u00e1gico - Noticias Grupo Recoletas<\/title>\n<meta name=\"robots\" content=\"index, follow, max-snippet:-1, max-image-preview:large, max-video-preview:-1\" \/>\n<link rel=\"canonical\" href=\"https:\/\/www.gruporecoletas.com\/noticias\/enfermedad-por-reflujo-gastroesofagico\/\" \/>\n<meta property=\"og:locale\" content=\"es_ES\" \/>\n<meta property=\"og:type\" content=\"article\" \/>\n<meta property=\"og:title\" content=\"Enfermedad por reflujo gastroesof\u00e1gico\" \/>\n<meta property=\"og:description\" content=\"La enfermedad por reflujo gastroesof\u00e1gico (ERGE) es una patolog\u00eda de alta prevalencia. Se estima que en torno al 20% de la poblaci\u00f3n tiene o ha tenido s\u00edntomas en los \u00faltimos 6 meses, debido al paso de secreciones \u00e1cidas y biliares hacia el es\u00f3fago por una incompetencia del esf\u00ednter esof\u00e1gico inferior (EEI), a menudo relacionado con [&hellip;]\" \/>\n<meta property=\"og:url\" content=\"https:\/\/www.gruporecoletas.com\/noticias\/enfermedad-por-reflujo-gastroesofagico\/\" \/>\n<meta property=\"og:site_name\" content=\"Noticias Grupo Recoletas\" \/>\n<meta property=\"article:publisher\" content=\"https:\/\/www.facebook.com\/GrupoRecoletas\/\" \/>\n<meta property=\"article:published_time\" content=\"2019-10-29T14:25:42+00:00\" \/>\n<meta property=\"article:modified_time\" content=\"2019-11-12T08:25:42+00:00\" \/>\n<meta property=\"og:image\" content=\"https:\/\/www.gruporecoletas.com\/noticias\/wp-content\/uploads\/2019\/10\/reflujo.jpg\" \/>\n\t<meta property=\"og:image:width\" content=\"900\" \/>\n\t<meta property=\"og:image:height\" content=\"600\" \/>\n\t<meta property=\"og:image:type\" content=\"image\/jpeg\" \/>\n<meta name=\"author\" content=\"Recoletas Red Hospitalaria\" \/>\n<meta name=\"twitter:card\" content=\"summary_large_image\" \/>\n<meta name=\"twitter:creator\" content=\"@GrupoRecoletas\" \/>\n<meta name=\"twitter:site\" content=\"@GrupoRecoletas\" \/>\n<meta name=\"twitter:label1\" content=\"Escrito por\" \/>\n\t<meta name=\"twitter:data1\" content=\"Recoletas Red Hospitalaria\" \/>\n\t<meta name=\"twitter:label2\" content=\"Tiempo de lectura\" \/>\n\t<meta name=\"twitter:data2\" content=\"2 minutos\" \/>\n<script type=\"application\/ld+json\" class=\"yoast-schema-graph\">{\"@context\":\"https:\\\/\\\/schema.org\",\"@graph\":[{\"@type\":\"Article\",\"@id\":\"https:\\\/\\\/www.gruporecoletas.com\\\/noticias\\\/enfermedad-por-reflujo-gastroesofagico\\\/#article\",\"isPartOf\":{\"@id\":\"https:\\\/\\\/www.gruporecoletas.com\\\/noticias\\\/enfermedad-por-reflujo-gastroesofagico\\\/\"},\"author\":{\"name\":\"Recoletas Red Hospitalaria\",\"@id\":\"https:\\\/\\\/www.gruporecoletas.com\\\/noticias\\\/#\\\/schema\\\/person\\\/3c6ac429828d1f5e3d3bd99f4da9b02c\"},\"headline\":\"Enfermedad por reflujo gastroesof\u00e1gico\",\"datePublished\":\"2019-10-29T14:25:42+00:00\",\"dateModified\":\"2019-11-12T08:25:42+00:00\",\"mainEntityOfPage\":{\"@id\":\"https:\\\/\\\/www.gruporecoletas.com\\\/noticias\\\/enfermedad-por-reflujo-gastroesofagico\\\/\"},\"wordCount\":469,\"image\":{\"@id\":\"https:\\\/\\\/www.gruporecoletas.com\\\/noticias\\\/enfermedad-por-reflujo-gastroesofagico\\\/#primaryimage\"},\"thumbnailUrl\":\"https:\\\/\\\/www.gruporecoletas.com\\\/noticias\\\/wp-content\\\/uploads\\\/2019\\\/10\\\/reflujo.jpg\",\"keywords\":[\"Recoletas Salud N\u00ba19 - Octubre 2019\"],\"articleSection\":[\"Recoletas Salud\"],\"inLanguage\":\"es\"},{\"@type\":\"WebPage\",\"@id\":\"https:\\\/\\\/www.gruporecoletas.com\\\/noticias\\\/enfermedad-por-reflujo-gastroesofagico\\\/\",\"url\":\"https:\\\/\\\/www.gruporecoletas.com\\\/noticias\\\/enfermedad-por-reflujo-gastroesofagico\\\/\",\"name\":\"Enfermedad por reflujo gastroesof\u00e1gico - Noticias Grupo Recoletas\",\"isPartOf\":{\"@id\":\"https:\\\/\\\/www.gruporecoletas.com\\\/noticias\\\/#website\"},\"primaryImageOfPage\":{\"@id\":\"https:\\\/\\\/www.gruporecoletas.com\\\/noticias\\\/enfermedad-por-reflujo-gastroesofagico\\\/#primaryimage\"},\"image\":{\"@id\":\"https:\\\/\\\/www.gruporecoletas.com\\\/noticias\\\/enfermedad-por-reflujo-gastroesofagico\\\/#primaryimage\"},\"thumbnailUrl\":\"https:\\\/\\\/www.gruporecoletas.com\\\/noticias\\\/wp-content\\\/uploads\\\/2019\\\/10\\\/reflujo.jpg\",\"datePublished\":\"2019-10-29T14:25:42+00:00\",\"dateModified\":\"2019-11-12T08:25:42+00:00\",\"author\":{\"@id\":\"https:\\\/\\\/www.gruporecoletas.com\\\/noticias\\\/#\\\/schema\\\/person\\\/3c6ac429828d1f5e3d3bd99f4da9b02c\"},\"breadcrumb\":{\"@id\":\"https:\\\/\\\/www.gruporecoletas.com\\\/noticias\\\/enfermedad-por-reflujo-gastroesofagico\\\/#breadcrumb\"},\"inLanguage\":\"es\",\"potentialAction\":[{\"@type\":\"ReadAction\",\"target\":[\"https:\\\/\\\/www.gruporecoletas.com\\\/noticias\\\/enfermedad-por-reflujo-gastroesofagico\\\/\"]}]},{\"@type\":\"ImageObject\",\"inLanguage\":\"es\",\"@id\":\"https:\\\/\\\/www.gruporecoletas.com\\\/noticias\\\/enfermedad-por-reflujo-gastroesofagico\\\/#primaryimage\",\"url\":\"https:\\\/\\\/www.gruporecoletas.com\\\/noticias\\\/wp-content\\\/uploads\\\/2019\\\/10\\\/reflujo.jpg\",\"contentUrl\":\"https:\\\/\\\/www.gruporecoletas.com\\\/noticias\\\/wp-content\\\/uploads\\\/2019\\\/10\\\/reflujo.jpg\",\"width\":900,\"height\":600},{\"@type\":\"BreadcrumbList\",\"@id\":\"https:\\\/\\\/www.gruporecoletas.com\\\/noticias\\\/enfermedad-por-reflujo-gastroesofagico\\\/#breadcrumb\",\"itemListElement\":[{\"@type\":\"ListItem\",\"position\":1,\"name\":\"Portada\",\"item\":\"https:\\\/\\\/www.gruporecoletas.com\\\/noticias\\\/\"},{\"@type\":\"ListItem\",\"position\":2,\"name\":\"Enfermedad por reflujo gastroesof\u00e1gico\"}]},{\"@type\":\"WebSite\",\"@id\":\"https:\\\/\\\/www.gruporecoletas.com\\\/noticias\\\/#website\",\"url\":\"https:\\\/\\\/www.gruporecoletas.com\\\/noticias\\\/\",\"name\":\"Noticias Grupo Recoletas\",\"description\":\"Grupo Recoletas\",\"potentialAction\":[{\"@type\":\"SearchAction\",\"target\":{\"@type\":\"EntryPoint\",\"urlTemplate\":\"https:\\\/\\\/www.gruporecoletas.com\\\/noticias\\\/?s={search_term_string}\"},\"query-input\":{\"@type\":\"PropertyValueSpecification\",\"valueRequired\":true,\"valueName\":\"search_term_string\"}}],\"inLanguage\":\"es\"},{\"@type\":\"Person\",\"@id\":\"https:\\\/\\\/www.gruporecoletas.com\\\/noticias\\\/#\\\/schema\\\/person\\\/3c6ac429828d1f5e3d3bd99f4da9b02c\",\"name\":\"Recoletas Red Hospitalaria\",\"url\":\"https:\\\/\\\/www.gruporecoletas.com\\\/noticias\\\/author\\\/comunicacion\\\/\"}]}<\/script>\n<!-- \/ Yoast SEO Premium plugin. -->","yoast_head_json":{"title":"Enfermedad por reflujo gastroesof\u00e1gico - Noticias Grupo Recoletas","robots":{"index":"index","follow":"follow","max-snippet":"max-snippet:-1","max-image-preview":"max-image-preview:large","max-video-preview":"max-video-preview:-1"},"canonical":"https:\/\/www.gruporecoletas.com\/noticias\/enfermedad-por-reflujo-gastroesofagico\/","og_locale":"es_ES","og_type":"article","og_title":"Enfermedad por reflujo gastroesof\u00e1gico","og_description":"La enfermedad por reflujo gastroesof\u00e1gico (ERGE) es una patolog\u00eda de alta prevalencia. Se estima que en torno al 20% de la poblaci\u00f3n tiene o ha tenido s\u00edntomas en los \u00faltimos 6 meses, debido al paso de secreciones \u00e1cidas y biliares hacia el es\u00f3fago por una incompetencia del esf\u00ednter esof\u00e1gico inferior (EEI), a menudo relacionado con [&hellip;]","og_url":"https:\/\/www.gruporecoletas.com\/noticias\/enfermedad-por-reflujo-gastroesofagico\/","og_site_name":"Noticias Grupo Recoletas","article_publisher":"https:\/\/www.facebook.com\/GrupoRecoletas\/","article_published_time":"2019-10-29T14:25:42+00:00","article_modified_time":"2019-11-12T08:25:42+00:00","og_image":[{"width":900,"height":600,"url":"https:\/\/www.gruporecoletas.com\/noticias\/wp-content\/uploads\/2019\/10\/reflujo.jpg","type":"image\/jpeg"}],"author":"Recoletas Red Hospitalaria","twitter_card":"summary_large_image","twitter_creator":"@GrupoRecoletas","twitter_site":"@GrupoRecoletas","twitter_misc":{"Escrito por":"Recoletas Red Hospitalaria","Tiempo de lectura":"2 minutos"},"schema":{"@context":"https:\/\/schema.org","@graph":[{"@type":"Article","@id":"https:\/\/www.gruporecoletas.com\/noticias\/enfermedad-por-reflujo-gastroesofagico\/#article","isPartOf":{"@id":"https:\/\/www.gruporecoletas.com\/noticias\/enfermedad-por-reflujo-gastroesofagico\/"},"author":{"name":"Recoletas Red Hospitalaria","@id":"https:\/\/www.gruporecoletas.com\/noticias\/#\/schema\/person\/3c6ac429828d1f5e3d3bd99f4da9b02c"},"headline":"Enfermedad por reflujo gastroesof\u00e1gico","datePublished":"2019-10-29T14:25:42+00:00","dateModified":"2019-11-12T08:25:42+00:00","mainEntityOfPage":{"@id":"https:\/\/www.gruporecoletas.com\/noticias\/enfermedad-por-reflujo-gastroesofagico\/"},"wordCount":469,"image":{"@id":"https:\/\/www.gruporecoletas.com\/noticias\/enfermedad-por-reflujo-gastroesofagico\/#primaryimage"},"thumbnailUrl":"https:\/\/www.gruporecoletas.com\/noticias\/wp-content\/uploads\/2019\/10\/reflujo.jpg","keywords":["Recoletas Salud N\u00ba19 - Octubre 2019"],"articleSection":["Recoletas Salud"],"inLanguage":"es"},{"@type":"WebPage","@id":"https:\/\/www.gruporecoletas.com\/noticias\/enfermedad-por-reflujo-gastroesofagico\/","url":"https:\/\/www.gruporecoletas.com\/noticias\/enfermedad-por-reflujo-gastroesofagico\/","name":"Enfermedad por reflujo gastroesof\u00e1gico - Noticias Grupo Recoletas","isPartOf":{"@id":"https:\/\/www.gruporecoletas.com\/noticias\/#website"},"primaryImageOfPage":{"@id":"https:\/\/www.gruporecoletas.com\/noticias\/enfermedad-por-reflujo-gastroesofagico\/#primaryimage"},"image":{"@id":"https:\/\/www.gruporecoletas.com\/noticias\/enfermedad-por-reflujo-gastroesofagico\/#primaryimage"},"thumbnailUrl":"https:\/\/www.gruporecoletas.com\/noticias\/wp-content\/uploads\/2019\/10\/reflujo.jpg","datePublished":"2019-10-29T14:25:42+00:00","dateModified":"2019-11-12T08:25:42+00:00","author":{"@id":"https:\/\/www.gruporecoletas.com\/noticias\/#\/schema\/person\/3c6ac429828d1f5e3d3bd99f4da9b02c"},"breadcrumb":{"@id":"https:\/\/www.gruporecoletas.com\/noticias\/enfermedad-por-reflujo-gastroesofagico\/#breadcrumb"},"inLanguage":"es","potentialAction":[{"@type":"ReadAction","target":["https:\/\/www.gruporecoletas.com\/noticias\/enfermedad-por-reflujo-gastroesofagico\/"]}]},{"@type":"ImageObject","inLanguage":"es","@id":"https:\/\/www.gruporecoletas.com\/noticias\/enfermedad-por-reflujo-gastroesofagico\/#primaryimage","url":"https:\/\/www.gruporecoletas.com\/noticias\/wp-content\/uploads\/2019\/10\/reflujo.jpg","contentUrl":"https:\/\/www.gruporecoletas.com\/noticias\/wp-content\/uploads\/2019\/10\/reflujo.jpg","width":900,"height":600},{"@type":"BreadcrumbList","@id":"https:\/\/www.gruporecoletas.com\/noticias\/enfermedad-por-reflujo-gastroesofagico\/#breadcrumb","itemListElement":[{"@type":"ListItem","position":1,"name":"Portada","item":"https:\/\/www.gruporecoletas.com\/noticias\/"},{"@type":"ListItem","position":2,"name":"Enfermedad por reflujo gastroesof\u00e1gico"}]},{"@type":"WebSite","@id":"https:\/\/www.gruporecoletas.com\/noticias\/#website","url":"https:\/\/www.gruporecoletas.com\/noticias\/","name":"Noticias Grupo Recoletas","description":"Grupo Recoletas","potentialAction":[{"@type":"SearchAction","target":{"@type":"EntryPoint","urlTemplate":"https:\/\/www.gruporecoletas.com\/noticias\/?s={search_term_string}"},"query-input":{"@type":"PropertyValueSpecification","valueRequired":true,"valueName":"search_term_string"}}],"inLanguage":"es"},{"@type":"Person","@id":"https:\/\/www.gruporecoletas.com\/noticias\/#\/schema\/person\/3c6ac429828d1f5e3d3bd99f4da9b02c","name":"Recoletas Red Hospitalaria","url":"https:\/\/www.gruporecoletas.com\/noticias\/author\/comunicacion\/"}]}},"_links":{"self":[{"href":"https:\/\/www.gruporecoletas.com\/noticias\/wp-json\/wp\/v2\/posts\/13072","targetHints":{"allow":["GET"]}}],"collection":[{"href":"https:\/\/www.gruporecoletas.com\/noticias\/wp-json\/wp\/v2\/posts"}],"about":[{"href":"https:\/\/www.gruporecoletas.com\/noticias\/wp-json\/wp\/v2\/types\/post"}],"author":[{"embeddable":true,"href":"https:\/\/www.gruporecoletas.com\/noticias\/wp-json\/wp\/v2\/users\/2"}],"replies":[{"embeddable":true,"href":"https:\/\/www.gruporecoletas.com\/noticias\/wp-json\/wp\/v2\/comments?post=13072"}],"version-history":[{"count":1,"href":"https:\/\/www.gruporecoletas.com\/noticias\/wp-json\/wp\/v2\/posts\/13072\/revisions"}],"predecessor-version":[{"id":13073,"href":"https:\/\/www.gruporecoletas.com\/noticias\/wp-json\/wp\/v2\/posts\/13072\/revisions\/13073"}],"wp:featuredmedia":[{"embeddable":true,"href":"https:\/\/www.gruporecoletas.com\/noticias\/wp-json\/wp\/v2\/media\/13076"}],"wp:attachment":[{"href":"https:\/\/www.gruporecoletas.com\/noticias\/wp-json\/wp\/v2\/media?parent=13072"}],"wp:term":[{"taxonomy":"category","embeddable":true,"href":"https:\/\/www.gruporecoletas.com\/noticias\/wp-json\/wp\/v2\/categories?post=13072"},{"taxonomy":"post_tag","embeddable":true,"href":"https:\/\/www.gruporecoletas.com\/noticias\/wp-json\/wp\/v2\/tags?post=13072"}],"curies":[{"name":"wp","href":"https:\/\/api.w.org\/{rel}","templated":true}]}}