{"id":13083,"date":"2019-11-12T09:18:52","date_gmt":"2019-11-12T09:18:52","guid":{"rendered":"https:\/\/www.gruporecoletas.com\/noticias\/?p=13083"},"modified":"2019-11-12T09:18:53","modified_gmt":"2019-11-12T09:18:53","slug":"la-neurocirugia","status":"publish","type":"post","link":"https:\/\/www.gruporecoletas.com\/noticias\/la-neurocirugia\/","title":{"rendered":"La neurocirug\u00eda"},"content":{"rendered":"\n<p>La neurocirug\u00eda es la\nespecialidad m\u00e9dica que se encarga del manejo quir\u00fargico (incluyendo la\neducaci\u00f3n, prevenci\u00f3n, diagn\u00f3stico, evaluaci\u00f3n, tratamiento, cuidados\nintensivos, y rehabilitaci\u00f3n) de determinadas enfermedades del sistema nervioso\ncentral, perif\u00e9rico y vegetativo incluyendo sus estructuras vasculares; la\nevaluaci\u00f3n y el tratamiento de procesos patol\u00f3gicos que modifican la funci\u00f3n o\nla actividad del sistema nervioso, incluyendo la hip\u00f3fisis y el tratamiento\nquir\u00fargico del dolor.<\/p>\n\n\n\n<p>Como tal, la cirug\u00eda neurol\u00f3gica\nabarca el tratamiento quir\u00fargico, no quir\u00fargico y estereot\u00e1ctico de pacientes\nadultos y pedi\u00e1tricos con determinadas enfermedades del sistema nervioso, tanto\ndel cerebro como de las meninges, la base del cr\u00e1neo, y de sus vasos sangu\u00edneos,\nincluyendo el tratamiento quir\u00fargico y endovascular de procesos patol\u00f3gicos de\nlos vasos intra- y extracraneales que irrigan al cerebro y a la m\u00e9dula espinal;\nlesiones de la gl\u00e1ndula pituitaria; ciertas lesiones de la m\u00e9dula espinal, de\nlas meninges, y de la columna vertebral, incluyendo los que pueden requerir el\ntratamiento mediante fusi\u00f3n, instrumentaci\u00f3n, o t\u00e9cnicas endovasculares; y\ndes\u00f3rdenes de los nervios craneales y espinales todo a lo largo de su\ndistribuci\u00f3n. <\/p>\n\n\n\n<p>La neurocirug\u00eda se asienta\ndefinitivamente en Castilla la Mancha el 1 de enero de 1991, en el Hospital\nGeneral de Albacete, siendo el primer servicio de Castilla la Mancha. Posteriormente\nse han creado los servicios de Toledo y el \u00faltimo el de Ciudad Real.<\/p>\n\n\n\n<p>Actualmente, la neurocirug\u00eda en\nnuestra regi\u00f3n est\u00e1 cubierta por estos tres servicios, que en nuestra opini\u00f3n\nno son suficientes para cubrir toda la patolog\u00eda por falta de quir\u00f3fanos en los\nhospitales p\u00fablicos.<\/p>\n\n\n\n<p>En el \u00e1mbito de la medicina\nprivada consideramos que Cuenca merece tener esta especialidad cubierta. Los\npacientes de la sanidad p\u00fablica se derivan a Albacete y Ciudad Real, pero\nconsideramos que el Grupo Recoletas puede cubrir ese hueco que hay en la\nmedicina privada dentro de la neurocirug\u00eda en Cuenca. <\/p>\n\n\n\n<p>Los profesionales que hemos puesto\nen marcha la Neurocirug\u00eda en la regi\u00f3n apostamos por ponerla en marcha de forma\nprogresiva con el apoyo del Grupo Recoletas en Cuenca.<\/p>\n\n\n\n<p>Nuestro equipo, formado por los doctores\nCampos y Calatayud, ha empezado con las consultas externas y estamos en condiciones\nde poder abordar las distintas patolog\u00edas del raquis en su totalidad, acorde\ncon la gravedad de las intervenciones, cervicales, dorsales, lumbares,\ndegenerativas, traum\u00e1ticas\u2026etc. <\/p>\n\n\n\n<p>Consideramos que el Grupo\nRecoletas re\u00fane las condiciones necesarias para poder abordar este tipo de\npatolog\u00edas y ofrecer a la poblaci\u00f3n de Cuenca un servicio acorde con los\ntiempos actuales.&nbsp;&nbsp;&nbsp; <\/p>\n","protected":false},"excerpt":{"rendered":"<p>La neurocirug\u00eda es la especialidad m\u00e9dica que se encarga del manejo quir\u00fargico (incluyendo la educaci\u00f3n, prevenci\u00f3n, diagn\u00f3stico, evaluaci\u00f3n, tratamiento, cuidados intensivos, y rehabilitaci\u00f3n) de determinadas enfermedades del sistema nervioso central, perif\u00e9rico y vegetativo incluyendo sus estructuras vasculares; la evaluaci\u00f3n y el tratamiento de procesos patol\u00f3gicos que modifican la funci\u00f3n o la actividad del sistema nervioso, [&hellip;]<\/p>\n","protected":false},"author":2,"featured_media":13084,"comment_status":"closed","ping_status":"closed","sticky":false,"template":"","format":"standard","meta":{"_acf_changed":false,"footnotes":""},"categories":[42],"tags":[1647],"class_list":["post-13083","post","type-post","status-publish","format-standard","has-post-thumbnail","hentry","category-recoletas-salud","tag-recoletas-salud-no19-octubre-2019"],"acf":[],"yoast_head":"<!-- This site is optimized with the Yoast SEO Premium plugin v27.3 (Yoast SEO v27.3) - https:\/\/yoast.com\/product\/yoast-seo-premium-wordpress\/ -->\n<title>La neurocirug\u00eda - Noticias Grupo Recoletas<\/title>\n<meta name=\"robots\" content=\"index, follow, max-snippet:-1, max-image-preview:large, max-video-preview:-1\" \/>\n<link rel=\"canonical\" href=\"https:\/\/www.gruporecoletas.com\/noticias\/la-neurocirugia\/\" \/>\n<meta property=\"og:locale\" content=\"es_ES\" \/>\n<meta property=\"og:type\" content=\"article\" \/>\n<meta property=\"og:title\" content=\"La neurocirug\u00eda\" \/>\n<meta property=\"og:description\" content=\"La neurocirug\u00eda es la especialidad m\u00e9dica que se encarga del manejo quir\u00fargico (incluyendo la educaci\u00f3n, prevenci\u00f3n, diagn\u00f3stico, evaluaci\u00f3n, tratamiento, cuidados intensivos, y rehabilitaci\u00f3n) de determinadas enfermedades del sistema nervioso central, perif\u00e9rico y vegetativo incluyendo sus estructuras vasculares; la evaluaci\u00f3n y el tratamiento de procesos patol\u00f3gicos que modifican la funci\u00f3n o la actividad del sistema nervioso, [&hellip;]\" \/>\n<meta property=\"og:url\" content=\"https:\/\/www.gruporecoletas.com\/noticias\/la-neurocirugia\/\" \/>\n<meta property=\"og:site_name\" content=\"Noticias Grupo Recoletas\" \/>\n<meta property=\"article:publisher\" content=\"https:\/\/www.facebook.com\/GrupoRecoletas\/\" \/>\n<meta property=\"article:published_time\" content=\"2019-11-12T09:18:52+00:00\" \/>\n<meta property=\"article:modified_time\" content=\"2019-11-12T09:18:53+00:00\" \/>\n<meta property=\"og:image\" content=\"https:\/\/www.gruporecoletas.com\/noticias\/wp-content\/uploads\/2019\/11\/neurocirugia.jpg\" \/>\n\t<meta property=\"og:image:width\" content=\"900\" \/>\n\t<meta property=\"og:image:height\" content=\"600\" \/>\n\t<meta property=\"og:image:type\" content=\"image\/jpeg\" \/>\n<meta name=\"author\" content=\"Recoletas Red Hospitalaria\" \/>\n<meta name=\"twitter:card\" content=\"summary_large_image\" \/>\n<meta name=\"twitter:creator\" content=\"@GrupoRecoletas\" \/>\n<meta name=\"twitter:site\" content=\"@GrupoRecoletas\" \/>\n<meta name=\"twitter:label1\" content=\"Escrito por\" \/>\n\t<meta name=\"twitter:data1\" content=\"Recoletas Red Hospitalaria\" \/>\n\t<meta name=\"twitter:label2\" content=\"Tiempo de lectura\" \/>\n\t<meta name=\"twitter:data2\" content=\"2 minutos\" \/>\n<script type=\"application\/ld+json\" class=\"yoast-schema-graph\">{\"@context\":\"https:\\\/\\\/schema.org\",\"@graph\":[{\"@type\":\"Article\",\"@id\":\"https:\\\/\\\/www.gruporecoletas.com\\\/noticias\\\/la-neurocirugia\\\/#article\",\"isPartOf\":{\"@id\":\"https:\\\/\\\/www.gruporecoletas.com\\\/noticias\\\/la-neurocirugia\\\/\"},\"author\":{\"name\":\"Recoletas Red Hospitalaria\",\"@id\":\"https:\\\/\\\/www.gruporecoletas.com\\\/noticias\\\/#\\\/schema\\\/person\\\/3c6ac429828d1f5e3d3bd99f4da9b02c\"},\"headline\":\"La neurocirug\u00eda\",\"datePublished\":\"2019-11-12T09:18:52+00:00\",\"dateModified\":\"2019-11-12T09:18:53+00:00\",\"mainEntityOfPage\":{\"@id\":\"https:\\\/\\\/www.gruporecoletas.com\\\/noticias\\\/la-neurocirugia\\\/\"},\"wordCount\":454,\"image\":{\"@id\":\"https:\\\/\\\/www.gruporecoletas.com\\\/noticias\\\/la-neurocirugia\\\/#primaryimage\"},\"thumbnailUrl\":\"https:\\\/\\\/www.gruporecoletas.com\\\/noticias\\\/wp-content\\\/uploads\\\/2019\\\/11\\\/neurocirugia.jpg\",\"keywords\":[\"Recoletas Salud N\u00ba19 - Octubre 2019\"],\"articleSection\":[\"Recoletas Salud\"],\"inLanguage\":\"es\"},{\"@type\":\"WebPage\",\"@id\":\"https:\\\/\\\/www.gruporecoletas.com\\\/noticias\\\/la-neurocirugia\\\/\",\"url\":\"https:\\\/\\\/www.gruporecoletas.com\\\/noticias\\\/la-neurocirugia\\\/\",\"name\":\"La neurocirug\u00eda - Noticias Grupo Recoletas\",\"isPartOf\":{\"@id\":\"https:\\\/\\\/www.gruporecoletas.com\\\/noticias\\\/#website\"},\"primaryImageOfPage\":{\"@id\":\"https:\\\/\\\/www.gruporecoletas.com\\\/noticias\\\/la-neurocirugia\\\/#primaryimage\"},\"image\":{\"@id\":\"https:\\\/\\\/www.gruporecoletas.com\\\/noticias\\\/la-neurocirugia\\\/#primaryimage\"},\"thumbnailUrl\":\"https:\\\/\\\/www.gruporecoletas.com\\\/noticias\\\/wp-content\\\/uploads\\\/2019\\\/11\\\/neurocirugia.jpg\",\"datePublished\":\"2019-11-12T09:18:52+00:00\",\"dateModified\":\"2019-11-12T09:18:53+00:00\",\"author\":{\"@id\":\"https:\\\/\\\/www.gruporecoletas.com\\\/noticias\\\/#\\\/schema\\\/person\\\/3c6ac429828d1f5e3d3bd99f4da9b02c\"},\"breadcrumb\":{\"@id\":\"https:\\\/\\\/www.gruporecoletas.com\\\/noticias\\\/la-neurocirugia\\\/#breadcrumb\"},\"inLanguage\":\"es\",\"potentialAction\":[{\"@type\":\"ReadAction\",\"target\":[\"https:\\\/\\\/www.gruporecoletas.com\\\/noticias\\\/la-neurocirugia\\\/\"]}]},{\"@type\":\"ImageObject\",\"inLanguage\":\"es\",\"@id\":\"https:\\\/\\\/www.gruporecoletas.com\\\/noticias\\\/la-neurocirugia\\\/#primaryimage\",\"url\":\"https:\\\/\\\/www.gruporecoletas.com\\\/noticias\\\/wp-content\\\/uploads\\\/2019\\\/11\\\/neurocirugia.jpg\",\"contentUrl\":\"https:\\\/\\\/www.gruporecoletas.com\\\/noticias\\\/wp-content\\\/uploads\\\/2019\\\/11\\\/neurocirugia.jpg\",\"width\":900,\"height\":600},{\"@type\":\"BreadcrumbList\",\"@id\":\"https:\\\/\\\/www.gruporecoletas.com\\\/noticias\\\/la-neurocirugia\\\/#breadcrumb\",\"itemListElement\":[{\"@type\":\"ListItem\",\"position\":1,\"name\":\"Portada\",\"item\":\"https:\\\/\\\/www.gruporecoletas.com\\\/noticias\\\/\"},{\"@type\":\"ListItem\",\"position\":2,\"name\":\"La neurocirug\u00eda\"}]},{\"@type\":\"WebSite\",\"@id\":\"https:\\\/\\\/www.gruporecoletas.com\\\/noticias\\\/#website\",\"url\":\"https:\\\/\\\/www.gruporecoletas.com\\\/noticias\\\/\",\"name\":\"Noticias Grupo Recoletas\",\"description\":\"Grupo Recoletas\",\"potentialAction\":[{\"@type\":\"SearchAction\",\"target\":{\"@type\":\"EntryPoint\",\"urlTemplate\":\"https:\\\/\\\/www.gruporecoletas.com\\\/noticias\\\/?s={search_term_string}\"},\"query-input\":{\"@type\":\"PropertyValueSpecification\",\"valueRequired\":true,\"valueName\":\"search_term_string\"}}],\"inLanguage\":\"es\"},{\"@type\":\"Person\",\"@id\":\"https:\\\/\\\/www.gruporecoletas.com\\\/noticias\\\/#\\\/schema\\\/person\\\/3c6ac429828d1f5e3d3bd99f4da9b02c\",\"name\":\"Recoletas Red Hospitalaria\",\"url\":\"https:\\\/\\\/www.gruporecoletas.com\\\/noticias\\\/author\\\/comunicacion\\\/\"}]}<\/script>\n<!-- \/ Yoast SEO Premium plugin. -->","yoast_head_json":{"title":"La neurocirug\u00eda - Noticias Grupo Recoletas","robots":{"index":"index","follow":"follow","max-snippet":"max-snippet:-1","max-image-preview":"max-image-preview:large","max-video-preview":"max-video-preview:-1"},"canonical":"https:\/\/www.gruporecoletas.com\/noticias\/la-neurocirugia\/","og_locale":"es_ES","og_type":"article","og_title":"La neurocirug\u00eda","og_description":"La neurocirug\u00eda es la especialidad m\u00e9dica que se encarga del manejo quir\u00fargico (incluyendo la educaci\u00f3n, prevenci\u00f3n, diagn\u00f3stico, evaluaci\u00f3n, tratamiento, cuidados intensivos, y rehabilitaci\u00f3n) de determinadas enfermedades del sistema nervioso central, perif\u00e9rico y vegetativo incluyendo sus estructuras vasculares; la evaluaci\u00f3n y el tratamiento de procesos patol\u00f3gicos que modifican la funci\u00f3n o la actividad del sistema nervioso, [&hellip;]","og_url":"https:\/\/www.gruporecoletas.com\/noticias\/la-neurocirugia\/","og_site_name":"Noticias Grupo Recoletas","article_publisher":"https:\/\/www.facebook.com\/GrupoRecoletas\/","article_published_time":"2019-11-12T09:18:52+00:00","article_modified_time":"2019-11-12T09:18:53+00:00","og_image":[{"width":900,"height":600,"url":"https:\/\/www.gruporecoletas.com\/noticias\/wp-content\/uploads\/2019\/11\/neurocirugia.jpg","type":"image\/jpeg"}],"author":"Recoletas Red Hospitalaria","twitter_card":"summary_large_image","twitter_creator":"@GrupoRecoletas","twitter_site":"@GrupoRecoletas","twitter_misc":{"Escrito por":"Recoletas Red Hospitalaria","Tiempo de lectura":"2 minutos"},"schema":{"@context":"https:\/\/schema.org","@graph":[{"@type":"Article","@id":"https:\/\/www.gruporecoletas.com\/noticias\/la-neurocirugia\/#article","isPartOf":{"@id":"https:\/\/www.gruporecoletas.com\/noticias\/la-neurocirugia\/"},"author":{"name":"Recoletas Red Hospitalaria","@id":"https:\/\/www.gruporecoletas.com\/noticias\/#\/schema\/person\/3c6ac429828d1f5e3d3bd99f4da9b02c"},"headline":"La neurocirug\u00eda","datePublished":"2019-11-12T09:18:52+00:00","dateModified":"2019-11-12T09:18:53+00:00","mainEntityOfPage":{"@id":"https:\/\/www.gruporecoletas.com\/noticias\/la-neurocirugia\/"},"wordCount":454,"image":{"@id":"https:\/\/www.gruporecoletas.com\/noticias\/la-neurocirugia\/#primaryimage"},"thumbnailUrl":"https:\/\/www.gruporecoletas.com\/noticias\/wp-content\/uploads\/2019\/11\/neurocirugia.jpg","keywords":["Recoletas Salud N\u00ba19 - Octubre 2019"],"articleSection":["Recoletas Salud"],"inLanguage":"es"},{"@type":"WebPage","@id":"https:\/\/www.gruporecoletas.com\/noticias\/la-neurocirugia\/","url":"https:\/\/www.gruporecoletas.com\/noticias\/la-neurocirugia\/","name":"La neurocirug\u00eda - Noticias Grupo Recoletas","isPartOf":{"@id":"https:\/\/www.gruporecoletas.com\/noticias\/#website"},"primaryImageOfPage":{"@id":"https:\/\/www.gruporecoletas.com\/noticias\/la-neurocirugia\/#primaryimage"},"image":{"@id":"https:\/\/www.gruporecoletas.com\/noticias\/la-neurocirugia\/#primaryimage"},"thumbnailUrl":"https:\/\/www.gruporecoletas.com\/noticias\/wp-content\/uploads\/2019\/11\/neurocirugia.jpg","datePublished":"2019-11-12T09:18:52+00:00","dateModified":"2019-11-12T09:18:53+00:00","author":{"@id":"https:\/\/www.gruporecoletas.com\/noticias\/#\/schema\/person\/3c6ac429828d1f5e3d3bd99f4da9b02c"},"breadcrumb":{"@id":"https:\/\/www.gruporecoletas.com\/noticias\/la-neurocirugia\/#breadcrumb"},"inLanguage":"es","potentialAction":[{"@type":"ReadAction","target":["https:\/\/www.gruporecoletas.com\/noticias\/la-neurocirugia\/"]}]},{"@type":"ImageObject","inLanguage":"es","@id":"https:\/\/www.gruporecoletas.com\/noticias\/la-neurocirugia\/#primaryimage","url":"https:\/\/www.gruporecoletas.com\/noticias\/wp-content\/uploads\/2019\/11\/neurocirugia.jpg","contentUrl":"https:\/\/www.gruporecoletas.com\/noticias\/wp-content\/uploads\/2019\/11\/neurocirugia.jpg","width":900,"height":600},{"@type":"BreadcrumbList","@id":"https:\/\/www.gruporecoletas.com\/noticias\/la-neurocirugia\/#breadcrumb","itemListElement":[{"@type":"ListItem","position":1,"name":"Portada","item":"https:\/\/www.gruporecoletas.com\/noticias\/"},{"@type":"ListItem","position":2,"name":"La neurocirug\u00eda"}]},{"@type":"WebSite","@id":"https:\/\/www.gruporecoletas.com\/noticias\/#website","url":"https:\/\/www.gruporecoletas.com\/noticias\/","name":"Noticias Grupo Recoletas","description":"Grupo Recoletas","potentialAction":[{"@type":"SearchAction","target":{"@type":"EntryPoint","urlTemplate":"https:\/\/www.gruporecoletas.com\/noticias\/?s={search_term_string}"},"query-input":{"@type":"PropertyValueSpecification","valueRequired":true,"valueName":"search_term_string"}}],"inLanguage":"es"},{"@type":"Person","@id":"https:\/\/www.gruporecoletas.com\/noticias\/#\/schema\/person\/3c6ac429828d1f5e3d3bd99f4da9b02c","name":"Recoletas Red Hospitalaria","url":"https:\/\/www.gruporecoletas.com\/noticias\/author\/comunicacion\/"}]}},"_links":{"self":[{"href":"https:\/\/www.gruporecoletas.com\/noticias\/wp-json\/wp\/v2\/posts\/13083","targetHints":{"allow":["GET"]}}],"collection":[{"href":"https:\/\/www.gruporecoletas.com\/noticias\/wp-json\/wp\/v2\/posts"}],"about":[{"href":"https:\/\/www.gruporecoletas.com\/noticias\/wp-json\/wp\/v2\/types\/post"}],"author":[{"embeddable":true,"href":"https:\/\/www.gruporecoletas.com\/noticias\/wp-json\/wp\/v2\/users\/2"}],"replies":[{"embeddable":true,"href":"https:\/\/www.gruporecoletas.com\/noticias\/wp-json\/wp\/v2\/comments?post=13083"}],"version-history":[{"count":1,"href":"https:\/\/www.gruporecoletas.com\/noticias\/wp-json\/wp\/v2\/posts\/13083\/revisions"}],"predecessor-version":[{"id":13085,"href":"https:\/\/www.gruporecoletas.com\/noticias\/wp-json\/wp\/v2\/posts\/13083\/revisions\/13085"}],"wp:featuredmedia":[{"embeddable":true,"href":"https:\/\/www.gruporecoletas.com\/noticias\/wp-json\/wp\/v2\/media\/13084"}],"wp:attachment":[{"href":"https:\/\/www.gruporecoletas.com\/noticias\/wp-json\/wp\/v2\/media?parent=13083"}],"wp:term":[{"taxonomy":"category","embeddable":true,"href":"https:\/\/www.gruporecoletas.com\/noticias\/wp-json\/wp\/v2\/categories?post=13083"},{"taxonomy":"post_tag","embeddable":true,"href":"https:\/\/www.gruporecoletas.com\/noticias\/wp-json\/wp\/v2\/tags?post=13083"}],"curies":[{"name":"wp","href":"https:\/\/api.w.org\/{rel}","templated":true}]}}