{"id":13114,"date":"2019-12-12T08:07:49","date_gmt":"2019-12-12T08:07:49","guid":{"rendered":"https:\/\/www.gruporecoletas.com\/noticias\/?p=13114"},"modified":"2019-12-12T08:07:50","modified_gmt":"2019-12-12T08:07:50","slug":"recoletas-reafirma-su-compromiso-con-el-futormes","status":"publish","type":"post","link":"https:\/\/www.gruporecoletas.com\/noticias\/recoletas-reafirma-su-compromiso-con-el-futormes\/","title":{"rendered":"Recoletas reafirma su compromiso con el Futormes"},"content":{"rendered":"\n<p>El <a href=\"https:\/\/www.gruporecoletas.com\/hospitales\/hospital-recoletas-zamora\/\">Hospital Recoletas Zamora<\/a> <strong>renueva su acuerdo de colaboraci\u00f3n con <a href=\"http:\/\/www.futormeszamora.com\">Futormes<\/a><\/strong>, la asociaci\u00f3n deportiva de f\u00fatbol referente en la provincia. De este modo, Recoletas refirma su apoyo al proyecto, con el que ha estado comprometido desde el primer momento. <\/p>\n\n\n\n<p>En la firma del acuerdo han participado \u00d3scar Iglesias, gerente del Hospital Recoletas Zamora, e Ib\u00e1n Mulas, responsable de Futormes, quien ha agradecido \u00abla <strong>buena predisposici\u00f3n del grupo para colaborar con el deporte<\/strong> aficionado de la ciudad\u00bb.<\/p>\n\n\n\n<p>Esta  temporada han aumentado los equipos en la Liga de F\u00fatbol Caja Rural de Zamora, <strong>contando ya con 14 clubes<\/strong>. Este aumento ha propiciado un  mayor n\u00famero de jornadas ligueras pero no ha impedido que se dispute la  competici\u00f3n de Copa, ya que los equipos as\u00ed lo votaron en la reuni\u00f3n y en la que habr\u00e1 novedades.<\/p>\n","protected":false},"excerpt":{"rendered":"<p>El Hospital Recoletas Zamora renueva su acuerdo de colaboraci\u00f3n con Futormes, la asociaci\u00f3n deportiva de f\u00fatbol referente en la provincia. De este modo, Recoletas refirma su apoyo al proyecto, con el que ha estado comprometido desde el primer momento. En la firma del acuerdo han participado \u00d3scar Iglesias, gerente del Hospital Recoletas Zamora, e Ib\u00e1n [&hellip;]<\/p>\n","protected":false},"author":2,"featured_media":13126,"comment_status":"closed","ping_status":"closed","sticky":false,"template":"","format":"standard","meta":{"_acf_changed":false,"footnotes":""},"categories":[1,21],"tags":[1440],"class_list":["post-13114","post","type-post","status-publish","format-standard","has-post-thumbnail","hentry","category-grupo-recoletas","category-zamora","tag-patrocinios"],"acf":[],"yoast_head":"<!-- This site is optimized with the Yoast SEO Premium plugin v27.3 (Yoast SEO v27.3) - https:\/\/yoast.com\/product\/yoast-seo-premium-wordpress\/ -->\n<title>Recoletas reafirma su compromiso con el Futormes - Noticias Grupo Recoletas<\/title>\n<meta name=\"robots\" content=\"index, follow, max-snippet:-1, max-image-preview:large, max-video-preview:-1\" \/>\n<link rel=\"canonical\" href=\"https:\/\/www.gruporecoletas.com\/noticias\/recoletas-reafirma-su-compromiso-con-el-futormes\/\" \/>\n<meta property=\"og:locale\" content=\"es_ES\" \/>\n<meta property=\"og:type\" content=\"article\" \/>\n<meta property=\"og:title\" content=\"Recoletas reafirma su compromiso con el Futormes\" \/>\n<meta property=\"og:description\" content=\"El Hospital Recoletas Zamora renueva su acuerdo de colaboraci\u00f3n con Futormes, la asociaci\u00f3n deportiva de f\u00fatbol referente en la provincia. De este modo, Recoletas refirma su apoyo al proyecto, con el que ha estado comprometido desde el primer momento. En la firma del acuerdo han participado \u00d3scar Iglesias, gerente del Hospital Recoletas Zamora, e Ib\u00e1n [&hellip;]\" \/>\n<meta property=\"og:url\" content=\"https:\/\/www.gruporecoletas.com\/noticias\/recoletas-reafirma-su-compromiso-con-el-futormes\/\" \/>\n<meta property=\"og:site_name\" content=\"Noticias Grupo Recoletas\" \/>\n<meta property=\"article:publisher\" content=\"https:\/\/www.facebook.com\/GrupoRecoletas\/\" \/>\n<meta property=\"article:published_time\" content=\"2019-12-12T08:07:49+00:00\" \/>\n<meta property=\"article:modified_time\" content=\"2019-12-12T08:07:50+00:00\" \/>\n<meta property=\"og:image\" content=\"https:\/\/www.gruporecoletas.com\/noticias\/wp-content\/uploads\/2019\/12\/futormes-2.jpg\" \/>\n\t<meta property=\"og:image:width\" content=\"900\" \/>\n\t<meta property=\"og:image:height\" content=\"600\" \/>\n\t<meta property=\"og:image:type\" content=\"image\/jpeg\" \/>\n<meta name=\"author\" content=\"Recoletas Red Hospitalaria\" \/>\n<meta name=\"twitter:card\" content=\"summary_large_image\" \/>\n<meta name=\"twitter:creator\" content=\"@GrupoRecoletas\" \/>\n<meta name=\"twitter:site\" content=\"@GrupoRecoletas\" \/>\n<meta name=\"twitter:label1\" content=\"Escrito por\" \/>\n\t<meta name=\"twitter:data1\" content=\"Recoletas Red Hospitalaria\" \/>\n\t<meta name=\"twitter:label2\" content=\"Tiempo de lectura\" \/>\n\t<meta name=\"twitter:data2\" content=\"1 minuto\" \/>\n<script type=\"application\/ld+json\" class=\"yoast-schema-graph\">{\"@context\":\"https:\\\/\\\/schema.org\",\"@graph\":[{\"@type\":\"Article\",\"@id\":\"https:\\\/\\\/www.gruporecoletas.com\\\/noticias\\\/recoletas-reafirma-su-compromiso-con-el-futormes\\\/#article\",\"isPartOf\":{\"@id\":\"https:\\\/\\\/www.gruporecoletas.com\\\/noticias\\\/recoletas-reafirma-su-compromiso-con-el-futormes\\\/\"},\"author\":{\"name\":\"Recoletas Red Hospitalaria\",\"@id\":\"https:\\\/\\\/www.gruporecoletas.com\\\/noticias\\\/#\\\/schema\\\/person\\\/3c6ac429828d1f5e3d3bd99f4da9b02c\"},\"headline\":\"Recoletas reafirma su compromiso con el Futormes\",\"datePublished\":\"2019-12-12T08:07:49+00:00\",\"dateModified\":\"2019-12-12T08:07:50+00:00\",\"mainEntityOfPage\":{\"@id\":\"https:\\\/\\\/www.gruporecoletas.com\\\/noticias\\\/recoletas-reafirma-su-compromiso-con-el-futormes\\\/\"},\"wordCount\":148,\"image\":{\"@id\":\"https:\\\/\\\/www.gruporecoletas.com\\\/noticias\\\/recoletas-reafirma-su-compromiso-con-el-futormes\\\/#primaryimage\"},\"thumbnailUrl\":\"https:\\\/\\\/www.gruporecoletas.com\\\/noticias\\\/wp-content\\\/uploads\\\/2019\\\/12\\\/futormes-2.jpg\",\"keywords\":[\"Patrocinios\"],\"articleSection\":[\"Grupo Recoletas\",\"Zamora\"],\"inLanguage\":\"es\"},{\"@type\":\"WebPage\",\"@id\":\"https:\\\/\\\/www.gruporecoletas.com\\\/noticias\\\/recoletas-reafirma-su-compromiso-con-el-futormes\\\/\",\"url\":\"https:\\\/\\\/www.gruporecoletas.com\\\/noticias\\\/recoletas-reafirma-su-compromiso-con-el-futormes\\\/\",\"name\":\"Recoletas reafirma su compromiso con el Futormes - Noticias Grupo Recoletas\",\"isPartOf\":{\"@id\":\"https:\\\/\\\/www.gruporecoletas.com\\\/noticias\\\/#website\"},\"primaryImageOfPage\":{\"@id\":\"https:\\\/\\\/www.gruporecoletas.com\\\/noticias\\\/recoletas-reafirma-su-compromiso-con-el-futormes\\\/#primaryimage\"},\"image\":{\"@id\":\"https:\\\/\\\/www.gruporecoletas.com\\\/noticias\\\/recoletas-reafirma-su-compromiso-con-el-futormes\\\/#primaryimage\"},\"thumbnailUrl\":\"https:\\\/\\\/www.gruporecoletas.com\\\/noticias\\\/wp-content\\\/uploads\\\/2019\\\/12\\\/futormes-2.jpg\",\"datePublished\":\"2019-12-12T08:07:49+00:00\",\"dateModified\":\"2019-12-12T08:07:50+00:00\",\"author\":{\"@id\":\"https:\\\/\\\/www.gruporecoletas.com\\\/noticias\\\/#\\\/schema\\\/person\\\/3c6ac429828d1f5e3d3bd99f4da9b02c\"},\"breadcrumb\":{\"@id\":\"https:\\\/\\\/www.gruporecoletas.com\\\/noticias\\\/recoletas-reafirma-su-compromiso-con-el-futormes\\\/#breadcrumb\"},\"inLanguage\":\"es\",\"potentialAction\":[{\"@type\":\"ReadAction\",\"target\":[\"https:\\\/\\\/www.gruporecoletas.com\\\/noticias\\\/recoletas-reafirma-su-compromiso-con-el-futormes\\\/\"]}]},{\"@type\":\"ImageObject\",\"inLanguage\":\"es\",\"@id\":\"https:\\\/\\\/www.gruporecoletas.com\\\/noticias\\\/recoletas-reafirma-su-compromiso-con-el-futormes\\\/#primaryimage\",\"url\":\"https:\\\/\\\/www.gruporecoletas.com\\\/noticias\\\/wp-content\\\/uploads\\\/2019\\\/12\\\/futormes-2.jpg\",\"contentUrl\":\"https:\\\/\\\/www.gruporecoletas.com\\\/noticias\\\/wp-content\\\/uploads\\\/2019\\\/12\\\/futormes-2.jpg\",\"width\":900,\"height\":600},{\"@type\":\"BreadcrumbList\",\"@id\":\"https:\\\/\\\/www.gruporecoletas.com\\\/noticias\\\/recoletas-reafirma-su-compromiso-con-el-futormes\\\/#breadcrumb\",\"itemListElement\":[{\"@type\":\"ListItem\",\"position\":1,\"name\":\"Portada\",\"item\":\"https:\\\/\\\/www.gruporecoletas.com\\\/noticias\\\/\"},{\"@type\":\"ListItem\",\"position\":2,\"name\":\"Recoletas reafirma su compromiso con el Futormes\"}]},{\"@type\":\"WebSite\",\"@id\":\"https:\\\/\\\/www.gruporecoletas.com\\\/noticias\\\/#website\",\"url\":\"https:\\\/\\\/www.gruporecoletas.com\\\/noticias\\\/\",\"name\":\"Noticias Grupo Recoletas\",\"description\":\"Grupo Recoletas\",\"potentialAction\":[{\"@type\":\"SearchAction\",\"target\":{\"@type\":\"EntryPoint\",\"urlTemplate\":\"https:\\\/\\\/www.gruporecoletas.com\\\/noticias\\\/?s={search_term_string}\"},\"query-input\":{\"@type\":\"PropertyValueSpecification\",\"valueRequired\":true,\"valueName\":\"search_term_string\"}}],\"inLanguage\":\"es\"},{\"@type\":\"Person\",\"@id\":\"https:\\\/\\\/www.gruporecoletas.com\\\/noticias\\\/#\\\/schema\\\/person\\\/3c6ac429828d1f5e3d3bd99f4da9b02c\",\"name\":\"Recoletas Red Hospitalaria\",\"url\":\"https:\\\/\\\/www.gruporecoletas.com\\\/noticias\\\/author\\\/comunicacion\\\/\"}]}<\/script>\n<!-- \/ Yoast SEO Premium plugin. -->","yoast_head_json":{"title":"Recoletas reafirma su compromiso con el Futormes - Noticias Grupo Recoletas","robots":{"index":"index","follow":"follow","max-snippet":"max-snippet:-1","max-image-preview":"max-image-preview:large","max-video-preview":"max-video-preview:-1"},"canonical":"https:\/\/www.gruporecoletas.com\/noticias\/recoletas-reafirma-su-compromiso-con-el-futormes\/","og_locale":"es_ES","og_type":"article","og_title":"Recoletas reafirma su compromiso con el Futormes","og_description":"El Hospital Recoletas Zamora renueva su acuerdo de colaboraci\u00f3n con Futormes, la asociaci\u00f3n deportiva de f\u00fatbol referente en la provincia. De este modo, Recoletas refirma su apoyo al proyecto, con el que ha estado comprometido desde el primer momento. En la firma del acuerdo han participado \u00d3scar Iglesias, gerente del Hospital Recoletas Zamora, e Ib\u00e1n [&hellip;]","og_url":"https:\/\/www.gruporecoletas.com\/noticias\/recoletas-reafirma-su-compromiso-con-el-futormes\/","og_site_name":"Noticias Grupo Recoletas","article_publisher":"https:\/\/www.facebook.com\/GrupoRecoletas\/","article_published_time":"2019-12-12T08:07:49+00:00","article_modified_time":"2019-12-12T08:07:50+00:00","og_image":[{"width":900,"height":600,"url":"https:\/\/www.gruporecoletas.com\/noticias\/wp-content\/uploads\/2019\/12\/futormes-2.jpg","type":"image\/jpeg"}],"author":"Recoletas Red Hospitalaria","twitter_card":"summary_large_image","twitter_creator":"@GrupoRecoletas","twitter_site":"@GrupoRecoletas","twitter_misc":{"Escrito por":"Recoletas Red Hospitalaria","Tiempo de lectura":"1 minuto"},"schema":{"@context":"https:\/\/schema.org","@graph":[{"@type":"Article","@id":"https:\/\/www.gruporecoletas.com\/noticias\/recoletas-reafirma-su-compromiso-con-el-futormes\/#article","isPartOf":{"@id":"https:\/\/www.gruporecoletas.com\/noticias\/recoletas-reafirma-su-compromiso-con-el-futormes\/"},"author":{"name":"Recoletas Red Hospitalaria","@id":"https:\/\/www.gruporecoletas.com\/noticias\/#\/schema\/person\/3c6ac429828d1f5e3d3bd99f4da9b02c"},"headline":"Recoletas reafirma su compromiso con el Futormes","datePublished":"2019-12-12T08:07:49+00:00","dateModified":"2019-12-12T08:07:50+00:00","mainEntityOfPage":{"@id":"https:\/\/www.gruporecoletas.com\/noticias\/recoletas-reafirma-su-compromiso-con-el-futormes\/"},"wordCount":148,"image":{"@id":"https:\/\/www.gruporecoletas.com\/noticias\/recoletas-reafirma-su-compromiso-con-el-futormes\/#primaryimage"},"thumbnailUrl":"https:\/\/www.gruporecoletas.com\/noticias\/wp-content\/uploads\/2019\/12\/futormes-2.jpg","keywords":["Patrocinios"],"articleSection":["Grupo Recoletas","Zamora"],"inLanguage":"es"},{"@type":"WebPage","@id":"https:\/\/www.gruporecoletas.com\/noticias\/recoletas-reafirma-su-compromiso-con-el-futormes\/","url":"https:\/\/www.gruporecoletas.com\/noticias\/recoletas-reafirma-su-compromiso-con-el-futormes\/","name":"Recoletas reafirma su compromiso con el Futormes - Noticias Grupo Recoletas","isPartOf":{"@id":"https:\/\/www.gruporecoletas.com\/noticias\/#website"},"primaryImageOfPage":{"@id":"https:\/\/www.gruporecoletas.com\/noticias\/recoletas-reafirma-su-compromiso-con-el-futormes\/#primaryimage"},"image":{"@id":"https:\/\/www.gruporecoletas.com\/noticias\/recoletas-reafirma-su-compromiso-con-el-futormes\/#primaryimage"},"thumbnailUrl":"https:\/\/www.gruporecoletas.com\/noticias\/wp-content\/uploads\/2019\/12\/futormes-2.jpg","datePublished":"2019-12-12T08:07:49+00:00","dateModified":"2019-12-12T08:07:50+00:00","author":{"@id":"https:\/\/www.gruporecoletas.com\/noticias\/#\/schema\/person\/3c6ac429828d1f5e3d3bd99f4da9b02c"},"breadcrumb":{"@id":"https:\/\/www.gruporecoletas.com\/noticias\/recoletas-reafirma-su-compromiso-con-el-futormes\/#breadcrumb"},"inLanguage":"es","potentialAction":[{"@type":"ReadAction","target":["https:\/\/www.gruporecoletas.com\/noticias\/recoletas-reafirma-su-compromiso-con-el-futormes\/"]}]},{"@type":"ImageObject","inLanguage":"es","@id":"https:\/\/www.gruporecoletas.com\/noticias\/recoletas-reafirma-su-compromiso-con-el-futormes\/#primaryimage","url":"https:\/\/www.gruporecoletas.com\/noticias\/wp-content\/uploads\/2019\/12\/futormes-2.jpg","contentUrl":"https:\/\/www.gruporecoletas.com\/noticias\/wp-content\/uploads\/2019\/12\/futormes-2.jpg","width":900,"height":600},{"@type":"BreadcrumbList","@id":"https:\/\/www.gruporecoletas.com\/noticias\/recoletas-reafirma-su-compromiso-con-el-futormes\/#breadcrumb","itemListElement":[{"@type":"ListItem","position":1,"name":"Portada","item":"https:\/\/www.gruporecoletas.com\/noticias\/"},{"@type":"ListItem","position":2,"name":"Recoletas reafirma su compromiso con el Futormes"}]},{"@type":"WebSite","@id":"https:\/\/www.gruporecoletas.com\/noticias\/#website","url":"https:\/\/www.gruporecoletas.com\/noticias\/","name":"Noticias Grupo Recoletas","description":"Grupo Recoletas","potentialAction":[{"@type":"SearchAction","target":{"@type":"EntryPoint","urlTemplate":"https:\/\/www.gruporecoletas.com\/noticias\/?s={search_term_string}"},"query-input":{"@type":"PropertyValueSpecification","valueRequired":true,"valueName":"search_term_string"}}],"inLanguage":"es"},{"@type":"Person","@id":"https:\/\/www.gruporecoletas.com\/noticias\/#\/schema\/person\/3c6ac429828d1f5e3d3bd99f4da9b02c","name":"Recoletas Red Hospitalaria","url":"https:\/\/www.gruporecoletas.com\/noticias\/author\/comunicacion\/"}]}},"_links":{"self":[{"href":"https:\/\/www.gruporecoletas.com\/noticias\/wp-json\/wp\/v2\/posts\/13114","targetHints":{"allow":["GET"]}}],"collection":[{"href":"https:\/\/www.gruporecoletas.com\/noticias\/wp-json\/wp\/v2\/posts"}],"about":[{"href":"https:\/\/www.gruporecoletas.com\/noticias\/wp-json\/wp\/v2\/types\/post"}],"author":[{"embeddable":true,"href":"https:\/\/www.gruporecoletas.com\/noticias\/wp-json\/wp\/v2\/users\/2"}],"replies":[{"embeddable":true,"href":"https:\/\/www.gruporecoletas.com\/noticias\/wp-json\/wp\/v2\/comments?post=13114"}],"version-history":[{"count":2,"href":"https:\/\/www.gruporecoletas.com\/noticias\/wp-json\/wp\/v2\/posts\/13114\/revisions"}],"predecessor-version":[{"id":13139,"href":"https:\/\/www.gruporecoletas.com\/noticias\/wp-json\/wp\/v2\/posts\/13114\/revisions\/13139"}],"wp:featuredmedia":[{"embeddable":true,"href":"https:\/\/www.gruporecoletas.com\/noticias\/wp-json\/wp\/v2\/media\/13126"}],"wp:attachment":[{"href":"https:\/\/www.gruporecoletas.com\/noticias\/wp-json\/wp\/v2\/media?parent=13114"}],"wp:term":[{"taxonomy":"category","embeddable":true,"href":"https:\/\/www.gruporecoletas.com\/noticias\/wp-json\/wp\/v2\/categories?post=13114"},{"taxonomy":"post_tag","embeddable":true,"href":"https:\/\/www.gruporecoletas.com\/noticias\/wp-json\/wp\/v2\/tags?post=13114"}],"curies":[{"name":"wp","href":"https:\/\/api.w.org\/{rel}","templated":true}]}}