{"id":13140,"date":"2019-12-13T08:00:21","date_gmt":"2019-12-13T08:00:21","guid":{"rendered":"https:\/\/www.gruporecoletas.com\/noticias\/?p=13140"},"modified":"2019-12-13T09:45:33","modified_gmt":"2019-12-13T09:45:33","slug":"el-hospital-recoletas-zamora-organiza-el-recital-solidario-canta-por-ellos","status":"publish","type":"post","link":"https:\/\/www.gruporecoletas.com\/noticias\/el-hospital-recoletas-zamora-organiza-el-recital-solidario-canta-por-ellos\/","title":{"rendered":"El Hospital Recoletas Zamora organiza el recital solidario \u00abCanta por ellos\u00bb"},"content":{"rendered":"\n<p>La Unidad de Logopedia del <a href=\"https:\/\/www.gruporecoletas.com\/hospitales\/hospital-recoletas-zamora\/\">Hospital Recoletas Zamora<\/a>, dirigida por <a href=\"https:\/\/www.gruporecoletas.com\/profesionales\/sra-alonso-garcia\/\">Marian Alonso<\/a>, ha organizado un <strong>acto ben\u00e9fico con el fin de recaudar fondos para la Asociaci\u00f3n de Laringectomizados de Zamora<\/strong> (ALAZA). <\/p>\n\n\n\n<p>El evento titulado \u00abCanta por ellos\u00bb se celebrar\u00e1 el pr\u00f3ximo 29 de diciembre a las 19 horas en el Teatro Ramos Carri\u00f3n de la ciudad, y contar\u00e1 con la participaci\u00f3n de <strong>cinco coros zamoranos que colaboran desinteresadamente<\/strong> para ayudar y dar visibilidad a aquellas personas afectadas por la enfermedad. Adem\u00e1s, se proyectar\u00e1 un corto que narra la experiencia de un paciente con c\u00e1ncer de laringe.<\/p>\n\n\n\n<p>Las entradas tienen un <strong>precio simb\u00f3lico de 3\u20ac<\/strong> y pueden adquirirse tanto en la Unidad de Logopedia del Hospital Recoletas Zamora como en la Asociaci\u00f3n de Laringectomizados. Los coros que participar\u00e1n en el recital son:<\/p>\n\n\n\n<ul class=\"wp-block-list\"><li>Coral Saucana Guare\u00f1a.<\/li><li>Coro Sacro Jer\u00f3nimo Aguado.<\/li><li>Coro alumnos IES Universidad Laboral.<\/li><li>Aures Cantibus.<\/li><li>Camerata Primo Tempo.<\/li><\/ul>\n","protected":false},"excerpt":{"rendered":"<p>La Unidad de Logopedia del Hospital Recoletas Zamora, dirigida por Marian Alonso, ha organizado un acto ben\u00e9fico con el fin de recaudar fondos para la Asociaci\u00f3n de Laringectomizados de Zamora (ALAZA). El evento titulado \u00abCanta por ellos\u00bb se celebrar\u00e1 el pr\u00f3ximo 29 de diciembre a las 19 horas en el Teatro Ramos Carri\u00f3n de la [&hellip;]<\/p>\n","protected":false},"author":2,"featured_media":13141,"comment_status":"closed","ping_status":"closed","sticky":false,"template":"","format":"standard","meta":{"_acf_changed":false,"footnotes":""},"categories":[21],"tags":[],"class_list":["post-13140","post","type-post","status-publish","format-standard","has-post-thumbnail","hentry","category-zamora"],"acf":[],"yoast_head":"<!-- This site is optimized with the Yoast SEO Premium plugin v27.3 (Yoast SEO v27.3) - https:\/\/yoast.com\/product\/yoast-seo-premium-wordpress\/ -->\n<title>El Hospital Recoletas Zamora organiza el recital solidario &quot;Canta por ellos&quot; - Noticias Grupo Recoletas<\/title>\n<meta name=\"robots\" content=\"index, follow, max-snippet:-1, max-image-preview:large, max-video-preview:-1\" \/>\n<link rel=\"canonical\" href=\"https:\/\/www.gruporecoletas.com\/noticias\/el-hospital-recoletas-zamora-organiza-el-recital-solidario-canta-por-ellos\/\" \/>\n<meta property=\"og:locale\" content=\"es_ES\" \/>\n<meta property=\"og:type\" content=\"article\" \/>\n<meta property=\"og:title\" content=\"El Hospital Recoletas Zamora organiza el recital solidario &quot;Canta por ellos&quot;\" \/>\n<meta property=\"og:description\" content=\"La Unidad de Logopedia del Hospital Recoletas Zamora, dirigida por Marian Alonso, ha organizado un acto ben\u00e9fico con el fin de recaudar fondos para la Asociaci\u00f3n de Laringectomizados de Zamora (ALAZA). El evento titulado \u00abCanta por ellos\u00bb se celebrar\u00e1 el pr\u00f3ximo 29 de diciembre a las 19 horas en el Teatro Ramos Carri\u00f3n de la [&hellip;]\" \/>\n<meta property=\"og:url\" content=\"https:\/\/www.gruporecoletas.com\/noticias\/el-hospital-recoletas-zamora-organiza-el-recital-solidario-canta-por-ellos\/\" \/>\n<meta property=\"og:site_name\" content=\"Noticias Grupo Recoletas\" \/>\n<meta property=\"article:publisher\" content=\"https:\/\/www.facebook.com\/GrupoRecoletas\/\" \/>\n<meta property=\"article:published_time\" content=\"2019-12-13T08:00:21+00:00\" \/>\n<meta property=\"article:modified_time\" content=\"2019-12-13T09:45:33+00:00\" \/>\n<meta property=\"og:image\" content=\"https:\/\/www.gruporecoletas.com\/noticias\/wp-content\/uploads\/2019\/12\/canta-por-ellos.jpg\" \/>\n\t<meta property=\"og:image:width\" content=\"900\" \/>\n\t<meta property=\"og:image:height\" content=\"600\" \/>\n\t<meta property=\"og:image:type\" content=\"image\/jpeg\" \/>\n<meta name=\"author\" content=\"Recoletas Red Hospitalaria\" \/>\n<meta name=\"twitter:card\" content=\"summary_large_image\" \/>\n<meta name=\"twitter:creator\" content=\"@GrupoRecoletas\" \/>\n<meta name=\"twitter:site\" content=\"@GrupoRecoletas\" \/>\n<meta name=\"twitter:label1\" content=\"Escrito por\" \/>\n\t<meta name=\"twitter:data1\" content=\"Recoletas Red Hospitalaria\" \/>\n\t<meta name=\"twitter:label2\" content=\"Tiempo de lectura\" \/>\n\t<meta name=\"twitter:data2\" content=\"1 minuto\" \/>\n<script type=\"application\/ld+json\" class=\"yoast-schema-graph\">{\"@context\":\"https:\\\/\\\/schema.org\",\"@graph\":[{\"@type\":\"Article\",\"@id\":\"https:\\\/\\\/www.gruporecoletas.com\\\/noticias\\\/el-hospital-recoletas-zamora-organiza-el-recital-solidario-canta-por-ellos\\\/#article\",\"isPartOf\":{\"@id\":\"https:\\\/\\\/www.gruporecoletas.com\\\/noticias\\\/el-hospital-recoletas-zamora-organiza-el-recital-solidario-canta-por-ellos\\\/\"},\"author\":{\"name\":\"Recoletas Red Hospitalaria\",\"@id\":\"https:\\\/\\\/www.gruporecoletas.com\\\/noticias\\\/#\\\/schema\\\/person\\\/3c6ac429828d1f5e3d3bd99f4da9b02c\"},\"headline\":\"El Hospital Recoletas Zamora organiza el recital solidario \u00abCanta por ellos\u00bb\",\"datePublished\":\"2019-12-13T08:00:21+00:00\",\"dateModified\":\"2019-12-13T09:45:33+00:00\",\"mainEntityOfPage\":{\"@id\":\"https:\\\/\\\/www.gruporecoletas.com\\\/noticias\\\/el-hospital-recoletas-zamora-organiza-el-recital-solidario-canta-por-ellos\\\/\"},\"wordCount\":168,\"image\":{\"@id\":\"https:\\\/\\\/www.gruporecoletas.com\\\/noticias\\\/el-hospital-recoletas-zamora-organiza-el-recital-solidario-canta-por-ellos\\\/#primaryimage\"},\"thumbnailUrl\":\"https:\\\/\\\/www.gruporecoletas.com\\\/noticias\\\/wp-content\\\/uploads\\\/2019\\\/12\\\/canta-por-ellos.jpg\",\"articleSection\":[\"Zamora\"],\"inLanguage\":\"es\"},{\"@type\":\"WebPage\",\"@id\":\"https:\\\/\\\/www.gruporecoletas.com\\\/noticias\\\/el-hospital-recoletas-zamora-organiza-el-recital-solidario-canta-por-ellos\\\/\",\"url\":\"https:\\\/\\\/www.gruporecoletas.com\\\/noticias\\\/el-hospital-recoletas-zamora-organiza-el-recital-solidario-canta-por-ellos\\\/\",\"name\":\"El Hospital Recoletas Zamora organiza el recital solidario \\\"Canta por ellos\\\" - Noticias Grupo Recoletas\",\"isPartOf\":{\"@id\":\"https:\\\/\\\/www.gruporecoletas.com\\\/noticias\\\/#website\"},\"primaryImageOfPage\":{\"@id\":\"https:\\\/\\\/www.gruporecoletas.com\\\/noticias\\\/el-hospital-recoletas-zamora-organiza-el-recital-solidario-canta-por-ellos\\\/#primaryimage\"},\"image\":{\"@id\":\"https:\\\/\\\/www.gruporecoletas.com\\\/noticias\\\/el-hospital-recoletas-zamora-organiza-el-recital-solidario-canta-por-ellos\\\/#primaryimage\"},\"thumbnailUrl\":\"https:\\\/\\\/www.gruporecoletas.com\\\/noticias\\\/wp-content\\\/uploads\\\/2019\\\/12\\\/canta-por-ellos.jpg\",\"datePublished\":\"2019-12-13T08:00:21+00:00\",\"dateModified\":\"2019-12-13T09:45:33+00:00\",\"author\":{\"@id\":\"https:\\\/\\\/www.gruporecoletas.com\\\/noticias\\\/#\\\/schema\\\/person\\\/3c6ac429828d1f5e3d3bd99f4da9b02c\"},\"breadcrumb\":{\"@id\":\"https:\\\/\\\/www.gruporecoletas.com\\\/noticias\\\/el-hospital-recoletas-zamora-organiza-el-recital-solidario-canta-por-ellos\\\/#breadcrumb\"},\"inLanguage\":\"es\",\"potentialAction\":[{\"@type\":\"ReadAction\",\"target\":[\"https:\\\/\\\/www.gruporecoletas.com\\\/noticias\\\/el-hospital-recoletas-zamora-organiza-el-recital-solidario-canta-por-ellos\\\/\"]}]},{\"@type\":\"ImageObject\",\"inLanguage\":\"es\",\"@id\":\"https:\\\/\\\/www.gruporecoletas.com\\\/noticias\\\/el-hospital-recoletas-zamora-organiza-el-recital-solidario-canta-por-ellos\\\/#primaryimage\",\"url\":\"https:\\\/\\\/www.gruporecoletas.com\\\/noticias\\\/wp-content\\\/uploads\\\/2019\\\/12\\\/canta-por-ellos.jpg\",\"contentUrl\":\"https:\\\/\\\/www.gruporecoletas.com\\\/noticias\\\/wp-content\\\/uploads\\\/2019\\\/12\\\/canta-por-ellos.jpg\",\"width\":900,\"height\":600},{\"@type\":\"BreadcrumbList\",\"@id\":\"https:\\\/\\\/www.gruporecoletas.com\\\/noticias\\\/el-hospital-recoletas-zamora-organiza-el-recital-solidario-canta-por-ellos\\\/#breadcrumb\",\"itemListElement\":[{\"@type\":\"ListItem\",\"position\":1,\"name\":\"Portada\",\"item\":\"https:\\\/\\\/www.gruporecoletas.com\\\/noticias\\\/\"},{\"@type\":\"ListItem\",\"position\":2,\"name\":\"El Hospital Recoletas Zamora organiza el recital solidario \u00abCanta por ellos\u00bb\"}]},{\"@type\":\"WebSite\",\"@id\":\"https:\\\/\\\/www.gruporecoletas.com\\\/noticias\\\/#website\",\"url\":\"https:\\\/\\\/www.gruporecoletas.com\\\/noticias\\\/\",\"name\":\"Noticias Grupo Recoletas\",\"description\":\"Grupo Recoletas\",\"potentialAction\":[{\"@type\":\"SearchAction\",\"target\":{\"@type\":\"EntryPoint\",\"urlTemplate\":\"https:\\\/\\\/www.gruporecoletas.com\\\/noticias\\\/?s={search_term_string}\"},\"query-input\":{\"@type\":\"PropertyValueSpecification\",\"valueRequired\":true,\"valueName\":\"search_term_string\"}}],\"inLanguage\":\"es\"},{\"@type\":\"Person\",\"@id\":\"https:\\\/\\\/www.gruporecoletas.com\\\/noticias\\\/#\\\/schema\\\/person\\\/3c6ac429828d1f5e3d3bd99f4da9b02c\",\"name\":\"Recoletas Red Hospitalaria\",\"url\":\"https:\\\/\\\/www.gruporecoletas.com\\\/noticias\\\/author\\\/comunicacion\\\/\"}]}<\/script>\n<!-- \/ Yoast SEO Premium plugin. -->","yoast_head_json":{"title":"El Hospital Recoletas Zamora organiza el recital solidario \"Canta por ellos\" - Noticias Grupo Recoletas","robots":{"index":"index","follow":"follow","max-snippet":"max-snippet:-1","max-image-preview":"max-image-preview:large","max-video-preview":"max-video-preview:-1"},"canonical":"https:\/\/www.gruporecoletas.com\/noticias\/el-hospital-recoletas-zamora-organiza-el-recital-solidario-canta-por-ellos\/","og_locale":"es_ES","og_type":"article","og_title":"El Hospital Recoletas Zamora organiza el recital solidario \"Canta por ellos\"","og_description":"La Unidad de Logopedia del Hospital Recoletas Zamora, dirigida por Marian Alonso, ha organizado un acto ben\u00e9fico con el fin de recaudar fondos para la Asociaci\u00f3n de Laringectomizados de Zamora (ALAZA). El evento titulado \u00abCanta por ellos\u00bb se celebrar\u00e1 el pr\u00f3ximo 29 de diciembre a las 19 horas en el Teatro Ramos Carri\u00f3n de la [&hellip;]","og_url":"https:\/\/www.gruporecoletas.com\/noticias\/el-hospital-recoletas-zamora-organiza-el-recital-solidario-canta-por-ellos\/","og_site_name":"Noticias Grupo Recoletas","article_publisher":"https:\/\/www.facebook.com\/GrupoRecoletas\/","article_published_time":"2019-12-13T08:00:21+00:00","article_modified_time":"2019-12-13T09:45:33+00:00","og_image":[{"width":900,"height":600,"url":"https:\/\/www.gruporecoletas.com\/noticias\/wp-content\/uploads\/2019\/12\/canta-por-ellos.jpg","type":"image\/jpeg"}],"author":"Recoletas Red Hospitalaria","twitter_card":"summary_large_image","twitter_creator":"@GrupoRecoletas","twitter_site":"@GrupoRecoletas","twitter_misc":{"Escrito por":"Recoletas Red Hospitalaria","Tiempo de lectura":"1 minuto"},"schema":{"@context":"https:\/\/schema.org","@graph":[{"@type":"Article","@id":"https:\/\/www.gruporecoletas.com\/noticias\/el-hospital-recoletas-zamora-organiza-el-recital-solidario-canta-por-ellos\/#article","isPartOf":{"@id":"https:\/\/www.gruporecoletas.com\/noticias\/el-hospital-recoletas-zamora-organiza-el-recital-solidario-canta-por-ellos\/"},"author":{"name":"Recoletas Red Hospitalaria","@id":"https:\/\/www.gruporecoletas.com\/noticias\/#\/schema\/person\/3c6ac429828d1f5e3d3bd99f4da9b02c"},"headline":"El Hospital Recoletas Zamora organiza el recital solidario \u00abCanta por ellos\u00bb","datePublished":"2019-12-13T08:00:21+00:00","dateModified":"2019-12-13T09:45:33+00:00","mainEntityOfPage":{"@id":"https:\/\/www.gruporecoletas.com\/noticias\/el-hospital-recoletas-zamora-organiza-el-recital-solidario-canta-por-ellos\/"},"wordCount":168,"image":{"@id":"https:\/\/www.gruporecoletas.com\/noticias\/el-hospital-recoletas-zamora-organiza-el-recital-solidario-canta-por-ellos\/#primaryimage"},"thumbnailUrl":"https:\/\/www.gruporecoletas.com\/noticias\/wp-content\/uploads\/2019\/12\/canta-por-ellos.jpg","articleSection":["Zamora"],"inLanguage":"es"},{"@type":"WebPage","@id":"https:\/\/www.gruporecoletas.com\/noticias\/el-hospital-recoletas-zamora-organiza-el-recital-solidario-canta-por-ellos\/","url":"https:\/\/www.gruporecoletas.com\/noticias\/el-hospital-recoletas-zamora-organiza-el-recital-solidario-canta-por-ellos\/","name":"El Hospital Recoletas Zamora organiza el recital solidario \"Canta por ellos\" - Noticias Grupo Recoletas","isPartOf":{"@id":"https:\/\/www.gruporecoletas.com\/noticias\/#website"},"primaryImageOfPage":{"@id":"https:\/\/www.gruporecoletas.com\/noticias\/el-hospital-recoletas-zamora-organiza-el-recital-solidario-canta-por-ellos\/#primaryimage"},"image":{"@id":"https:\/\/www.gruporecoletas.com\/noticias\/el-hospital-recoletas-zamora-organiza-el-recital-solidario-canta-por-ellos\/#primaryimage"},"thumbnailUrl":"https:\/\/www.gruporecoletas.com\/noticias\/wp-content\/uploads\/2019\/12\/canta-por-ellos.jpg","datePublished":"2019-12-13T08:00:21+00:00","dateModified":"2019-12-13T09:45:33+00:00","author":{"@id":"https:\/\/www.gruporecoletas.com\/noticias\/#\/schema\/person\/3c6ac429828d1f5e3d3bd99f4da9b02c"},"breadcrumb":{"@id":"https:\/\/www.gruporecoletas.com\/noticias\/el-hospital-recoletas-zamora-organiza-el-recital-solidario-canta-por-ellos\/#breadcrumb"},"inLanguage":"es","potentialAction":[{"@type":"ReadAction","target":["https:\/\/www.gruporecoletas.com\/noticias\/el-hospital-recoletas-zamora-organiza-el-recital-solidario-canta-por-ellos\/"]}]},{"@type":"ImageObject","inLanguage":"es","@id":"https:\/\/www.gruporecoletas.com\/noticias\/el-hospital-recoletas-zamora-organiza-el-recital-solidario-canta-por-ellos\/#primaryimage","url":"https:\/\/www.gruporecoletas.com\/noticias\/wp-content\/uploads\/2019\/12\/canta-por-ellos.jpg","contentUrl":"https:\/\/www.gruporecoletas.com\/noticias\/wp-content\/uploads\/2019\/12\/canta-por-ellos.jpg","width":900,"height":600},{"@type":"BreadcrumbList","@id":"https:\/\/www.gruporecoletas.com\/noticias\/el-hospital-recoletas-zamora-organiza-el-recital-solidario-canta-por-ellos\/#breadcrumb","itemListElement":[{"@type":"ListItem","position":1,"name":"Portada","item":"https:\/\/www.gruporecoletas.com\/noticias\/"},{"@type":"ListItem","position":2,"name":"El Hospital Recoletas Zamora organiza el recital solidario \u00abCanta por ellos\u00bb"}]},{"@type":"WebSite","@id":"https:\/\/www.gruporecoletas.com\/noticias\/#website","url":"https:\/\/www.gruporecoletas.com\/noticias\/","name":"Noticias Grupo Recoletas","description":"Grupo Recoletas","potentialAction":[{"@type":"SearchAction","target":{"@type":"EntryPoint","urlTemplate":"https:\/\/www.gruporecoletas.com\/noticias\/?s={search_term_string}"},"query-input":{"@type":"PropertyValueSpecification","valueRequired":true,"valueName":"search_term_string"}}],"inLanguage":"es"},{"@type":"Person","@id":"https:\/\/www.gruporecoletas.com\/noticias\/#\/schema\/person\/3c6ac429828d1f5e3d3bd99f4da9b02c","name":"Recoletas Red Hospitalaria","url":"https:\/\/www.gruporecoletas.com\/noticias\/author\/comunicacion\/"}]}},"_links":{"self":[{"href":"https:\/\/www.gruporecoletas.com\/noticias\/wp-json\/wp\/v2\/posts\/13140","targetHints":{"allow":["GET"]}}],"collection":[{"href":"https:\/\/www.gruporecoletas.com\/noticias\/wp-json\/wp\/v2\/posts"}],"about":[{"href":"https:\/\/www.gruporecoletas.com\/noticias\/wp-json\/wp\/v2\/types\/post"}],"author":[{"embeddable":true,"href":"https:\/\/www.gruporecoletas.com\/noticias\/wp-json\/wp\/v2\/users\/2"}],"replies":[{"embeddable":true,"href":"https:\/\/www.gruporecoletas.com\/noticias\/wp-json\/wp\/v2\/comments?post=13140"}],"version-history":[{"count":3,"href":"https:\/\/www.gruporecoletas.com\/noticias\/wp-json\/wp\/v2\/posts\/13140\/revisions"}],"predecessor-version":[{"id":13146,"href":"https:\/\/www.gruporecoletas.com\/noticias\/wp-json\/wp\/v2\/posts\/13140\/revisions\/13146"}],"wp:featuredmedia":[{"embeddable":true,"href":"https:\/\/www.gruporecoletas.com\/noticias\/wp-json\/wp\/v2\/media\/13141"}],"wp:attachment":[{"href":"https:\/\/www.gruporecoletas.com\/noticias\/wp-json\/wp\/v2\/media?parent=13140"}],"wp:term":[{"taxonomy":"category","embeddable":true,"href":"https:\/\/www.gruporecoletas.com\/noticias\/wp-json\/wp\/v2\/categories?post=13140"},{"taxonomy":"post_tag","embeddable":true,"href":"https:\/\/www.gruporecoletas.com\/noticias\/wp-json\/wp\/v2\/tags?post=13140"}],"curies":[{"name":"wp","href":"https:\/\/api.w.org\/{rel}","templated":true}]}}