{"id":13177,"date":"2020-01-08T10:05:21","date_gmt":"2020-01-08T10:05:21","guid":{"rendered":"https:\/\/www.gruporecoletas.com\/noticias\/?p=13177"},"modified":"2020-01-08T10:05:23","modified_gmt":"2020-01-08T10:05:23","slug":"depresion-causas-sintomas-tratamiento","status":"publish","type":"post","link":"https:\/\/www.gruporecoletas.com\/noticias\/depresion-causas-sintomas-tratamiento\/","title":{"rendered":"Depresi\u00f3n: s\u00edntomas, causas comunes y tratamiento"},"content":{"rendered":"\n<p>Seg\u00fan datos recogidos por la Confederaci\u00f3n\nSalud Mental Espa\u00f1a m\u00e1s de 300 millones de personas en el mundo viven con una\ndepresi\u00f3n, unos datos que han aumentado un 18% entre 2005 y 2015.<\/p>\n\n\n\n<p>La depresi\u00f3n es un trastorno depresivo que\nafecta principalmente al estado de \u00e1nimo pero que se extrapola al estado f\u00edsico\nde la persona y a sus pensamientos. Se trata de una enfermedad muy frecuente\nentre la poblaci\u00f3n mundial, y que requiere de un tratamiento para paliar los\ns\u00edntomas y superarla con \u00e9xito. <\/p>\n\n\n\n<p>Sentirse triste, melanc\u00f3lico, infeliz,\nabatido\u2026 suelen ser s\u00edntomas muy descriptivos de la depresi\u00f3n. Este tipo de\nestado an\u00edmico afecta a la mayor\u00eda de la poblaci\u00f3n, aunque en cortos periodos,\npor lo que no llega a interferir en su vida diaria. Cuando ese periodo\ndepresivo se alarga y est\u00e1 presente en la mayor parte del d\u00eda es cuando hay que\nacudir a un m\u00e9dico especialista que ayude a combatir la depresi\u00f3n.<\/p>\n\n\n\n<h2 class=\"wp-block-heading\"><strong>\u00bfPor\nqu\u00e9 me siento triste? S\u00edntomas y causas comunes de la depresi\u00f3n<\/strong><\/h2>\n\n\n\n<p>A pesar de que los s\u00edntomas var\u00edan en funci\u00f3n\ndel tipo de depresi\u00f3n y de la persona que la padezca como tambi\u00e9n que no hay\nestudios que definan los motivos que provocan una depresi\u00f3n, algunos factores o\ncausas de la depresi\u00f3n suelen estar motivados por: <\/p>\n\n\n\n<ul class=\"wp-block-list\"><li>Familiares con trastornos\nemocionales: en numerosas ocasiones se han encontrado patrones de\ncomportamiento depresivo que coinciden en un mismo entorno familiar. Por lo\nque, las personas con familiares que hayan padecido alg\u00fan tipo de depresi\u00f3n,\ntienen una mayor probabilidad de sufrirlo. <\/li><li>Episodios de estr\u00e9s o traumas: las\npersonas que han sufrido alg\u00fan cuadro de estr\u00e9s o alguna experiencia traum\u00e1tica\nen la que se han sentido solos, puede haberles afectado ocasionando un\ntrastorno emocional depresivo posterior. <\/li><li>Un estilo de vida poco saludable:\npersonas que llevan una vida sedentaria o sufren alg\u00fan tipo de adicci\u00f3n\n(drogas, alcohol\u2026) tienden a sufrir depresi\u00f3n.<\/li><\/ul>\n\n\n\n<p>El s\u00edntoma m\u00e1s com\u00fan o principal de la\ndepresi\u00f3n es la tristeza de forma casi permanente en el d\u00eda a d\u00eda de la\npersona, pero no es el \u00fanico: <\/p>\n\n\n\n<ul class=\"wp-block-list\"><li>Ansiedad<\/li><li>Irritabilidad<\/li><li>Fatiga y p\u00e9rdida de energ\u00eda<\/li><li>Aislamiento social<\/li><li>Dificultad para dormir<\/li><li>Pensamientos de muerte o suicidio<\/li><li>Estado de \u00e1nimo bajo<\/li><li>P\u00e9rdida de peso de forma repentina<\/li><li>Culpabilidad<\/li><\/ul>\n\n\n\n<p>Los s\u00edntomas de la depresi\u00f3n tambi\u00e9n afectan\nde forma diferente a las mujeres y hombres, ya que, en el caso de las mujeres,\nhay m\u00e1s probabilidad de padecer depresi\u00f3n y suelen manifestar mayor la tristeza\ny la falta de autoestima. En cambio, en los hombres, suelen manifestarse m\u00e1s\nlos s\u00edntomas de cansancio o irritabilidad. <\/p>\n\n\n\n<h2 class=\"wp-block-heading\"><strong>C\u00f3mo\ntratar una depresi\u00f3n o ansiedad:&nbsp; a un\npaso del bienestar emocional<\/strong><\/h2>\n\n\n\n<p>Entre<a href=\"https:\/\/www.gruporecoletas.com\/noticias\/claves-superar-la-depresion\/\" target=\"_blank\" rel=\"noreferrer noopener\" aria-label=\" (abre en una nueva pesta\u00f1a)\"> las pr\u00e1cticas m\u00e1s recomendadas por los psic\u00f3logos para el tratamiento de la depresi\u00f3n<\/a> destacamos que, llevar a cabo un estilo de vida saludable, condicionan de manera exponencial c\u00f3mo te sientes (tanto an\u00edmicamente como f\u00edsicamente). <\/p>\n\n\n\n<p>Lo primero para tratar la depresi\u00f3n es recibir\nla atenci\u00f3n m\u00e9dica requerida y ponerse en manos de un profesional de la salud\nmental, de esta forma la persona se asegura de recibir el tratamiento que\nnecesita para paliar el problema. El profesional llevar\u00e1 a cabo las pruebas que\nnecesite para descartar otros problemas relacionados con esos mismos s\u00edntomas u\notros problemas de la salud. Tras ello, los dos tipos de tratamientos que\ndestacamos para la depresi\u00f3n son los medicamentos (antidepresivos) o las\nterapias, donde el profesional te ense\u00f1a a modificar esos h\u00e1bitos que afectan\nal estado de \u00e1nimo. <\/p>\n\n\n\n<p>Pasar tiempo con tus seres queridos, realizar\nejercicio f\u00edsico, establecer prioridades en las tareas para evitar la\nfrustraci\u00f3n, evitar tomar decisiones muy trascendentales y evitar el alcohol o\nlas drogas como tambi\u00e9n la automedicaci\u00f3n, son algunas de las medidas que a\npartir de hoy pueden ayudarte a acabar con la depresi\u00f3n.<\/p>\n\n\n\n<p>Si lo que quieres es ayudar a un ser querido\nque padece depresi\u00f3n, lo mejor que puedes hacer es ofrecerle apoyo emocional,\ncomprensi\u00f3n, atenci\u00f3n y paciencia. <\/p>\n","protected":false},"excerpt":{"rendered":"<p>Seg\u00fan datos recogidos por la Confederaci\u00f3n Salud Mental Espa\u00f1a m\u00e1s de 300 millones de personas en el mundo viven con una depresi\u00f3n, unos datos que han aumentado un 18% entre 2005 y 2015. La depresi\u00f3n es un trastorno depresivo que afecta principalmente al estado de \u00e1nimo pero que se extrapola al estado f\u00edsico de la [&hellip;]<\/p>\n","protected":false},"author":2,"featured_media":13179,"comment_status":"closed","ping_status":"closed","sticky":false,"template":"","format":"standard","meta":{"_acf_changed":false,"footnotes":""},"categories":[50,9,42],"tags":[2101,2100],"class_list":["post-13177","post","type-post","status-publish","format-standard","has-post-thumbnail","hentry","category-patologias","category-publicaciones","category-recoletas-salud","tag-sintomas-de-la-depresion","tag-trastorno-depresivo"],"acf":[],"yoast_head":"<!-- This site is optimized with the Yoast SEO Premium plugin v27.3 (Yoast SEO v27.3) - https:\/\/yoast.com\/product\/yoast-seo-premium-wordpress\/ -->\n<title>Depresi\u00f3n: s\u00edntomas, causas comunes y tratamiento - Noticias Grupo Recoletas<\/title>\n<meta name=\"description\" content=\"La depresi\u00f3n es un trastorno depresivo que afecta principalmente al estado de \u00e1nimo. Descubre sus s\u00edntomas m\u00e1s comunes y c\u00f3mo tratarlo para superarlo...\" \/>\n<meta name=\"robots\" content=\"index, follow, max-snippet:-1, max-image-preview:large, max-video-preview:-1\" \/>\n<link rel=\"canonical\" href=\"https:\/\/www.gruporecoletas.com\/noticias\/depresion-causas-sintomas-tratamiento\/\" \/>\n<meta property=\"og:locale\" content=\"es_ES\" \/>\n<meta property=\"og:type\" content=\"article\" \/>\n<meta property=\"og:title\" content=\"Depresi\u00f3n: s\u00edntomas, causas comunes y tratamiento\" \/>\n<meta property=\"og:description\" content=\"La depresi\u00f3n es un trastorno depresivo que afecta principalmente al estado de \u00e1nimo. Descubre sus s\u00edntomas m\u00e1s comunes y c\u00f3mo tratarlo para superarlo...\" \/>\n<meta property=\"og:url\" content=\"https:\/\/www.gruporecoletas.com\/noticias\/depresion-causas-sintomas-tratamiento\/\" \/>\n<meta property=\"og:site_name\" content=\"Noticias Grupo Recoletas\" \/>\n<meta property=\"article:publisher\" content=\"https:\/\/www.facebook.com\/GrupoRecoletas\/\" \/>\n<meta property=\"article:published_time\" content=\"2020-01-08T10:05:21+00:00\" \/>\n<meta property=\"article:modified_time\" content=\"2020-01-08T10:05:23+00:00\" \/>\n<meta property=\"og:image\" content=\"https:\/\/www.gruporecoletas.com\/noticias\/wp-content\/uploads\/2020\/01\/sintomas-depresion-causas-tratamiento.jpg\" \/>\n\t<meta property=\"og:image:width\" content=\"1200\" \/>\n\t<meta property=\"og:image:height\" content=\"800\" \/>\n\t<meta property=\"og:image:type\" content=\"image\/jpeg\" \/>\n<meta name=\"author\" content=\"Recoletas Red Hospitalaria\" \/>\n<meta name=\"twitter:card\" content=\"summary_large_image\" \/>\n<meta name=\"twitter:creator\" content=\"@GrupoRecoletas\" \/>\n<meta name=\"twitter:site\" content=\"@GrupoRecoletas\" \/>\n<meta name=\"twitter:label1\" content=\"Escrito por\" \/>\n\t<meta name=\"twitter:data1\" content=\"Recoletas Red Hospitalaria\" \/>\n\t<meta name=\"twitter:label2\" content=\"Tiempo de lectura\" \/>\n\t<meta name=\"twitter:data2\" content=\"4 minutos\" \/>\n<script type=\"application\/ld+json\" class=\"yoast-schema-graph\">{\"@context\":\"https:\\\/\\\/schema.org\",\"@graph\":[{\"@type\":\"Article\",\"@id\":\"https:\\\/\\\/www.gruporecoletas.com\\\/noticias\\\/depresion-causas-sintomas-tratamiento\\\/#article\",\"isPartOf\":{\"@id\":\"https:\\\/\\\/www.gruporecoletas.com\\\/noticias\\\/depresion-causas-sintomas-tratamiento\\\/\"},\"author\":{\"name\":\"Recoletas Red Hospitalaria\",\"@id\":\"https:\\\/\\\/www.gruporecoletas.com\\\/noticias\\\/#\\\/schema\\\/person\\\/3c6ac429828d1f5e3d3bd99f4da9b02c\"},\"headline\":\"Depresi\u00f3n: s\u00edntomas, causas comunes y tratamiento\",\"datePublished\":\"2020-01-08T10:05:21+00:00\",\"dateModified\":\"2020-01-08T10:05:23+00:00\",\"mainEntityOfPage\":{\"@id\":\"https:\\\/\\\/www.gruporecoletas.com\\\/noticias\\\/depresion-causas-sintomas-tratamiento\\\/\"},\"wordCount\":725,\"image\":{\"@id\":\"https:\\\/\\\/www.gruporecoletas.com\\\/noticias\\\/depresion-causas-sintomas-tratamiento\\\/#primaryimage\"},\"thumbnailUrl\":\"https:\\\/\\\/www.gruporecoletas.com\\\/noticias\\\/wp-content\\\/uploads\\\/2020\\\/01\\\/sintomas-depresion-causas-tratamiento.jpg\",\"keywords\":[\"s\u00edntomas de la depresi\u00f3n\",\"trastorno depresivo\"],\"articleSection\":[\"Patolog\u00edas\",\"Publicaciones\",\"Recoletas Salud\"],\"inLanguage\":\"es\"},{\"@type\":\"WebPage\",\"@id\":\"https:\\\/\\\/www.gruporecoletas.com\\\/noticias\\\/depresion-causas-sintomas-tratamiento\\\/\",\"url\":\"https:\\\/\\\/www.gruporecoletas.com\\\/noticias\\\/depresion-causas-sintomas-tratamiento\\\/\",\"name\":\"Depresi\u00f3n: s\u00edntomas, causas comunes y tratamiento - Noticias Grupo Recoletas\",\"isPartOf\":{\"@id\":\"https:\\\/\\\/www.gruporecoletas.com\\\/noticias\\\/#website\"},\"primaryImageOfPage\":{\"@id\":\"https:\\\/\\\/www.gruporecoletas.com\\\/noticias\\\/depresion-causas-sintomas-tratamiento\\\/#primaryimage\"},\"image\":{\"@id\":\"https:\\\/\\\/www.gruporecoletas.com\\\/noticias\\\/depresion-causas-sintomas-tratamiento\\\/#primaryimage\"},\"thumbnailUrl\":\"https:\\\/\\\/www.gruporecoletas.com\\\/noticias\\\/wp-content\\\/uploads\\\/2020\\\/01\\\/sintomas-depresion-causas-tratamiento.jpg\",\"datePublished\":\"2020-01-08T10:05:21+00:00\",\"dateModified\":\"2020-01-08T10:05:23+00:00\",\"author\":{\"@id\":\"https:\\\/\\\/www.gruporecoletas.com\\\/noticias\\\/#\\\/schema\\\/person\\\/3c6ac429828d1f5e3d3bd99f4da9b02c\"},\"description\":\"La depresi\u00f3n es un trastorno depresivo que afecta principalmente al estado de \u00e1nimo. Descubre sus s\u00edntomas m\u00e1s comunes y c\u00f3mo tratarlo para superarlo...\",\"breadcrumb\":{\"@id\":\"https:\\\/\\\/www.gruporecoletas.com\\\/noticias\\\/depresion-causas-sintomas-tratamiento\\\/#breadcrumb\"},\"inLanguage\":\"es\",\"potentialAction\":[{\"@type\":\"ReadAction\",\"target\":[\"https:\\\/\\\/www.gruporecoletas.com\\\/noticias\\\/depresion-causas-sintomas-tratamiento\\\/\"]}]},{\"@type\":\"ImageObject\",\"inLanguage\":\"es\",\"@id\":\"https:\\\/\\\/www.gruporecoletas.com\\\/noticias\\\/depresion-causas-sintomas-tratamiento\\\/#primaryimage\",\"url\":\"https:\\\/\\\/www.gruporecoletas.com\\\/noticias\\\/wp-content\\\/uploads\\\/2020\\\/01\\\/sintomas-depresion-causas-tratamiento.jpg\",\"contentUrl\":\"https:\\\/\\\/www.gruporecoletas.com\\\/noticias\\\/wp-content\\\/uploads\\\/2020\\\/01\\\/sintomas-depresion-causas-tratamiento.jpg\",\"width\":1200,\"height\":800},{\"@type\":\"BreadcrumbList\",\"@id\":\"https:\\\/\\\/www.gruporecoletas.com\\\/noticias\\\/depresion-causas-sintomas-tratamiento\\\/#breadcrumb\",\"itemListElement\":[{\"@type\":\"ListItem\",\"position\":1,\"name\":\"Portada\",\"item\":\"https:\\\/\\\/www.gruporecoletas.com\\\/noticias\\\/\"},{\"@type\":\"ListItem\",\"position\":2,\"name\":\"Depresi\u00f3n: s\u00edntomas, causas comunes y tratamiento\"}]},{\"@type\":\"WebSite\",\"@id\":\"https:\\\/\\\/www.gruporecoletas.com\\\/noticias\\\/#website\",\"url\":\"https:\\\/\\\/www.gruporecoletas.com\\\/noticias\\\/\",\"name\":\"Noticias Grupo Recoletas\",\"description\":\"Grupo Recoletas\",\"potentialAction\":[{\"@type\":\"SearchAction\",\"target\":{\"@type\":\"EntryPoint\",\"urlTemplate\":\"https:\\\/\\\/www.gruporecoletas.com\\\/noticias\\\/?s={search_term_string}\"},\"query-input\":{\"@type\":\"PropertyValueSpecification\",\"valueRequired\":true,\"valueName\":\"search_term_string\"}}],\"inLanguage\":\"es\"},{\"@type\":\"Person\",\"@id\":\"https:\\\/\\\/www.gruporecoletas.com\\\/noticias\\\/#\\\/schema\\\/person\\\/3c6ac429828d1f5e3d3bd99f4da9b02c\",\"name\":\"Recoletas Red Hospitalaria\",\"url\":\"https:\\\/\\\/www.gruporecoletas.com\\\/noticias\\\/author\\\/comunicacion\\\/\"}]}<\/script>\n<!-- \/ Yoast SEO Premium plugin. -->","yoast_head_json":{"title":"Depresi\u00f3n: s\u00edntomas, causas comunes y tratamiento - Noticias Grupo Recoletas","description":"La depresi\u00f3n es un trastorno depresivo que afecta principalmente al estado de \u00e1nimo. Descubre sus s\u00edntomas m\u00e1s comunes y c\u00f3mo tratarlo para superarlo...","robots":{"index":"index","follow":"follow","max-snippet":"max-snippet:-1","max-image-preview":"max-image-preview:large","max-video-preview":"max-video-preview:-1"},"canonical":"https:\/\/www.gruporecoletas.com\/noticias\/depresion-causas-sintomas-tratamiento\/","og_locale":"es_ES","og_type":"article","og_title":"Depresi\u00f3n: s\u00edntomas, causas comunes y tratamiento","og_description":"La depresi\u00f3n es un trastorno depresivo que afecta principalmente al estado de \u00e1nimo. Descubre sus s\u00edntomas m\u00e1s comunes y c\u00f3mo tratarlo para superarlo...","og_url":"https:\/\/www.gruporecoletas.com\/noticias\/depresion-causas-sintomas-tratamiento\/","og_site_name":"Noticias Grupo Recoletas","article_publisher":"https:\/\/www.facebook.com\/GrupoRecoletas\/","article_published_time":"2020-01-08T10:05:21+00:00","article_modified_time":"2020-01-08T10:05:23+00:00","og_image":[{"width":1200,"height":800,"url":"https:\/\/www.gruporecoletas.com\/noticias\/wp-content\/uploads\/2020\/01\/sintomas-depresion-causas-tratamiento.jpg","type":"image\/jpeg"}],"author":"Recoletas Red Hospitalaria","twitter_card":"summary_large_image","twitter_creator":"@GrupoRecoletas","twitter_site":"@GrupoRecoletas","twitter_misc":{"Escrito por":"Recoletas Red Hospitalaria","Tiempo de lectura":"4 minutos"},"schema":{"@context":"https:\/\/schema.org","@graph":[{"@type":"Article","@id":"https:\/\/www.gruporecoletas.com\/noticias\/depresion-causas-sintomas-tratamiento\/#article","isPartOf":{"@id":"https:\/\/www.gruporecoletas.com\/noticias\/depresion-causas-sintomas-tratamiento\/"},"author":{"name":"Recoletas Red Hospitalaria","@id":"https:\/\/www.gruporecoletas.com\/noticias\/#\/schema\/person\/3c6ac429828d1f5e3d3bd99f4da9b02c"},"headline":"Depresi\u00f3n: s\u00edntomas, causas comunes y tratamiento","datePublished":"2020-01-08T10:05:21+00:00","dateModified":"2020-01-08T10:05:23+00:00","mainEntityOfPage":{"@id":"https:\/\/www.gruporecoletas.com\/noticias\/depresion-causas-sintomas-tratamiento\/"},"wordCount":725,"image":{"@id":"https:\/\/www.gruporecoletas.com\/noticias\/depresion-causas-sintomas-tratamiento\/#primaryimage"},"thumbnailUrl":"https:\/\/www.gruporecoletas.com\/noticias\/wp-content\/uploads\/2020\/01\/sintomas-depresion-causas-tratamiento.jpg","keywords":["s\u00edntomas de la depresi\u00f3n","trastorno depresivo"],"articleSection":["Patolog\u00edas","Publicaciones","Recoletas Salud"],"inLanguage":"es"},{"@type":"WebPage","@id":"https:\/\/www.gruporecoletas.com\/noticias\/depresion-causas-sintomas-tratamiento\/","url":"https:\/\/www.gruporecoletas.com\/noticias\/depresion-causas-sintomas-tratamiento\/","name":"Depresi\u00f3n: s\u00edntomas, causas comunes y tratamiento - Noticias Grupo Recoletas","isPartOf":{"@id":"https:\/\/www.gruporecoletas.com\/noticias\/#website"},"primaryImageOfPage":{"@id":"https:\/\/www.gruporecoletas.com\/noticias\/depresion-causas-sintomas-tratamiento\/#primaryimage"},"image":{"@id":"https:\/\/www.gruporecoletas.com\/noticias\/depresion-causas-sintomas-tratamiento\/#primaryimage"},"thumbnailUrl":"https:\/\/www.gruporecoletas.com\/noticias\/wp-content\/uploads\/2020\/01\/sintomas-depresion-causas-tratamiento.jpg","datePublished":"2020-01-08T10:05:21+00:00","dateModified":"2020-01-08T10:05:23+00:00","author":{"@id":"https:\/\/www.gruporecoletas.com\/noticias\/#\/schema\/person\/3c6ac429828d1f5e3d3bd99f4da9b02c"},"description":"La depresi\u00f3n es un trastorno depresivo que afecta principalmente al estado de \u00e1nimo. Descubre sus s\u00edntomas m\u00e1s comunes y c\u00f3mo tratarlo para superarlo...","breadcrumb":{"@id":"https:\/\/www.gruporecoletas.com\/noticias\/depresion-causas-sintomas-tratamiento\/#breadcrumb"},"inLanguage":"es","potentialAction":[{"@type":"ReadAction","target":["https:\/\/www.gruporecoletas.com\/noticias\/depresion-causas-sintomas-tratamiento\/"]}]},{"@type":"ImageObject","inLanguage":"es","@id":"https:\/\/www.gruporecoletas.com\/noticias\/depresion-causas-sintomas-tratamiento\/#primaryimage","url":"https:\/\/www.gruporecoletas.com\/noticias\/wp-content\/uploads\/2020\/01\/sintomas-depresion-causas-tratamiento.jpg","contentUrl":"https:\/\/www.gruporecoletas.com\/noticias\/wp-content\/uploads\/2020\/01\/sintomas-depresion-causas-tratamiento.jpg","width":1200,"height":800},{"@type":"BreadcrumbList","@id":"https:\/\/www.gruporecoletas.com\/noticias\/depresion-causas-sintomas-tratamiento\/#breadcrumb","itemListElement":[{"@type":"ListItem","position":1,"name":"Portada","item":"https:\/\/www.gruporecoletas.com\/noticias\/"},{"@type":"ListItem","position":2,"name":"Depresi\u00f3n: s\u00edntomas, causas comunes y tratamiento"}]},{"@type":"WebSite","@id":"https:\/\/www.gruporecoletas.com\/noticias\/#website","url":"https:\/\/www.gruporecoletas.com\/noticias\/","name":"Noticias Grupo Recoletas","description":"Grupo Recoletas","potentialAction":[{"@type":"SearchAction","target":{"@type":"EntryPoint","urlTemplate":"https:\/\/www.gruporecoletas.com\/noticias\/?s={search_term_string}"},"query-input":{"@type":"PropertyValueSpecification","valueRequired":true,"valueName":"search_term_string"}}],"inLanguage":"es"},{"@type":"Person","@id":"https:\/\/www.gruporecoletas.com\/noticias\/#\/schema\/person\/3c6ac429828d1f5e3d3bd99f4da9b02c","name":"Recoletas Red Hospitalaria","url":"https:\/\/www.gruporecoletas.com\/noticias\/author\/comunicacion\/"}]}},"_links":{"self":[{"href":"https:\/\/www.gruporecoletas.com\/noticias\/wp-json\/wp\/v2\/posts\/13177","targetHints":{"allow":["GET"]}}],"collection":[{"href":"https:\/\/www.gruporecoletas.com\/noticias\/wp-json\/wp\/v2\/posts"}],"about":[{"href":"https:\/\/www.gruporecoletas.com\/noticias\/wp-json\/wp\/v2\/types\/post"}],"author":[{"embeddable":true,"href":"https:\/\/www.gruporecoletas.com\/noticias\/wp-json\/wp\/v2\/users\/2"}],"replies":[{"embeddable":true,"href":"https:\/\/www.gruporecoletas.com\/noticias\/wp-json\/wp\/v2\/comments?post=13177"}],"version-history":[{"count":1,"href":"https:\/\/www.gruporecoletas.com\/noticias\/wp-json\/wp\/v2\/posts\/13177\/revisions"}],"predecessor-version":[{"id":13178,"href":"https:\/\/www.gruporecoletas.com\/noticias\/wp-json\/wp\/v2\/posts\/13177\/revisions\/13178"}],"wp:featuredmedia":[{"embeddable":true,"href":"https:\/\/www.gruporecoletas.com\/noticias\/wp-json\/wp\/v2\/media\/13179"}],"wp:attachment":[{"href":"https:\/\/www.gruporecoletas.com\/noticias\/wp-json\/wp\/v2\/media?parent=13177"}],"wp:term":[{"taxonomy":"category","embeddable":true,"href":"https:\/\/www.gruporecoletas.com\/noticias\/wp-json\/wp\/v2\/categories?post=13177"},{"taxonomy":"post_tag","embeddable":true,"href":"https:\/\/www.gruporecoletas.com\/noticias\/wp-json\/wp\/v2\/tags?post=13177"}],"curies":[{"name":"wp","href":"https:\/\/api.w.org\/{rel}","templated":true}]}}