{"id":13191,"date":"2020-01-28T10:09:44","date_gmt":"2020-01-28T10:09:44","guid":{"rendered":"https:\/\/www.gruporecoletas.com\/noticias\/?p=13191"},"modified":"2020-01-30T15:51:58","modified_gmt":"2020-01-30T15:51:58","slug":"el-centro-medico-recoletas-la-marquesina-incorpora-un-area-de-especialidades-pediatricas","status":"publish","type":"post","link":"https:\/\/www.gruporecoletas.com\/noticias\/el-centro-medico-recoletas-la-marquesina-incorpora-un-area-de-especialidades-pediatricas\/","title":{"rendered":"El Centro M\u00e9dico Recoletas La Marquesina incorpora un \u00e1rea de especialidades pedi\u00e1tricas"},"content":{"rendered":"\n<p>El <a href=\"https:\/\/www.gruporecoletas.com\/centros-medicos\/centro-medico-recoletas-la-marquesina\/\">Centro M\u00e9dico Recoletas La Marquesina<\/a> (CLM) ha incorporado un \u00e1rea con <strong>m\u00e1s de diez de subespecialidades pedi\u00e1tricas<\/strong>, integrado en el Servicio de <a href=\"https:\/\/www.gruporecoletas.com\/especialidades\/pediatria\/\">Pediatr\u00eda<\/a> del <a href=\"https:\/\/www.gruporecoletas.com\/hospitales\/hospital-recoletas-campo-grande\/\">Hospital Recoletas Campo Grande<\/a>. Concretamente, las instalaciones de CLM acoger\u00e1n Pediatr\u00eda general, Nefrolog\u00eda infantil, Alergolog\u00eda infantil, Cirug\u00eda pedi\u00e1trica, Medicina de la adolescencia, Digestivo infantil, Rehabilitaci\u00f3n infantil, Endocrinolog\u00eda infantil, Traumatolog\u00eda infantil o Neurolog\u00eda infantil. <\/p>\n\n\n\n<p>Una correcta atenci\u00f3n especializada al ni\u00f1o debe contar con una <strong>consulta externa adecuada, funcional y eficiente<\/strong>, que permita asegurar la continuidad asistencial entre las distintas estructuras del Servicio de Pediatr\u00eda y el seguimiento posterior de los pacientes cuando sea necesario. <\/p>\n\n\n\n<p>As\u00ed pues, \u00a0el \u00a0centro se coordinar\u00e1 estrechamente con el Hospital Recoletas Campo Grande, donde se seguir\u00e1n prestando las <a href=\"https:\/\/www.gruporecoletas.com\/especialidades\/urgencias-pediatricas-24-horas\/\">Urgencias 24 horas<\/a>. Por otro lado, CLM continuar\u00e1 ofreciendo sus servicios de <a href=\"https:\/\/www.gruporecoletas.com\/especialidades\/urgencias-pediatricas-24-horas\/\">Ginecolog\u00eda y Obstetricia<\/a>. El objetivo es brindar una <strong>completa oferta asistencial desde el momento del embarazo hasta el nacimiento del ni\u00f1o y su paso a la medicina de adultos<\/strong>. <\/p>\n\n\n\n<p><em>\u201cCon esta \u00e1rea en CLM, Recoletas ha apostado por abordar la atenci\u00f3n integral pedi\u00e1trica con un alto nivel de especializaci\u00f3n, desde el momento del nacimiento del ni\u00f1o hasta su paso a la medicina de adultos. De esta forma, ofrecemos una <strong>sanidad de primer nivel, con profesionales formados y centrados en la atenci\u00f3n al paciente pedi\u00e1trico<\/strong>\u201d, <\/em>se\u00f1ala Bel\u00e9n Gallegos del Hospital Recoletas Campo Grande. <\/p>\n\n\n\n<p>Para ello, cuenta con un <strong>gran equipo de profesionales altamente cualificados, de amplia experiencia y reconocido prestigio<\/strong> en su \u00e1rea para mejorar la asistencia de los pacientes pedi\u00e1tricos con una patolog\u00eda concreta. <\/p>\n\n\n\n<p><em>\u201cSe trata de un <strong>centro \u00fanico en la medicina privada de Valladolid<\/strong> y de nuestra Comunidad que aglutina las principales especialidades pedi\u00e1tricas y a grandes profesionales para ofrecer servicios especializados a nuestros pacientes, con una amplia cartera de servicios\u201d, <\/em>a\u00f1ade el <a href=\"https:\/\/www.gruporecoletas.com\/profesionales\/dr-centeno-malfaz\/\">doctor Fernando Centeno<\/a>, coordinador del Servicio de Pediatr\u00eda del Hospital Recoletas Campo Grande.<\/p>\n\n\n\n<p>En definitiva, el objetivo es convertirse en el <strong>centro de referencia para la salud infantil y juvenil tanto en Valladolid como en Castilla y Le\u00f3n<\/strong>, ofreciendo una atenci\u00f3n integral, mediante la coordinaci\u00f3n de un gran equipo de profesionales, y siempre bajo el paraguas del Hospital Recoletas Campo Grande. <\/p>\n","protected":false},"excerpt":{"rendered":"<p>El Centro M\u00e9dico Recoletas La Marquesina (CLM) ha incorporado un \u00e1rea con m\u00e1s de diez de subespecialidades pedi\u00e1tricas, integrado en el Servicio de Pediatr\u00eda del Hospital Recoletas Campo Grande. Concretamente, las instalaciones de CLM acoger\u00e1n Pediatr\u00eda general, Nefrolog\u00eda infantil, Alergolog\u00eda infantil, Cirug\u00eda pedi\u00e1trica, Medicina de la adolescencia, Digestivo infantil, Rehabilitaci\u00f3n infantil, Endocrinolog\u00eda infantil, Traumatolog\u00eda infantil [&hellip;]<\/p>\n","protected":false},"author":2,"featured_media":13192,"comment_status":"closed","ping_status":"closed","sticky":false,"template":"","format":"standard","meta":{"_acf_changed":false,"footnotes":""},"categories":[2,4],"tags":[],"class_list":["post-13191","post","type-post","status-publish","format-standard","has-post-thumbnail","hentry","category-hrcg","category-valladolid"],"acf":[],"yoast_head":"<!-- This site is optimized with the Yoast SEO Premium plugin v27.3 (Yoast SEO v27.3) - https:\/\/yoast.com\/product\/yoast-seo-premium-wordpress\/ -->\n<title>El Centro M\u00e9dico Recoletas La Marquesina incorpora un \u00e1rea de especialidades pedi\u00e1tricas - Noticias Grupo Recoletas<\/title>\n<meta name=\"robots\" content=\"index, follow, max-snippet:-1, max-image-preview:large, max-video-preview:-1\" \/>\n<link rel=\"canonical\" href=\"https:\/\/www.gruporecoletas.com\/noticias\/el-centro-medico-recoletas-la-marquesina-incorpora-un-area-de-especialidades-pediatricas\/\" \/>\n<meta property=\"og:locale\" content=\"es_ES\" \/>\n<meta property=\"og:type\" content=\"article\" \/>\n<meta property=\"og:title\" content=\"El Centro M\u00e9dico Recoletas La Marquesina incorpora un \u00e1rea de especialidades pedi\u00e1tricas\" \/>\n<meta property=\"og:description\" content=\"El Centro M\u00e9dico Recoletas La Marquesina (CLM) ha incorporado un \u00e1rea con m\u00e1s de diez de subespecialidades pedi\u00e1tricas, integrado en el Servicio de Pediatr\u00eda del Hospital Recoletas Campo Grande. Concretamente, las instalaciones de CLM acoger\u00e1n Pediatr\u00eda general, Nefrolog\u00eda infantil, Alergolog\u00eda infantil, Cirug\u00eda pedi\u00e1trica, Medicina de la adolescencia, Digestivo infantil, Rehabilitaci\u00f3n infantil, Endocrinolog\u00eda infantil, Traumatolog\u00eda infantil [&hellip;]\" \/>\n<meta property=\"og:url\" content=\"https:\/\/www.gruporecoletas.com\/noticias\/el-centro-medico-recoletas-la-marquesina-incorpora-un-area-de-especialidades-pediatricas\/\" \/>\n<meta property=\"og:site_name\" content=\"Noticias Grupo Recoletas\" \/>\n<meta property=\"article:publisher\" content=\"https:\/\/www.facebook.com\/GrupoRecoletas\/\" \/>\n<meta property=\"article:published_time\" content=\"2020-01-28T10:09:44+00:00\" \/>\n<meta property=\"article:modified_time\" content=\"2020-01-30T15:51:58+00:00\" \/>\n<meta property=\"og:image\" content=\"https:\/\/www.gruporecoletas.com\/noticias\/wp-content\/uploads\/2020\/01\/CLM.jpg\" \/>\n\t<meta property=\"og:image:width\" content=\"900\" \/>\n\t<meta property=\"og:image:height\" content=\"600\" \/>\n\t<meta property=\"og:image:type\" content=\"image\/jpeg\" \/>\n<meta name=\"author\" content=\"Recoletas Red Hospitalaria\" \/>\n<meta name=\"twitter:card\" content=\"summary_large_image\" \/>\n<meta name=\"twitter:creator\" content=\"@GrupoRecoletas\" \/>\n<meta name=\"twitter:site\" content=\"@GrupoRecoletas\" \/>\n<meta name=\"twitter:label1\" content=\"Escrito por\" \/>\n\t<meta name=\"twitter:data1\" content=\"Recoletas Red Hospitalaria\" \/>\n\t<meta name=\"twitter:label2\" content=\"Tiempo de lectura\" \/>\n\t<meta name=\"twitter:data2\" content=\"2 minutos\" \/>\n<script type=\"application\/ld+json\" class=\"yoast-schema-graph\">{\"@context\":\"https:\\\/\\\/schema.org\",\"@graph\":[{\"@type\":\"Article\",\"@id\":\"https:\\\/\\\/www.gruporecoletas.com\\\/noticias\\\/el-centro-medico-recoletas-la-marquesina-incorpora-un-area-de-especialidades-pediatricas\\\/#article\",\"isPartOf\":{\"@id\":\"https:\\\/\\\/www.gruporecoletas.com\\\/noticias\\\/el-centro-medico-recoletas-la-marquesina-incorpora-un-area-de-especialidades-pediatricas\\\/\"},\"author\":{\"name\":\"Recoletas Red Hospitalaria\",\"@id\":\"https:\\\/\\\/www.gruporecoletas.com\\\/noticias\\\/#\\\/schema\\\/person\\\/3c6ac429828d1f5e3d3bd99f4da9b02c\"},\"headline\":\"El Centro M\u00e9dico Recoletas La Marquesina incorpora un \u00e1rea de especialidades pedi\u00e1tricas\",\"datePublished\":\"2020-01-28T10:09:44+00:00\",\"dateModified\":\"2020-01-30T15:51:58+00:00\",\"mainEntityOfPage\":{\"@id\":\"https:\\\/\\\/www.gruporecoletas.com\\\/noticias\\\/el-centro-medico-recoletas-la-marquesina-incorpora-un-area-de-especialidades-pediatricas\\\/\"},\"wordCount\":403,\"image\":{\"@id\":\"https:\\\/\\\/www.gruporecoletas.com\\\/noticias\\\/el-centro-medico-recoletas-la-marquesina-incorpora-un-area-de-especialidades-pediatricas\\\/#primaryimage\"},\"thumbnailUrl\":\"https:\\\/\\\/www.gruporecoletas.com\\\/noticias\\\/wp-content\\\/uploads\\\/2020\\\/01\\\/CLM.jpg\",\"articleSection\":[\"HRCG\",\"Valladolid\"],\"inLanguage\":\"es\"},{\"@type\":\"WebPage\",\"@id\":\"https:\\\/\\\/www.gruporecoletas.com\\\/noticias\\\/el-centro-medico-recoletas-la-marquesina-incorpora-un-area-de-especialidades-pediatricas\\\/\",\"url\":\"https:\\\/\\\/www.gruporecoletas.com\\\/noticias\\\/el-centro-medico-recoletas-la-marquesina-incorpora-un-area-de-especialidades-pediatricas\\\/\",\"name\":\"El Centro M\u00e9dico Recoletas La Marquesina incorpora un \u00e1rea de especialidades pedi\u00e1tricas - Noticias Grupo Recoletas\",\"isPartOf\":{\"@id\":\"https:\\\/\\\/www.gruporecoletas.com\\\/noticias\\\/#website\"},\"primaryImageOfPage\":{\"@id\":\"https:\\\/\\\/www.gruporecoletas.com\\\/noticias\\\/el-centro-medico-recoletas-la-marquesina-incorpora-un-area-de-especialidades-pediatricas\\\/#primaryimage\"},\"image\":{\"@id\":\"https:\\\/\\\/www.gruporecoletas.com\\\/noticias\\\/el-centro-medico-recoletas-la-marquesina-incorpora-un-area-de-especialidades-pediatricas\\\/#primaryimage\"},\"thumbnailUrl\":\"https:\\\/\\\/www.gruporecoletas.com\\\/noticias\\\/wp-content\\\/uploads\\\/2020\\\/01\\\/CLM.jpg\",\"datePublished\":\"2020-01-28T10:09:44+00:00\",\"dateModified\":\"2020-01-30T15:51:58+00:00\",\"author\":{\"@id\":\"https:\\\/\\\/www.gruporecoletas.com\\\/noticias\\\/#\\\/schema\\\/person\\\/3c6ac429828d1f5e3d3bd99f4da9b02c\"},\"breadcrumb\":{\"@id\":\"https:\\\/\\\/www.gruporecoletas.com\\\/noticias\\\/el-centro-medico-recoletas-la-marquesina-incorpora-un-area-de-especialidades-pediatricas\\\/#breadcrumb\"},\"inLanguage\":\"es\",\"potentialAction\":[{\"@type\":\"ReadAction\",\"target\":[\"https:\\\/\\\/www.gruporecoletas.com\\\/noticias\\\/el-centro-medico-recoletas-la-marquesina-incorpora-un-area-de-especialidades-pediatricas\\\/\"]}]},{\"@type\":\"ImageObject\",\"inLanguage\":\"es\",\"@id\":\"https:\\\/\\\/www.gruporecoletas.com\\\/noticias\\\/el-centro-medico-recoletas-la-marquesina-incorpora-un-area-de-especialidades-pediatricas\\\/#primaryimage\",\"url\":\"https:\\\/\\\/www.gruporecoletas.com\\\/noticias\\\/wp-content\\\/uploads\\\/2020\\\/01\\\/CLM.jpg\",\"contentUrl\":\"https:\\\/\\\/www.gruporecoletas.com\\\/noticias\\\/wp-content\\\/uploads\\\/2020\\\/01\\\/CLM.jpg\",\"width\":900,\"height\":600},{\"@type\":\"BreadcrumbList\",\"@id\":\"https:\\\/\\\/www.gruporecoletas.com\\\/noticias\\\/el-centro-medico-recoletas-la-marquesina-incorpora-un-area-de-especialidades-pediatricas\\\/#breadcrumb\",\"itemListElement\":[{\"@type\":\"ListItem\",\"position\":1,\"name\":\"Portada\",\"item\":\"https:\\\/\\\/www.gruporecoletas.com\\\/noticias\\\/\"},{\"@type\":\"ListItem\",\"position\":2,\"name\":\"El Centro M\u00e9dico Recoletas La Marquesina incorpora un \u00e1rea de especialidades pedi\u00e1tricas\"}]},{\"@type\":\"WebSite\",\"@id\":\"https:\\\/\\\/www.gruporecoletas.com\\\/noticias\\\/#website\",\"url\":\"https:\\\/\\\/www.gruporecoletas.com\\\/noticias\\\/\",\"name\":\"Noticias Grupo Recoletas\",\"description\":\"Grupo Recoletas\",\"potentialAction\":[{\"@type\":\"SearchAction\",\"target\":{\"@type\":\"EntryPoint\",\"urlTemplate\":\"https:\\\/\\\/www.gruporecoletas.com\\\/noticias\\\/?s={search_term_string}\"},\"query-input\":{\"@type\":\"PropertyValueSpecification\",\"valueRequired\":true,\"valueName\":\"search_term_string\"}}],\"inLanguage\":\"es\"},{\"@type\":\"Person\",\"@id\":\"https:\\\/\\\/www.gruporecoletas.com\\\/noticias\\\/#\\\/schema\\\/person\\\/3c6ac429828d1f5e3d3bd99f4da9b02c\",\"name\":\"Recoletas Red Hospitalaria\",\"url\":\"https:\\\/\\\/www.gruporecoletas.com\\\/noticias\\\/author\\\/comunicacion\\\/\"}]}<\/script>\n<!-- \/ Yoast SEO Premium plugin. -->","yoast_head_json":{"title":"El Centro M\u00e9dico Recoletas La Marquesina incorpora un \u00e1rea de especialidades pedi\u00e1tricas - Noticias Grupo Recoletas","robots":{"index":"index","follow":"follow","max-snippet":"max-snippet:-1","max-image-preview":"max-image-preview:large","max-video-preview":"max-video-preview:-1"},"canonical":"https:\/\/www.gruporecoletas.com\/noticias\/el-centro-medico-recoletas-la-marquesina-incorpora-un-area-de-especialidades-pediatricas\/","og_locale":"es_ES","og_type":"article","og_title":"El Centro M\u00e9dico Recoletas La Marquesina incorpora un \u00e1rea de especialidades pedi\u00e1tricas","og_description":"El Centro M\u00e9dico Recoletas La Marquesina (CLM) ha incorporado un \u00e1rea con m\u00e1s de diez de subespecialidades pedi\u00e1tricas, integrado en el Servicio de Pediatr\u00eda del Hospital Recoletas Campo Grande. Concretamente, las instalaciones de CLM acoger\u00e1n Pediatr\u00eda general, Nefrolog\u00eda infantil, Alergolog\u00eda infantil, Cirug\u00eda pedi\u00e1trica, Medicina de la adolescencia, Digestivo infantil, Rehabilitaci\u00f3n infantil, Endocrinolog\u00eda infantil, Traumatolog\u00eda infantil [&hellip;]","og_url":"https:\/\/www.gruporecoletas.com\/noticias\/el-centro-medico-recoletas-la-marquesina-incorpora-un-area-de-especialidades-pediatricas\/","og_site_name":"Noticias Grupo Recoletas","article_publisher":"https:\/\/www.facebook.com\/GrupoRecoletas\/","article_published_time":"2020-01-28T10:09:44+00:00","article_modified_time":"2020-01-30T15:51:58+00:00","og_image":[{"width":900,"height":600,"url":"https:\/\/www.gruporecoletas.com\/noticias\/wp-content\/uploads\/2020\/01\/CLM.jpg","type":"image\/jpeg"}],"author":"Recoletas Red Hospitalaria","twitter_card":"summary_large_image","twitter_creator":"@GrupoRecoletas","twitter_site":"@GrupoRecoletas","twitter_misc":{"Escrito por":"Recoletas Red Hospitalaria","Tiempo de lectura":"2 minutos"},"schema":{"@context":"https:\/\/schema.org","@graph":[{"@type":"Article","@id":"https:\/\/www.gruporecoletas.com\/noticias\/el-centro-medico-recoletas-la-marquesina-incorpora-un-area-de-especialidades-pediatricas\/#article","isPartOf":{"@id":"https:\/\/www.gruporecoletas.com\/noticias\/el-centro-medico-recoletas-la-marquesina-incorpora-un-area-de-especialidades-pediatricas\/"},"author":{"name":"Recoletas Red Hospitalaria","@id":"https:\/\/www.gruporecoletas.com\/noticias\/#\/schema\/person\/3c6ac429828d1f5e3d3bd99f4da9b02c"},"headline":"El Centro M\u00e9dico Recoletas La Marquesina incorpora un \u00e1rea de especialidades pedi\u00e1tricas","datePublished":"2020-01-28T10:09:44+00:00","dateModified":"2020-01-30T15:51:58+00:00","mainEntityOfPage":{"@id":"https:\/\/www.gruporecoletas.com\/noticias\/el-centro-medico-recoletas-la-marquesina-incorpora-un-area-de-especialidades-pediatricas\/"},"wordCount":403,"image":{"@id":"https:\/\/www.gruporecoletas.com\/noticias\/el-centro-medico-recoletas-la-marquesina-incorpora-un-area-de-especialidades-pediatricas\/#primaryimage"},"thumbnailUrl":"https:\/\/www.gruporecoletas.com\/noticias\/wp-content\/uploads\/2020\/01\/CLM.jpg","articleSection":["HRCG","Valladolid"],"inLanguage":"es"},{"@type":"WebPage","@id":"https:\/\/www.gruporecoletas.com\/noticias\/el-centro-medico-recoletas-la-marquesina-incorpora-un-area-de-especialidades-pediatricas\/","url":"https:\/\/www.gruporecoletas.com\/noticias\/el-centro-medico-recoletas-la-marquesina-incorpora-un-area-de-especialidades-pediatricas\/","name":"El Centro M\u00e9dico Recoletas La Marquesina incorpora un \u00e1rea de especialidades pedi\u00e1tricas - Noticias Grupo Recoletas","isPartOf":{"@id":"https:\/\/www.gruporecoletas.com\/noticias\/#website"},"primaryImageOfPage":{"@id":"https:\/\/www.gruporecoletas.com\/noticias\/el-centro-medico-recoletas-la-marquesina-incorpora-un-area-de-especialidades-pediatricas\/#primaryimage"},"image":{"@id":"https:\/\/www.gruporecoletas.com\/noticias\/el-centro-medico-recoletas-la-marquesina-incorpora-un-area-de-especialidades-pediatricas\/#primaryimage"},"thumbnailUrl":"https:\/\/www.gruporecoletas.com\/noticias\/wp-content\/uploads\/2020\/01\/CLM.jpg","datePublished":"2020-01-28T10:09:44+00:00","dateModified":"2020-01-30T15:51:58+00:00","author":{"@id":"https:\/\/www.gruporecoletas.com\/noticias\/#\/schema\/person\/3c6ac429828d1f5e3d3bd99f4da9b02c"},"breadcrumb":{"@id":"https:\/\/www.gruporecoletas.com\/noticias\/el-centro-medico-recoletas-la-marquesina-incorpora-un-area-de-especialidades-pediatricas\/#breadcrumb"},"inLanguage":"es","potentialAction":[{"@type":"ReadAction","target":["https:\/\/www.gruporecoletas.com\/noticias\/el-centro-medico-recoletas-la-marquesina-incorpora-un-area-de-especialidades-pediatricas\/"]}]},{"@type":"ImageObject","inLanguage":"es","@id":"https:\/\/www.gruporecoletas.com\/noticias\/el-centro-medico-recoletas-la-marquesina-incorpora-un-area-de-especialidades-pediatricas\/#primaryimage","url":"https:\/\/www.gruporecoletas.com\/noticias\/wp-content\/uploads\/2020\/01\/CLM.jpg","contentUrl":"https:\/\/www.gruporecoletas.com\/noticias\/wp-content\/uploads\/2020\/01\/CLM.jpg","width":900,"height":600},{"@type":"BreadcrumbList","@id":"https:\/\/www.gruporecoletas.com\/noticias\/el-centro-medico-recoletas-la-marquesina-incorpora-un-area-de-especialidades-pediatricas\/#breadcrumb","itemListElement":[{"@type":"ListItem","position":1,"name":"Portada","item":"https:\/\/www.gruporecoletas.com\/noticias\/"},{"@type":"ListItem","position":2,"name":"El Centro M\u00e9dico Recoletas La Marquesina incorpora un \u00e1rea de especialidades pedi\u00e1tricas"}]},{"@type":"WebSite","@id":"https:\/\/www.gruporecoletas.com\/noticias\/#website","url":"https:\/\/www.gruporecoletas.com\/noticias\/","name":"Noticias Grupo Recoletas","description":"Grupo Recoletas","potentialAction":[{"@type":"SearchAction","target":{"@type":"EntryPoint","urlTemplate":"https:\/\/www.gruporecoletas.com\/noticias\/?s={search_term_string}"},"query-input":{"@type":"PropertyValueSpecification","valueRequired":true,"valueName":"search_term_string"}}],"inLanguage":"es"},{"@type":"Person","@id":"https:\/\/www.gruporecoletas.com\/noticias\/#\/schema\/person\/3c6ac429828d1f5e3d3bd99f4da9b02c","name":"Recoletas Red Hospitalaria","url":"https:\/\/www.gruporecoletas.com\/noticias\/author\/comunicacion\/"}]}},"_links":{"self":[{"href":"https:\/\/www.gruporecoletas.com\/noticias\/wp-json\/wp\/v2\/posts\/13191","targetHints":{"allow":["GET"]}}],"collection":[{"href":"https:\/\/www.gruporecoletas.com\/noticias\/wp-json\/wp\/v2\/posts"}],"about":[{"href":"https:\/\/www.gruporecoletas.com\/noticias\/wp-json\/wp\/v2\/types\/post"}],"author":[{"embeddable":true,"href":"https:\/\/www.gruporecoletas.com\/noticias\/wp-json\/wp\/v2\/users\/2"}],"replies":[{"embeddable":true,"href":"https:\/\/www.gruporecoletas.com\/noticias\/wp-json\/wp\/v2\/comments?post=13191"}],"version-history":[{"count":2,"href":"https:\/\/www.gruporecoletas.com\/noticias\/wp-json\/wp\/v2\/posts\/13191\/revisions"}],"predecessor-version":[{"id":13208,"href":"https:\/\/www.gruporecoletas.com\/noticias\/wp-json\/wp\/v2\/posts\/13191\/revisions\/13208"}],"wp:featuredmedia":[{"embeddable":true,"href":"https:\/\/www.gruporecoletas.com\/noticias\/wp-json\/wp\/v2\/media\/13192"}],"wp:attachment":[{"href":"https:\/\/www.gruporecoletas.com\/noticias\/wp-json\/wp\/v2\/media?parent=13191"}],"wp:term":[{"taxonomy":"category","embeddable":true,"href":"https:\/\/www.gruporecoletas.com\/noticias\/wp-json\/wp\/v2\/categories?post=13191"},{"taxonomy":"post_tag","embeddable":true,"href":"https:\/\/www.gruporecoletas.com\/noticias\/wp-json\/wp\/v2\/tags?post=13191"}],"curies":[{"name":"wp","href":"https:\/\/api.w.org\/{rel}","templated":true}]}}