{"id":13294,"date":"2020-03-25T16:37:31","date_gmt":"2020-03-25T16:37:31","guid":{"rendered":"https:\/\/www.gruporecoletas.com\/noticias\/?p=13294"},"modified":"2020-03-25T16:37:32","modified_gmt":"2020-03-25T16:37:32","slug":"recoletas-informa-el-hospital-recoletas-campo-grande-no-se-plantea-la-realizacion-de-un-erte","status":"publish","type":"post","link":"https:\/\/www.gruporecoletas.com\/noticias\/recoletas-informa-el-hospital-recoletas-campo-grande-no-se-plantea-la-realizacion-de-un-erte\/","title":{"rendered":"Recoletas Informa: El Hospital Recoletas Campo Grande no se plantea la realizaci\u00f3n de un ERTE"},"content":{"rendered":"\n<p>El sindicato de Enfermer\u00eda de Valladolid <strong>SATSE distribuy\u00f3 ayer un comunicado, del que algunos medios se han hecho eco sin dirigirse a Recoletas para contrastar la informaci\u00f3n<\/strong> ni darnos la opci\u00f3n de trasladarles nuestra posici\u00f3n, en el que muestra su sorpresa por el acuerdo alcanzado por el Hospital Recoletas Campo Grande con los representantes de sus trabajadores, comenta el acuerdo suscrito en dos renglones para pasar a continuaci\u00f3n a <strong>verter una serie de conclusiones err\u00f3neas y tergiversadas sobre las intenciones del acuerdo<\/strong>, sus causas y su oportunidad, emitiendo opiniones sobre el funcionamiento del Hospital equivocadas, lejos de la realidad \u00a0y con el \u00e1nimo de desprestigiarlo.<\/p>\n\n\n\n<p>Por supuesto, <strong>SATSE, en ning\u00fan momento, antes de emitir y distribuir este comunicado, se ha dirigido al Comit\u00e9 de Empresa del Hospital Recoletas Campo Grande para informarse<\/strong> sobre el acuerdo alcanzado, tampoco a la Gerencia del Hospital. Adem\u00e1s, en ning\u00fan momento ha comunicado al Comit\u00e9 de Empresa sus intenciones de emitir este comunicado.<\/p>\n\n\n\n<p><em><strong>Ante tal atropello nos vemos obligados a manifestar lo siguiente<\/strong>:<\/em><\/p>\n\n\n\n<p><strong>El Hospital Recoletas Campo Grande de Valladolid no se ha planteado, en ning\u00fan momento, la realizaci\u00f3n de un ERTE<\/strong> (Expediente de Regulaci\u00f3n Temporal de Empleo) y menos en la actual situaci\u00f3n de crisis sanitaria en la que nos encontramos.<\/p>\n\n\n\n<p>El pasado d\u00eda <strong>15 de marzo<\/strong>, en cumplimiento de lo dispuesto en el escrito recibido de la Consejer\u00eda de Sanidad del Gobierno de Castilla y Le\u00f3n, sobre la activaci\u00f3n del nivel 3, hospitalario, del plan de propuesta asistencial frente a la infecci\u00f3n Coronavirus COVID-19, <strong>procedimos a suspender toda la actividad hospitalaria programada en Recoletas<\/strong>: consultas, actividad quir\u00fargicas, rehabilitaci\u00f3n, pruebas diagn\u00f3sticas\u2026 hasta el d\u00eda 30 de marzo. Esta suspensi\u00f3n temporal redujo desde el d\u00eda 16 la actividad del hospital en un 70%. <\/p>\n\n\n\n<p>Ese mismo d\u00eda <strong>nos pusimos a disposici\u00f3n de los responsables de la Sanidad P\u00fablica en Castilla y Le\u00f3n<\/strong> para establecer los canales de colaboraci\u00f3n plena con la Sanidad P\u00fablica y determinar protocolos y procedimientos a seguir para actuar en plena coordinaci\u00f3n. <\/p>\n\n\n\n<p>Conforme al acuerdo alcanzado, <strong>el Hospital Recoletas Campo Grande se iba a mantener como \u201cHospital Limpio\u201d<\/strong>, para atender pacientes con aseguramiento privado, con necesidades quir\u00fargicas urgentes, y los pacientes que nos pudieran derivar desde los hospitales p\u00fablicos. <\/p>\n\n\n\n<p>Dado que la derivaci\u00f3n de pacientes de la sanidad p\u00fablica no iba a ser inmediata y que posiblemente durante unos d\u00edas, como as\u00ed ha sido, nos \u00edbamos a mantener con una actividad por debajo del 30% de nuestra capacidad, nos propusimos\u00a0<strong>salvaguardar al 100% nuestra capacidad operativa<\/strong>. Ello requer\u00eda acomodar, en la medida de lo posible, la capacidad de nuestro equipo humano a las necesidades que el actual y cambiante d\u00eda a d\u00eda nos exige y nos iba a exigir.<\/p>\n\n\n\n<p>Con este objetivo alcanzamos un acuerdo con el Comit\u00e9 de Empresa del Hospital para establecer un <strong>sistema de distribuci\u00f3n irregular de la jornada de trabajo de los trabajadores del Hospital, estableciendo una bolsa con un m\u00e1ximo de 280 horas<\/strong>, que permite adaptar parte de la jornada de sus trabajadores, de manera que se puedan corregir desajustes organizativos y productivos en funci\u00f3n de las necesidades que se vayan presentando en cada momento.<\/p>\n\n\n\n<p>Con esta medida \u00a0se establece un sistema de <strong>c\u00f3mputo de horas, trabajadas y no trabajadas, durante este periodo de crisis sanitaria <\/strong>en c\u00f3mputo de jornada anual, creando saldos positivos y negativos de horas por trabajador que se van compensando hasta el 2022. <\/p>\n\n\n\n<p>Este sistema permite adem\u00e1s, a cada trabajador, en estos momentos tan inciertos, <strong>adaptarse con m\u00e1s facilidad a sus responsabilidades familiares y profesionales<\/strong>.<\/p>\n\n\n\n<p>El objetivo de ambas partes al alcanzar el acuerdo, del que ambos Comit\u00e9 de Empresa y Hospital Recoletas Campo Grande nos sentimos muy satisfechos, no es otro que <strong>adecuar la tarea de cada trabajador a la situaci\u00f3n personal y profesional de cada d\u00eda y conseguir una mayor flexibilidad organizativa<\/strong>, mayor eficiencia laboral y una mejor ejecuci\u00f3n y desarrollo de la actividad, adaptada a las necesidades que cada d\u00eda tengamos que afrontar.<\/p>\n\n\n\n<p>Recoletas Red Hospitalaria, como el resto de agentes de la Sanidad P\u00fablica y Privada, se encuentra trabajando para vencer al COVID-19, <strong>poniendo todos sus recursos asistenciales y organizativos a disposici\u00f3n de la autoridad sanitaria competente<\/strong> tal y como se ha decretado en el Estado de Alarma.<\/p>\n\n\n\n<p><strong>Nuestros m\u00e1s de 1.100 trabajadores se mantienen en sus puestos de trabajo conscientes de la situaci\u00f3n que estamos viviendo<\/strong> y de la importancia de la profesionalidad y la entrega de cada uno para alcanzar el objetivo com\u00fan se superar la situaci\u00f3n en la que esta pandemia nos ha situado.<\/p>\n\n\n\n<p>A d\u00eda de hoy <strong>nuestros hospitales contin\u00faan recibiendo pacientes que nos derivan de la sanidad p\u00fablica<\/strong>, sin alcanzar todav\u00eda, salvo excepciones, nuestra plena capacidad.<\/p>\n\n\n\n<p>Nuestro sincero <strong>agradecimiento a todos nuestros equipos por el esfuerzo, la entrega, la profesionalidad y la humanidad<\/strong> de la que est\u00e1n haciendo gala.<\/p>\n","protected":false},"excerpt":{"rendered":"<p>El sindicato de Enfermer\u00eda de Valladolid SATSE distribuy\u00f3 ayer un comunicado, del que algunos medios se han hecho eco sin dirigirse a Recoletas para contrastar la informaci\u00f3n ni darnos la opci\u00f3n de trasladarles nuestra posici\u00f3n, en el que muestra su sorpresa por el acuerdo alcanzado por el Hospital Recoletas Campo Grande con los representantes de [&hellip;]<\/p>\n","protected":false},"author":2,"featured_media":13295,"comment_status":"closed","ping_status":"closed","sticky":false,"template":"","format":"standard","meta":{"_acf_changed":false,"footnotes":""},"categories":[2,4],"tags":[],"class_list":["post-13294","post","type-post","status-publish","format-standard","has-post-thumbnail","hentry","category-hrcg","category-valladolid"],"acf":[],"yoast_head":"<!-- This site is optimized with the Yoast SEO Premium plugin v27.3 (Yoast SEO v27.3) - https:\/\/yoast.com\/product\/yoast-seo-premium-wordpress\/ -->\n<title>Recoletas Informa: El Hospital Recoletas Campo Grande no se plantea la realizaci\u00f3n de un ERTE - Noticias Grupo Recoletas<\/title>\n<meta name=\"robots\" content=\"index, follow, max-snippet:-1, max-image-preview:large, max-video-preview:-1\" \/>\n<link rel=\"canonical\" href=\"https:\/\/www.gruporecoletas.com\/noticias\/recoletas-informa-el-hospital-recoletas-campo-grande-no-se-plantea-la-realizacion-de-un-erte\/\" \/>\n<meta property=\"og:locale\" content=\"es_ES\" \/>\n<meta property=\"og:type\" content=\"article\" \/>\n<meta property=\"og:title\" content=\"Recoletas Informa: El Hospital Recoletas Campo Grande no se plantea la realizaci\u00f3n de un ERTE\" \/>\n<meta property=\"og:description\" content=\"El sindicato de Enfermer\u00eda de Valladolid SATSE distribuy\u00f3 ayer un comunicado, del que algunos medios se han hecho eco sin dirigirse a Recoletas para contrastar la informaci\u00f3n ni darnos la opci\u00f3n de trasladarles nuestra posici\u00f3n, en el que muestra su sorpresa por el acuerdo alcanzado por el Hospital Recoletas Campo Grande con los representantes de [&hellip;]\" \/>\n<meta property=\"og:url\" content=\"https:\/\/www.gruporecoletas.com\/noticias\/recoletas-informa-el-hospital-recoletas-campo-grande-no-se-plantea-la-realizacion-de-un-erte\/\" \/>\n<meta property=\"og:site_name\" content=\"Noticias Grupo Recoletas\" \/>\n<meta property=\"article:publisher\" content=\"https:\/\/www.facebook.com\/GrupoRecoletas\/\" \/>\n<meta property=\"article:published_time\" content=\"2020-03-25T16:37:31+00:00\" \/>\n<meta property=\"article:modified_time\" content=\"2020-03-25T16:37:32+00:00\" \/>\n<meta property=\"og:image\" content=\"https:\/\/www.gruporecoletas.com\/noticias\/wp-content\/uploads\/2020\/03\/recoletas-informa.jpg\" \/>\n\t<meta property=\"og:image:width\" content=\"900\" \/>\n\t<meta property=\"og:image:height\" content=\"600\" \/>\n\t<meta property=\"og:image:type\" content=\"image\/jpeg\" \/>\n<meta name=\"author\" content=\"Recoletas Red Hospitalaria\" \/>\n<meta name=\"twitter:card\" content=\"summary_large_image\" \/>\n<meta name=\"twitter:creator\" content=\"@GrupoRecoletas\" \/>\n<meta name=\"twitter:site\" content=\"@GrupoRecoletas\" \/>\n<meta name=\"twitter:label1\" content=\"Escrito por\" \/>\n\t<meta name=\"twitter:data1\" content=\"Recoletas Red Hospitalaria\" \/>\n\t<meta name=\"twitter:label2\" content=\"Tiempo de lectura\" \/>\n\t<meta name=\"twitter:data2\" content=\"4 minutos\" \/>\n<script type=\"application\/ld+json\" class=\"yoast-schema-graph\">{\"@context\":\"https:\\\/\\\/schema.org\",\"@graph\":[{\"@type\":\"Article\",\"@id\":\"https:\\\/\\\/www.gruporecoletas.com\\\/noticias\\\/recoletas-informa-el-hospital-recoletas-campo-grande-no-se-plantea-la-realizacion-de-un-erte\\\/#article\",\"isPartOf\":{\"@id\":\"https:\\\/\\\/www.gruporecoletas.com\\\/noticias\\\/recoletas-informa-el-hospital-recoletas-campo-grande-no-se-plantea-la-realizacion-de-un-erte\\\/\"},\"author\":{\"name\":\"Recoletas Red Hospitalaria\",\"@id\":\"https:\\\/\\\/www.gruporecoletas.com\\\/noticias\\\/#\\\/schema\\\/person\\\/3c6ac429828d1f5e3d3bd99f4da9b02c\"},\"headline\":\"Recoletas Informa: El Hospital Recoletas Campo Grande no se plantea la realizaci\u00f3n de un ERTE\",\"datePublished\":\"2020-03-25T16:37:31+00:00\",\"dateModified\":\"2020-03-25T16:37:32+00:00\",\"mainEntityOfPage\":{\"@id\":\"https:\\\/\\\/www.gruporecoletas.com\\\/noticias\\\/recoletas-informa-el-hospital-recoletas-campo-grande-no-se-plantea-la-realizacion-de-un-erte\\\/\"},\"wordCount\":861,\"image\":{\"@id\":\"https:\\\/\\\/www.gruporecoletas.com\\\/noticias\\\/recoletas-informa-el-hospital-recoletas-campo-grande-no-se-plantea-la-realizacion-de-un-erte\\\/#primaryimage\"},\"thumbnailUrl\":\"https:\\\/\\\/www.gruporecoletas.com\\\/noticias\\\/wp-content\\\/uploads\\\/2020\\\/03\\\/recoletas-informa.jpg\",\"articleSection\":[\"HRCG\",\"Valladolid\"],\"inLanguage\":\"es\"},{\"@type\":\"WebPage\",\"@id\":\"https:\\\/\\\/www.gruporecoletas.com\\\/noticias\\\/recoletas-informa-el-hospital-recoletas-campo-grande-no-se-plantea-la-realizacion-de-un-erte\\\/\",\"url\":\"https:\\\/\\\/www.gruporecoletas.com\\\/noticias\\\/recoletas-informa-el-hospital-recoletas-campo-grande-no-se-plantea-la-realizacion-de-un-erte\\\/\",\"name\":\"Recoletas Informa: El Hospital Recoletas Campo Grande no se plantea la realizaci\u00f3n de un ERTE - Noticias Grupo Recoletas\",\"isPartOf\":{\"@id\":\"https:\\\/\\\/www.gruporecoletas.com\\\/noticias\\\/#website\"},\"primaryImageOfPage\":{\"@id\":\"https:\\\/\\\/www.gruporecoletas.com\\\/noticias\\\/recoletas-informa-el-hospital-recoletas-campo-grande-no-se-plantea-la-realizacion-de-un-erte\\\/#primaryimage\"},\"image\":{\"@id\":\"https:\\\/\\\/www.gruporecoletas.com\\\/noticias\\\/recoletas-informa-el-hospital-recoletas-campo-grande-no-se-plantea-la-realizacion-de-un-erte\\\/#primaryimage\"},\"thumbnailUrl\":\"https:\\\/\\\/www.gruporecoletas.com\\\/noticias\\\/wp-content\\\/uploads\\\/2020\\\/03\\\/recoletas-informa.jpg\",\"datePublished\":\"2020-03-25T16:37:31+00:00\",\"dateModified\":\"2020-03-25T16:37:32+00:00\",\"author\":{\"@id\":\"https:\\\/\\\/www.gruporecoletas.com\\\/noticias\\\/#\\\/schema\\\/person\\\/3c6ac429828d1f5e3d3bd99f4da9b02c\"},\"breadcrumb\":{\"@id\":\"https:\\\/\\\/www.gruporecoletas.com\\\/noticias\\\/recoletas-informa-el-hospital-recoletas-campo-grande-no-se-plantea-la-realizacion-de-un-erte\\\/#breadcrumb\"},\"inLanguage\":\"es\",\"potentialAction\":[{\"@type\":\"ReadAction\",\"target\":[\"https:\\\/\\\/www.gruporecoletas.com\\\/noticias\\\/recoletas-informa-el-hospital-recoletas-campo-grande-no-se-plantea-la-realizacion-de-un-erte\\\/\"]}]},{\"@type\":\"ImageObject\",\"inLanguage\":\"es\",\"@id\":\"https:\\\/\\\/www.gruporecoletas.com\\\/noticias\\\/recoletas-informa-el-hospital-recoletas-campo-grande-no-se-plantea-la-realizacion-de-un-erte\\\/#primaryimage\",\"url\":\"https:\\\/\\\/www.gruporecoletas.com\\\/noticias\\\/wp-content\\\/uploads\\\/2020\\\/03\\\/recoletas-informa.jpg\",\"contentUrl\":\"https:\\\/\\\/www.gruporecoletas.com\\\/noticias\\\/wp-content\\\/uploads\\\/2020\\\/03\\\/recoletas-informa.jpg\",\"width\":900,\"height\":600},{\"@type\":\"BreadcrumbList\",\"@id\":\"https:\\\/\\\/www.gruporecoletas.com\\\/noticias\\\/recoletas-informa-el-hospital-recoletas-campo-grande-no-se-plantea-la-realizacion-de-un-erte\\\/#breadcrumb\",\"itemListElement\":[{\"@type\":\"ListItem\",\"position\":1,\"name\":\"Portada\",\"item\":\"https:\\\/\\\/www.gruporecoletas.com\\\/noticias\\\/\"},{\"@type\":\"ListItem\",\"position\":2,\"name\":\"Recoletas Informa: El Hospital Recoletas Campo Grande no se plantea la realizaci\u00f3n de un ERTE\"}]},{\"@type\":\"WebSite\",\"@id\":\"https:\\\/\\\/www.gruporecoletas.com\\\/noticias\\\/#website\",\"url\":\"https:\\\/\\\/www.gruporecoletas.com\\\/noticias\\\/\",\"name\":\"Noticias Grupo Recoletas\",\"description\":\"Grupo Recoletas\",\"potentialAction\":[{\"@type\":\"SearchAction\",\"target\":{\"@type\":\"EntryPoint\",\"urlTemplate\":\"https:\\\/\\\/www.gruporecoletas.com\\\/noticias\\\/?s={search_term_string}\"},\"query-input\":{\"@type\":\"PropertyValueSpecification\",\"valueRequired\":true,\"valueName\":\"search_term_string\"}}],\"inLanguage\":\"es\"},{\"@type\":\"Person\",\"@id\":\"https:\\\/\\\/www.gruporecoletas.com\\\/noticias\\\/#\\\/schema\\\/person\\\/3c6ac429828d1f5e3d3bd99f4da9b02c\",\"name\":\"Recoletas Red Hospitalaria\",\"url\":\"https:\\\/\\\/www.gruporecoletas.com\\\/noticias\\\/author\\\/comunicacion\\\/\"}]}<\/script>\n<!-- \/ Yoast SEO Premium plugin. -->","yoast_head_json":{"title":"Recoletas Informa: El Hospital Recoletas Campo Grande no se plantea la realizaci\u00f3n de un ERTE - Noticias Grupo Recoletas","robots":{"index":"index","follow":"follow","max-snippet":"max-snippet:-1","max-image-preview":"max-image-preview:large","max-video-preview":"max-video-preview:-1"},"canonical":"https:\/\/www.gruporecoletas.com\/noticias\/recoletas-informa-el-hospital-recoletas-campo-grande-no-se-plantea-la-realizacion-de-un-erte\/","og_locale":"es_ES","og_type":"article","og_title":"Recoletas Informa: El Hospital Recoletas Campo Grande no se plantea la realizaci\u00f3n de un ERTE","og_description":"El sindicato de Enfermer\u00eda de Valladolid SATSE distribuy\u00f3 ayer un comunicado, del que algunos medios se han hecho eco sin dirigirse a Recoletas para contrastar la informaci\u00f3n ni darnos la opci\u00f3n de trasladarles nuestra posici\u00f3n, en el que muestra su sorpresa por el acuerdo alcanzado por el Hospital Recoletas Campo Grande con los representantes de [&hellip;]","og_url":"https:\/\/www.gruporecoletas.com\/noticias\/recoletas-informa-el-hospital-recoletas-campo-grande-no-se-plantea-la-realizacion-de-un-erte\/","og_site_name":"Noticias Grupo Recoletas","article_publisher":"https:\/\/www.facebook.com\/GrupoRecoletas\/","article_published_time":"2020-03-25T16:37:31+00:00","article_modified_time":"2020-03-25T16:37:32+00:00","og_image":[{"width":900,"height":600,"url":"https:\/\/www.gruporecoletas.com\/noticias\/wp-content\/uploads\/2020\/03\/recoletas-informa.jpg","type":"image\/jpeg"}],"author":"Recoletas Red Hospitalaria","twitter_card":"summary_large_image","twitter_creator":"@GrupoRecoletas","twitter_site":"@GrupoRecoletas","twitter_misc":{"Escrito por":"Recoletas Red Hospitalaria","Tiempo de lectura":"4 minutos"},"schema":{"@context":"https:\/\/schema.org","@graph":[{"@type":"Article","@id":"https:\/\/www.gruporecoletas.com\/noticias\/recoletas-informa-el-hospital-recoletas-campo-grande-no-se-plantea-la-realizacion-de-un-erte\/#article","isPartOf":{"@id":"https:\/\/www.gruporecoletas.com\/noticias\/recoletas-informa-el-hospital-recoletas-campo-grande-no-se-plantea-la-realizacion-de-un-erte\/"},"author":{"name":"Recoletas Red Hospitalaria","@id":"https:\/\/www.gruporecoletas.com\/noticias\/#\/schema\/person\/3c6ac429828d1f5e3d3bd99f4da9b02c"},"headline":"Recoletas Informa: El Hospital Recoletas Campo Grande no se plantea la realizaci\u00f3n de un ERTE","datePublished":"2020-03-25T16:37:31+00:00","dateModified":"2020-03-25T16:37:32+00:00","mainEntityOfPage":{"@id":"https:\/\/www.gruporecoletas.com\/noticias\/recoletas-informa-el-hospital-recoletas-campo-grande-no-se-plantea-la-realizacion-de-un-erte\/"},"wordCount":861,"image":{"@id":"https:\/\/www.gruporecoletas.com\/noticias\/recoletas-informa-el-hospital-recoletas-campo-grande-no-se-plantea-la-realizacion-de-un-erte\/#primaryimage"},"thumbnailUrl":"https:\/\/www.gruporecoletas.com\/noticias\/wp-content\/uploads\/2020\/03\/recoletas-informa.jpg","articleSection":["HRCG","Valladolid"],"inLanguage":"es"},{"@type":"WebPage","@id":"https:\/\/www.gruporecoletas.com\/noticias\/recoletas-informa-el-hospital-recoletas-campo-grande-no-se-plantea-la-realizacion-de-un-erte\/","url":"https:\/\/www.gruporecoletas.com\/noticias\/recoletas-informa-el-hospital-recoletas-campo-grande-no-se-plantea-la-realizacion-de-un-erte\/","name":"Recoletas Informa: El Hospital Recoletas Campo Grande no se plantea la realizaci\u00f3n de un ERTE - Noticias Grupo Recoletas","isPartOf":{"@id":"https:\/\/www.gruporecoletas.com\/noticias\/#website"},"primaryImageOfPage":{"@id":"https:\/\/www.gruporecoletas.com\/noticias\/recoletas-informa-el-hospital-recoletas-campo-grande-no-se-plantea-la-realizacion-de-un-erte\/#primaryimage"},"image":{"@id":"https:\/\/www.gruporecoletas.com\/noticias\/recoletas-informa-el-hospital-recoletas-campo-grande-no-se-plantea-la-realizacion-de-un-erte\/#primaryimage"},"thumbnailUrl":"https:\/\/www.gruporecoletas.com\/noticias\/wp-content\/uploads\/2020\/03\/recoletas-informa.jpg","datePublished":"2020-03-25T16:37:31+00:00","dateModified":"2020-03-25T16:37:32+00:00","author":{"@id":"https:\/\/www.gruporecoletas.com\/noticias\/#\/schema\/person\/3c6ac429828d1f5e3d3bd99f4da9b02c"},"breadcrumb":{"@id":"https:\/\/www.gruporecoletas.com\/noticias\/recoletas-informa-el-hospital-recoletas-campo-grande-no-se-plantea-la-realizacion-de-un-erte\/#breadcrumb"},"inLanguage":"es","potentialAction":[{"@type":"ReadAction","target":["https:\/\/www.gruporecoletas.com\/noticias\/recoletas-informa-el-hospital-recoletas-campo-grande-no-se-plantea-la-realizacion-de-un-erte\/"]}]},{"@type":"ImageObject","inLanguage":"es","@id":"https:\/\/www.gruporecoletas.com\/noticias\/recoletas-informa-el-hospital-recoletas-campo-grande-no-se-plantea-la-realizacion-de-un-erte\/#primaryimage","url":"https:\/\/www.gruporecoletas.com\/noticias\/wp-content\/uploads\/2020\/03\/recoletas-informa.jpg","contentUrl":"https:\/\/www.gruporecoletas.com\/noticias\/wp-content\/uploads\/2020\/03\/recoletas-informa.jpg","width":900,"height":600},{"@type":"BreadcrumbList","@id":"https:\/\/www.gruporecoletas.com\/noticias\/recoletas-informa-el-hospital-recoletas-campo-grande-no-se-plantea-la-realizacion-de-un-erte\/#breadcrumb","itemListElement":[{"@type":"ListItem","position":1,"name":"Portada","item":"https:\/\/www.gruporecoletas.com\/noticias\/"},{"@type":"ListItem","position":2,"name":"Recoletas Informa: El Hospital Recoletas Campo Grande no se plantea la realizaci\u00f3n de un ERTE"}]},{"@type":"WebSite","@id":"https:\/\/www.gruporecoletas.com\/noticias\/#website","url":"https:\/\/www.gruporecoletas.com\/noticias\/","name":"Noticias Grupo Recoletas","description":"Grupo Recoletas","potentialAction":[{"@type":"SearchAction","target":{"@type":"EntryPoint","urlTemplate":"https:\/\/www.gruporecoletas.com\/noticias\/?s={search_term_string}"},"query-input":{"@type":"PropertyValueSpecification","valueRequired":true,"valueName":"search_term_string"}}],"inLanguage":"es"},{"@type":"Person","@id":"https:\/\/www.gruporecoletas.com\/noticias\/#\/schema\/person\/3c6ac429828d1f5e3d3bd99f4da9b02c","name":"Recoletas Red Hospitalaria","url":"https:\/\/www.gruporecoletas.com\/noticias\/author\/comunicacion\/"}]}},"_links":{"self":[{"href":"https:\/\/www.gruporecoletas.com\/noticias\/wp-json\/wp\/v2\/posts\/13294","targetHints":{"allow":["GET"]}}],"collection":[{"href":"https:\/\/www.gruporecoletas.com\/noticias\/wp-json\/wp\/v2\/posts"}],"about":[{"href":"https:\/\/www.gruporecoletas.com\/noticias\/wp-json\/wp\/v2\/types\/post"}],"author":[{"embeddable":true,"href":"https:\/\/www.gruporecoletas.com\/noticias\/wp-json\/wp\/v2\/users\/2"}],"replies":[{"embeddable":true,"href":"https:\/\/www.gruporecoletas.com\/noticias\/wp-json\/wp\/v2\/comments?post=13294"}],"version-history":[{"count":1,"href":"https:\/\/www.gruporecoletas.com\/noticias\/wp-json\/wp\/v2\/posts\/13294\/revisions"}],"predecessor-version":[{"id":13296,"href":"https:\/\/www.gruporecoletas.com\/noticias\/wp-json\/wp\/v2\/posts\/13294\/revisions\/13296"}],"wp:featuredmedia":[{"embeddable":true,"href":"https:\/\/www.gruporecoletas.com\/noticias\/wp-json\/wp\/v2\/media\/13295"}],"wp:attachment":[{"href":"https:\/\/www.gruporecoletas.com\/noticias\/wp-json\/wp\/v2\/media?parent=13294"}],"wp:term":[{"taxonomy":"category","embeddable":true,"href":"https:\/\/www.gruporecoletas.com\/noticias\/wp-json\/wp\/v2\/categories?post=13294"},{"taxonomy":"post_tag","embeddable":true,"href":"https:\/\/www.gruporecoletas.com\/noticias\/wp-json\/wp\/v2\/tags?post=13294"}],"curies":[{"name":"wp","href":"https:\/\/api.w.org\/{rel}","templated":true}]}}