{"id":13348,"date":"2020-04-15T09:42:22","date_gmt":"2020-04-15T09:42:22","guid":{"rendered":"https:\/\/www.gruporecoletas.com\/noticias\/?p=13348"},"modified":"2020-04-15T09:42:24","modified_gmt":"2020-04-15T09:42:24","slug":"como-gestionar-las-emociones-durante-la-cuarentena","status":"publish","type":"post","link":"https:\/\/www.gruporecoletas.com\/noticias\/como-gestionar-las-emociones-durante-la-cuarentena\/","title":{"rendered":"C\u00f3mo gestionar las emociones durante la cuarentena: centra tu energ\u00eda"},"content":{"rendered":"\n<p>La situaci\u00f3n que estamos viviendo nos est\u00e1\nllevando a conocer m\u00e1s sobre nuestros l\u00edmites y emociones y muchas personas han\ndetectado que en ocasiones sus sentimientos les producen cierto malestar y,\nante la sobrecarga de informaci\u00f3n, se ven desorientados para actuar.<\/p>\n\n\n\n<p>En Recoletas, como<a href=\"https:\/\/www.gruporecoletas.com\/\" target=\"_blank\" rel=\"noreferrer noopener\" aria-label=\" (se abre en una nueva pesta\u00f1a)\"> grupo hospitalario de referencia<\/a>, conocemos las emociones y los sentimientos a los que nos enfrentamos ante una situaci\u00f3n de estr\u00e9s producida por el confinamiento durante Covid-19, como tambi\u00e9n, que es posible trabajar para llevar un control de aquellas que te afecten negativamente en tu d\u00eda a d\u00eda. Porque como todo, trabajando y siguiendo ciertas pautas saludables, podemos aprender y saber c\u00f3mo gestionar las emociones durante la cuarentena. \u00a1Vamos a descubrirlo!<\/p>\n\n\n\n<h2 class=\"wp-block-heading\"><strong>Centramos la energ\u00eda en saber c\u00f3mo\ngestionar las emociones<\/strong><\/h2>\n\n\n\n<p>Nuestras vidas han cambiado de manera muy\nrepentina, tanto es as\u00ed, que no hemos tenido tiempo de prepararnos para atender\na la situaci\u00f3n que \u00edbamos a vivir. Es por ello que, lo m\u00e1s normal es que\nsintamos las emociones con un plus de intensidad, pues no estamos acostumbrados\na estar confinados en casa tanto tiempo ni tampoco a tener esa falta de control\nsobre nuestras vidas. <\/p>\n\n\n\n<p>Es importante que tengamos en cuenta que todos\nesos sentimientos son producto de unas circunstancias, y que tenemos que\naprender a hacer frente a ellas (sabiendo que no es nada f\u00e1cil). Nuestra forma\nde responder a la situaci\u00f3n es determinante y avisamos: de \u00e9sta, \u00a1saldremos\nfortalecidos! <\/p>\n\n\n\n<p>Vamos a hacer un repaso por las estrategias que nos ayudar\u00e1n a llevar un control y gesti\u00f3n de las emociones que estamos sintiendo: <\/p>\n\n\n\n<p><strong>Reconocer las emociones<\/strong>: la      identificaci\u00f3n de las emociones es fundamental para saber c\u00f3mo me siento y      aprender a gestionarlo. Aunque en ocasiones sea dif\u00edcil conocer el porqu\u00e9      de un sentimiento, te recomendamos que pares, cierres lo ojos y trates de      escucharte. Para ello, un buen truco es la relajaci\u00f3n y el control de la      respiraci\u00f3n, pues facilita que focalices tu atenci\u00f3n en lo esencial. <\/p>\n\n\n\n<p>Una vez identifiques tus emociones, no te dejes llevar por ellas, comp\u00e1rtelas con las personas que tienes cerca (utiliza herramientas tecnol\u00f3gicas para comunicarte si hiciera falta). Hablar con otras personas sobre c\u00f3mo te sientes, te ayudar\u00e1 a darte cuenta que no est\u00e1s solo\/a, como t\u00fa, muchas personas est\u00e1n en esa misma situaci\u00f3n emocional.<\/p>\n\n\n\n<p><strong>La importancia de una rutina: <\/strong>disponer de un horario y una rutina en tu d\u00eda a d\u00eda te ayudar\u00e1 al      control de las emociones, ya que, mantienes la mente ocupada en tus tareas      y evitas centrarte \u00fanicamente en lo negativo. Un horario de levantarse, de      comidas, de tareas en casa\u2026 Sencillos <em>plannings      <\/em>para que las semanas se hagan m\u00e1s amenas. Tambi\u00e9n es importante que      tengas una buena gesti\u00f3n del sue\u00f1o, pues muchas veces cierto estado de      \u00e1nimo est\u00e1 ligado a la falta de sue\u00f1o. <\/p>\n\n\n\n<p><strong>No te culpabilices, s\u00e9 sensato\/a con tus      posibilidades: <\/strong>echarse la culpa o sentirse mal      por no poder ayudar es muy com\u00fan en esta situaci\u00f3n. La sensaci\u00f3n de que      \u201cestando en casa\u201d no contribuimos ni colaboramos es tan com\u00fan como      incierta. <\/p>\n\n\n\n<p>Estar en casa es el\nmayor gesto que podemos tener para frenar la curva del Covid-19, as\u00ed que, no te\nculpabilices ni alimentes ese sentimiento.<\/p>\n\n\n\n<p>C\u00e9ntrate en lo que puedes hacer y trata de ayuda a las personas que te rodean y te necesiten.<\/p>\n\n\n\n<p><strong>Cuidarse por fuera, se siente por dentro: <\/strong>ya sabes la importancia de una rutina para llevar una buena      gesti\u00f3n de tus emociones, as\u00ed que a\u00f1\u00e1dele realizar algo de ejercicio en      casa y rutinas de ocio. Todo lo que te guste hacer, te provocar\u00e1      sensaciones positivas. Tambi\u00e9n es buen momento para trabajar en \u201clo que      antes no ten\u00edamos tiempo\u201d, aprovechar el confinamiento para cocinar,      pintar, leer, ver nuevas series, meditar\u2026 Es el momento de mimarse y      quererse. \u00a1Adelante!<\/p>\n\n\n\n<p><strong>Desconecta y conecta contigo:<\/strong> evitar la sobreexposici\u00f3n a la informaci\u00f3n es un gran aliado para      dejar de lado los sentimientos negativos. Es importante que est\u00e9s      informado, \u00a1pero ojo! en el momento que sientas que esa informaci\u00f3n afecta      a tu d\u00eda a d\u00eda, para y reflexiona.<\/p>\n\n\n\n<p>Te recomendamos que uses \u00fanicamente fuentes fiables que utilizan informaci\u00f3n contrastada, ya que la desinformaci\u00f3n, puede generar en ti angustia e incertidumbre.<\/p>\n\n\n\n<p><strong>No pierdas el contacto con tus seres queridos:<\/strong> lejos pero m\u00e1s cerca que nunca. Tener a los seres queridos nos      hace sentir mejor con nosotros mismos. Utiliza las herramientas que      tenemos disponibles para hacer llamadas y videollamadas con tus      familiares. Una dosis de energ\u00eda que hace mucho m\u00e1s f\u00e1cil los d\u00edas de      confinamiento, \u00bfverdad?<\/p>\n\n\n\n<p>El contacto social\nes innato a los humanos, \u00a1no lo perdamos nunca!<\/p>\n\n\n\n<p>Si ya has trabajado en la gesti\u00f3n de tus emociones pero tu estado de \u00e1nimo no mejora, es importante que sepas que en muchas ocasiones necesitamos la ayuda de un <a rel=\"noreferrer noopener\" aria-label=\" (se abre en una nueva pesta\u00f1a)\" href=\"https:\/\/www.gruporecoletas.com\/especialidades\/psicologia-clinica\/\" target=\"_blank\">especialista en psicolog\u00eda<\/a> que nos gu\u00ede. Lo importante es tu salud, por ello, no sientas que ponerte en manos de un profesional es una p\u00e9rdida sino todo lo contrario.<\/p>\n\n\n\n<p>Si tienes cualquier duda o consulta,<a href=\"https:\/\/www.gruporecoletas.com\/contacto\/\" target=\"_blank\" rel=\"noreferrer noopener\" aria-label=\" (se abre en una nueva pesta\u00f1a)\"> contacta con nosotros<\/a>, estaremos encantados de ayudarte. <\/p>\n","protected":false},"excerpt":{"rendered":"<p>La situaci\u00f3n que estamos viviendo nos est\u00e1 llevando a conocer m\u00e1s sobre nuestros l\u00edmites y emociones y muchas personas han detectado que en ocasiones sus sentimientos les producen cierto malestar y, ante la sobrecarga de informaci\u00f3n, se ven desorientados para actuar. En Recoletas, como grupo hospitalario de referencia, conocemos las emociones y los sentimientos a [&hellip;]<\/p>\n","protected":false},"author":2,"featured_media":13352,"comment_status":"closed","ping_status":"closed","sticky":false,"template":"","format":"standard","meta":{"_acf_changed":false,"footnotes":""},"categories":[1,42],"tags":[2418,2417,1434],"class_list":["post-13348","post","type-post","status-publish","format-standard","has-post-thumbnail","hentry","category-grupo-recoletas","category-recoletas-salud","tag-emociones","tag-gestion-de-emociones","tag-psicologia-clinica"],"acf":[],"yoast_head":"<!-- This site is optimized with the Yoast SEO Premium plugin v27.3 (Yoast SEO v27.3) - https:\/\/yoast.com\/product\/yoast-seo-premium-wordpress\/ -->\n<title>C\u00f3mo gestionar las emociones durante la cuarentena: centra tu energ\u00eda - Noticias Grupo Recoletas<\/title>\n<meta name=\"description\" content=\"Son tiempos dif\u00edciles, vivimos una situaci\u00f3n para la que no nos hab\u00edamos preparado. Aqu\u00ed encontrar\u00e9is c\u00f3mo gestionar las emociones durante la cuarentena..\" \/>\n<meta name=\"robots\" content=\"index, follow, max-snippet:-1, max-image-preview:large, max-video-preview:-1\" \/>\n<link rel=\"canonical\" href=\"https:\/\/www.gruporecoletas.com\/noticias\/como-gestionar-las-emociones-durante-la-cuarentena\/\" \/>\n<meta property=\"og:locale\" content=\"es_ES\" \/>\n<meta property=\"og:type\" content=\"article\" \/>\n<meta property=\"og:title\" content=\"C\u00f3mo gestionar las emociones durante la cuarentena: centra tu energ\u00eda\" \/>\n<meta property=\"og:description\" content=\"Son tiempos dif\u00edciles, vivimos una situaci\u00f3n para la que no nos hab\u00edamos preparado. Aqu\u00ed encontrar\u00e9is c\u00f3mo gestionar las emociones durante la cuarentena..\" \/>\n<meta property=\"og:url\" content=\"https:\/\/www.gruporecoletas.com\/noticias\/como-gestionar-las-emociones-durante-la-cuarentena\/\" \/>\n<meta property=\"og:site_name\" content=\"Noticias Grupo Recoletas\" \/>\n<meta property=\"article:publisher\" content=\"https:\/\/www.facebook.com\/GrupoRecoletas\/\" \/>\n<meta property=\"article:published_time\" content=\"2020-04-15T09:42:22+00:00\" \/>\n<meta property=\"article:modified_time\" content=\"2020-04-15T09:42:24+00:00\" \/>\n<meta property=\"og:image\" content=\"https:\/\/www.gruporecoletas.com\/noticias\/wp-content\/uploads\/2020\/04\/como-gestionar-las-emociones-covid19.jpg\" \/>\n\t<meta property=\"og:image:width\" content=\"1200\" \/>\n\t<meta property=\"og:image:height\" content=\"800\" \/>\n\t<meta property=\"og:image:type\" content=\"image\/jpeg\" \/>\n<meta name=\"author\" content=\"Recoletas Red Hospitalaria\" \/>\n<meta name=\"twitter:card\" content=\"summary_large_image\" \/>\n<meta name=\"twitter:creator\" content=\"@GrupoRecoletas\" \/>\n<meta name=\"twitter:site\" content=\"@GrupoRecoletas\" \/>\n<meta name=\"twitter:label1\" content=\"Escrito por\" \/>\n\t<meta name=\"twitter:data1\" content=\"Recoletas Red Hospitalaria\" \/>\n\t<meta name=\"twitter:label2\" content=\"Tiempo de lectura\" \/>\n\t<meta name=\"twitter:data2\" content=\"4 minutos\" \/>\n<script type=\"application\/ld+json\" class=\"yoast-schema-graph\">{\"@context\":\"https:\\\/\\\/schema.org\",\"@graph\":[{\"@type\":\"Article\",\"@id\":\"https:\\\/\\\/www.gruporecoletas.com\\\/noticias\\\/como-gestionar-las-emociones-durante-la-cuarentena\\\/#article\",\"isPartOf\":{\"@id\":\"https:\\\/\\\/www.gruporecoletas.com\\\/noticias\\\/como-gestionar-las-emociones-durante-la-cuarentena\\\/\"},\"author\":{\"name\":\"Recoletas Red Hospitalaria\",\"@id\":\"https:\\\/\\\/www.gruporecoletas.com\\\/noticias\\\/#\\\/schema\\\/person\\\/3c6ac429828d1f5e3d3bd99f4da9b02c\"},\"headline\":\"C\u00f3mo gestionar las emociones durante la cuarentena: centra tu energ\u00eda\",\"datePublished\":\"2020-04-15T09:42:22+00:00\",\"dateModified\":\"2020-04-15T09:42:24+00:00\",\"mainEntityOfPage\":{\"@id\":\"https:\\\/\\\/www.gruporecoletas.com\\\/noticias\\\/como-gestionar-las-emociones-durante-la-cuarentena\\\/\"},\"wordCount\":902,\"image\":{\"@id\":\"https:\\\/\\\/www.gruporecoletas.com\\\/noticias\\\/como-gestionar-las-emociones-durante-la-cuarentena\\\/#primaryimage\"},\"thumbnailUrl\":\"https:\\\/\\\/www.gruporecoletas.com\\\/noticias\\\/wp-content\\\/uploads\\\/2020\\\/04\\\/como-gestionar-las-emociones-covid19.jpg\",\"keywords\":[\"emociones\",\"gesti\u00f3n de emociones\",\"Psicolog\u00eda Cl\u00ednica\"],\"articleSection\":[\"Grupo Recoletas\",\"Recoletas Salud\"],\"inLanguage\":\"es\"},{\"@type\":\"WebPage\",\"@id\":\"https:\\\/\\\/www.gruporecoletas.com\\\/noticias\\\/como-gestionar-las-emociones-durante-la-cuarentena\\\/\",\"url\":\"https:\\\/\\\/www.gruporecoletas.com\\\/noticias\\\/como-gestionar-las-emociones-durante-la-cuarentena\\\/\",\"name\":\"C\u00f3mo gestionar las emociones durante la cuarentena: centra tu energ\u00eda - Noticias Grupo Recoletas\",\"isPartOf\":{\"@id\":\"https:\\\/\\\/www.gruporecoletas.com\\\/noticias\\\/#website\"},\"primaryImageOfPage\":{\"@id\":\"https:\\\/\\\/www.gruporecoletas.com\\\/noticias\\\/como-gestionar-las-emociones-durante-la-cuarentena\\\/#primaryimage\"},\"image\":{\"@id\":\"https:\\\/\\\/www.gruporecoletas.com\\\/noticias\\\/como-gestionar-las-emociones-durante-la-cuarentena\\\/#primaryimage\"},\"thumbnailUrl\":\"https:\\\/\\\/www.gruporecoletas.com\\\/noticias\\\/wp-content\\\/uploads\\\/2020\\\/04\\\/como-gestionar-las-emociones-covid19.jpg\",\"datePublished\":\"2020-04-15T09:42:22+00:00\",\"dateModified\":\"2020-04-15T09:42:24+00:00\",\"author\":{\"@id\":\"https:\\\/\\\/www.gruporecoletas.com\\\/noticias\\\/#\\\/schema\\\/person\\\/3c6ac429828d1f5e3d3bd99f4da9b02c\"},\"description\":\"Son tiempos dif\u00edciles, vivimos una situaci\u00f3n para la que no nos hab\u00edamos preparado. Aqu\u00ed encontrar\u00e9is c\u00f3mo gestionar las emociones durante la cuarentena..\",\"breadcrumb\":{\"@id\":\"https:\\\/\\\/www.gruporecoletas.com\\\/noticias\\\/como-gestionar-las-emociones-durante-la-cuarentena\\\/#breadcrumb\"},\"inLanguage\":\"es\",\"potentialAction\":[{\"@type\":\"ReadAction\",\"target\":[\"https:\\\/\\\/www.gruporecoletas.com\\\/noticias\\\/como-gestionar-las-emociones-durante-la-cuarentena\\\/\"]}]},{\"@type\":\"ImageObject\",\"inLanguage\":\"es\",\"@id\":\"https:\\\/\\\/www.gruporecoletas.com\\\/noticias\\\/como-gestionar-las-emociones-durante-la-cuarentena\\\/#primaryimage\",\"url\":\"https:\\\/\\\/www.gruporecoletas.com\\\/noticias\\\/wp-content\\\/uploads\\\/2020\\\/04\\\/como-gestionar-las-emociones-covid19.jpg\",\"contentUrl\":\"https:\\\/\\\/www.gruporecoletas.com\\\/noticias\\\/wp-content\\\/uploads\\\/2020\\\/04\\\/como-gestionar-las-emociones-covid19.jpg\",\"width\":1200,\"height\":800},{\"@type\":\"BreadcrumbList\",\"@id\":\"https:\\\/\\\/www.gruporecoletas.com\\\/noticias\\\/como-gestionar-las-emociones-durante-la-cuarentena\\\/#breadcrumb\",\"itemListElement\":[{\"@type\":\"ListItem\",\"position\":1,\"name\":\"Portada\",\"item\":\"https:\\\/\\\/www.gruporecoletas.com\\\/noticias\\\/\"},{\"@type\":\"ListItem\",\"position\":2,\"name\":\"C\u00f3mo gestionar las emociones durante la cuarentena: centra tu energ\u00eda\"}]},{\"@type\":\"WebSite\",\"@id\":\"https:\\\/\\\/www.gruporecoletas.com\\\/noticias\\\/#website\",\"url\":\"https:\\\/\\\/www.gruporecoletas.com\\\/noticias\\\/\",\"name\":\"Noticias Grupo Recoletas\",\"description\":\"Grupo Recoletas\",\"potentialAction\":[{\"@type\":\"SearchAction\",\"target\":{\"@type\":\"EntryPoint\",\"urlTemplate\":\"https:\\\/\\\/www.gruporecoletas.com\\\/noticias\\\/?s={search_term_string}\"},\"query-input\":{\"@type\":\"PropertyValueSpecification\",\"valueRequired\":true,\"valueName\":\"search_term_string\"}}],\"inLanguage\":\"es\"},{\"@type\":\"Person\",\"@id\":\"https:\\\/\\\/www.gruporecoletas.com\\\/noticias\\\/#\\\/schema\\\/person\\\/3c6ac429828d1f5e3d3bd99f4da9b02c\",\"name\":\"Recoletas Red Hospitalaria\",\"url\":\"https:\\\/\\\/www.gruporecoletas.com\\\/noticias\\\/author\\\/comunicacion\\\/\"}]}<\/script>\n<!-- \/ Yoast SEO Premium plugin. -->","yoast_head_json":{"title":"C\u00f3mo gestionar las emociones durante la cuarentena: centra tu energ\u00eda - Noticias Grupo Recoletas","description":"Son tiempos dif\u00edciles, vivimos una situaci\u00f3n para la que no nos hab\u00edamos preparado. Aqu\u00ed encontrar\u00e9is c\u00f3mo gestionar las emociones durante la cuarentena..","robots":{"index":"index","follow":"follow","max-snippet":"max-snippet:-1","max-image-preview":"max-image-preview:large","max-video-preview":"max-video-preview:-1"},"canonical":"https:\/\/www.gruporecoletas.com\/noticias\/como-gestionar-las-emociones-durante-la-cuarentena\/","og_locale":"es_ES","og_type":"article","og_title":"C\u00f3mo gestionar las emociones durante la cuarentena: centra tu energ\u00eda","og_description":"Son tiempos dif\u00edciles, vivimos una situaci\u00f3n para la que no nos hab\u00edamos preparado. Aqu\u00ed encontrar\u00e9is c\u00f3mo gestionar las emociones durante la cuarentena..","og_url":"https:\/\/www.gruporecoletas.com\/noticias\/como-gestionar-las-emociones-durante-la-cuarentena\/","og_site_name":"Noticias Grupo Recoletas","article_publisher":"https:\/\/www.facebook.com\/GrupoRecoletas\/","article_published_time":"2020-04-15T09:42:22+00:00","article_modified_time":"2020-04-15T09:42:24+00:00","og_image":[{"width":1200,"height":800,"url":"https:\/\/www.gruporecoletas.com\/noticias\/wp-content\/uploads\/2020\/04\/como-gestionar-las-emociones-covid19.jpg","type":"image\/jpeg"}],"author":"Recoletas Red Hospitalaria","twitter_card":"summary_large_image","twitter_creator":"@GrupoRecoletas","twitter_site":"@GrupoRecoletas","twitter_misc":{"Escrito por":"Recoletas Red Hospitalaria","Tiempo de lectura":"4 minutos"},"schema":{"@context":"https:\/\/schema.org","@graph":[{"@type":"Article","@id":"https:\/\/www.gruporecoletas.com\/noticias\/como-gestionar-las-emociones-durante-la-cuarentena\/#article","isPartOf":{"@id":"https:\/\/www.gruporecoletas.com\/noticias\/como-gestionar-las-emociones-durante-la-cuarentena\/"},"author":{"name":"Recoletas Red Hospitalaria","@id":"https:\/\/www.gruporecoletas.com\/noticias\/#\/schema\/person\/3c6ac429828d1f5e3d3bd99f4da9b02c"},"headline":"C\u00f3mo gestionar las emociones durante la cuarentena: centra tu energ\u00eda","datePublished":"2020-04-15T09:42:22+00:00","dateModified":"2020-04-15T09:42:24+00:00","mainEntityOfPage":{"@id":"https:\/\/www.gruporecoletas.com\/noticias\/como-gestionar-las-emociones-durante-la-cuarentena\/"},"wordCount":902,"image":{"@id":"https:\/\/www.gruporecoletas.com\/noticias\/como-gestionar-las-emociones-durante-la-cuarentena\/#primaryimage"},"thumbnailUrl":"https:\/\/www.gruporecoletas.com\/noticias\/wp-content\/uploads\/2020\/04\/como-gestionar-las-emociones-covid19.jpg","keywords":["emociones","gesti\u00f3n de emociones","Psicolog\u00eda Cl\u00ednica"],"articleSection":["Grupo Recoletas","Recoletas Salud"],"inLanguage":"es"},{"@type":"WebPage","@id":"https:\/\/www.gruporecoletas.com\/noticias\/como-gestionar-las-emociones-durante-la-cuarentena\/","url":"https:\/\/www.gruporecoletas.com\/noticias\/como-gestionar-las-emociones-durante-la-cuarentena\/","name":"C\u00f3mo gestionar las emociones durante la cuarentena: centra tu energ\u00eda - Noticias Grupo Recoletas","isPartOf":{"@id":"https:\/\/www.gruporecoletas.com\/noticias\/#website"},"primaryImageOfPage":{"@id":"https:\/\/www.gruporecoletas.com\/noticias\/como-gestionar-las-emociones-durante-la-cuarentena\/#primaryimage"},"image":{"@id":"https:\/\/www.gruporecoletas.com\/noticias\/como-gestionar-las-emociones-durante-la-cuarentena\/#primaryimage"},"thumbnailUrl":"https:\/\/www.gruporecoletas.com\/noticias\/wp-content\/uploads\/2020\/04\/como-gestionar-las-emociones-covid19.jpg","datePublished":"2020-04-15T09:42:22+00:00","dateModified":"2020-04-15T09:42:24+00:00","author":{"@id":"https:\/\/www.gruporecoletas.com\/noticias\/#\/schema\/person\/3c6ac429828d1f5e3d3bd99f4da9b02c"},"description":"Son tiempos dif\u00edciles, vivimos una situaci\u00f3n para la que no nos hab\u00edamos preparado. Aqu\u00ed encontrar\u00e9is c\u00f3mo gestionar las emociones durante la cuarentena..","breadcrumb":{"@id":"https:\/\/www.gruporecoletas.com\/noticias\/como-gestionar-las-emociones-durante-la-cuarentena\/#breadcrumb"},"inLanguage":"es","potentialAction":[{"@type":"ReadAction","target":["https:\/\/www.gruporecoletas.com\/noticias\/como-gestionar-las-emociones-durante-la-cuarentena\/"]}]},{"@type":"ImageObject","inLanguage":"es","@id":"https:\/\/www.gruporecoletas.com\/noticias\/como-gestionar-las-emociones-durante-la-cuarentena\/#primaryimage","url":"https:\/\/www.gruporecoletas.com\/noticias\/wp-content\/uploads\/2020\/04\/como-gestionar-las-emociones-covid19.jpg","contentUrl":"https:\/\/www.gruporecoletas.com\/noticias\/wp-content\/uploads\/2020\/04\/como-gestionar-las-emociones-covid19.jpg","width":1200,"height":800},{"@type":"BreadcrumbList","@id":"https:\/\/www.gruporecoletas.com\/noticias\/como-gestionar-las-emociones-durante-la-cuarentena\/#breadcrumb","itemListElement":[{"@type":"ListItem","position":1,"name":"Portada","item":"https:\/\/www.gruporecoletas.com\/noticias\/"},{"@type":"ListItem","position":2,"name":"C\u00f3mo gestionar las emociones durante la cuarentena: centra tu energ\u00eda"}]},{"@type":"WebSite","@id":"https:\/\/www.gruporecoletas.com\/noticias\/#website","url":"https:\/\/www.gruporecoletas.com\/noticias\/","name":"Noticias Grupo Recoletas","description":"Grupo Recoletas","potentialAction":[{"@type":"SearchAction","target":{"@type":"EntryPoint","urlTemplate":"https:\/\/www.gruporecoletas.com\/noticias\/?s={search_term_string}"},"query-input":{"@type":"PropertyValueSpecification","valueRequired":true,"valueName":"search_term_string"}}],"inLanguage":"es"},{"@type":"Person","@id":"https:\/\/www.gruporecoletas.com\/noticias\/#\/schema\/person\/3c6ac429828d1f5e3d3bd99f4da9b02c","name":"Recoletas Red Hospitalaria","url":"https:\/\/www.gruporecoletas.com\/noticias\/author\/comunicacion\/"}]}},"_links":{"self":[{"href":"https:\/\/www.gruporecoletas.com\/noticias\/wp-json\/wp\/v2\/posts\/13348","targetHints":{"allow":["GET"]}}],"collection":[{"href":"https:\/\/www.gruporecoletas.com\/noticias\/wp-json\/wp\/v2\/posts"}],"about":[{"href":"https:\/\/www.gruporecoletas.com\/noticias\/wp-json\/wp\/v2\/types\/post"}],"author":[{"embeddable":true,"href":"https:\/\/www.gruporecoletas.com\/noticias\/wp-json\/wp\/v2\/users\/2"}],"replies":[{"embeddable":true,"href":"https:\/\/www.gruporecoletas.com\/noticias\/wp-json\/wp\/v2\/comments?post=13348"}],"version-history":[{"count":1,"href":"https:\/\/www.gruporecoletas.com\/noticias\/wp-json\/wp\/v2\/posts\/13348\/revisions"}],"predecessor-version":[{"id":13349,"href":"https:\/\/www.gruporecoletas.com\/noticias\/wp-json\/wp\/v2\/posts\/13348\/revisions\/13349"}],"wp:featuredmedia":[{"embeddable":true,"href":"https:\/\/www.gruporecoletas.com\/noticias\/wp-json\/wp\/v2\/media\/13352"}],"wp:attachment":[{"href":"https:\/\/www.gruporecoletas.com\/noticias\/wp-json\/wp\/v2\/media?parent=13348"}],"wp:term":[{"taxonomy":"category","embeddable":true,"href":"https:\/\/www.gruporecoletas.com\/noticias\/wp-json\/wp\/v2\/categories?post=13348"},{"taxonomy":"post_tag","embeddable":true,"href":"https:\/\/www.gruporecoletas.com\/noticias\/wp-json\/wp\/v2\/tags?post=13348"}],"curies":[{"name":"wp","href":"https:\/\/api.w.org\/{rel}","templated":true}]}}