{"id":13353,"date":"2020-04-21T07:00:00","date_gmt":"2020-04-21T07:00:00","guid":{"rendered":"https:\/\/www.gruporecoletas.com\/noticias\/?p=13353"},"modified":"2020-04-21T07:16:49","modified_gmt":"2020-04-21T07:16:49","slug":"preparacion-al-parto-tambien-en-la-distancia","status":"publish","type":"post","link":"https:\/\/www.gruporecoletas.com\/noticias\/preparacion-al-parto-tambien-en-la-distancia\/","title":{"rendered":"Preparaci\u00f3n al parto, tambi\u00e9n en la distancia"},"content":{"rendered":"\n<p>El <a href=\"https:\/\/www.gruporecoletas.com\/hospitales\/hospital-recoletas-campo-grande\/\">Hospital Recoletas Campo Grande<\/a> ha puesto en marcha su servicio de <a href=\"https:\/\/www.gruporecoletas.com\/especialidades\/educacion-maternal\/\">Educaci\u00f3n Maternal<\/a> a trav\u00e9s de videoconferencia para <strong>seguir prestando atenci\u00f3n a las mujeres embarazadas<\/strong> durante este periodo en el que no es posible impartir las clases de manera presencial debido al Covid-19.<\/p>\n\n\n\n<p>Para poder acceder al servicio, las pacientes deben <strong>solicitar una primera consulta individual con las matronas<\/strong> -que se realizar\u00e1n los martes de 10 a 13 horas y de 16 a 19 horas- y as\u00ed tener un contacto personalizado y gestionar los grupos de forma \u00f3ptima.<\/p>\n\n\n\n<p>Los <strong>grupos estar\u00e1n formados por entre 10 y 12 mujeres<\/strong> en funci\u00f3n de la semana de embarazo en la que se encuentren con el fin de poder ofrecer la mejor atenci\u00f3n. &nbsp;Aquellas personas interesadas pueden solicitar el servicio a trav\u00e9s del tel\u00e9fono del Hospital Recoletas Campo Grande: <a href=\"tel:+34983135555\">983 135 555<\/a>.<\/p>\n\n\n\n<p>Las clases de <a href=\"https:\/\/www.gruporecoletas.com\/especialidades\/educacion-maternal\/\">Educaci\u00f3n Maternal<\/a> tienen como objetivo<strong> garantizar un proceso satisfactorio de la gestaci\u00f3n<\/strong>, facilitando a los padres los conocimientos y habilidades necesarias para afrontar el proceso de parto. <\/p>\n","protected":false},"excerpt":{"rendered":"<p>El Hospital Recoletas Campo Grande ha puesto en marcha su servicio de Educaci\u00f3n Maternal a trav\u00e9s de videoconferencia para seguir prestando atenci\u00f3n a las mujeres embarazadas durante este periodo en el que no es posible impartir las clases de manera presencial debido al Covid-19. Para poder acceder al servicio, las pacientes deben solicitar una primera [&hellip;]<\/p>\n","protected":false},"author":2,"featured_media":13354,"comment_status":"closed","ping_status":"closed","sticky":false,"template":"","format":"standard","meta":{"_acf_changed":false,"footnotes":""},"categories":[2,4],"tags":[2425,2424,2426],"class_list":["post-13353","post","type-post","status-publish","format-standard","has-post-thumbnail","hentry","category-hrcg","category-valladolid","tag-educacion-maternal","tag-embarazo","tag-preparacion-al-parto"],"acf":[],"yoast_head":"<!-- This site is optimized with the Yoast SEO Premium plugin v27.3 (Yoast SEO v27.3) - https:\/\/yoast.com\/product\/yoast-seo-premium-wordpress\/ -->\n<title>Preparaci\u00f3n al parto, tambi\u00e9n en la distancia - Noticias Grupo Recoletas<\/title>\n<meta name=\"robots\" content=\"index, follow, max-snippet:-1, max-image-preview:large, max-video-preview:-1\" \/>\n<link rel=\"canonical\" href=\"https:\/\/www.gruporecoletas.com\/noticias\/preparacion-al-parto-tambien-en-la-distancia\/\" \/>\n<meta property=\"og:locale\" content=\"es_ES\" \/>\n<meta property=\"og:type\" content=\"article\" \/>\n<meta property=\"og:title\" content=\"Preparaci\u00f3n al parto, tambi\u00e9n en la distancia\" \/>\n<meta property=\"og:description\" content=\"El Hospital Recoletas Campo Grande ha puesto en marcha su servicio de Educaci\u00f3n Maternal a trav\u00e9s de videoconferencia para seguir prestando atenci\u00f3n a las mujeres embarazadas durante este periodo en el que no es posible impartir las clases de manera presencial debido al Covid-19. Para poder acceder al servicio, las pacientes deben solicitar una primera [&hellip;]\" \/>\n<meta property=\"og:url\" content=\"https:\/\/www.gruporecoletas.com\/noticias\/preparacion-al-parto-tambien-en-la-distancia\/\" \/>\n<meta property=\"og:site_name\" content=\"Noticias Grupo Recoletas\" \/>\n<meta property=\"article:publisher\" content=\"https:\/\/www.facebook.com\/GrupoRecoletas\/\" \/>\n<meta property=\"article:published_time\" content=\"2020-04-21T07:00:00+00:00\" \/>\n<meta property=\"article:modified_time\" content=\"2020-04-21T07:16:49+00:00\" \/>\n<meta property=\"og:image\" content=\"https:\/\/www.gruporecoletas.com\/noticias\/wp-content\/uploads\/2020\/04\/preparacion-parto.jpg\" \/>\n\t<meta property=\"og:image:width\" content=\"900\" \/>\n\t<meta property=\"og:image:height\" content=\"600\" \/>\n\t<meta property=\"og:image:type\" content=\"image\/jpeg\" \/>\n<meta name=\"author\" content=\"Recoletas Red Hospitalaria\" \/>\n<meta name=\"twitter:card\" content=\"summary_large_image\" \/>\n<meta name=\"twitter:creator\" content=\"@GrupoRecoletas\" \/>\n<meta name=\"twitter:site\" content=\"@GrupoRecoletas\" \/>\n<meta name=\"twitter:label1\" content=\"Escrito por\" \/>\n\t<meta name=\"twitter:data1\" content=\"Recoletas Red Hospitalaria\" \/>\n\t<meta name=\"twitter:label2\" content=\"Tiempo de lectura\" \/>\n\t<meta name=\"twitter:data2\" content=\"1 minuto\" \/>\n<script type=\"application\/ld+json\" class=\"yoast-schema-graph\">{\"@context\":\"https:\\\/\\\/schema.org\",\"@graph\":[{\"@type\":\"Article\",\"@id\":\"https:\\\/\\\/www.gruporecoletas.com\\\/noticias\\\/preparacion-al-parto-tambien-en-la-distancia\\\/#article\",\"isPartOf\":{\"@id\":\"https:\\\/\\\/www.gruporecoletas.com\\\/noticias\\\/preparacion-al-parto-tambien-en-la-distancia\\\/\"},\"author\":{\"name\":\"Recoletas Red Hospitalaria\",\"@id\":\"https:\\\/\\\/www.gruporecoletas.com\\\/noticias\\\/#\\\/schema\\\/person\\\/3c6ac429828d1f5e3d3bd99f4da9b02c\"},\"headline\":\"Preparaci\u00f3n al parto, tambi\u00e9n en la distancia\",\"datePublished\":\"2020-04-21T07:00:00+00:00\",\"dateModified\":\"2020-04-21T07:16:49+00:00\",\"mainEntityOfPage\":{\"@id\":\"https:\\\/\\\/www.gruporecoletas.com\\\/noticias\\\/preparacion-al-parto-tambien-en-la-distancia\\\/\"},\"wordCount\":181,\"image\":{\"@id\":\"https:\\\/\\\/www.gruporecoletas.com\\\/noticias\\\/preparacion-al-parto-tambien-en-la-distancia\\\/#primaryimage\"},\"thumbnailUrl\":\"https:\\\/\\\/www.gruporecoletas.com\\\/noticias\\\/wp-content\\\/uploads\\\/2020\\\/04\\\/preparacion-parto.jpg\",\"keywords\":[\"educaci\u00f3n maternal\",\"embarazo\",\"preparaci\u00f3n al parto\"],\"articleSection\":[\"HRCG\",\"Valladolid\"],\"inLanguage\":\"es\"},{\"@type\":\"WebPage\",\"@id\":\"https:\\\/\\\/www.gruporecoletas.com\\\/noticias\\\/preparacion-al-parto-tambien-en-la-distancia\\\/\",\"url\":\"https:\\\/\\\/www.gruporecoletas.com\\\/noticias\\\/preparacion-al-parto-tambien-en-la-distancia\\\/\",\"name\":\"Preparaci\u00f3n al parto, tambi\u00e9n en la distancia - Noticias Grupo Recoletas\",\"isPartOf\":{\"@id\":\"https:\\\/\\\/www.gruporecoletas.com\\\/noticias\\\/#website\"},\"primaryImageOfPage\":{\"@id\":\"https:\\\/\\\/www.gruporecoletas.com\\\/noticias\\\/preparacion-al-parto-tambien-en-la-distancia\\\/#primaryimage\"},\"image\":{\"@id\":\"https:\\\/\\\/www.gruporecoletas.com\\\/noticias\\\/preparacion-al-parto-tambien-en-la-distancia\\\/#primaryimage\"},\"thumbnailUrl\":\"https:\\\/\\\/www.gruporecoletas.com\\\/noticias\\\/wp-content\\\/uploads\\\/2020\\\/04\\\/preparacion-parto.jpg\",\"datePublished\":\"2020-04-21T07:00:00+00:00\",\"dateModified\":\"2020-04-21T07:16:49+00:00\",\"author\":{\"@id\":\"https:\\\/\\\/www.gruporecoletas.com\\\/noticias\\\/#\\\/schema\\\/person\\\/3c6ac429828d1f5e3d3bd99f4da9b02c\"},\"breadcrumb\":{\"@id\":\"https:\\\/\\\/www.gruporecoletas.com\\\/noticias\\\/preparacion-al-parto-tambien-en-la-distancia\\\/#breadcrumb\"},\"inLanguage\":\"es\",\"potentialAction\":[{\"@type\":\"ReadAction\",\"target\":[\"https:\\\/\\\/www.gruporecoletas.com\\\/noticias\\\/preparacion-al-parto-tambien-en-la-distancia\\\/\"]}]},{\"@type\":\"ImageObject\",\"inLanguage\":\"es\",\"@id\":\"https:\\\/\\\/www.gruporecoletas.com\\\/noticias\\\/preparacion-al-parto-tambien-en-la-distancia\\\/#primaryimage\",\"url\":\"https:\\\/\\\/www.gruporecoletas.com\\\/noticias\\\/wp-content\\\/uploads\\\/2020\\\/04\\\/preparacion-parto.jpg\",\"contentUrl\":\"https:\\\/\\\/www.gruporecoletas.com\\\/noticias\\\/wp-content\\\/uploads\\\/2020\\\/04\\\/preparacion-parto.jpg\",\"width\":900,\"height\":600},{\"@type\":\"BreadcrumbList\",\"@id\":\"https:\\\/\\\/www.gruporecoletas.com\\\/noticias\\\/preparacion-al-parto-tambien-en-la-distancia\\\/#breadcrumb\",\"itemListElement\":[{\"@type\":\"ListItem\",\"position\":1,\"name\":\"Portada\",\"item\":\"https:\\\/\\\/www.gruporecoletas.com\\\/noticias\\\/\"},{\"@type\":\"ListItem\",\"position\":2,\"name\":\"Preparaci\u00f3n al parto, tambi\u00e9n en la distancia\"}]},{\"@type\":\"WebSite\",\"@id\":\"https:\\\/\\\/www.gruporecoletas.com\\\/noticias\\\/#website\",\"url\":\"https:\\\/\\\/www.gruporecoletas.com\\\/noticias\\\/\",\"name\":\"Noticias Grupo Recoletas\",\"description\":\"Grupo Recoletas\",\"potentialAction\":[{\"@type\":\"SearchAction\",\"target\":{\"@type\":\"EntryPoint\",\"urlTemplate\":\"https:\\\/\\\/www.gruporecoletas.com\\\/noticias\\\/?s={search_term_string}\"},\"query-input\":{\"@type\":\"PropertyValueSpecification\",\"valueRequired\":true,\"valueName\":\"search_term_string\"}}],\"inLanguage\":\"es\"},{\"@type\":\"Person\",\"@id\":\"https:\\\/\\\/www.gruporecoletas.com\\\/noticias\\\/#\\\/schema\\\/person\\\/3c6ac429828d1f5e3d3bd99f4da9b02c\",\"name\":\"Recoletas Red Hospitalaria\",\"url\":\"https:\\\/\\\/www.gruporecoletas.com\\\/noticias\\\/author\\\/comunicacion\\\/\"}]}<\/script>\n<!-- \/ Yoast SEO Premium plugin. -->","yoast_head_json":{"title":"Preparaci\u00f3n al parto, tambi\u00e9n en la distancia - Noticias Grupo Recoletas","robots":{"index":"index","follow":"follow","max-snippet":"max-snippet:-1","max-image-preview":"max-image-preview:large","max-video-preview":"max-video-preview:-1"},"canonical":"https:\/\/www.gruporecoletas.com\/noticias\/preparacion-al-parto-tambien-en-la-distancia\/","og_locale":"es_ES","og_type":"article","og_title":"Preparaci\u00f3n al parto, tambi\u00e9n en la distancia","og_description":"El Hospital Recoletas Campo Grande ha puesto en marcha su servicio de Educaci\u00f3n Maternal a trav\u00e9s de videoconferencia para seguir prestando atenci\u00f3n a las mujeres embarazadas durante este periodo en el que no es posible impartir las clases de manera presencial debido al Covid-19. Para poder acceder al servicio, las pacientes deben solicitar una primera [&hellip;]","og_url":"https:\/\/www.gruporecoletas.com\/noticias\/preparacion-al-parto-tambien-en-la-distancia\/","og_site_name":"Noticias Grupo Recoletas","article_publisher":"https:\/\/www.facebook.com\/GrupoRecoletas\/","article_published_time":"2020-04-21T07:00:00+00:00","article_modified_time":"2020-04-21T07:16:49+00:00","og_image":[{"width":900,"height":600,"url":"https:\/\/www.gruporecoletas.com\/noticias\/wp-content\/uploads\/2020\/04\/preparacion-parto.jpg","type":"image\/jpeg"}],"author":"Recoletas Red Hospitalaria","twitter_card":"summary_large_image","twitter_creator":"@GrupoRecoletas","twitter_site":"@GrupoRecoletas","twitter_misc":{"Escrito por":"Recoletas Red Hospitalaria","Tiempo de lectura":"1 minuto"},"schema":{"@context":"https:\/\/schema.org","@graph":[{"@type":"Article","@id":"https:\/\/www.gruporecoletas.com\/noticias\/preparacion-al-parto-tambien-en-la-distancia\/#article","isPartOf":{"@id":"https:\/\/www.gruporecoletas.com\/noticias\/preparacion-al-parto-tambien-en-la-distancia\/"},"author":{"name":"Recoletas Red Hospitalaria","@id":"https:\/\/www.gruporecoletas.com\/noticias\/#\/schema\/person\/3c6ac429828d1f5e3d3bd99f4da9b02c"},"headline":"Preparaci\u00f3n al parto, tambi\u00e9n en la distancia","datePublished":"2020-04-21T07:00:00+00:00","dateModified":"2020-04-21T07:16:49+00:00","mainEntityOfPage":{"@id":"https:\/\/www.gruporecoletas.com\/noticias\/preparacion-al-parto-tambien-en-la-distancia\/"},"wordCount":181,"image":{"@id":"https:\/\/www.gruporecoletas.com\/noticias\/preparacion-al-parto-tambien-en-la-distancia\/#primaryimage"},"thumbnailUrl":"https:\/\/www.gruporecoletas.com\/noticias\/wp-content\/uploads\/2020\/04\/preparacion-parto.jpg","keywords":["educaci\u00f3n maternal","embarazo","preparaci\u00f3n al parto"],"articleSection":["HRCG","Valladolid"],"inLanguage":"es"},{"@type":"WebPage","@id":"https:\/\/www.gruporecoletas.com\/noticias\/preparacion-al-parto-tambien-en-la-distancia\/","url":"https:\/\/www.gruporecoletas.com\/noticias\/preparacion-al-parto-tambien-en-la-distancia\/","name":"Preparaci\u00f3n al parto, tambi\u00e9n en la distancia - Noticias Grupo Recoletas","isPartOf":{"@id":"https:\/\/www.gruporecoletas.com\/noticias\/#website"},"primaryImageOfPage":{"@id":"https:\/\/www.gruporecoletas.com\/noticias\/preparacion-al-parto-tambien-en-la-distancia\/#primaryimage"},"image":{"@id":"https:\/\/www.gruporecoletas.com\/noticias\/preparacion-al-parto-tambien-en-la-distancia\/#primaryimage"},"thumbnailUrl":"https:\/\/www.gruporecoletas.com\/noticias\/wp-content\/uploads\/2020\/04\/preparacion-parto.jpg","datePublished":"2020-04-21T07:00:00+00:00","dateModified":"2020-04-21T07:16:49+00:00","author":{"@id":"https:\/\/www.gruporecoletas.com\/noticias\/#\/schema\/person\/3c6ac429828d1f5e3d3bd99f4da9b02c"},"breadcrumb":{"@id":"https:\/\/www.gruporecoletas.com\/noticias\/preparacion-al-parto-tambien-en-la-distancia\/#breadcrumb"},"inLanguage":"es","potentialAction":[{"@type":"ReadAction","target":["https:\/\/www.gruporecoletas.com\/noticias\/preparacion-al-parto-tambien-en-la-distancia\/"]}]},{"@type":"ImageObject","inLanguage":"es","@id":"https:\/\/www.gruporecoletas.com\/noticias\/preparacion-al-parto-tambien-en-la-distancia\/#primaryimage","url":"https:\/\/www.gruporecoletas.com\/noticias\/wp-content\/uploads\/2020\/04\/preparacion-parto.jpg","contentUrl":"https:\/\/www.gruporecoletas.com\/noticias\/wp-content\/uploads\/2020\/04\/preparacion-parto.jpg","width":900,"height":600},{"@type":"BreadcrumbList","@id":"https:\/\/www.gruporecoletas.com\/noticias\/preparacion-al-parto-tambien-en-la-distancia\/#breadcrumb","itemListElement":[{"@type":"ListItem","position":1,"name":"Portada","item":"https:\/\/www.gruporecoletas.com\/noticias\/"},{"@type":"ListItem","position":2,"name":"Preparaci\u00f3n al parto, tambi\u00e9n en la distancia"}]},{"@type":"WebSite","@id":"https:\/\/www.gruporecoletas.com\/noticias\/#website","url":"https:\/\/www.gruporecoletas.com\/noticias\/","name":"Noticias Grupo Recoletas","description":"Grupo Recoletas","potentialAction":[{"@type":"SearchAction","target":{"@type":"EntryPoint","urlTemplate":"https:\/\/www.gruporecoletas.com\/noticias\/?s={search_term_string}"},"query-input":{"@type":"PropertyValueSpecification","valueRequired":true,"valueName":"search_term_string"}}],"inLanguage":"es"},{"@type":"Person","@id":"https:\/\/www.gruporecoletas.com\/noticias\/#\/schema\/person\/3c6ac429828d1f5e3d3bd99f4da9b02c","name":"Recoletas Red Hospitalaria","url":"https:\/\/www.gruporecoletas.com\/noticias\/author\/comunicacion\/"}]}},"_links":{"self":[{"href":"https:\/\/www.gruporecoletas.com\/noticias\/wp-json\/wp\/v2\/posts\/13353","targetHints":{"allow":["GET"]}}],"collection":[{"href":"https:\/\/www.gruporecoletas.com\/noticias\/wp-json\/wp\/v2\/posts"}],"about":[{"href":"https:\/\/www.gruporecoletas.com\/noticias\/wp-json\/wp\/v2\/types\/post"}],"author":[{"embeddable":true,"href":"https:\/\/www.gruporecoletas.com\/noticias\/wp-json\/wp\/v2\/users\/2"}],"replies":[{"embeddable":true,"href":"https:\/\/www.gruporecoletas.com\/noticias\/wp-json\/wp\/v2\/comments?post=13353"}],"version-history":[{"count":2,"href":"https:\/\/www.gruporecoletas.com\/noticias\/wp-json\/wp\/v2\/posts\/13353\/revisions"}],"predecessor-version":[{"id":13360,"href":"https:\/\/www.gruporecoletas.com\/noticias\/wp-json\/wp\/v2\/posts\/13353\/revisions\/13360"}],"wp:featuredmedia":[{"embeddable":true,"href":"https:\/\/www.gruporecoletas.com\/noticias\/wp-json\/wp\/v2\/media\/13354"}],"wp:attachment":[{"href":"https:\/\/www.gruporecoletas.com\/noticias\/wp-json\/wp\/v2\/media?parent=13353"}],"wp:term":[{"taxonomy":"category","embeddable":true,"href":"https:\/\/www.gruporecoletas.com\/noticias\/wp-json\/wp\/v2\/categories?post=13353"},{"taxonomy":"post_tag","embeddable":true,"href":"https:\/\/www.gruporecoletas.com\/noticias\/wp-json\/wp\/v2\/tags?post=13353"}],"curies":[{"name":"wp","href":"https:\/\/api.w.org\/{rel}","templated":true}]}}