{"id":13434,"date":"2020-06-18T10:32:12","date_gmt":"2020-06-18T10:32:12","guid":{"rendered":"https:\/\/www.gruporecoletas.com\/noticias\/?p=13434"},"modified":"2020-06-18T10:32:13","modified_gmt":"2020-06-18T10:32:13","slug":"el-hospital-recoletas-segovia-adapta-sus-instalaciones-para-una-mejor-atencion-de-los-pacientes","status":"publish","type":"post","link":"https:\/\/www.gruporecoletas.com\/noticias\/el-hospital-recoletas-segovia-adapta-sus-instalaciones-para-una-mejor-atencion-de-los-pacientes\/","title":{"rendered":"El Hospital Recoletas Segovia adapta sus instalaciones para una mejor atenci\u00f3n de los pacientes"},"content":{"rendered":"\n<p>El Hospital Recoletas Segovia est\u00e1 adoptando una serie de medidas para <strong>mejorar la atenci\u00f3n de sus pacientes antes la nueva situaci\u00f3n<\/strong> derivada de la pandemia por la COVID-19. Concretamente, ha realizado una profunda transformaci\u00f3n de algunas de sus instalaciones y est\u00e1 implementando nuevos protocolos de actuaci\u00f3n tanto para pacientes como para el propio personal del centro. El objetivo es cumplir con las medidas higi\u00e9nicas y de distanciamiento social que requiere el nuevo escenario y convertir al centro en un <strong>espacio seguro y libre de coronavirus<\/strong>.<\/p>\n\n\n\n<p><em>\u201cCon la puesta en marcha de todas estas actuaciones garantizamos, por un lado, la seguridad de nuestro centro de estar libre de COVID-19. Al mismo tiempo, esta <strong>nueva reordenaci\u00f3n permite una gesti\u00f3n m\u00e1s eficaz de las visitas<\/strong> tanto asistencial como administrativamente optimizando el tiempo que el usuario\u201d<\/em>, asegura Ignacio Cabez\u00f3n, gerente del Hospital.<\/p>\n\n\n\n<p>En cuanto a la adecuaci\u00f3n de las instalaciones, se ha establecido un <strong>doble circuito en el servicio de Urgencias<\/strong>, uno general para la atenci\u00f3n de todo tipo de patolog\u00edas, y otro de aislamiento para pacientes con sintomatolog\u00eda compatible con COVID-19. Tambi\u00e9n, se ha <strong>ampliado la zona de consultas externas<\/strong> con dos salas de espera m\u00e1s para evitar aglomeraciones y reducir las esperas; y se ha acondicionado una<strong> zona de consultas externas de Pediatr\u00eda<\/strong> en la planta baja, separada del resto de consultas y con sala de espera independiente. El Hospital de D\u00eda tambi\u00e9n se ha reubicado para ofrecer a los pacientes oncol\u00f3gicos las garant\u00edas de aislamiento frente al virus. Asimismo, cualquier paciente que requiera ingreso hospitalario permanecer\u00e1 aislado en una habitaci\u00f3n hasta la confirmaci\u00f3n del resultado de la prueba PCR.<\/p>\n\n\n\n<p>Por otro lado, para un mejor flujo de pacientes <strong>se ha habilitado una nueva entrada a trav\u00e9s del patio<\/strong> adyacente a la calle Doctor Velasco para acceder a las consultas de la primera planta y de la zona nueva de la baja, a Rehabilitaci\u00f3n, Laboratorio y Radiolog\u00eda. Y se ha instalado una rampa para facilitar el acceso de personas con movilidad reducida y una nueva admisi\u00f3n.<\/p>\n\n\n\n<p>Respecto al establecimiento de medidas higi\u00e9nicas, el centro pone a disposici\u00f3n de los pacientes <strong>dispensadores de gel hidroalcoh\u00f3lico en todas sus instalaciones y se les ofrece mascarilla quir\u00fargica<\/strong>. Adem\u00e1s, se instalar\u00e1n equipos de purificaci\u00f3n del aire para eliminar pat\u00f3genos en el ambiente, sobre todo, en aquellas zonas donde se acumulan un mayor n\u00famero de usuarios.<\/p>\n\n\n\n<p>Para ofrecer una mejor atenci\u00f3n y cumplir con el distanciamiento social, se han <strong>modificado las agendas de los especialistas<\/strong>, de modo que hay m\u00e1s tiempo entre pacientes y se evitan aglomeraciones. El acompa\u00f1amiento de los pacientes en las habitaciones est\u00e1 restringido a una \u00fanica persona y en el caso de las consultas el paciente solo podr\u00e1 acudir acompa\u00f1ado si es menor de edad o presenta movilidad reducida.<\/p>\n\n\n\n<p>El Hospital y el Centro M\u00e9dico Recoletas Ezequiel Gonz\u00e1lez llevan varias semanas prestando servicio a los pacientes, una vez que dejaron de estar a disposici\u00f3n de las autoridades p\u00fablicas sanitarias.<\/p>\n\n\n\n<p>La remodelaci\u00f3n de las instalaciones y la implantaci\u00f3n de todas estas medidas frente a la COVID-19 forman parte de un <strong>plan de mejoras que continuar\u00e1 durante los pr\u00f3ximos meses<\/strong>. Adem\u00e1s, con todo ello, los centros Recoletas de la capital se convierten en espacios seguros, para pacientes y profesionales, para prestar asistencia sanitaria de calidad con todas las garant\u00edas.<\/p>\n","protected":false},"excerpt":{"rendered":"<p>El Hospital Recoletas Segovia est\u00e1 adoptando una serie de medidas para mejorar la atenci\u00f3n de sus pacientes antes la nueva situaci\u00f3n derivada de la pandemia por la COVID-19. Concretamente, ha realizado una profunda transformaci\u00f3n de algunas de sus instalaciones y est\u00e1 implementando nuevos protocolos de actuaci\u00f3n tanto para pacientes como para el propio personal del [&hellip;]<\/p>\n","protected":false},"author":2,"featured_media":13436,"comment_status":"closed","ping_status":"closed","sticky":false,"template":"","format":"standard","meta":{"_acf_changed":false,"footnotes":""},"categories":[23,5],"tags":[2621,2620],"class_list":["post-13434","post","type-post","status-publish","format-standard","has-post-thumbnail","hentry","category-hrsg","category-segovia","tag-covid-19","tag-hospital-recoletas-segovia"],"acf":[],"yoast_head":"<!-- This site is optimized with the Yoast SEO Premium plugin v27.3 (Yoast SEO v27.3) - https:\/\/yoast.com\/product\/yoast-seo-premium-wordpress\/ -->\n<title>El Hospital Recoletas Segovia adapta sus instalaciones para una mejor atenci\u00f3n de los pacientes - Noticias Grupo Recoletas<\/title>\n<meta name=\"robots\" content=\"index, follow, max-snippet:-1, max-image-preview:large, max-video-preview:-1\" \/>\n<link rel=\"canonical\" href=\"https:\/\/www.gruporecoletas.com\/noticias\/el-hospital-recoletas-segovia-adapta-sus-instalaciones-para-una-mejor-atencion-de-los-pacientes\/\" \/>\n<meta property=\"og:locale\" content=\"es_ES\" \/>\n<meta property=\"og:type\" content=\"article\" \/>\n<meta property=\"og:title\" content=\"El Hospital Recoletas Segovia adapta sus instalaciones para una mejor atenci\u00f3n de los pacientes\" \/>\n<meta property=\"og:description\" content=\"El Hospital Recoletas Segovia est\u00e1 adoptando una serie de medidas para mejorar la atenci\u00f3n de sus pacientes antes la nueva situaci\u00f3n derivada de la pandemia por la COVID-19. Concretamente, ha realizado una profunda transformaci\u00f3n de algunas de sus instalaciones y est\u00e1 implementando nuevos protocolos de actuaci\u00f3n tanto para pacientes como para el propio personal del [&hellip;]\" \/>\n<meta property=\"og:url\" content=\"https:\/\/www.gruporecoletas.com\/noticias\/el-hospital-recoletas-segovia-adapta-sus-instalaciones-para-una-mejor-atencion-de-los-pacientes\/\" \/>\n<meta property=\"og:site_name\" content=\"Noticias Grupo Recoletas\" \/>\n<meta property=\"article:publisher\" content=\"https:\/\/www.facebook.com\/GrupoRecoletas\/\" \/>\n<meta property=\"article:published_time\" content=\"2020-06-18T10:32:12+00:00\" \/>\n<meta property=\"article:modified_time\" content=\"2020-06-18T10:32:13+00:00\" \/>\n<meta property=\"og:image\" content=\"https:\/\/www.gruporecoletas.com\/noticias\/wp-content\/uploads\/2020\/06\/segovia-con-ext.jpg\" \/>\n\t<meta property=\"og:image:width\" content=\"900\" \/>\n\t<meta property=\"og:image:height\" content=\"600\" \/>\n\t<meta property=\"og:image:type\" content=\"image\/jpeg\" \/>\n<meta name=\"author\" content=\"Recoletas Red Hospitalaria\" \/>\n<meta name=\"twitter:card\" content=\"summary_large_image\" \/>\n<meta name=\"twitter:creator\" content=\"@GrupoRecoletas\" \/>\n<meta name=\"twitter:site\" content=\"@GrupoRecoletas\" \/>\n<meta name=\"twitter:label1\" content=\"Escrito por\" \/>\n\t<meta name=\"twitter:data1\" content=\"Recoletas Red Hospitalaria\" \/>\n\t<meta name=\"twitter:label2\" content=\"Tiempo de lectura\" \/>\n\t<meta name=\"twitter:data2\" content=\"3 minutos\" \/>\n<script type=\"application\/ld+json\" class=\"yoast-schema-graph\">{\"@context\":\"https:\\\/\\\/schema.org\",\"@graph\":[{\"@type\":\"Article\",\"@id\":\"https:\\\/\\\/www.gruporecoletas.com\\\/noticias\\\/el-hospital-recoletas-segovia-adapta-sus-instalaciones-para-una-mejor-atencion-de-los-pacientes\\\/#article\",\"isPartOf\":{\"@id\":\"https:\\\/\\\/www.gruporecoletas.com\\\/noticias\\\/el-hospital-recoletas-segovia-adapta-sus-instalaciones-para-una-mejor-atencion-de-los-pacientes\\\/\"},\"author\":{\"name\":\"Recoletas Red Hospitalaria\",\"@id\":\"https:\\\/\\\/www.gruporecoletas.com\\\/noticias\\\/#\\\/schema\\\/person\\\/3c6ac429828d1f5e3d3bd99f4da9b02c\"},\"headline\":\"El Hospital Recoletas Segovia adapta sus instalaciones para una mejor atenci\u00f3n de los pacientes\",\"datePublished\":\"2020-06-18T10:32:12+00:00\",\"dateModified\":\"2020-06-18T10:32:13+00:00\",\"mainEntityOfPage\":{\"@id\":\"https:\\\/\\\/www.gruporecoletas.com\\\/noticias\\\/el-hospital-recoletas-segovia-adapta-sus-instalaciones-para-una-mejor-atencion-de-los-pacientes\\\/\"},\"wordCount\":607,\"image\":{\"@id\":\"https:\\\/\\\/www.gruporecoletas.com\\\/noticias\\\/el-hospital-recoletas-segovia-adapta-sus-instalaciones-para-una-mejor-atencion-de-los-pacientes\\\/#primaryimage\"},\"thumbnailUrl\":\"https:\\\/\\\/www.gruporecoletas.com\\\/noticias\\\/wp-content\\\/uploads\\\/2020\\\/06\\\/segovia-con-ext.jpg\",\"keywords\":[\"covid-19\",\"hospital recoletas segovia\"],\"articleSection\":[\"HRSG\",\"Segovia\"],\"inLanguage\":\"es\"},{\"@type\":\"WebPage\",\"@id\":\"https:\\\/\\\/www.gruporecoletas.com\\\/noticias\\\/el-hospital-recoletas-segovia-adapta-sus-instalaciones-para-una-mejor-atencion-de-los-pacientes\\\/\",\"url\":\"https:\\\/\\\/www.gruporecoletas.com\\\/noticias\\\/el-hospital-recoletas-segovia-adapta-sus-instalaciones-para-una-mejor-atencion-de-los-pacientes\\\/\",\"name\":\"El Hospital Recoletas Segovia adapta sus instalaciones para una mejor atenci\u00f3n de los pacientes - Noticias Grupo Recoletas\",\"isPartOf\":{\"@id\":\"https:\\\/\\\/www.gruporecoletas.com\\\/noticias\\\/#website\"},\"primaryImageOfPage\":{\"@id\":\"https:\\\/\\\/www.gruporecoletas.com\\\/noticias\\\/el-hospital-recoletas-segovia-adapta-sus-instalaciones-para-una-mejor-atencion-de-los-pacientes\\\/#primaryimage\"},\"image\":{\"@id\":\"https:\\\/\\\/www.gruporecoletas.com\\\/noticias\\\/el-hospital-recoletas-segovia-adapta-sus-instalaciones-para-una-mejor-atencion-de-los-pacientes\\\/#primaryimage\"},\"thumbnailUrl\":\"https:\\\/\\\/www.gruporecoletas.com\\\/noticias\\\/wp-content\\\/uploads\\\/2020\\\/06\\\/segovia-con-ext.jpg\",\"datePublished\":\"2020-06-18T10:32:12+00:00\",\"dateModified\":\"2020-06-18T10:32:13+00:00\",\"author\":{\"@id\":\"https:\\\/\\\/www.gruporecoletas.com\\\/noticias\\\/#\\\/schema\\\/person\\\/3c6ac429828d1f5e3d3bd99f4da9b02c\"},\"breadcrumb\":{\"@id\":\"https:\\\/\\\/www.gruporecoletas.com\\\/noticias\\\/el-hospital-recoletas-segovia-adapta-sus-instalaciones-para-una-mejor-atencion-de-los-pacientes\\\/#breadcrumb\"},\"inLanguage\":\"es\",\"potentialAction\":[{\"@type\":\"ReadAction\",\"target\":[\"https:\\\/\\\/www.gruporecoletas.com\\\/noticias\\\/el-hospital-recoletas-segovia-adapta-sus-instalaciones-para-una-mejor-atencion-de-los-pacientes\\\/\"]}]},{\"@type\":\"ImageObject\",\"inLanguage\":\"es\",\"@id\":\"https:\\\/\\\/www.gruporecoletas.com\\\/noticias\\\/el-hospital-recoletas-segovia-adapta-sus-instalaciones-para-una-mejor-atencion-de-los-pacientes\\\/#primaryimage\",\"url\":\"https:\\\/\\\/www.gruporecoletas.com\\\/noticias\\\/wp-content\\\/uploads\\\/2020\\\/06\\\/segovia-con-ext.jpg\",\"contentUrl\":\"https:\\\/\\\/www.gruporecoletas.com\\\/noticias\\\/wp-content\\\/uploads\\\/2020\\\/06\\\/segovia-con-ext.jpg\",\"width\":900,\"height\":600},{\"@type\":\"BreadcrumbList\",\"@id\":\"https:\\\/\\\/www.gruporecoletas.com\\\/noticias\\\/el-hospital-recoletas-segovia-adapta-sus-instalaciones-para-una-mejor-atencion-de-los-pacientes\\\/#breadcrumb\",\"itemListElement\":[{\"@type\":\"ListItem\",\"position\":1,\"name\":\"Portada\",\"item\":\"https:\\\/\\\/www.gruporecoletas.com\\\/noticias\\\/\"},{\"@type\":\"ListItem\",\"position\":2,\"name\":\"El Hospital Recoletas Segovia adapta sus instalaciones para una mejor atenci\u00f3n de los pacientes\"}]},{\"@type\":\"WebSite\",\"@id\":\"https:\\\/\\\/www.gruporecoletas.com\\\/noticias\\\/#website\",\"url\":\"https:\\\/\\\/www.gruporecoletas.com\\\/noticias\\\/\",\"name\":\"Noticias Grupo Recoletas\",\"description\":\"Grupo Recoletas\",\"potentialAction\":[{\"@type\":\"SearchAction\",\"target\":{\"@type\":\"EntryPoint\",\"urlTemplate\":\"https:\\\/\\\/www.gruporecoletas.com\\\/noticias\\\/?s={search_term_string}\"},\"query-input\":{\"@type\":\"PropertyValueSpecification\",\"valueRequired\":true,\"valueName\":\"search_term_string\"}}],\"inLanguage\":\"es\"},{\"@type\":\"Person\",\"@id\":\"https:\\\/\\\/www.gruporecoletas.com\\\/noticias\\\/#\\\/schema\\\/person\\\/3c6ac429828d1f5e3d3bd99f4da9b02c\",\"name\":\"Recoletas Red Hospitalaria\",\"url\":\"https:\\\/\\\/www.gruporecoletas.com\\\/noticias\\\/author\\\/comunicacion\\\/\"}]}<\/script>\n<!-- \/ Yoast SEO Premium plugin. -->","yoast_head_json":{"title":"El Hospital Recoletas Segovia adapta sus instalaciones para una mejor atenci\u00f3n de los pacientes - Noticias Grupo Recoletas","robots":{"index":"index","follow":"follow","max-snippet":"max-snippet:-1","max-image-preview":"max-image-preview:large","max-video-preview":"max-video-preview:-1"},"canonical":"https:\/\/www.gruporecoletas.com\/noticias\/el-hospital-recoletas-segovia-adapta-sus-instalaciones-para-una-mejor-atencion-de-los-pacientes\/","og_locale":"es_ES","og_type":"article","og_title":"El Hospital Recoletas Segovia adapta sus instalaciones para una mejor atenci\u00f3n de los pacientes","og_description":"El Hospital Recoletas Segovia est\u00e1 adoptando una serie de medidas para mejorar la atenci\u00f3n de sus pacientes antes la nueva situaci\u00f3n derivada de la pandemia por la COVID-19. Concretamente, ha realizado una profunda transformaci\u00f3n de algunas de sus instalaciones y est\u00e1 implementando nuevos protocolos de actuaci\u00f3n tanto para pacientes como para el propio personal del [&hellip;]","og_url":"https:\/\/www.gruporecoletas.com\/noticias\/el-hospital-recoletas-segovia-adapta-sus-instalaciones-para-una-mejor-atencion-de-los-pacientes\/","og_site_name":"Noticias Grupo Recoletas","article_publisher":"https:\/\/www.facebook.com\/GrupoRecoletas\/","article_published_time":"2020-06-18T10:32:12+00:00","article_modified_time":"2020-06-18T10:32:13+00:00","og_image":[{"width":900,"height":600,"url":"https:\/\/www.gruporecoletas.com\/noticias\/wp-content\/uploads\/2020\/06\/segovia-con-ext.jpg","type":"image\/jpeg"}],"author":"Recoletas Red Hospitalaria","twitter_card":"summary_large_image","twitter_creator":"@GrupoRecoletas","twitter_site":"@GrupoRecoletas","twitter_misc":{"Escrito por":"Recoletas Red Hospitalaria","Tiempo de lectura":"3 minutos"},"schema":{"@context":"https:\/\/schema.org","@graph":[{"@type":"Article","@id":"https:\/\/www.gruporecoletas.com\/noticias\/el-hospital-recoletas-segovia-adapta-sus-instalaciones-para-una-mejor-atencion-de-los-pacientes\/#article","isPartOf":{"@id":"https:\/\/www.gruporecoletas.com\/noticias\/el-hospital-recoletas-segovia-adapta-sus-instalaciones-para-una-mejor-atencion-de-los-pacientes\/"},"author":{"name":"Recoletas Red Hospitalaria","@id":"https:\/\/www.gruporecoletas.com\/noticias\/#\/schema\/person\/3c6ac429828d1f5e3d3bd99f4da9b02c"},"headline":"El Hospital Recoletas Segovia adapta sus instalaciones para una mejor atenci\u00f3n de los pacientes","datePublished":"2020-06-18T10:32:12+00:00","dateModified":"2020-06-18T10:32:13+00:00","mainEntityOfPage":{"@id":"https:\/\/www.gruporecoletas.com\/noticias\/el-hospital-recoletas-segovia-adapta-sus-instalaciones-para-una-mejor-atencion-de-los-pacientes\/"},"wordCount":607,"image":{"@id":"https:\/\/www.gruporecoletas.com\/noticias\/el-hospital-recoletas-segovia-adapta-sus-instalaciones-para-una-mejor-atencion-de-los-pacientes\/#primaryimage"},"thumbnailUrl":"https:\/\/www.gruporecoletas.com\/noticias\/wp-content\/uploads\/2020\/06\/segovia-con-ext.jpg","keywords":["covid-19","hospital recoletas segovia"],"articleSection":["HRSG","Segovia"],"inLanguage":"es"},{"@type":"WebPage","@id":"https:\/\/www.gruporecoletas.com\/noticias\/el-hospital-recoletas-segovia-adapta-sus-instalaciones-para-una-mejor-atencion-de-los-pacientes\/","url":"https:\/\/www.gruporecoletas.com\/noticias\/el-hospital-recoletas-segovia-adapta-sus-instalaciones-para-una-mejor-atencion-de-los-pacientes\/","name":"El Hospital Recoletas Segovia adapta sus instalaciones para una mejor atenci\u00f3n de los pacientes - Noticias Grupo Recoletas","isPartOf":{"@id":"https:\/\/www.gruporecoletas.com\/noticias\/#website"},"primaryImageOfPage":{"@id":"https:\/\/www.gruporecoletas.com\/noticias\/el-hospital-recoletas-segovia-adapta-sus-instalaciones-para-una-mejor-atencion-de-los-pacientes\/#primaryimage"},"image":{"@id":"https:\/\/www.gruporecoletas.com\/noticias\/el-hospital-recoletas-segovia-adapta-sus-instalaciones-para-una-mejor-atencion-de-los-pacientes\/#primaryimage"},"thumbnailUrl":"https:\/\/www.gruporecoletas.com\/noticias\/wp-content\/uploads\/2020\/06\/segovia-con-ext.jpg","datePublished":"2020-06-18T10:32:12+00:00","dateModified":"2020-06-18T10:32:13+00:00","author":{"@id":"https:\/\/www.gruporecoletas.com\/noticias\/#\/schema\/person\/3c6ac429828d1f5e3d3bd99f4da9b02c"},"breadcrumb":{"@id":"https:\/\/www.gruporecoletas.com\/noticias\/el-hospital-recoletas-segovia-adapta-sus-instalaciones-para-una-mejor-atencion-de-los-pacientes\/#breadcrumb"},"inLanguage":"es","potentialAction":[{"@type":"ReadAction","target":["https:\/\/www.gruporecoletas.com\/noticias\/el-hospital-recoletas-segovia-adapta-sus-instalaciones-para-una-mejor-atencion-de-los-pacientes\/"]}]},{"@type":"ImageObject","inLanguage":"es","@id":"https:\/\/www.gruporecoletas.com\/noticias\/el-hospital-recoletas-segovia-adapta-sus-instalaciones-para-una-mejor-atencion-de-los-pacientes\/#primaryimage","url":"https:\/\/www.gruporecoletas.com\/noticias\/wp-content\/uploads\/2020\/06\/segovia-con-ext.jpg","contentUrl":"https:\/\/www.gruporecoletas.com\/noticias\/wp-content\/uploads\/2020\/06\/segovia-con-ext.jpg","width":900,"height":600},{"@type":"BreadcrumbList","@id":"https:\/\/www.gruporecoletas.com\/noticias\/el-hospital-recoletas-segovia-adapta-sus-instalaciones-para-una-mejor-atencion-de-los-pacientes\/#breadcrumb","itemListElement":[{"@type":"ListItem","position":1,"name":"Portada","item":"https:\/\/www.gruporecoletas.com\/noticias\/"},{"@type":"ListItem","position":2,"name":"El Hospital Recoletas Segovia adapta sus instalaciones para una mejor atenci\u00f3n de los pacientes"}]},{"@type":"WebSite","@id":"https:\/\/www.gruporecoletas.com\/noticias\/#website","url":"https:\/\/www.gruporecoletas.com\/noticias\/","name":"Noticias Grupo Recoletas","description":"Grupo Recoletas","potentialAction":[{"@type":"SearchAction","target":{"@type":"EntryPoint","urlTemplate":"https:\/\/www.gruporecoletas.com\/noticias\/?s={search_term_string}"},"query-input":{"@type":"PropertyValueSpecification","valueRequired":true,"valueName":"search_term_string"}}],"inLanguage":"es"},{"@type":"Person","@id":"https:\/\/www.gruporecoletas.com\/noticias\/#\/schema\/person\/3c6ac429828d1f5e3d3bd99f4da9b02c","name":"Recoletas Red Hospitalaria","url":"https:\/\/www.gruporecoletas.com\/noticias\/author\/comunicacion\/"}]}},"_links":{"self":[{"href":"https:\/\/www.gruporecoletas.com\/noticias\/wp-json\/wp\/v2\/posts\/13434","targetHints":{"allow":["GET"]}}],"collection":[{"href":"https:\/\/www.gruporecoletas.com\/noticias\/wp-json\/wp\/v2\/posts"}],"about":[{"href":"https:\/\/www.gruporecoletas.com\/noticias\/wp-json\/wp\/v2\/types\/post"}],"author":[{"embeddable":true,"href":"https:\/\/www.gruporecoletas.com\/noticias\/wp-json\/wp\/v2\/users\/2"}],"replies":[{"embeddable":true,"href":"https:\/\/www.gruporecoletas.com\/noticias\/wp-json\/wp\/v2\/comments?post=13434"}],"version-history":[{"count":1,"href":"https:\/\/www.gruporecoletas.com\/noticias\/wp-json\/wp\/v2\/posts\/13434\/revisions"}],"predecessor-version":[{"id":13435,"href":"https:\/\/www.gruporecoletas.com\/noticias\/wp-json\/wp\/v2\/posts\/13434\/revisions\/13435"}],"wp:featuredmedia":[{"embeddable":true,"href":"https:\/\/www.gruporecoletas.com\/noticias\/wp-json\/wp\/v2\/media\/13436"}],"wp:attachment":[{"href":"https:\/\/www.gruporecoletas.com\/noticias\/wp-json\/wp\/v2\/media?parent=13434"}],"wp:term":[{"taxonomy":"category","embeddable":true,"href":"https:\/\/www.gruporecoletas.com\/noticias\/wp-json\/wp\/v2\/categories?post=13434"},{"taxonomy":"post_tag","embeddable":true,"href":"https:\/\/www.gruporecoletas.com\/noticias\/wp-json\/wp\/v2\/tags?post=13434"}],"curies":[{"name":"wp","href":"https:\/\/api.w.org\/{rel}","templated":true}]}}