{"id":13565,"date":"2014-04-29T11:38:36","date_gmt":"2014-04-29T11:38:36","guid":{"rendered":"https:\/\/www.gruporecoletas.com\/noticias\/que-es-la-mini-fiv-preguntas-mas-frecuentes\/"},"modified":"2014-04-29T11:38:36","modified_gmt":"2014-04-29T11:38:36","slug":"que-es-la-mini-fiv-preguntas-mas-frecuentes","status":"publish","type":"post","link":"https:\/\/www.gruporecoletas.com\/noticias\/que-es-la-mini-fiv-preguntas-mas-frecuentes\/","title":{"rendered":"\u00bfQu\u00e9 es la Mini-FIV? Preguntas m\u00e1s frecuentes"},"content":{"rendered":"<p><img loading=\"lazy\" decoding=\"async\" class=\"aligncenter size-medium wp-image-1018\" src=\"http:\/\/www.fivrecoletos.com\/wp-content\/uploads\/2014\/04\/Mini-FIV-386x340.jpg\" alt=\"Mini-FIV\" width=\"386\" height=\"340\" \/><\/p>\n<p style=\"text-align: justify;\">En FIV Recoletos ponemos a tu alcance una t\u00e9cnica nueva que est\u00e1 ganando cada vez m\u00e1s peso dentro de la Reproducci\u00f3n Asistida: la <a href=\"http:\/\/www.fivrecoletos.com\/servicios\/mini-fiv\/\" target=\"_blank\" rel=\"noopener noreferrer\">Mini-FIV<\/a>, tambi\u00e9n conocida como Soft-FIV o FIV suave. Es un tipo especial de FIV que tiene la particularidad de estimular el ovario de forma suave, utilizando una cantidad m\u00ednima de medicaci\u00f3n hormonal.\u00a0<!--more--><\/p>\n<p style=\"text-align: justify;\"><b>\u00bfCuales son sus ventajas?<\/b><\/p>\n<p style=\"text-align: justify;\">La \u00a0Mini-FIV\u00a0est\u00e1 ganando popularidad r\u00e1pidamente en Europa al tener dos ventajas fundamentales frente a la <a href=\"http:\/\/www.fivrecoletos.com\/conoce-el-proceso-de-un-ciclo-de-fiv-o-de-fiv-icsi-traves-de-nuestro-comic\/\" target=\"_blank\" rel=\"noopener noreferrer\">FIV convencional<\/a>: ser un proceso m\u00e1s natural y fisiol\u00f3gico que tiene menos efectos asociados a la medicaci\u00f3n y, por tanto, reduce las molestias y el riesgo de <a href=\"http:\/\/www.fivrecoletos.com\/que-es-el-sindrome-de-hiperestimulacion-ovarica-sho\/\" target=\"_blank\" rel=\"noopener noreferrer\">hiperestimulaci\u00f3n ov\u00e1rica<\/a> u otros efectos adversos y tiene un coste menor.<\/p>\n<p style=\"text-align: justify;\"><b>\u00bfPor qu\u00e9 tiene menor coste? <\/b><\/p>\n<p style=\"text-align: justify;\">En primer lugar, al tener menos medicaci\u00f3n hormonal, los costes derivados de la misma se reducen. En segundo lugar, al estimular menos el ovario hace que el n\u00famero medio de ovocitos se reduzcan a 3, frente a los 10 de promedio de la FIV convencional, lo que hace que los costes de laboratorio sean menores. Adem\u00e1s, al disponer de pocos ovocitos, se transfieren todos los embriones al \u00fatero, por lo que se reduce pr\u00e1cticamente a 0 la posibilidad de que haya embriones sobrantes que crioconservar, lo que hace que se eliminen los costes de crioconservaci\u00f3n.<\/p>\n<p style=\"text-align: justify;\"><b>\u00bfEs igual de eficaz que la FIV convencional?<\/b><\/p>\n<p style=\"text-align: justify;\">Aunque las tasas de gestaci\u00f3n de la Mini-FIV son comparables con la FIV convencional en el grupo de pacientes para las que est\u00e1n indicadas este tipo de t\u00e9cnica, las posibilidades de embarazo son menores, ya que al obtenerse\u00a0 menos \u00f3vulos (2-4 frente a 10-12 de un ciclo convencional de FIV), se reduce la posibilidad de conseguir embriones evolutivos y por ello es altamente improbable disponer de embriones criopreservados. Las tasas de embarazo en la FIV convencional no s\u00f3lo tienen en cuenta los embriones que se transfieren en fresco al \u00fatero, sino tambi\u00e9n los embriones sobrantes que son criopreservados para su posible uso posterior. En aquellos casos en los que con la primera transferencia no se consigue el embarazo, los embriones criopreservados posibilitan una segunda transferencia, incrementando de esta manera las posibilidades de embarazo del conjunto del tratamiento.<\/p>\n<p style=\"text-align: justify;\"><b>\u00bfEs un tratamiento indicado para todos los casos?<\/b><\/p>\n<p style=\"text-align: justify;\">No, la FIV suave est\u00e1 indicada especialmente en determinadas situaciones:<\/p>\n<ul style=\"text-align: justify;\">\n<li>Pacientes con muy buen pron\u00f3stico de fertilidad: mujeres menores de 35 a\u00f1os que dispongan de buena <a href=\"http:\/\/www.fivrecoletos.com\/reserva-ovarica-y-edad-como-influyen-en-la-fertilidad\/\" target=\"_blank\" rel=\"noopener noreferrer\">reserva ov\u00e1rica<\/a>.<\/li>\n<li>Pacientes en los que no se recomienda una estimulaci\u00f3n ov\u00e1rica completa: mujeres que se han sometido a ciclos previos de FIV o de <a href=\"http:\/\/www.fivrecoletos.com\/en-que-consiste-el-ciclo-de-inseminacion-artificial\/\" target=\"_blank\" rel=\"noopener noreferrer\">Inseminaci\u00f3n Artificial <\/a>en los que se hayan obtenido respuestas ov\u00e1ricas exageradas o que tienen riesgo de hiperestimulaci\u00f3n ov\u00e1rica o pacientes con baja respuesta ov\u00e1rica que puedan responder mejor con estas dosis que con dosis elevadas.<\/li>\n<li>Pacientes que por elecci\u00f3n no desean someterse a un tratamiento hormonal a dosis altas, con mayor probabilidad de molestias y efectos secundarios.<\/li>\n<\/ul>\n<p style=\"text-align: justify;\">\n","protected":false},"excerpt":{"rendered":"<p>En FIV Recoletos ponemos a tu alcance una t\u00e9cnica nueva que est\u00e1 ganando cada vez m\u00e1s peso dentro de la Reproducci\u00f3n Asistida: la Mini-FIV, tambi\u00e9n conocida como Soft-FIV o FIV suave. Es un tipo especial de FIV que tiene la particularidad de estimular el ovario de forma suave, utilizando una cantidad m\u00ednima de medicaci\u00f3n hormonal.\u00a0<\/p>\n","protected":false},"author":2,"featured_media":0,"comment_status":"closed","ping_status":"closed","sticky":false,"template":"","format":"standard","meta":{"_acf_changed":false,"footnotes":""},"categories":[47],"tags":[],"class_list":["post-13565","post","type-post","status-publish","format-standard","hentry","category-maternidad-y-ginecologia"],"acf":[],"yoast_head":"<!-- This site is optimized with the Yoast SEO Premium plugin v27.3 (Yoast SEO v27.3) - https:\/\/yoast.com\/product\/yoast-seo-premium-wordpress\/ -->\n<title>\u00bfQu\u00e9 es la Mini-FIV? Preguntas m\u00e1s frecuentes - Noticias Grupo Recoletas<\/title>\n<meta name=\"description\" content=\"Mini-FIV: en FIV Recoletos ponemos a tu alcance una t\u00e9cnica nueva que est\u00e1 ganando cada vez m\u00e1s peso dentro de la Reproducci\u00f3n Asistida.\" \/>\n<meta name=\"robots\" content=\"index, follow, max-snippet:-1, max-image-preview:large, max-video-preview:-1\" \/>\n<link rel=\"canonical\" href=\"https:\/\/www.gruporecoletas.com\/noticias\/que-es-la-mini-fiv-preguntas-mas-frecuentes\/\" \/>\n<meta property=\"og:locale\" content=\"es_ES\" \/>\n<meta property=\"og:type\" content=\"article\" \/>\n<meta property=\"og:title\" content=\"\u00bfQu\u00e9 es la Mini-FIV? Preguntas m\u00e1s frecuentes\" \/>\n<meta property=\"og:description\" content=\"Mini-FIV: en FIV Recoletos ponemos a tu alcance una t\u00e9cnica nueva que est\u00e1 ganando cada vez m\u00e1s peso dentro de la Reproducci\u00f3n Asistida.\" \/>\n<meta property=\"og:url\" content=\"https:\/\/www.gruporecoletas.com\/noticias\/que-es-la-mini-fiv-preguntas-mas-frecuentes\/\" \/>\n<meta property=\"og:site_name\" content=\"Noticias Grupo Recoletas\" \/>\n<meta property=\"article:publisher\" content=\"https:\/\/www.facebook.com\/GrupoRecoletas\/\" \/>\n<meta property=\"article:published_time\" content=\"2014-04-29T11:38:36+00:00\" \/>\n<meta name=\"author\" content=\"Recoletas Red Hospitalaria\" \/>\n<meta name=\"twitter:card\" content=\"summary_large_image\" \/>\n<meta name=\"twitter:creator\" content=\"@GrupoRecoletas\" \/>\n<meta name=\"twitter:site\" content=\"@GrupoRecoletas\" \/>\n<meta name=\"twitter:label1\" content=\"Escrito por\" \/>\n\t<meta name=\"twitter:data1\" content=\"Recoletas Red Hospitalaria\" \/>\n\t<meta name=\"twitter:label2\" content=\"Tiempo de lectura\" \/>\n\t<meta name=\"twitter:data2\" content=\"3 minutos\" \/>\n<script type=\"application\/ld+json\" class=\"yoast-schema-graph\">{\"@context\":\"https:\\\/\\\/schema.org\",\"@graph\":[{\"@type\":\"Article\",\"@id\":\"https:\\\/\\\/www.gruporecoletas.com\\\/noticias\\\/que-es-la-mini-fiv-preguntas-mas-frecuentes\\\/#article\",\"isPartOf\":{\"@id\":\"https:\\\/\\\/www.gruporecoletas.com\\\/noticias\\\/que-es-la-mini-fiv-preguntas-mas-frecuentes\\\/\"},\"author\":{\"name\":\"Recoletas Red Hospitalaria\",\"@id\":\"https:\\\/\\\/www.gruporecoletas.com\\\/noticias\\\/#\\\/schema\\\/person\\\/3c6ac429828d1f5e3d3bd99f4da9b02c\"},\"headline\":\"\u00bfQu\u00e9 es la Mini-FIV? Preguntas m\u00e1s frecuentes\",\"datePublished\":\"2014-04-29T11:38:36+00:00\",\"mainEntityOfPage\":{\"@id\":\"https:\\\/\\\/www.gruporecoletas.com\\\/noticias\\\/que-es-la-mini-fiv-preguntas-mas-frecuentes\\\/\"},\"wordCount\":511,\"image\":{\"@id\":\"https:\\\/\\\/www.gruporecoletas.com\\\/noticias\\\/que-es-la-mini-fiv-preguntas-mas-frecuentes\\\/#primaryimage\"},\"thumbnailUrl\":\"http:\\\/\\\/www.fivrecoletos.com\\\/wp-content\\\/uploads\\\/2014\\\/04\\\/Mini-FIV-386x340.jpg\",\"articleSection\":[\"Maternidad y ginecolog\u00eda\"],\"inLanguage\":\"es\"},{\"@type\":\"WebPage\",\"@id\":\"https:\\\/\\\/www.gruporecoletas.com\\\/noticias\\\/que-es-la-mini-fiv-preguntas-mas-frecuentes\\\/\",\"url\":\"https:\\\/\\\/www.gruporecoletas.com\\\/noticias\\\/que-es-la-mini-fiv-preguntas-mas-frecuentes\\\/\",\"name\":\"\u00bfQu\u00e9 es la Mini-FIV? Preguntas m\u00e1s frecuentes - Noticias Grupo Recoletas\",\"isPartOf\":{\"@id\":\"https:\\\/\\\/www.gruporecoletas.com\\\/noticias\\\/#website\"},\"primaryImageOfPage\":{\"@id\":\"https:\\\/\\\/www.gruporecoletas.com\\\/noticias\\\/que-es-la-mini-fiv-preguntas-mas-frecuentes\\\/#primaryimage\"},\"image\":{\"@id\":\"https:\\\/\\\/www.gruporecoletas.com\\\/noticias\\\/que-es-la-mini-fiv-preguntas-mas-frecuentes\\\/#primaryimage\"},\"thumbnailUrl\":\"http:\\\/\\\/www.fivrecoletos.com\\\/wp-content\\\/uploads\\\/2014\\\/04\\\/Mini-FIV-386x340.jpg\",\"datePublished\":\"2014-04-29T11:38:36+00:00\",\"author\":{\"@id\":\"https:\\\/\\\/www.gruporecoletas.com\\\/noticias\\\/#\\\/schema\\\/person\\\/3c6ac429828d1f5e3d3bd99f4da9b02c\"},\"description\":\"Mini-FIV: en FIV Recoletos ponemos a tu alcance una t\u00e9cnica nueva que est\u00e1 ganando cada vez m\u00e1s peso dentro de la Reproducci\u00f3n Asistida.\",\"breadcrumb\":{\"@id\":\"https:\\\/\\\/www.gruporecoletas.com\\\/noticias\\\/que-es-la-mini-fiv-preguntas-mas-frecuentes\\\/#breadcrumb\"},\"inLanguage\":\"es\",\"potentialAction\":[{\"@type\":\"ReadAction\",\"target\":[\"https:\\\/\\\/www.gruporecoletas.com\\\/noticias\\\/que-es-la-mini-fiv-preguntas-mas-frecuentes\\\/\"]}]},{\"@type\":\"ImageObject\",\"inLanguage\":\"es\",\"@id\":\"https:\\\/\\\/www.gruporecoletas.com\\\/noticias\\\/que-es-la-mini-fiv-preguntas-mas-frecuentes\\\/#primaryimage\",\"url\":\"http:\\\/\\\/www.fivrecoletos.com\\\/wp-content\\\/uploads\\\/2014\\\/04\\\/Mini-FIV-386x340.jpg\",\"contentUrl\":\"http:\\\/\\\/www.fivrecoletos.com\\\/wp-content\\\/uploads\\\/2014\\\/04\\\/Mini-FIV-386x340.jpg\"},{\"@type\":\"BreadcrumbList\",\"@id\":\"https:\\\/\\\/www.gruporecoletas.com\\\/noticias\\\/que-es-la-mini-fiv-preguntas-mas-frecuentes\\\/#breadcrumb\",\"itemListElement\":[{\"@type\":\"ListItem\",\"position\":1,\"name\":\"Portada\",\"item\":\"https:\\\/\\\/www.gruporecoletas.com\\\/noticias\\\/\"},{\"@type\":\"ListItem\",\"position\":2,\"name\":\"\u00bfQu\u00e9 es la Mini-FIV? Preguntas m\u00e1s frecuentes\"}]},{\"@type\":\"WebSite\",\"@id\":\"https:\\\/\\\/www.gruporecoletas.com\\\/noticias\\\/#website\",\"url\":\"https:\\\/\\\/www.gruporecoletas.com\\\/noticias\\\/\",\"name\":\"Noticias Grupo Recoletas\",\"description\":\"Grupo Recoletas\",\"potentialAction\":[{\"@type\":\"SearchAction\",\"target\":{\"@type\":\"EntryPoint\",\"urlTemplate\":\"https:\\\/\\\/www.gruporecoletas.com\\\/noticias\\\/?s={search_term_string}\"},\"query-input\":{\"@type\":\"PropertyValueSpecification\",\"valueRequired\":true,\"valueName\":\"search_term_string\"}}],\"inLanguage\":\"es\"},{\"@type\":\"Person\",\"@id\":\"https:\\\/\\\/www.gruporecoletas.com\\\/noticias\\\/#\\\/schema\\\/person\\\/3c6ac429828d1f5e3d3bd99f4da9b02c\",\"name\":\"Recoletas Red Hospitalaria\",\"url\":\"https:\\\/\\\/www.gruporecoletas.com\\\/noticias\\\/author\\\/comunicacion\\\/\"}]}<\/script>\n<!-- \/ Yoast SEO Premium plugin. -->","yoast_head_json":{"title":"\u00bfQu\u00e9 es la Mini-FIV? Preguntas m\u00e1s frecuentes - Noticias Grupo Recoletas","description":"Mini-FIV: en FIV Recoletos ponemos a tu alcance una t\u00e9cnica nueva que est\u00e1 ganando cada vez m\u00e1s peso dentro de la Reproducci\u00f3n Asistida.","robots":{"index":"index","follow":"follow","max-snippet":"max-snippet:-1","max-image-preview":"max-image-preview:large","max-video-preview":"max-video-preview:-1"},"canonical":"https:\/\/www.gruporecoletas.com\/noticias\/que-es-la-mini-fiv-preguntas-mas-frecuentes\/","og_locale":"es_ES","og_type":"article","og_title":"\u00bfQu\u00e9 es la Mini-FIV? Preguntas m\u00e1s frecuentes","og_description":"Mini-FIV: en FIV Recoletos ponemos a tu alcance una t\u00e9cnica nueva que est\u00e1 ganando cada vez m\u00e1s peso dentro de la Reproducci\u00f3n Asistida.","og_url":"https:\/\/www.gruporecoletas.com\/noticias\/que-es-la-mini-fiv-preguntas-mas-frecuentes\/","og_site_name":"Noticias Grupo Recoletas","article_publisher":"https:\/\/www.facebook.com\/GrupoRecoletas\/","article_published_time":"2014-04-29T11:38:36+00:00","author":"Recoletas Red Hospitalaria","twitter_card":"summary_large_image","twitter_creator":"@GrupoRecoletas","twitter_site":"@GrupoRecoletas","twitter_misc":{"Escrito por":"Recoletas Red Hospitalaria","Tiempo de lectura":"3 minutos"},"schema":{"@context":"https:\/\/schema.org","@graph":[{"@type":"Article","@id":"https:\/\/www.gruporecoletas.com\/noticias\/que-es-la-mini-fiv-preguntas-mas-frecuentes\/#article","isPartOf":{"@id":"https:\/\/www.gruporecoletas.com\/noticias\/que-es-la-mini-fiv-preguntas-mas-frecuentes\/"},"author":{"name":"Recoletas Red Hospitalaria","@id":"https:\/\/www.gruporecoletas.com\/noticias\/#\/schema\/person\/3c6ac429828d1f5e3d3bd99f4da9b02c"},"headline":"\u00bfQu\u00e9 es la Mini-FIV? Preguntas m\u00e1s frecuentes","datePublished":"2014-04-29T11:38:36+00:00","mainEntityOfPage":{"@id":"https:\/\/www.gruporecoletas.com\/noticias\/que-es-la-mini-fiv-preguntas-mas-frecuentes\/"},"wordCount":511,"image":{"@id":"https:\/\/www.gruporecoletas.com\/noticias\/que-es-la-mini-fiv-preguntas-mas-frecuentes\/#primaryimage"},"thumbnailUrl":"http:\/\/www.fivrecoletos.com\/wp-content\/uploads\/2014\/04\/Mini-FIV-386x340.jpg","articleSection":["Maternidad y ginecolog\u00eda"],"inLanguage":"es"},{"@type":"WebPage","@id":"https:\/\/www.gruporecoletas.com\/noticias\/que-es-la-mini-fiv-preguntas-mas-frecuentes\/","url":"https:\/\/www.gruporecoletas.com\/noticias\/que-es-la-mini-fiv-preguntas-mas-frecuentes\/","name":"\u00bfQu\u00e9 es la Mini-FIV? Preguntas m\u00e1s frecuentes - Noticias Grupo Recoletas","isPartOf":{"@id":"https:\/\/www.gruporecoletas.com\/noticias\/#website"},"primaryImageOfPage":{"@id":"https:\/\/www.gruporecoletas.com\/noticias\/que-es-la-mini-fiv-preguntas-mas-frecuentes\/#primaryimage"},"image":{"@id":"https:\/\/www.gruporecoletas.com\/noticias\/que-es-la-mini-fiv-preguntas-mas-frecuentes\/#primaryimage"},"thumbnailUrl":"http:\/\/www.fivrecoletos.com\/wp-content\/uploads\/2014\/04\/Mini-FIV-386x340.jpg","datePublished":"2014-04-29T11:38:36+00:00","author":{"@id":"https:\/\/www.gruporecoletas.com\/noticias\/#\/schema\/person\/3c6ac429828d1f5e3d3bd99f4da9b02c"},"description":"Mini-FIV: en FIV Recoletos ponemos a tu alcance una t\u00e9cnica nueva que est\u00e1 ganando cada vez m\u00e1s peso dentro de la Reproducci\u00f3n Asistida.","breadcrumb":{"@id":"https:\/\/www.gruporecoletas.com\/noticias\/que-es-la-mini-fiv-preguntas-mas-frecuentes\/#breadcrumb"},"inLanguage":"es","potentialAction":[{"@type":"ReadAction","target":["https:\/\/www.gruporecoletas.com\/noticias\/que-es-la-mini-fiv-preguntas-mas-frecuentes\/"]}]},{"@type":"ImageObject","inLanguage":"es","@id":"https:\/\/www.gruporecoletas.com\/noticias\/que-es-la-mini-fiv-preguntas-mas-frecuentes\/#primaryimage","url":"http:\/\/www.fivrecoletos.com\/wp-content\/uploads\/2014\/04\/Mini-FIV-386x340.jpg","contentUrl":"http:\/\/www.fivrecoletos.com\/wp-content\/uploads\/2014\/04\/Mini-FIV-386x340.jpg"},{"@type":"BreadcrumbList","@id":"https:\/\/www.gruporecoletas.com\/noticias\/que-es-la-mini-fiv-preguntas-mas-frecuentes\/#breadcrumb","itemListElement":[{"@type":"ListItem","position":1,"name":"Portada","item":"https:\/\/www.gruporecoletas.com\/noticias\/"},{"@type":"ListItem","position":2,"name":"\u00bfQu\u00e9 es la Mini-FIV? Preguntas m\u00e1s frecuentes"}]},{"@type":"WebSite","@id":"https:\/\/www.gruporecoletas.com\/noticias\/#website","url":"https:\/\/www.gruporecoletas.com\/noticias\/","name":"Noticias Grupo Recoletas","description":"Grupo Recoletas","potentialAction":[{"@type":"SearchAction","target":{"@type":"EntryPoint","urlTemplate":"https:\/\/www.gruporecoletas.com\/noticias\/?s={search_term_string}"},"query-input":{"@type":"PropertyValueSpecification","valueRequired":true,"valueName":"search_term_string"}}],"inLanguage":"es"},{"@type":"Person","@id":"https:\/\/www.gruporecoletas.com\/noticias\/#\/schema\/person\/3c6ac429828d1f5e3d3bd99f4da9b02c","name":"Recoletas Red Hospitalaria","url":"https:\/\/www.gruporecoletas.com\/noticias\/author\/comunicacion\/"}]}},"_links":{"self":[{"href":"https:\/\/www.gruporecoletas.com\/noticias\/wp-json\/wp\/v2\/posts\/13565","targetHints":{"allow":["GET"]}}],"collection":[{"href":"https:\/\/www.gruporecoletas.com\/noticias\/wp-json\/wp\/v2\/posts"}],"about":[{"href":"https:\/\/www.gruporecoletas.com\/noticias\/wp-json\/wp\/v2\/types\/post"}],"author":[{"embeddable":true,"href":"https:\/\/www.gruporecoletas.com\/noticias\/wp-json\/wp\/v2\/users\/2"}],"replies":[{"embeddable":true,"href":"https:\/\/www.gruporecoletas.com\/noticias\/wp-json\/wp\/v2\/comments?post=13565"}],"version-history":[{"count":0,"href":"https:\/\/www.gruporecoletas.com\/noticias\/wp-json\/wp\/v2\/posts\/13565\/revisions"}],"wp:attachment":[{"href":"https:\/\/www.gruporecoletas.com\/noticias\/wp-json\/wp\/v2\/media?parent=13565"}],"wp:term":[{"taxonomy":"category","embeddable":true,"href":"https:\/\/www.gruporecoletas.com\/noticias\/wp-json\/wp\/v2\/categories?post=13565"},{"taxonomy":"post_tag","embeddable":true,"href":"https:\/\/www.gruporecoletas.com\/noticias\/wp-json\/wp\/v2\/tags?post=13565"}],"curies":[{"name":"wp","href":"https:\/\/api.w.org\/{rel}","templated":true}]}}