{"id":13637,"date":"2014-10-02T12:46:56","date_gmt":"2014-10-02T12:46:56","guid":{"rendered":"https:\/\/www.gruporecoletas.com\/noticias\/actualizacion-cientifica-en-el-campo-de-la-reproduccion-asistida\/"},"modified":"2014-10-02T12:46:56","modified_gmt":"2014-10-02T12:46:56","slug":"actualizacion-cientifica-en-el-campo-de-la-reproduccion-asistida","status":"publish","type":"post","link":"https:\/\/www.gruporecoletas.com\/noticias\/actualizacion-cientifica-en-el-campo-de-la-reproduccion-asistida\/","title":{"rendered":"Actualizaci\u00f3n cient\u00edfica en el campo de la Reproducci\u00f3n Asistida"},"content":{"rendered":"<p><img loading=\"lazy\" decoding=\"async\" class=\"aligncenter size-medium wp-image-1293\" src=\"http:\/\/www.fivrecoletos.com\/wp-content\/uploads\/2014\/10\/Capitan\u00eda_Valladolid-552x340.jpg\" alt=\"Capitan\u00eda_Valladolid\" width=\"552\" height=\"340\" \/><\/p>\n<p style=\"text-align: justify;\">Los pasados d\u00edas 26 y 27 tuvo lugar en Valladolid la \u201cXIV reuni\u00f3n del Foro Norte de <a href=\"http:\/\/www.fivrecoletos.com\/servicios\/unidad-reproduccion-asistida\/\" target=\"_blank\" rel=\"noopener noreferrer\">Reproducci\u00f3n Asistida<\/a>\u201d, un encuentro anual que promueve la actualizaci\u00f3n cient\u00edfica de los profesionales de los principales centros de Arag\u00f3n, Asturias, Cantabria, Castilla y Le\u00f3n, Galicia, La Rioja, Navarra y Pa\u00eds Vasco.\u00a0<!--more--><\/p>\n<p style=\"text-align: justify;\">El encuentro, que ha contado con m\u00e1s de 100 especialistas en fertilidad, se ha estructurado en cuatro mesas que han tenido en cuenta tanto la visi\u00f3n del ginec\u00f3logo como del embri\u00f3logo, y ha sido, seg\u00fan las palabras de nuestro Director M\u00e9dico, el <a href=\"http:\/\/www.fivrecoletos.com\/profesionales\/angel-santaolaya-gallardo\/\" target=\"_blank\" rel=\"noopener noreferrer\">Dr. Santaolaya<\/a>, coordinador de las jornadas, <i>\u201cuna experiencia muy positiva, una oportunidad para el debate cient\u00edfico de temas que suscitan pol\u00e9mica, no s\u00f3lo desde la evidencia cient\u00edfica sino tambi\u00e9n desde la experiencia real de profesionales de los principales centros del norte de Espa\u00f1a\u201d .<\/i><\/p>\n<p style=\"text-align: justify;\">La edici\u00f3n de este a\u00f1o, celebrada en Valladolid, ha sido coordinada por los principales grupos de Reproducci\u00f3n Asistida privados y p\u00fablicos de la ciudad: <a href=\"http:\/\/www.fivrecoletos.com\/\" target=\"_blank\" rel=\"noopener noreferrer\">FIV Recoletos<\/a>, el Hospital Cl\u00ednico Universitario y el Hospital Universitario R\u00edo Hortega, y financiado por la farmac\u00e9utica Merck.<\/p>\n<p style=\"text-align: justify;\">Los principales temas abordados en las jornadas celebradas en Valladolid han sido las novedades en torno a:<\/p>\n<ul style=\"text-align: justify;\">\n<li>La baja respuesta ov\u00e1rica, una realidad que afecta a entre un 18% y un 35% de las pacientes que solicitan un tratamiento de Reproducci\u00f3n Asistida y que va en aumento debido principalmente al <a href=\"http:\/\/www.fivrecoletos.com\/servicios\/preservacion-de-la-fertilidad\/\" target=\"_blank\" rel=\"noopener noreferrer\">retraso de la maternidad<\/a> en las mujeres por causas personales, profesionales o econ\u00f3micos.<\/li>\n<li>La <a href=\"http:\/\/www.fivrecoletos.com\/servicios\/induccion-de-la-ovulacion\/\" target=\"_blank\" rel=\"noopener noreferrer\">inducci\u00f3n de la ovulaci\u00f3n<\/a>, una alternativa terap\u00e9utica que los estudios cient\u00edficos demuestran que \u00a0mejora la eficiencia y la seguridad de los tratamientos.<\/li>\n<li>La transferencia de embriones diferida frente a la transferencia en fresco, que mejora las tasas de embarazo y reduce la morbimortalidad materna y fetal.<\/li>\n<li>Los fallos de implantaci\u00f3n del embri\u00f3n en el \u00fatero, un problema actual dentro del campo de la infertilidad, que requiere un exhaustivo soporte t\u00e9cnico y de laboratorio para realizar tanto las pruebas diagn\u00f3sticas como los tratamientos.<\/li>\n<\/ul>\n<p style=\"text-align: justify;\">\n","protected":false},"excerpt":{"rendered":"<p>Los pasados d\u00edas 26 y 27 tuvo lugar en Valladolid la \u201cXIV reuni\u00f3n del Foro Norte de Reproducci\u00f3n Asistida\u201d, un encuentro anual que promueve la actualizaci\u00f3n cient\u00edfica de los profesionales de los principales centros de Arag\u00f3n, Asturias, Cantabria, Castilla y Le\u00f3n, Galicia, La Rioja, Navarra y Pa\u00eds Vasco.\u00a0<\/p>\n","protected":false},"author":2,"featured_media":0,"comment_status":"closed","ping_status":"closed","sticky":false,"template":"","format":"standard","meta":{"_acf_changed":false,"footnotes":""},"categories":[47],"tags":[],"class_list":["post-13637","post","type-post","status-publish","format-standard","hentry","category-maternidad-y-ginecologia"],"acf":[],"yoast_head":"<!-- This site is optimized with the Yoast SEO Premium plugin v27.3 (Yoast SEO v27.3) - https:\/\/yoast.com\/product\/yoast-seo-premium-wordpress\/ -->\n<title>Actualizaci\u00f3n cient\u00edfica en el campo de la Reproducci\u00f3n Asistida - Noticias Grupo Recoletas<\/title>\n<meta name=\"description\" content=\"Los pasados d\u00edas 26 y 27 ha tenido lugar en Valladolid la \u201cXIV reuni\u00f3n del Foro Norte de Reproducci\u00f3n Asistida\u201d.\" \/>\n<meta name=\"robots\" content=\"index, follow, max-snippet:-1, max-image-preview:large, max-video-preview:-1\" \/>\n<link rel=\"canonical\" href=\"https:\/\/www.gruporecoletas.com\/noticias\/actualizacion-cientifica-en-el-campo-de-la-reproduccion-asistida\/\" \/>\n<meta property=\"og:locale\" content=\"es_ES\" \/>\n<meta property=\"og:type\" content=\"article\" \/>\n<meta property=\"og:title\" content=\"Actualizaci\u00f3n cient\u00edfica en el campo de la Reproducci\u00f3n Asistida\" \/>\n<meta property=\"og:description\" content=\"Los pasados d\u00edas 26 y 27 ha tenido lugar en Valladolid la \u201cXIV reuni\u00f3n del Foro Norte de Reproducci\u00f3n Asistida\u201d.\" \/>\n<meta property=\"og:url\" content=\"https:\/\/www.gruporecoletas.com\/noticias\/actualizacion-cientifica-en-el-campo-de-la-reproduccion-asistida\/\" \/>\n<meta property=\"og:site_name\" content=\"Noticias Grupo Recoletas\" \/>\n<meta property=\"article:publisher\" content=\"https:\/\/www.facebook.com\/GrupoRecoletas\/\" \/>\n<meta property=\"article:published_time\" content=\"2014-10-02T12:46:56+00:00\" \/>\n<meta name=\"author\" content=\"Recoletas Red Hospitalaria\" \/>\n<meta name=\"twitter:card\" content=\"summary_large_image\" \/>\n<meta name=\"twitter:creator\" content=\"@GrupoRecoletas\" \/>\n<meta name=\"twitter:site\" content=\"@GrupoRecoletas\" \/>\n<meta name=\"twitter:label1\" content=\"Escrito por\" \/>\n\t<meta name=\"twitter:data1\" content=\"Recoletas Red Hospitalaria\" \/>\n\t<meta name=\"twitter:label2\" content=\"Tiempo de lectura\" \/>\n\t<meta name=\"twitter:data2\" content=\"2 minutos\" \/>\n<script type=\"application\/ld+json\" class=\"yoast-schema-graph\">{\"@context\":\"https:\\\/\\\/schema.org\",\"@graph\":[{\"@type\":\"Article\",\"@id\":\"https:\\\/\\\/www.gruporecoletas.com\\\/noticias\\\/actualizacion-cientifica-en-el-campo-de-la-reproduccion-asistida\\\/#article\",\"isPartOf\":{\"@id\":\"https:\\\/\\\/www.gruporecoletas.com\\\/noticias\\\/actualizacion-cientifica-en-el-campo-de-la-reproduccion-asistida\\\/\"},\"author\":{\"name\":\"Recoletas Red Hospitalaria\",\"@id\":\"https:\\\/\\\/www.gruporecoletas.com\\\/noticias\\\/#\\\/schema\\\/person\\\/3c6ac429828d1f5e3d3bd99f4da9b02c\"},\"headline\":\"Actualizaci\u00f3n cient\u00edfica en el campo de la Reproducci\u00f3n Asistida\",\"datePublished\":\"2014-10-02T12:46:56+00:00\",\"mainEntityOfPage\":{\"@id\":\"https:\\\/\\\/www.gruporecoletas.com\\\/noticias\\\/actualizacion-cientifica-en-el-campo-de-la-reproduccion-asistida\\\/\"},\"wordCount\":366,\"articleSection\":[\"Maternidad y ginecolog\u00eda\"],\"inLanguage\":\"es\"},{\"@type\":\"WebPage\",\"@id\":\"https:\\\/\\\/www.gruporecoletas.com\\\/noticias\\\/actualizacion-cientifica-en-el-campo-de-la-reproduccion-asistida\\\/\",\"url\":\"https:\\\/\\\/www.gruporecoletas.com\\\/noticias\\\/actualizacion-cientifica-en-el-campo-de-la-reproduccion-asistida\\\/\",\"name\":\"Actualizaci\u00f3n cient\u00edfica en el campo de la Reproducci\u00f3n Asistida - Noticias Grupo Recoletas\",\"isPartOf\":{\"@id\":\"https:\\\/\\\/www.gruporecoletas.com\\\/noticias\\\/#website\"},\"datePublished\":\"2014-10-02T12:46:56+00:00\",\"author\":{\"@id\":\"https:\\\/\\\/www.gruporecoletas.com\\\/noticias\\\/#\\\/schema\\\/person\\\/3c6ac429828d1f5e3d3bd99f4da9b02c\"},\"description\":\"Los pasados d\u00edas 26 y 27 ha tenido lugar en Valladolid la \u201cXIV reuni\u00f3n del Foro Norte de Reproducci\u00f3n Asistida\u201d.\",\"breadcrumb\":{\"@id\":\"https:\\\/\\\/www.gruporecoletas.com\\\/noticias\\\/actualizacion-cientifica-en-el-campo-de-la-reproduccion-asistida\\\/#breadcrumb\"},\"inLanguage\":\"es\",\"potentialAction\":[{\"@type\":\"ReadAction\",\"target\":[\"https:\\\/\\\/www.gruporecoletas.com\\\/noticias\\\/actualizacion-cientifica-en-el-campo-de-la-reproduccion-asistida\\\/\"]}]},{\"@type\":\"BreadcrumbList\",\"@id\":\"https:\\\/\\\/www.gruporecoletas.com\\\/noticias\\\/actualizacion-cientifica-en-el-campo-de-la-reproduccion-asistida\\\/#breadcrumb\",\"itemListElement\":[{\"@type\":\"ListItem\",\"position\":1,\"name\":\"Portada\",\"item\":\"https:\\\/\\\/www.gruporecoletas.com\\\/noticias\\\/\"},{\"@type\":\"ListItem\",\"position\":2,\"name\":\"Actualizaci\u00f3n cient\u00edfica en el campo de la Reproducci\u00f3n Asistida\"}]},{\"@type\":\"WebSite\",\"@id\":\"https:\\\/\\\/www.gruporecoletas.com\\\/noticias\\\/#website\",\"url\":\"https:\\\/\\\/www.gruporecoletas.com\\\/noticias\\\/\",\"name\":\"Noticias Grupo Recoletas\",\"description\":\"Grupo Recoletas\",\"potentialAction\":[{\"@type\":\"SearchAction\",\"target\":{\"@type\":\"EntryPoint\",\"urlTemplate\":\"https:\\\/\\\/www.gruporecoletas.com\\\/noticias\\\/?s={search_term_string}\"},\"query-input\":{\"@type\":\"PropertyValueSpecification\",\"valueRequired\":true,\"valueName\":\"search_term_string\"}}],\"inLanguage\":\"es\"},{\"@type\":\"Person\",\"@id\":\"https:\\\/\\\/www.gruporecoletas.com\\\/noticias\\\/#\\\/schema\\\/person\\\/3c6ac429828d1f5e3d3bd99f4da9b02c\",\"name\":\"Recoletas Red Hospitalaria\",\"url\":\"https:\\\/\\\/www.gruporecoletas.com\\\/noticias\\\/author\\\/comunicacion\\\/\"}]}<\/script>\n<!-- \/ Yoast SEO Premium plugin. -->","yoast_head_json":{"title":"Actualizaci\u00f3n cient\u00edfica en el campo de la Reproducci\u00f3n Asistida - Noticias Grupo Recoletas","description":"Los pasados d\u00edas 26 y 27 ha tenido lugar en Valladolid la \u201cXIV reuni\u00f3n del Foro Norte de Reproducci\u00f3n Asistida\u201d.","robots":{"index":"index","follow":"follow","max-snippet":"max-snippet:-1","max-image-preview":"max-image-preview:large","max-video-preview":"max-video-preview:-1"},"canonical":"https:\/\/www.gruporecoletas.com\/noticias\/actualizacion-cientifica-en-el-campo-de-la-reproduccion-asistida\/","og_locale":"es_ES","og_type":"article","og_title":"Actualizaci\u00f3n cient\u00edfica en el campo de la Reproducci\u00f3n Asistida","og_description":"Los pasados d\u00edas 26 y 27 ha tenido lugar en Valladolid la \u201cXIV reuni\u00f3n del Foro Norte de Reproducci\u00f3n Asistida\u201d.","og_url":"https:\/\/www.gruporecoletas.com\/noticias\/actualizacion-cientifica-en-el-campo-de-la-reproduccion-asistida\/","og_site_name":"Noticias Grupo Recoletas","article_publisher":"https:\/\/www.facebook.com\/GrupoRecoletas\/","article_published_time":"2014-10-02T12:46:56+00:00","author":"Recoletas Red Hospitalaria","twitter_card":"summary_large_image","twitter_creator":"@GrupoRecoletas","twitter_site":"@GrupoRecoletas","twitter_misc":{"Escrito por":"Recoletas Red Hospitalaria","Tiempo de lectura":"2 minutos"},"schema":{"@context":"https:\/\/schema.org","@graph":[{"@type":"Article","@id":"https:\/\/www.gruporecoletas.com\/noticias\/actualizacion-cientifica-en-el-campo-de-la-reproduccion-asistida\/#article","isPartOf":{"@id":"https:\/\/www.gruporecoletas.com\/noticias\/actualizacion-cientifica-en-el-campo-de-la-reproduccion-asistida\/"},"author":{"name":"Recoletas Red Hospitalaria","@id":"https:\/\/www.gruporecoletas.com\/noticias\/#\/schema\/person\/3c6ac429828d1f5e3d3bd99f4da9b02c"},"headline":"Actualizaci\u00f3n cient\u00edfica en el campo de la Reproducci\u00f3n Asistida","datePublished":"2014-10-02T12:46:56+00:00","mainEntityOfPage":{"@id":"https:\/\/www.gruporecoletas.com\/noticias\/actualizacion-cientifica-en-el-campo-de-la-reproduccion-asistida\/"},"wordCount":366,"articleSection":["Maternidad y ginecolog\u00eda"],"inLanguage":"es"},{"@type":"WebPage","@id":"https:\/\/www.gruporecoletas.com\/noticias\/actualizacion-cientifica-en-el-campo-de-la-reproduccion-asistida\/","url":"https:\/\/www.gruporecoletas.com\/noticias\/actualizacion-cientifica-en-el-campo-de-la-reproduccion-asistida\/","name":"Actualizaci\u00f3n cient\u00edfica en el campo de la Reproducci\u00f3n Asistida - Noticias Grupo Recoletas","isPartOf":{"@id":"https:\/\/www.gruporecoletas.com\/noticias\/#website"},"datePublished":"2014-10-02T12:46:56+00:00","author":{"@id":"https:\/\/www.gruporecoletas.com\/noticias\/#\/schema\/person\/3c6ac429828d1f5e3d3bd99f4da9b02c"},"description":"Los pasados d\u00edas 26 y 27 ha tenido lugar en Valladolid la \u201cXIV reuni\u00f3n del Foro Norte de Reproducci\u00f3n Asistida\u201d.","breadcrumb":{"@id":"https:\/\/www.gruporecoletas.com\/noticias\/actualizacion-cientifica-en-el-campo-de-la-reproduccion-asistida\/#breadcrumb"},"inLanguage":"es","potentialAction":[{"@type":"ReadAction","target":["https:\/\/www.gruporecoletas.com\/noticias\/actualizacion-cientifica-en-el-campo-de-la-reproduccion-asistida\/"]}]},{"@type":"BreadcrumbList","@id":"https:\/\/www.gruporecoletas.com\/noticias\/actualizacion-cientifica-en-el-campo-de-la-reproduccion-asistida\/#breadcrumb","itemListElement":[{"@type":"ListItem","position":1,"name":"Portada","item":"https:\/\/www.gruporecoletas.com\/noticias\/"},{"@type":"ListItem","position":2,"name":"Actualizaci\u00f3n cient\u00edfica en el campo de la Reproducci\u00f3n Asistida"}]},{"@type":"WebSite","@id":"https:\/\/www.gruporecoletas.com\/noticias\/#website","url":"https:\/\/www.gruporecoletas.com\/noticias\/","name":"Noticias Grupo Recoletas","description":"Grupo Recoletas","potentialAction":[{"@type":"SearchAction","target":{"@type":"EntryPoint","urlTemplate":"https:\/\/www.gruporecoletas.com\/noticias\/?s={search_term_string}"},"query-input":{"@type":"PropertyValueSpecification","valueRequired":true,"valueName":"search_term_string"}}],"inLanguage":"es"},{"@type":"Person","@id":"https:\/\/www.gruporecoletas.com\/noticias\/#\/schema\/person\/3c6ac429828d1f5e3d3bd99f4da9b02c","name":"Recoletas Red Hospitalaria","url":"https:\/\/www.gruporecoletas.com\/noticias\/author\/comunicacion\/"}]}},"_links":{"self":[{"href":"https:\/\/www.gruporecoletas.com\/noticias\/wp-json\/wp\/v2\/posts\/13637","targetHints":{"allow":["GET"]}}],"collection":[{"href":"https:\/\/www.gruporecoletas.com\/noticias\/wp-json\/wp\/v2\/posts"}],"about":[{"href":"https:\/\/www.gruporecoletas.com\/noticias\/wp-json\/wp\/v2\/types\/post"}],"author":[{"embeddable":true,"href":"https:\/\/www.gruporecoletas.com\/noticias\/wp-json\/wp\/v2\/users\/2"}],"replies":[{"embeddable":true,"href":"https:\/\/www.gruporecoletas.com\/noticias\/wp-json\/wp\/v2\/comments?post=13637"}],"version-history":[{"count":0,"href":"https:\/\/www.gruporecoletas.com\/noticias\/wp-json\/wp\/v2\/posts\/13637\/revisions"}],"wp:attachment":[{"href":"https:\/\/www.gruporecoletas.com\/noticias\/wp-json\/wp\/v2\/media?parent=13637"}],"wp:term":[{"taxonomy":"category","embeddable":true,"href":"https:\/\/www.gruporecoletas.com\/noticias\/wp-json\/wp\/v2\/categories?post=13637"},{"taxonomy":"post_tag","embeddable":true,"href":"https:\/\/www.gruporecoletas.com\/noticias\/wp-json\/wp\/v2\/tags?post=13637"}],"curies":[{"name":"wp","href":"https:\/\/api.w.org\/{rel}","templated":true}]}}