{"id":13643,"date":"2014-10-16T11:37:57","date_gmt":"2014-10-16T11:37:57","guid":{"rendered":"https:\/\/www.gruporecoletas.com\/noticias\/como-afecta-la-edad-de-los-hombres-en-la-infertilidad\/"},"modified":"2014-10-16T11:37:57","modified_gmt":"2014-10-16T11:37:57","slug":"como-afecta-la-edad-de-los-hombres-en-la-infertilidad","status":"publish","type":"post","link":"https:\/\/www.gruporecoletas.com\/noticias\/como-afecta-la-edad-de-los-hombres-en-la-infertilidad\/","title":{"rendered":"\u00bfC\u00f3mo afecta la edad de los hombres en la infertilidad?"},"content":{"rendered":"<p><b>\u00a0<img loading=\"lazy\" decoding=\"async\" class=\"aligncenter size-medium wp-image-1306\" src=\"http:\/\/www.fivrecoletos.com\/wp-content\/uploads\/2014\/10\/hombres-y-fertilidad-620x340.jpg\" alt=\"hombres y fertilidad\" width=\"620\" height=\"340\" \/><\/b><\/p>\n<p style=\"text-align: justify;\">La <a href=\"http:\/\/www.fivrecoletos.com\/servicios\/unidad-medicina-reproductiva\/\" target=\"_blank\" rel=\"noopener noreferrer\">infertilidad<\/a> masculina como tema tab\u00fa en la sociedad ha pasado a la historia. Si hace a\u00f1os la imposibilidad de alcanzar el embarazo despu\u00e9s de un a\u00f1o persigui\u00e9ndolo era s\u00f3lo asignable a causas femeninas, las evidencias cient\u00edficas han cambiado el rumbo de esta concepci\u00f3n injusta: la infertilidad tambi\u00e9n puede tener un origen masculino. De hecho, los porcentajes reflejados en diversos estudios aclaran la cuesti\u00f3n, y es que aproximadamente el 30% de los motivos provienen del hombre, una cifra similar a la de las causas femeninas de infertilidad (del 30% restante aproximadamente un 20% se debe a causas mixtas y un 10% es de causa desconocida).\u00a0<!--more--><\/p>\n<p style=\"text-align: justify;\">A pesar del exceso de mitolog\u00eda que siempre ha rodeado a la infertilidad, a d\u00eda de hoy es posible aclarar la mayor parte de estas cuestiones. La creencia popular de que el hombre puede engendrar hasta su vejez no es cierta y cabe destacar que una de las causas que afecta la calidad del semen en los hombres es la edad. Se ha demostrado cient\u00edficamente que a medida que pasa el tiempo la calidad de los espermatozoides disminuye, reduciendo as\u00ed su capacidad de fecundaci\u00f3n. La edad no es el \u00fanico factor que determina la infertilidad masculina. Se trata, m\u00e1s bien, de una variable que agrava otros problemas.<\/p>\n<p style=\"text-align: justify;\">Aunque los hombres producen espermatozoides a lo largo de toda la vida, \u00a0ellos tambi\u00e9n tienen su reloj biol\u00f3gico, pero es un poco m\u00e1s tard\u00edo que el de las mujeres. Existen estudios que recogen que a partir de los 40 a\u00f1os de edad, la fertilidad masculina disminuye aproximadamente un 70%, como consecuencia de la ca\u00edda de la calidad del semen, debido a que el volumen de semen va sufriendo un descenso, y a que el n\u00famero de espermatozoides y la calidad de los mismo (indicadores de la capacidad del semen para fecundar un \u00f3vulo) van disminuyendo tambi\u00e9n. Adem\u00e1s, el da\u00f1o en el material gen\u00e9tico de los espermatozoides se incrementa con la edad, lo que ocasiona que sea menos eficaz para engendrar y puede ser causa de enfermedades en los hijos. En este sentido, en declaraciones al peri\u00f3dico &#8216;The New York Times&#8217;, el presidente del Instituto Americano de Medicina Gen\u00e9tica, Joe Leigh Simpson, apunt\u00f3 que los genes de hombres mayores de 45 a\u00f1os tienen cuatro o cinco veces m\u00e1s riesgos de sufrir mutaciones espor\u00e1dicas.<\/p>\n<p style=\"text-align: justify;\">Afortunadamente, existen t\u00e9cnicas m\u00e9dicas y de laboratorio para tratar estos problemas y mejorar la calidad del semen, como es el caso de los tratamientos de fertilidad masculina o de <a href=\"http:\/\/www.fivrecoletos.com\/servicios\/unidad-reproduccion-asistida\/\" target=\"_blank\" rel=\"noopener noreferrer\">Reproducci\u00f3n Asistida<\/a>. Si tras doce meses de intentos sin protecci\u00f3n no llega a producirse el embarazo, se recomienda que la pareja se realice un estudio de fertilidad\u00a0para analizar tanto las causas femeninas como masculinas.<\/p>\n<p style=\"text-align: justify;\">\n","protected":false},"excerpt":{"rendered":"<p>\u00a0 La infertilidad masculina como tema tab\u00fa en la sociedad ha pasado a la historia. Si hace a\u00f1os la imposibilidad de alcanzar el embarazo despu\u00e9s de un a\u00f1o persigui\u00e9ndolo era s\u00f3lo asignable a causas femeninas, las evidencias cient\u00edficas han cambiado el rumbo de esta concepci\u00f3n injusta: la infertilidad tambi\u00e9n puede tener un origen masculino. De [&hellip;]<\/p>\n","protected":false},"author":2,"featured_media":0,"comment_status":"closed","ping_status":"closed","sticky":false,"template":"","format":"standard","meta":{"_acf_changed":false,"footnotes":""},"categories":[2741],"tags":[],"class_list":["post-13643","post","type-post","status-publish","format-standard","hentry","category-andrologia-salud-masculina"],"acf":[],"yoast_head":"<!-- This site is optimized with the Yoast SEO Premium plugin v27.3 (Yoast SEO v27.3) - https:\/\/yoast.com\/product\/yoast-seo-premium-wordpress\/ -->\n<title>\u00bfC\u00f3mo afecta la edad de los hombres en la infertilidad? - Noticias Grupo Recoletas<\/title>\n<meta name=\"description\" content=\"La infertilidad masculina como tema tab\u00fa en la sociedad ha pasado a la historia. La infertilidad tambi\u00e9n puede tener un origen masculino.\" \/>\n<meta name=\"robots\" content=\"index, follow, max-snippet:-1, max-image-preview:large, max-video-preview:-1\" \/>\n<link rel=\"canonical\" href=\"https:\/\/www.gruporecoletas.com\/noticias\/como-afecta-la-edad-de-los-hombres-en-la-infertilidad\/\" \/>\n<meta property=\"og:locale\" content=\"es_ES\" \/>\n<meta property=\"og:type\" content=\"article\" \/>\n<meta property=\"og:title\" content=\"\u00bfC\u00f3mo afecta la edad de los hombres en la infertilidad?\" \/>\n<meta property=\"og:description\" content=\"La infertilidad masculina como tema tab\u00fa en la sociedad ha pasado a la historia. La infertilidad tambi\u00e9n puede tener un origen masculino.\" \/>\n<meta property=\"og:url\" content=\"https:\/\/www.gruporecoletas.com\/noticias\/como-afecta-la-edad-de-los-hombres-en-la-infertilidad\/\" \/>\n<meta property=\"og:site_name\" content=\"Noticias Grupo Recoletas\" \/>\n<meta property=\"article:publisher\" content=\"https:\/\/www.facebook.com\/GrupoRecoletas\/\" \/>\n<meta property=\"article:published_time\" content=\"2014-10-16T11:37:57+00:00\" \/>\n<meta name=\"author\" content=\"Recoletas Red Hospitalaria\" \/>\n<meta name=\"twitter:card\" content=\"summary_large_image\" \/>\n<meta name=\"twitter:creator\" content=\"@GrupoRecoletas\" \/>\n<meta name=\"twitter:site\" content=\"@GrupoRecoletas\" \/>\n<meta name=\"twitter:label1\" content=\"Escrito por\" \/>\n\t<meta name=\"twitter:data1\" content=\"Recoletas Red Hospitalaria\" \/>\n\t<meta name=\"twitter:label2\" content=\"Tiempo de lectura\" \/>\n\t<meta name=\"twitter:data2\" content=\"2 minutos\" \/>\n<script type=\"application\/ld+json\" class=\"yoast-schema-graph\">{\"@context\":\"https:\\\/\\\/schema.org\",\"@graph\":[{\"@type\":\"Article\",\"@id\":\"https:\\\/\\\/www.gruporecoletas.com\\\/noticias\\\/como-afecta-la-edad-de-los-hombres-en-la-infertilidad\\\/#article\",\"isPartOf\":{\"@id\":\"https:\\\/\\\/www.gruporecoletas.com\\\/noticias\\\/como-afecta-la-edad-de-los-hombres-en-la-infertilidad\\\/\"},\"author\":{\"name\":\"Recoletas Red Hospitalaria\",\"@id\":\"https:\\\/\\\/www.gruporecoletas.com\\\/noticias\\\/#\\\/schema\\\/person\\\/3c6ac429828d1f5e3d3bd99f4da9b02c\"},\"headline\":\"\u00bfC\u00f3mo afecta la edad de los hombres en la infertilidad?\",\"datePublished\":\"2014-10-16T11:37:57+00:00\",\"mainEntityOfPage\":{\"@id\":\"https:\\\/\\\/www.gruporecoletas.com\\\/noticias\\\/como-afecta-la-edad-de-los-hombres-en-la-infertilidad\\\/\"},\"wordCount\":486,\"image\":{\"@id\":\"https:\\\/\\\/www.gruporecoletas.com\\\/noticias\\\/como-afecta-la-edad-de-los-hombres-en-la-infertilidad\\\/#primaryimage\"},\"thumbnailUrl\":\"http:\\\/\\\/www.fivrecoletos.com\\\/wp-content\\\/uploads\\\/2014\\\/10\\\/hombres-y-fertilidad-620x340.jpg\",\"articleSection\":[\"Androlog\u00eda y Salud Masculina\"],\"inLanguage\":\"es\"},{\"@type\":\"WebPage\",\"@id\":\"https:\\\/\\\/www.gruporecoletas.com\\\/noticias\\\/como-afecta-la-edad-de-los-hombres-en-la-infertilidad\\\/\",\"url\":\"https:\\\/\\\/www.gruporecoletas.com\\\/noticias\\\/como-afecta-la-edad-de-los-hombres-en-la-infertilidad\\\/\",\"name\":\"\u00bfC\u00f3mo afecta la edad de los hombres en la infertilidad? - Noticias Grupo Recoletas\",\"isPartOf\":{\"@id\":\"https:\\\/\\\/www.gruporecoletas.com\\\/noticias\\\/#website\"},\"primaryImageOfPage\":{\"@id\":\"https:\\\/\\\/www.gruporecoletas.com\\\/noticias\\\/como-afecta-la-edad-de-los-hombres-en-la-infertilidad\\\/#primaryimage\"},\"image\":{\"@id\":\"https:\\\/\\\/www.gruporecoletas.com\\\/noticias\\\/como-afecta-la-edad-de-los-hombres-en-la-infertilidad\\\/#primaryimage\"},\"thumbnailUrl\":\"http:\\\/\\\/www.fivrecoletos.com\\\/wp-content\\\/uploads\\\/2014\\\/10\\\/hombres-y-fertilidad-620x340.jpg\",\"datePublished\":\"2014-10-16T11:37:57+00:00\",\"author\":{\"@id\":\"https:\\\/\\\/www.gruporecoletas.com\\\/noticias\\\/#\\\/schema\\\/person\\\/3c6ac429828d1f5e3d3bd99f4da9b02c\"},\"description\":\"La infertilidad masculina como tema tab\u00fa en la sociedad ha pasado a la historia. La infertilidad tambi\u00e9n puede tener un origen masculino.\",\"breadcrumb\":{\"@id\":\"https:\\\/\\\/www.gruporecoletas.com\\\/noticias\\\/como-afecta-la-edad-de-los-hombres-en-la-infertilidad\\\/#breadcrumb\"},\"inLanguage\":\"es\",\"potentialAction\":[{\"@type\":\"ReadAction\",\"target\":[\"https:\\\/\\\/www.gruporecoletas.com\\\/noticias\\\/como-afecta-la-edad-de-los-hombres-en-la-infertilidad\\\/\"]}]},{\"@type\":\"ImageObject\",\"inLanguage\":\"es\",\"@id\":\"https:\\\/\\\/www.gruporecoletas.com\\\/noticias\\\/como-afecta-la-edad-de-los-hombres-en-la-infertilidad\\\/#primaryimage\",\"url\":\"http:\\\/\\\/www.fivrecoletos.com\\\/wp-content\\\/uploads\\\/2014\\\/10\\\/hombres-y-fertilidad-620x340.jpg\",\"contentUrl\":\"http:\\\/\\\/www.fivrecoletos.com\\\/wp-content\\\/uploads\\\/2014\\\/10\\\/hombres-y-fertilidad-620x340.jpg\"},{\"@type\":\"BreadcrumbList\",\"@id\":\"https:\\\/\\\/www.gruporecoletas.com\\\/noticias\\\/como-afecta-la-edad-de-los-hombres-en-la-infertilidad\\\/#breadcrumb\",\"itemListElement\":[{\"@type\":\"ListItem\",\"position\":1,\"name\":\"Portada\",\"item\":\"https:\\\/\\\/www.gruporecoletas.com\\\/noticias\\\/\"},{\"@type\":\"ListItem\",\"position\":2,\"name\":\"\u00bfC\u00f3mo afecta la edad de los hombres en la infertilidad?\"}]},{\"@type\":\"WebSite\",\"@id\":\"https:\\\/\\\/www.gruporecoletas.com\\\/noticias\\\/#website\",\"url\":\"https:\\\/\\\/www.gruporecoletas.com\\\/noticias\\\/\",\"name\":\"Noticias Grupo Recoletas\",\"description\":\"Grupo Recoletas\",\"potentialAction\":[{\"@type\":\"SearchAction\",\"target\":{\"@type\":\"EntryPoint\",\"urlTemplate\":\"https:\\\/\\\/www.gruporecoletas.com\\\/noticias\\\/?s={search_term_string}\"},\"query-input\":{\"@type\":\"PropertyValueSpecification\",\"valueRequired\":true,\"valueName\":\"search_term_string\"}}],\"inLanguage\":\"es\"},{\"@type\":\"Person\",\"@id\":\"https:\\\/\\\/www.gruporecoletas.com\\\/noticias\\\/#\\\/schema\\\/person\\\/3c6ac429828d1f5e3d3bd99f4da9b02c\",\"name\":\"Recoletas Red Hospitalaria\",\"url\":\"https:\\\/\\\/www.gruporecoletas.com\\\/noticias\\\/author\\\/comunicacion\\\/\"}]}<\/script>\n<!-- \/ Yoast SEO Premium plugin. -->","yoast_head_json":{"title":"\u00bfC\u00f3mo afecta la edad de los hombres en la infertilidad? - Noticias Grupo Recoletas","description":"La infertilidad masculina como tema tab\u00fa en la sociedad ha pasado a la historia. La infertilidad tambi\u00e9n puede tener un origen masculino.","robots":{"index":"index","follow":"follow","max-snippet":"max-snippet:-1","max-image-preview":"max-image-preview:large","max-video-preview":"max-video-preview:-1"},"canonical":"https:\/\/www.gruporecoletas.com\/noticias\/como-afecta-la-edad-de-los-hombres-en-la-infertilidad\/","og_locale":"es_ES","og_type":"article","og_title":"\u00bfC\u00f3mo afecta la edad de los hombres en la infertilidad?","og_description":"La infertilidad masculina como tema tab\u00fa en la sociedad ha pasado a la historia. La infertilidad tambi\u00e9n puede tener un origen masculino.","og_url":"https:\/\/www.gruporecoletas.com\/noticias\/como-afecta-la-edad-de-los-hombres-en-la-infertilidad\/","og_site_name":"Noticias Grupo Recoletas","article_publisher":"https:\/\/www.facebook.com\/GrupoRecoletas\/","article_published_time":"2014-10-16T11:37:57+00:00","author":"Recoletas Red Hospitalaria","twitter_card":"summary_large_image","twitter_creator":"@GrupoRecoletas","twitter_site":"@GrupoRecoletas","twitter_misc":{"Escrito por":"Recoletas Red Hospitalaria","Tiempo de lectura":"2 minutos"},"schema":{"@context":"https:\/\/schema.org","@graph":[{"@type":"Article","@id":"https:\/\/www.gruporecoletas.com\/noticias\/como-afecta-la-edad-de-los-hombres-en-la-infertilidad\/#article","isPartOf":{"@id":"https:\/\/www.gruporecoletas.com\/noticias\/como-afecta-la-edad-de-los-hombres-en-la-infertilidad\/"},"author":{"name":"Recoletas Red Hospitalaria","@id":"https:\/\/www.gruporecoletas.com\/noticias\/#\/schema\/person\/3c6ac429828d1f5e3d3bd99f4da9b02c"},"headline":"\u00bfC\u00f3mo afecta la edad de los hombres en la infertilidad?","datePublished":"2014-10-16T11:37:57+00:00","mainEntityOfPage":{"@id":"https:\/\/www.gruporecoletas.com\/noticias\/como-afecta-la-edad-de-los-hombres-en-la-infertilidad\/"},"wordCount":486,"image":{"@id":"https:\/\/www.gruporecoletas.com\/noticias\/como-afecta-la-edad-de-los-hombres-en-la-infertilidad\/#primaryimage"},"thumbnailUrl":"http:\/\/www.fivrecoletos.com\/wp-content\/uploads\/2014\/10\/hombres-y-fertilidad-620x340.jpg","articleSection":["Androlog\u00eda y Salud Masculina"],"inLanguage":"es"},{"@type":"WebPage","@id":"https:\/\/www.gruporecoletas.com\/noticias\/como-afecta-la-edad-de-los-hombres-en-la-infertilidad\/","url":"https:\/\/www.gruporecoletas.com\/noticias\/como-afecta-la-edad-de-los-hombres-en-la-infertilidad\/","name":"\u00bfC\u00f3mo afecta la edad de los hombres en la infertilidad? - Noticias Grupo Recoletas","isPartOf":{"@id":"https:\/\/www.gruporecoletas.com\/noticias\/#website"},"primaryImageOfPage":{"@id":"https:\/\/www.gruporecoletas.com\/noticias\/como-afecta-la-edad-de-los-hombres-en-la-infertilidad\/#primaryimage"},"image":{"@id":"https:\/\/www.gruporecoletas.com\/noticias\/como-afecta-la-edad-de-los-hombres-en-la-infertilidad\/#primaryimage"},"thumbnailUrl":"http:\/\/www.fivrecoletos.com\/wp-content\/uploads\/2014\/10\/hombres-y-fertilidad-620x340.jpg","datePublished":"2014-10-16T11:37:57+00:00","author":{"@id":"https:\/\/www.gruporecoletas.com\/noticias\/#\/schema\/person\/3c6ac429828d1f5e3d3bd99f4da9b02c"},"description":"La infertilidad masculina como tema tab\u00fa en la sociedad ha pasado a la historia. La infertilidad tambi\u00e9n puede tener un origen masculino.","breadcrumb":{"@id":"https:\/\/www.gruporecoletas.com\/noticias\/como-afecta-la-edad-de-los-hombres-en-la-infertilidad\/#breadcrumb"},"inLanguage":"es","potentialAction":[{"@type":"ReadAction","target":["https:\/\/www.gruporecoletas.com\/noticias\/como-afecta-la-edad-de-los-hombres-en-la-infertilidad\/"]}]},{"@type":"ImageObject","inLanguage":"es","@id":"https:\/\/www.gruporecoletas.com\/noticias\/como-afecta-la-edad-de-los-hombres-en-la-infertilidad\/#primaryimage","url":"http:\/\/www.fivrecoletos.com\/wp-content\/uploads\/2014\/10\/hombres-y-fertilidad-620x340.jpg","contentUrl":"http:\/\/www.fivrecoletos.com\/wp-content\/uploads\/2014\/10\/hombres-y-fertilidad-620x340.jpg"},{"@type":"BreadcrumbList","@id":"https:\/\/www.gruporecoletas.com\/noticias\/como-afecta-la-edad-de-los-hombres-en-la-infertilidad\/#breadcrumb","itemListElement":[{"@type":"ListItem","position":1,"name":"Portada","item":"https:\/\/www.gruporecoletas.com\/noticias\/"},{"@type":"ListItem","position":2,"name":"\u00bfC\u00f3mo afecta la edad de los hombres en la infertilidad?"}]},{"@type":"WebSite","@id":"https:\/\/www.gruporecoletas.com\/noticias\/#website","url":"https:\/\/www.gruporecoletas.com\/noticias\/","name":"Noticias Grupo Recoletas","description":"Grupo Recoletas","potentialAction":[{"@type":"SearchAction","target":{"@type":"EntryPoint","urlTemplate":"https:\/\/www.gruporecoletas.com\/noticias\/?s={search_term_string}"},"query-input":{"@type":"PropertyValueSpecification","valueRequired":true,"valueName":"search_term_string"}}],"inLanguage":"es"},{"@type":"Person","@id":"https:\/\/www.gruporecoletas.com\/noticias\/#\/schema\/person\/3c6ac429828d1f5e3d3bd99f4da9b02c","name":"Recoletas Red Hospitalaria","url":"https:\/\/www.gruporecoletas.com\/noticias\/author\/comunicacion\/"}]}},"_links":{"self":[{"href":"https:\/\/www.gruporecoletas.com\/noticias\/wp-json\/wp\/v2\/posts\/13643","targetHints":{"allow":["GET"]}}],"collection":[{"href":"https:\/\/www.gruporecoletas.com\/noticias\/wp-json\/wp\/v2\/posts"}],"about":[{"href":"https:\/\/www.gruporecoletas.com\/noticias\/wp-json\/wp\/v2\/types\/post"}],"author":[{"embeddable":true,"href":"https:\/\/www.gruporecoletas.com\/noticias\/wp-json\/wp\/v2\/users\/2"}],"replies":[{"embeddable":true,"href":"https:\/\/www.gruporecoletas.com\/noticias\/wp-json\/wp\/v2\/comments?post=13643"}],"version-history":[{"count":0,"href":"https:\/\/www.gruporecoletas.com\/noticias\/wp-json\/wp\/v2\/posts\/13643\/revisions"}],"wp:attachment":[{"href":"https:\/\/www.gruporecoletas.com\/noticias\/wp-json\/wp\/v2\/media?parent=13643"}],"wp:term":[{"taxonomy":"category","embeddable":true,"href":"https:\/\/www.gruporecoletas.com\/noticias\/wp-json\/wp\/v2\/categories?post=13643"},{"taxonomy":"post_tag","embeddable":true,"href":"https:\/\/www.gruporecoletas.com\/noticias\/wp-json\/wp\/v2\/tags?post=13643"}],"curies":[{"name":"wp","href":"https:\/\/api.w.org\/{rel}","templated":true}]}}