{"id":13655,"date":"2014-11-11T11:21:42","date_gmt":"2014-11-11T11:21:42","guid":{"rendered":"https:\/\/www.gruporecoletas.com\/noticias\/como-saber-si-se-tienen-antecedentes-de-riesgo-de-cancer-de-mama\/"},"modified":"2014-11-11T11:21:42","modified_gmt":"2014-11-11T11:21:42","slug":"como-saber-si-se-tienen-antecedentes-de-riesgo-de-cancer-de-mama","status":"publish","type":"post","link":"https:\/\/www.gruporecoletas.com\/noticias\/como-saber-si-se-tienen-antecedentes-de-riesgo-de-cancer-de-mama\/","title":{"rendered":"C\u00f3mo saber si se tienen antecedentes de riesgo de c\u00e1ncer de mama"},"content":{"rendered":"<p style=\"text-align: center;\"><img loading=\"lazy\" decoding=\"async\" class=\"aligncenter size-medium wp-image-1335\" src=\"http:\/\/www.fivrecoletos.com\/wp-content\/uploads\/2014\/11\/shutterstock_156481865_11nov_baja-509x340.jpg\" alt=\"antecedentes de riesgo de cancer de mama\" width=\"509\" height=\"340\" \/><\/p>\n<p style=\"text-align: justify;\">El c\u00e1ncer de mama es una enfermedad tristemente habitual entre el colectivo femenino y fruto de ello existe una gran conciencia social\u00a0sobre este tema. En este sentido, distintas organizaciones e instituciones lanzan campa\u00f1as peri\u00f3dicas para fomentar la prevenci\u00f3n, destacando la cuesti\u00f3n de los antecedentes personales y familiares. No obstante, \u00bfqu\u00e9 se entiende exactamente por antecedentes? B\u00e1sicamente, se trata de todos aquellos factores que pueden incidir que una persona tenga un riesgo m\u00e1s alto que otra de padecer un <a href=\"http:\/\/www.fivrecoletos.com\/servicios\/unidad-de-mama\/\" target=\"_blank\" rel=\"noopener noreferrer\">c\u00e1ncer de mama<\/a>. Algunos de estos elementos pueden modificarse y otros no.<\/p>\n<p style=\"text-align: justify;\"><!--more-->La <a href=\"https:\/\/www.aecc.es\/Paginas\/PaginaPrincipal.aspx\" target=\"_blank\" rel=\"noopener noreferrer\">Asociaci\u00f3n Espa\u00f1ola Contra el C\u00e1ncer<\/a> (AECC) ha realizado numerosos estudios sobre el tema y ha concluido que los factores a tener en cuenta para saber si se tienen antecedentes de riesgo son la edad, el grado de parentesco con personas afectadas por la enfermedad o por otros c\u00e1nceres como el de ovario o el de colon, los tratamientos hormonales (terapia hormonal sustitutiva para la menopausia o anticonceptivos orales), las radiaciones en el t\u00f3rax para tratar alg\u00fan c\u00e1ncer, el n\u00famero de embarazos y la edad en la que se produjeron, haber padecido otro tipo de c\u00e1ncer y el consumo de alcohol, la inactividad f\u00edsica y la obesidad. L\u00f3gicamente, el aspecto gen\u00e9tico constituye un antecedente muy peligroso, ya que est\u00e1 comprobado una transmisi\u00f3n defectuosa de los genes BRCA1 y BRCA2 puede elevar el riesgo de sufrir c\u00e1ncer mama en m\u00e1s de un 70%.<\/p>\n<p style=\"text-align: justify;\">Sobre la prevenci\u00f3n o detecci\u00f3n de todos los antecedentes anteriormente expuestos, conviene saber que las probabilidades gen\u00e9ticas aumentan en la medida en que los familiares afectados son m\u00e1s pr\u00f3ximos (las madres, hermanas e hijas ser\u00edan los parientes cercanos que m\u00e1s nos influir\u00edan).<\/p>\n<p style=\"text-align: justify;\">Adem\u00e1s, las mujeres que han tenido m\u00e1s ciclos menstruales (y con ello m\u00e1s exposici\u00f3n a las hormonas femeninas) debido a que tuvieron su primera regla antes de los 12 a\u00f1os y\/o que alcanzaron la menopausia despu\u00e9s de los 55 a\u00f1os tienen un riesgo ligeramente mayor de padecer c\u00e1ncer de seno. Por la misma raz\u00f3n, tambi\u00e9n tienen un riesgo ligeramente m\u00e1s elevado las mujeres que no han tenido hijos o que los han tenido despu\u00e9s de los 35 a\u00f1os.<\/p>\n<p style=\"text-align: justify;\">Dentro de los factores modificables relacionados con los estilos de vida, los factores de riesgo que m\u00e1s influyen son la obesidad y el sobrepeso, el consumo de alcohol y la falta de actividad f\u00edsica.<\/p>\n<p style=\"text-align: justify;\">Los implantes mamarios, el uso de desodorantes, el uso de sujetadores con aros o los tratamientos para la fertilidad no han demostrado que aumenten el riesgo de c\u00e1ncer de mama.<\/p>\n<p style=\"text-align: justify;\">Se recomienda que todas las mujeres se hagan una revisi\u00f3n ginecol\u00f3gica anual con un especialista que incluya revisi\u00f3n de las mamas, y que a partir de los 40 a\u00f1os incluya mamograf\u00eda. En el caso de mujeres con alto riesgo familiar\u00a0por tener tres o m\u00e1s antecedentes familiares de primer grado de c\u00e1ncer de mama o sean portadoras de mutaciones en los genes BRCA1 y BRCA2, es necesario empezar a hacer mamograf\u00edas\u00a0antes de los 35 a\u00f1os, recomend\u00e1ndose que se inicie el seguimiento con mamograf\u00eda antes de la edad en la que se le diagnostic\u00f3 el c\u00e1ncer\u00a0de mama a las familiares afectadas.<\/p>\n","protected":false},"excerpt":{"rendered":"<p>El c\u00e1ncer de mama es una enfermedad tristemente habitual entre el colectivo femenino y fruto de ello existe una gran conciencia social\u00a0sobre este tema. En este sentido, distintas organizaciones e instituciones lanzan campa\u00f1as peri\u00f3dicas para fomentar la prevenci\u00f3n, destacando la cuesti\u00f3n de los antecedentes personales y familiares. No obstante, \u00bfqu\u00e9 se entiende exactamente por antecedentes? [&hellip;]<\/p>\n","protected":false},"author":2,"featured_media":0,"comment_status":"closed","ping_status":"closed","sticky":false,"template":"","format":"standard","meta":{"_acf_changed":false,"footnotes":""},"categories":[47],"tags":[],"class_list":["post-13655","post","type-post","status-publish","format-standard","hentry","category-maternidad-y-ginecologia"],"acf":[],"yoast_head":"<!-- This site is optimized with the Yoast SEO Premium plugin v27.3 (Yoast SEO v27.3) - https:\/\/yoast.com\/product\/yoast-seo-premium-wordpress\/ -->\n<title>C\u00f3mo saber si se tienen antecedentes de riesgo de c\u00e1ncer de mama - Noticias Grupo Recoletas<\/title>\n<meta name=\"description\" content=\"El c\u00e1ncer de mama es una enfermedad tristemente habitual entre el colectivo femenino y fruto de ello existe una gran conciencia social sobre este tema.\" \/>\n<meta name=\"robots\" content=\"index, follow, max-snippet:-1, max-image-preview:large, max-video-preview:-1\" \/>\n<link rel=\"canonical\" href=\"https:\/\/www.gruporecoletas.com\/noticias\/como-saber-si-se-tienen-antecedentes-de-riesgo-de-cancer-de-mama\/\" \/>\n<meta property=\"og:locale\" content=\"es_ES\" \/>\n<meta property=\"og:type\" content=\"article\" \/>\n<meta property=\"og:title\" content=\"C\u00f3mo saber si se tienen antecedentes de riesgo de c\u00e1ncer de mama\" \/>\n<meta property=\"og:description\" content=\"El c\u00e1ncer de mama es una enfermedad tristemente habitual entre el colectivo femenino y fruto de ello existe una gran conciencia social sobre este tema.\" \/>\n<meta property=\"og:url\" content=\"https:\/\/www.gruporecoletas.com\/noticias\/como-saber-si-se-tienen-antecedentes-de-riesgo-de-cancer-de-mama\/\" \/>\n<meta property=\"og:site_name\" content=\"Noticias Grupo Recoletas\" \/>\n<meta property=\"article:publisher\" content=\"https:\/\/www.facebook.com\/GrupoRecoletas\/\" \/>\n<meta property=\"article:published_time\" content=\"2014-11-11T11:21:42+00:00\" \/>\n<meta name=\"author\" content=\"Recoletas Red Hospitalaria\" \/>\n<meta name=\"twitter:card\" content=\"summary_large_image\" \/>\n<meta name=\"twitter:creator\" content=\"@GrupoRecoletas\" \/>\n<meta name=\"twitter:site\" content=\"@GrupoRecoletas\" \/>\n<meta name=\"twitter:label1\" content=\"Escrito por\" \/>\n\t<meta name=\"twitter:data1\" content=\"Recoletas Red Hospitalaria\" \/>\n\t<meta name=\"twitter:label2\" content=\"Tiempo de lectura\" \/>\n\t<meta name=\"twitter:data2\" content=\"3 minutos\" \/>\n<script type=\"application\/ld+json\" class=\"yoast-schema-graph\">{\"@context\":\"https:\\\/\\\/schema.org\",\"@graph\":[{\"@type\":\"Article\",\"@id\":\"https:\\\/\\\/www.gruporecoletas.com\\\/noticias\\\/como-saber-si-se-tienen-antecedentes-de-riesgo-de-cancer-de-mama\\\/#article\",\"isPartOf\":{\"@id\":\"https:\\\/\\\/www.gruporecoletas.com\\\/noticias\\\/como-saber-si-se-tienen-antecedentes-de-riesgo-de-cancer-de-mama\\\/\"},\"author\":{\"name\":\"Recoletas Red Hospitalaria\",\"@id\":\"https:\\\/\\\/www.gruporecoletas.com\\\/noticias\\\/#\\\/schema\\\/person\\\/3c6ac429828d1f5e3d3bd99f4da9b02c\"},\"headline\":\"C\u00f3mo saber si se tienen antecedentes de riesgo de c\u00e1ncer de mama\",\"datePublished\":\"2014-11-11T11:21:42+00:00\",\"mainEntityOfPage\":{\"@id\":\"https:\\\/\\\/www.gruporecoletas.com\\\/noticias\\\/como-saber-si-se-tienen-antecedentes-de-riesgo-de-cancer-de-mama\\\/\"},\"wordCount\":587,\"image\":{\"@id\":\"https:\\\/\\\/www.gruporecoletas.com\\\/noticias\\\/como-saber-si-se-tienen-antecedentes-de-riesgo-de-cancer-de-mama\\\/#primaryimage\"},\"thumbnailUrl\":\"http:\\\/\\\/www.fivrecoletos.com\\\/wp-content\\\/uploads\\\/2014\\\/11\\\/shutterstock_156481865_11nov_baja-509x340.jpg\",\"articleSection\":[\"Maternidad y ginecolog\u00eda\"],\"inLanguage\":\"es\"},{\"@type\":\"WebPage\",\"@id\":\"https:\\\/\\\/www.gruporecoletas.com\\\/noticias\\\/como-saber-si-se-tienen-antecedentes-de-riesgo-de-cancer-de-mama\\\/\",\"url\":\"https:\\\/\\\/www.gruporecoletas.com\\\/noticias\\\/como-saber-si-se-tienen-antecedentes-de-riesgo-de-cancer-de-mama\\\/\",\"name\":\"C\u00f3mo saber si se tienen antecedentes de riesgo de c\u00e1ncer de mama - Noticias Grupo Recoletas\",\"isPartOf\":{\"@id\":\"https:\\\/\\\/www.gruporecoletas.com\\\/noticias\\\/#website\"},\"primaryImageOfPage\":{\"@id\":\"https:\\\/\\\/www.gruporecoletas.com\\\/noticias\\\/como-saber-si-se-tienen-antecedentes-de-riesgo-de-cancer-de-mama\\\/#primaryimage\"},\"image\":{\"@id\":\"https:\\\/\\\/www.gruporecoletas.com\\\/noticias\\\/como-saber-si-se-tienen-antecedentes-de-riesgo-de-cancer-de-mama\\\/#primaryimage\"},\"thumbnailUrl\":\"http:\\\/\\\/www.fivrecoletos.com\\\/wp-content\\\/uploads\\\/2014\\\/11\\\/shutterstock_156481865_11nov_baja-509x340.jpg\",\"datePublished\":\"2014-11-11T11:21:42+00:00\",\"author\":{\"@id\":\"https:\\\/\\\/www.gruporecoletas.com\\\/noticias\\\/#\\\/schema\\\/person\\\/3c6ac429828d1f5e3d3bd99f4da9b02c\"},\"description\":\"El c\u00e1ncer de mama es una enfermedad tristemente habitual entre el colectivo femenino y fruto de ello existe una gran conciencia social sobre este tema.\",\"breadcrumb\":{\"@id\":\"https:\\\/\\\/www.gruporecoletas.com\\\/noticias\\\/como-saber-si-se-tienen-antecedentes-de-riesgo-de-cancer-de-mama\\\/#breadcrumb\"},\"inLanguage\":\"es\",\"potentialAction\":[{\"@type\":\"ReadAction\",\"target\":[\"https:\\\/\\\/www.gruporecoletas.com\\\/noticias\\\/como-saber-si-se-tienen-antecedentes-de-riesgo-de-cancer-de-mama\\\/\"]}]},{\"@type\":\"ImageObject\",\"inLanguage\":\"es\",\"@id\":\"https:\\\/\\\/www.gruporecoletas.com\\\/noticias\\\/como-saber-si-se-tienen-antecedentes-de-riesgo-de-cancer-de-mama\\\/#primaryimage\",\"url\":\"http:\\\/\\\/www.fivrecoletos.com\\\/wp-content\\\/uploads\\\/2014\\\/11\\\/shutterstock_156481865_11nov_baja-509x340.jpg\",\"contentUrl\":\"http:\\\/\\\/www.fivrecoletos.com\\\/wp-content\\\/uploads\\\/2014\\\/11\\\/shutterstock_156481865_11nov_baja-509x340.jpg\"},{\"@type\":\"BreadcrumbList\",\"@id\":\"https:\\\/\\\/www.gruporecoletas.com\\\/noticias\\\/como-saber-si-se-tienen-antecedentes-de-riesgo-de-cancer-de-mama\\\/#breadcrumb\",\"itemListElement\":[{\"@type\":\"ListItem\",\"position\":1,\"name\":\"Portada\",\"item\":\"https:\\\/\\\/www.gruporecoletas.com\\\/noticias\\\/\"},{\"@type\":\"ListItem\",\"position\":2,\"name\":\"C\u00f3mo saber si se tienen antecedentes de riesgo de c\u00e1ncer de mama\"}]},{\"@type\":\"WebSite\",\"@id\":\"https:\\\/\\\/www.gruporecoletas.com\\\/noticias\\\/#website\",\"url\":\"https:\\\/\\\/www.gruporecoletas.com\\\/noticias\\\/\",\"name\":\"Noticias Grupo Recoletas\",\"description\":\"Grupo Recoletas\",\"potentialAction\":[{\"@type\":\"SearchAction\",\"target\":{\"@type\":\"EntryPoint\",\"urlTemplate\":\"https:\\\/\\\/www.gruporecoletas.com\\\/noticias\\\/?s={search_term_string}\"},\"query-input\":{\"@type\":\"PropertyValueSpecification\",\"valueRequired\":true,\"valueName\":\"search_term_string\"}}],\"inLanguage\":\"es\"},{\"@type\":\"Person\",\"@id\":\"https:\\\/\\\/www.gruporecoletas.com\\\/noticias\\\/#\\\/schema\\\/person\\\/3c6ac429828d1f5e3d3bd99f4da9b02c\",\"name\":\"Recoletas Red Hospitalaria\",\"url\":\"https:\\\/\\\/www.gruporecoletas.com\\\/noticias\\\/author\\\/comunicacion\\\/\"}]}<\/script>\n<!-- \/ Yoast SEO Premium plugin. -->","yoast_head_json":{"title":"C\u00f3mo saber si se tienen antecedentes de riesgo de c\u00e1ncer de mama - Noticias Grupo Recoletas","description":"El c\u00e1ncer de mama es una enfermedad tristemente habitual entre el colectivo femenino y fruto de ello existe una gran conciencia social sobre este tema.","robots":{"index":"index","follow":"follow","max-snippet":"max-snippet:-1","max-image-preview":"max-image-preview:large","max-video-preview":"max-video-preview:-1"},"canonical":"https:\/\/www.gruporecoletas.com\/noticias\/como-saber-si-se-tienen-antecedentes-de-riesgo-de-cancer-de-mama\/","og_locale":"es_ES","og_type":"article","og_title":"C\u00f3mo saber si se tienen antecedentes de riesgo de c\u00e1ncer de mama","og_description":"El c\u00e1ncer de mama es una enfermedad tristemente habitual entre el colectivo femenino y fruto de ello existe una gran conciencia social sobre este tema.","og_url":"https:\/\/www.gruporecoletas.com\/noticias\/como-saber-si-se-tienen-antecedentes-de-riesgo-de-cancer-de-mama\/","og_site_name":"Noticias Grupo Recoletas","article_publisher":"https:\/\/www.facebook.com\/GrupoRecoletas\/","article_published_time":"2014-11-11T11:21:42+00:00","author":"Recoletas Red Hospitalaria","twitter_card":"summary_large_image","twitter_creator":"@GrupoRecoletas","twitter_site":"@GrupoRecoletas","twitter_misc":{"Escrito por":"Recoletas Red Hospitalaria","Tiempo de lectura":"3 minutos"},"schema":{"@context":"https:\/\/schema.org","@graph":[{"@type":"Article","@id":"https:\/\/www.gruporecoletas.com\/noticias\/como-saber-si-se-tienen-antecedentes-de-riesgo-de-cancer-de-mama\/#article","isPartOf":{"@id":"https:\/\/www.gruporecoletas.com\/noticias\/como-saber-si-se-tienen-antecedentes-de-riesgo-de-cancer-de-mama\/"},"author":{"name":"Recoletas Red Hospitalaria","@id":"https:\/\/www.gruporecoletas.com\/noticias\/#\/schema\/person\/3c6ac429828d1f5e3d3bd99f4da9b02c"},"headline":"C\u00f3mo saber si se tienen antecedentes de riesgo de c\u00e1ncer de mama","datePublished":"2014-11-11T11:21:42+00:00","mainEntityOfPage":{"@id":"https:\/\/www.gruporecoletas.com\/noticias\/como-saber-si-se-tienen-antecedentes-de-riesgo-de-cancer-de-mama\/"},"wordCount":587,"image":{"@id":"https:\/\/www.gruporecoletas.com\/noticias\/como-saber-si-se-tienen-antecedentes-de-riesgo-de-cancer-de-mama\/#primaryimage"},"thumbnailUrl":"http:\/\/www.fivrecoletos.com\/wp-content\/uploads\/2014\/11\/shutterstock_156481865_11nov_baja-509x340.jpg","articleSection":["Maternidad y ginecolog\u00eda"],"inLanguage":"es"},{"@type":"WebPage","@id":"https:\/\/www.gruporecoletas.com\/noticias\/como-saber-si-se-tienen-antecedentes-de-riesgo-de-cancer-de-mama\/","url":"https:\/\/www.gruporecoletas.com\/noticias\/como-saber-si-se-tienen-antecedentes-de-riesgo-de-cancer-de-mama\/","name":"C\u00f3mo saber si se tienen antecedentes de riesgo de c\u00e1ncer de mama - Noticias Grupo Recoletas","isPartOf":{"@id":"https:\/\/www.gruporecoletas.com\/noticias\/#website"},"primaryImageOfPage":{"@id":"https:\/\/www.gruporecoletas.com\/noticias\/como-saber-si-se-tienen-antecedentes-de-riesgo-de-cancer-de-mama\/#primaryimage"},"image":{"@id":"https:\/\/www.gruporecoletas.com\/noticias\/como-saber-si-se-tienen-antecedentes-de-riesgo-de-cancer-de-mama\/#primaryimage"},"thumbnailUrl":"http:\/\/www.fivrecoletos.com\/wp-content\/uploads\/2014\/11\/shutterstock_156481865_11nov_baja-509x340.jpg","datePublished":"2014-11-11T11:21:42+00:00","author":{"@id":"https:\/\/www.gruporecoletas.com\/noticias\/#\/schema\/person\/3c6ac429828d1f5e3d3bd99f4da9b02c"},"description":"El c\u00e1ncer de mama es una enfermedad tristemente habitual entre el colectivo femenino y fruto de ello existe una gran conciencia social sobre este tema.","breadcrumb":{"@id":"https:\/\/www.gruporecoletas.com\/noticias\/como-saber-si-se-tienen-antecedentes-de-riesgo-de-cancer-de-mama\/#breadcrumb"},"inLanguage":"es","potentialAction":[{"@type":"ReadAction","target":["https:\/\/www.gruporecoletas.com\/noticias\/como-saber-si-se-tienen-antecedentes-de-riesgo-de-cancer-de-mama\/"]}]},{"@type":"ImageObject","inLanguage":"es","@id":"https:\/\/www.gruporecoletas.com\/noticias\/como-saber-si-se-tienen-antecedentes-de-riesgo-de-cancer-de-mama\/#primaryimage","url":"http:\/\/www.fivrecoletos.com\/wp-content\/uploads\/2014\/11\/shutterstock_156481865_11nov_baja-509x340.jpg","contentUrl":"http:\/\/www.fivrecoletos.com\/wp-content\/uploads\/2014\/11\/shutterstock_156481865_11nov_baja-509x340.jpg"},{"@type":"BreadcrumbList","@id":"https:\/\/www.gruporecoletas.com\/noticias\/como-saber-si-se-tienen-antecedentes-de-riesgo-de-cancer-de-mama\/#breadcrumb","itemListElement":[{"@type":"ListItem","position":1,"name":"Portada","item":"https:\/\/www.gruporecoletas.com\/noticias\/"},{"@type":"ListItem","position":2,"name":"C\u00f3mo saber si se tienen antecedentes de riesgo de c\u00e1ncer de mama"}]},{"@type":"WebSite","@id":"https:\/\/www.gruporecoletas.com\/noticias\/#website","url":"https:\/\/www.gruporecoletas.com\/noticias\/","name":"Noticias Grupo Recoletas","description":"Grupo Recoletas","potentialAction":[{"@type":"SearchAction","target":{"@type":"EntryPoint","urlTemplate":"https:\/\/www.gruporecoletas.com\/noticias\/?s={search_term_string}"},"query-input":{"@type":"PropertyValueSpecification","valueRequired":true,"valueName":"search_term_string"}}],"inLanguage":"es"},{"@type":"Person","@id":"https:\/\/www.gruporecoletas.com\/noticias\/#\/schema\/person\/3c6ac429828d1f5e3d3bd99f4da9b02c","name":"Recoletas Red Hospitalaria","url":"https:\/\/www.gruporecoletas.com\/noticias\/author\/comunicacion\/"}]}},"_links":{"self":[{"href":"https:\/\/www.gruporecoletas.com\/noticias\/wp-json\/wp\/v2\/posts\/13655","targetHints":{"allow":["GET"]}}],"collection":[{"href":"https:\/\/www.gruporecoletas.com\/noticias\/wp-json\/wp\/v2\/posts"}],"about":[{"href":"https:\/\/www.gruporecoletas.com\/noticias\/wp-json\/wp\/v2\/types\/post"}],"author":[{"embeddable":true,"href":"https:\/\/www.gruporecoletas.com\/noticias\/wp-json\/wp\/v2\/users\/2"}],"replies":[{"embeddable":true,"href":"https:\/\/www.gruporecoletas.com\/noticias\/wp-json\/wp\/v2\/comments?post=13655"}],"version-history":[{"count":0,"href":"https:\/\/www.gruporecoletas.com\/noticias\/wp-json\/wp\/v2\/posts\/13655\/revisions"}],"wp:attachment":[{"href":"https:\/\/www.gruporecoletas.com\/noticias\/wp-json\/wp\/v2\/media?parent=13655"}],"wp:term":[{"taxonomy":"category","embeddable":true,"href":"https:\/\/www.gruporecoletas.com\/noticias\/wp-json\/wp\/v2\/categories?post=13655"},{"taxonomy":"post_tag","embeddable":true,"href":"https:\/\/www.gruporecoletas.com\/noticias\/wp-json\/wp\/v2\/tags?post=13655"}],"curies":[{"name":"wp","href":"https:\/\/api.w.org\/{rel}","templated":true}]}}