{"id":13657,"date":"2014-11-13T11:38:25","date_gmt":"2014-11-13T11:38:25","guid":{"rendered":"https:\/\/www.gruporecoletas.com\/noticias\/como-debo-afrontar-el-embarazo-si-soy-diabetica\/"},"modified":"2014-11-13T11:38:25","modified_gmt":"2014-11-13T11:38:25","slug":"como-debo-afrontar-el-embarazo-si-soy-diabetica","status":"publish","type":"post","link":"https:\/\/www.gruporecoletas.com\/noticias\/como-debo-afrontar-el-embarazo-si-soy-diabetica\/","title":{"rendered":"\u00bfC\u00f3mo debo afrontar el embarazo si soy diab\u00e9tica?"},"content":{"rendered":"<p><img loading=\"lazy\" decoding=\"async\" class=\"aligncenter size-medium wp-image-1349\" src=\"http:\/\/www.fivrecoletos.com\/wp-content\/uploads\/2014\/11\/embarazo-y-diabetes-509x340.jpg\" alt=\"embarazo y diabetes\" width=\"509\" height=\"340\" \/><\/p>\n<p style=\"text-align: justify;\">Ma\u00f1ana 14 de noviembre se conmemora el <a href=\"http:\/\/www.fundaciondiabetes.org\/diamundial\/328\/que-es-el-dia-mundial-de-la-diabetes\" target=\"_blank\" rel=\"noopener noreferrer\">D\u00eda Mundial de la Diabetes<\/a>. Coincidiendo con dicha fecha queremos abordar uno de los temas que m\u00e1s preocupa a las mujeres que sufren esta enfermedad: c\u00f3mo afrontar el embarazo si se es diab\u00e9tica. Las dudas son m\u00faltiples \u00bfEs peligroso para la madre o el beb\u00e9? \u00bfC\u00f3mo evitar las complicaciones? En el post trataremos de responder a todas estas preguntas.\u00a0<!--more--><br \/>\nEl <a href=\"http:\/\/www.fivrecoletos.com\/servicios\/unidad-de-obstetricia\/\" target=\"_blank\" rel=\"noopener noreferrer\">embarazo<\/a> en la mujer diab\u00e9tica se considera de alto riesgo. Durante el embarazo se produce un aumento de las necesidades nutritivas, por lo que el organismo de la madre se adapta metab\u00f3licamente. Una de estas adaptaciones consiste en una mayor utilizaci\u00f3n de la glucosa, por lo que se necesita un mayor cantidad de insulina. Esto es muy importante para las mujeres diab\u00e9ticas, ya que es necesario adaptar el control de la diabetes (plan de comidas, rutina de actividad f\u00edsica y medicaci\u00f3n) para ir adapt\u00e1ndose a las necesidades del embarazo.<\/p>\n<p style=\"text-align: justify;\">Lo ideal para una mujer diab\u00e9tica es controlar su nivel de glucosa en sangre <i>antes<\/i>\u00a0de quedarse embarazada, ya que los niveles altos de glucosa pueden ser perjudiciales para el beb\u00e9 durante las primeras semanas de embarazo, antes de saber que est\u00e1 embarazada. El embarazo puede afrontarse sin problemas, siempre y cuando se realice un control gluc\u00e9mico adecuado durante el todo embarazo. Esto requiere una cuidadosa monitorizaci\u00f3n de la glucosa en sangre, y un riguroso control m\u00e9dico.<\/p>\n<p style=\"text-align: justify;\">Sin un tratamiento controlado, el embarazo en una mujer diab\u00e9tica puede asociarse a complicaciones tanto para la madre como para el beb\u00e9. Para la madre el embarazo aumenta el riesgo de hipertensi\u00f3n del embarazo, de hipoglucemia y \u00a0de alteraciones renales, cardiacas y de otros \u00f3rganos. Para el beb\u00e9, especialmente durante el primer trimestre, el desequilibrio de az\u00facar en sangre puede causar malformaciones o defectos cong\u00e9nitos. Otros riesgos asociados son el aumento del riesgo de macrosom\u00eda (beb\u00e9 m\u00e1s grande de lo normal ) o polihidramnios (exceso de l\u00edquido amni\u00f3tico), que podr\u00edan producir un parto prematuro, dif\u00edcil o requerir ces\u00e1rea. Para prevenir estos problemas se debe seguir de forma rigurosa las recomendaciones que le haga el m\u00e9dico, controlar de manera estricta los niveles de glucosa al menos cuatro veces al d\u00eda, y aprender a ajustar la ingesta de alimentos, el ejercicio y la insulina, dependiendo de los resultados de las pruebas de la glucosa en la sangre.<\/p>\n<p style=\"text-align: justify;\">Como recomendaciones generales se debe tener en cuenta que el control de la diabetes se basa principalmente en la dieta y en el ejercicio f\u00edsico regular: es recomendable tener unos horarios regulares de comidas y tener un control de la ingesta, especialmente de los hidratos de carbono. Si es necesario, se pueden requerir las recomendaciones de un especialista en nutrici\u00f3n.<\/p>\n<p style=\"text-align: justify;\">Si la diabetes es del tipo 2 y se trata con medicaci\u00f3n oral, es recomendable suprimir el tratamiento y pasar a insulina, para lo que pueden ser necesarios una educaci\u00f3n diabet\u00f3logica, de forma que la adaptaci\u00f3n al proceso sea correcta.<\/p>\n<p style=\"text-align: justify;\">Si la diabetes es del tipo 1, y ya se sigue un tratamiento de insulina, es posible que sea necesario cambiar la dosis habitual y aumentarla gradualmente hasta el momento del parto.. Adem\u00e1s, debe hacerse un seguimiento oftalmol\u00f3gico cada tres meses y un seguimiento regular de la funci\u00f3n renal.<\/p>\n<p style=\"text-align: justify;\">Es necesario que el <a href=\"http:\/\/www.fivrecoletos.com\/servicios\/unidad-de-obstetricia\/#atencion-parto\" target=\"_blank\" rel=\"noopener noreferrer\">parto<\/a> se realice bajo una rigurosa vigilancia m\u00e9dica, para controlar el nivel de az\u00facar en sangre en la fecha pr\u00f3xima al parto y durante el mismo, as\u00ed como controlar dicho nivel en el beb\u00e9 al nacer.<\/p>\n<p style=\"text-align: justify;\">Tras el parto, es importante volver a controlar el nivel de glucosa de forma rigurosa, para determinar sus necesidades y ajustar las dosis de medicaci\u00f3n. La mayor\u00eda de las mujeres que usaban insulina antes del embarazo deben poder usar las dosis de insulinas previas al embarazo al poco tiempo de dar a luz.<\/p>\n<p style=\"text-align: justify;\">La lactancia est\u00e1 sumamente recomendada en el caso de los beb\u00e9s de mujeres con diabetes. Si est\u00e1 dando de mamar es posible que necesite m\u00e1s calor\u00edas por d\u00eda y que necesite comer un peque\u00f1o almuerzo antes o despu\u00e9s de amamantar a su beb\u00e9.<\/p>\n","protected":false},"excerpt":{"rendered":"<p>Ma\u00f1ana 14 de noviembre se conmemora el D\u00eda Mundial de la Diabetes. Coincidiendo con dicha fecha queremos abordar uno de los temas que m\u00e1s preocupa a las mujeres que sufren esta enfermedad: c\u00f3mo afrontar el embarazo si se es diab\u00e9tica. Las dudas son m\u00faltiples \u00bfEs peligroso para la madre o el beb\u00e9? \u00bfC\u00f3mo evitar las [&hellip;]<\/p>\n","protected":false},"author":2,"featured_media":0,"comment_status":"closed","ping_status":"closed","sticky":false,"template":"","format":"standard","meta":{"_acf_changed":false,"footnotes":""},"categories":[47],"tags":[],"class_list":["post-13657","post","type-post","status-publish","format-standard","hentry","category-maternidad-y-ginecologia"],"acf":[],"yoast_head":"<!-- This site is optimized with the Yoast SEO Premium plugin v27.3 (Yoast SEO v27.3) - https:\/\/yoast.com\/product\/yoast-seo-premium-wordpress\/ -->\n<title>\u00bfC\u00f3mo debo afrontar el embarazo si soy diab\u00e9tica? - Noticias Grupo Recoletas<\/title>\n<meta name=\"description\" content=\"Ma\u00f1ana 14 de noviembre se conmemora el D\u00eda Mundial de la Diabetes: c\u00f3mo afrontar el embarazo si se es diab\u00e9tica. \u00bfEs peligroso para la madre o el beb\u00e9?\" \/>\n<meta name=\"robots\" content=\"index, follow, max-snippet:-1, max-image-preview:large, max-video-preview:-1\" \/>\n<link rel=\"canonical\" href=\"https:\/\/www.gruporecoletas.com\/noticias\/como-debo-afrontar-el-embarazo-si-soy-diabetica\/\" \/>\n<meta property=\"og:locale\" content=\"es_ES\" \/>\n<meta property=\"og:type\" content=\"article\" \/>\n<meta property=\"og:title\" content=\"\u00bfC\u00f3mo debo afrontar el embarazo si soy diab\u00e9tica?\" \/>\n<meta property=\"og:description\" content=\"Ma\u00f1ana 14 de noviembre se conmemora el D\u00eda Mundial de la Diabetes: c\u00f3mo afrontar el embarazo si se es diab\u00e9tica. \u00bfEs peligroso para la madre o el beb\u00e9?\" \/>\n<meta property=\"og:url\" content=\"https:\/\/www.gruporecoletas.com\/noticias\/como-debo-afrontar-el-embarazo-si-soy-diabetica\/\" \/>\n<meta property=\"og:site_name\" content=\"Noticias Grupo Recoletas\" \/>\n<meta property=\"article:publisher\" content=\"https:\/\/www.facebook.com\/GrupoRecoletas\/\" \/>\n<meta property=\"article:published_time\" content=\"2014-11-13T11:38:25+00:00\" \/>\n<meta name=\"author\" content=\"Recoletas Red Hospitalaria\" \/>\n<meta name=\"twitter:card\" content=\"summary_large_image\" \/>\n<meta name=\"twitter:creator\" content=\"@GrupoRecoletas\" \/>\n<meta name=\"twitter:site\" content=\"@GrupoRecoletas\" \/>\n<meta name=\"twitter:label1\" content=\"Escrito por\" \/>\n\t<meta name=\"twitter:data1\" content=\"Recoletas Red Hospitalaria\" \/>\n\t<meta name=\"twitter:label2\" content=\"Tiempo de lectura\" \/>\n\t<meta name=\"twitter:data2\" content=\"4 minutos\" \/>\n<script type=\"application\/ld+json\" class=\"yoast-schema-graph\">{\"@context\":\"https:\\\/\\\/schema.org\",\"@graph\":[{\"@type\":\"Article\",\"@id\":\"https:\\\/\\\/www.gruporecoletas.com\\\/noticias\\\/como-debo-afrontar-el-embarazo-si-soy-diabetica\\\/#article\",\"isPartOf\":{\"@id\":\"https:\\\/\\\/www.gruporecoletas.com\\\/noticias\\\/como-debo-afrontar-el-embarazo-si-soy-diabetica\\\/\"},\"author\":{\"name\":\"Recoletas Red Hospitalaria\",\"@id\":\"https:\\\/\\\/www.gruporecoletas.com\\\/noticias\\\/#\\\/schema\\\/person\\\/3c6ac429828d1f5e3d3bd99f4da9b02c\"},\"headline\":\"\u00bfC\u00f3mo debo afrontar el embarazo si soy diab\u00e9tica?\",\"datePublished\":\"2014-11-13T11:38:25+00:00\",\"mainEntityOfPage\":{\"@id\":\"https:\\\/\\\/www.gruporecoletas.com\\\/noticias\\\/como-debo-afrontar-el-embarazo-si-soy-diabetica\\\/\"},\"wordCount\":730,\"image\":{\"@id\":\"https:\\\/\\\/www.gruporecoletas.com\\\/noticias\\\/como-debo-afrontar-el-embarazo-si-soy-diabetica\\\/#primaryimage\"},\"thumbnailUrl\":\"http:\\\/\\\/www.fivrecoletos.com\\\/wp-content\\\/uploads\\\/2014\\\/11\\\/embarazo-y-diabetes-509x340.jpg\",\"articleSection\":[\"Maternidad y ginecolog\u00eda\"],\"inLanguage\":\"es\"},{\"@type\":\"WebPage\",\"@id\":\"https:\\\/\\\/www.gruporecoletas.com\\\/noticias\\\/como-debo-afrontar-el-embarazo-si-soy-diabetica\\\/\",\"url\":\"https:\\\/\\\/www.gruporecoletas.com\\\/noticias\\\/como-debo-afrontar-el-embarazo-si-soy-diabetica\\\/\",\"name\":\"\u00bfC\u00f3mo debo afrontar el embarazo si soy diab\u00e9tica? - Noticias Grupo Recoletas\",\"isPartOf\":{\"@id\":\"https:\\\/\\\/www.gruporecoletas.com\\\/noticias\\\/#website\"},\"primaryImageOfPage\":{\"@id\":\"https:\\\/\\\/www.gruporecoletas.com\\\/noticias\\\/como-debo-afrontar-el-embarazo-si-soy-diabetica\\\/#primaryimage\"},\"image\":{\"@id\":\"https:\\\/\\\/www.gruporecoletas.com\\\/noticias\\\/como-debo-afrontar-el-embarazo-si-soy-diabetica\\\/#primaryimage\"},\"thumbnailUrl\":\"http:\\\/\\\/www.fivrecoletos.com\\\/wp-content\\\/uploads\\\/2014\\\/11\\\/embarazo-y-diabetes-509x340.jpg\",\"datePublished\":\"2014-11-13T11:38:25+00:00\",\"author\":{\"@id\":\"https:\\\/\\\/www.gruporecoletas.com\\\/noticias\\\/#\\\/schema\\\/person\\\/3c6ac429828d1f5e3d3bd99f4da9b02c\"},\"description\":\"Ma\u00f1ana 14 de noviembre se conmemora el D\u00eda Mundial de la Diabetes: c\u00f3mo afrontar el embarazo si se es diab\u00e9tica. \u00bfEs peligroso para la madre o el beb\u00e9?\",\"breadcrumb\":{\"@id\":\"https:\\\/\\\/www.gruporecoletas.com\\\/noticias\\\/como-debo-afrontar-el-embarazo-si-soy-diabetica\\\/#breadcrumb\"},\"inLanguage\":\"es\",\"potentialAction\":[{\"@type\":\"ReadAction\",\"target\":[\"https:\\\/\\\/www.gruporecoletas.com\\\/noticias\\\/como-debo-afrontar-el-embarazo-si-soy-diabetica\\\/\"]}]},{\"@type\":\"ImageObject\",\"inLanguage\":\"es\",\"@id\":\"https:\\\/\\\/www.gruporecoletas.com\\\/noticias\\\/como-debo-afrontar-el-embarazo-si-soy-diabetica\\\/#primaryimage\",\"url\":\"http:\\\/\\\/www.fivrecoletos.com\\\/wp-content\\\/uploads\\\/2014\\\/11\\\/embarazo-y-diabetes-509x340.jpg\",\"contentUrl\":\"http:\\\/\\\/www.fivrecoletos.com\\\/wp-content\\\/uploads\\\/2014\\\/11\\\/embarazo-y-diabetes-509x340.jpg\"},{\"@type\":\"BreadcrumbList\",\"@id\":\"https:\\\/\\\/www.gruporecoletas.com\\\/noticias\\\/como-debo-afrontar-el-embarazo-si-soy-diabetica\\\/#breadcrumb\",\"itemListElement\":[{\"@type\":\"ListItem\",\"position\":1,\"name\":\"Portada\",\"item\":\"https:\\\/\\\/www.gruporecoletas.com\\\/noticias\\\/\"},{\"@type\":\"ListItem\",\"position\":2,\"name\":\"\u00bfC\u00f3mo debo afrontar el embarazo si soy diab\u00e9tica?\"}]},{\"@type\":\"WebSite\",\"@id\":\"https:\\\/\\\/www.gruporecoletas.com\\\/noticias\\\/#website\",\"url\":\"https:\\\/\\\/www.gruporecoletas.com\\\/noticias\\\/\",\"name\":\"Noticias Grupo Recoletas\",\"description\":\"Grupo Recoletas\",\"potentialAction\":[{\"@type\":\"SearchAction\",\"target\":{\"@type\":\"EntryPoint\",\"urlTemplate\":\"https:\\\/\\\/www.gruporecoletas.com\\\/noticias\\\/?s={search_term_string}\"},\"query-input\":{\"@type\":\"PropertyValueSpecification\",\"valueRequired\":true,\"valueName\":\"search_term_string\"}}],\"inLanguage\":\"es\"},{\"@type\":\"Person\",\"@id\":\"https:\\\/\\\/www.gruporecoletas.com\\\/noticias\\\/#\\\/schema\\\/person\\\/3c6ac429828d1f5e3d3bd99f4da9b02c\",\"name\":\"Recoletas Red Hospitalaria\",\"url\":\"https:\\\/\\\/www.gruporecoletas.com\\\/noticias\\\/author\\\/comunicacion\\\/\"}]}<\/script>\n<!-- \/ Yoast SEO Premium plugin. -->","yoast_head_json":{"title":"\u00bfC\u00f3mo debo afrontar el embarazo si soy diab\u00e9tica? - Noticias Grupo Recoletas","description":"Ma\u00f1ana 14 de noviembre se conmemora el D\u00eda Mundial de la Diabetes: c\u00f3mo afrontar el embarazo si se es diab\u00e9tica. \u00bfEs peligroso para la madre o el beb\u00e9?","robots":{"index":"index","follow":"follow","max-snippet":"max-snippet:-1","max-image-preview":"max-image-preview:large","max-video-preview":"max-video-preview:-1"},"canonical":"https:\/\/www.gruporecoletas.com\/noticias\/como-debo-afrontar-el-embarazo-si-soy-diabetica\/","og_locale":"es_ES","og_type":"article","og_title":"\u00bfC\u00f3mo debo afrontar el embarazo si soy diab\u00e9tica?","og_description":"Ma\u00f1ana 14 de noviembre se conmemora el D\u00eda Mundial de la Diabetes: c\u00f3mo afrontar el embarazo si se es diab\u00e9tica. \u00bfEs peligroso para la madre o el beb\u00e9?","og_url":"https:\/\/www.gruporecoletas.com\/noticias\/como-debo-afrontar-el-embarazo-si-soy-diabetica\/","og_site_name":"Noticias Grupo Recoletas","article_publisher":"https:\/\/www.facebook.com\/GrupoRecoletas\/","article_published_time":"2014-11-13T11:38:25+00:00","author":"Recoletas Red Hospitalaria","twitter_card":"summary_large_image","twitter_creator":"@GrupoRecoletas","twitter_site":"@GrupoRecoletas","twitter_misc":{"Escrito por":"Recoletas Red Hospitalaria","Tiempo de lectura":"4 minutos"},"schema":{"@context":"https:\/\/schema.org","@graph":[{"@type":"Article","@id":"https:\/\/www.gruporecoletas.com\/noticias\/como-debo-afrontar-el-embarazo-si-soy-diabetica\/#article","isPartOf":{"@id":"https:\/\/www.gruporecoletas.com\/noticias\/como-debo-afrontar-el-embarazo-si-soy-diabetica\/"},"author":{"name":"Recoletas Red Hospitalaria","@id":"https:\/\/www.gruporecoletas.com\/noticias\/#\/schema\/person\/3c6ac429828d1f5e3d3bd99f4da9b02c"},"headline":"\u00bfC\u00f3mo debo afrontar el embarazo si soy diab\u00e9tica?","datePublished":"2014-11-13T11:38:25+00:00","mainEntityOfPage":{"@id":"https:\/\/www.gruporecoletas.com\/noticias\/como-debo-afrontar-el-embarazo-si-soy-diabetica\/"},"wordCount":730,"image":{"@id":"https:\/\/www.gruporecoletas.com\/noticias\/como-debo-afrontar-el-embarazo-si-soy-diabetica\/#primaryimage"},"thumbnailUrl":"http:\/\/www.fivrecoletos.com\/wp-content\/uploads\/2014\/11\/embarazo-y-diabetes-509x340.jpg","articleSection":["Maternidad y ginecolog\u00eda"],"inLanguage":"es"},{"@type":"WebPage","@id":"https:\/\/www.gruporecoletas.com\/noticias\/como-debo-afrontar-el-embarazo-si-soy-diabetica\/","url":"https:\/\/www.gruporecoletas.com\/noticias\/como-debo-afrontar-el-embarazo-si-soy-diabetica\/","name":"\u00bfC\u00f3mo debo afrontar el embarazo si soy diab\u00e9tica? - Noticias Grupo Recoletas","isPartOf":{"@id":"https:\/\/www.gruporecoletas.com\/noticias\/#website"},"primaryImageOfPage":{"@id":"https:\/\/www.gruporecoletas.com\/noticias\/como-debo-afrontar-el-embarazo-si-soy-diabetica\/#primaryimage"},"image":{"@id":"https:\/\/www.gruporecoletas.com\/noticias\/como-debo-afrontar-el-embarazo-si-soy-diabetica\/#primaryimage"},"thumbnailUrl":"http:\/\/www.fivrecoletos.com\/wp-content\/uploads\/2014\/11\/embarazo-y-diabetes-509x340.jpg","datePublished":"2014-11-13T11:38:25+00:00","author":{"@id":"https:\/\/www.gruporecoletas.com\/noticias\/#\/schema\/person\/3c6ac429828d1f5e3d3bd99f4da9b02c"},"description":"Ma\u00f1ana 14 de noviembre se conmemora el D\u00eda Mundial de la Diabetes: c\u00f3mo afrontar el embarazo si se es diab\u00e9tica. \u00bfEs peligroso para la madre o el beb\u00e9?","breadcrumb":{"@id":"https:\/\/www.gruporecoletas.com\/noticias\/como-debo-afrontar-el-embarazo-si-soy-diabetica\/#breadcrumb"},"inLanguage":"es","potentialAction":[{"@type":"ReadAction","target":["https:\/\/www.gruporecoletas.com\/noticias\/como-debo-afrontar-el-embarazo-si-soy-diabetica\/"]}]},{"@type":"ImageObject","inLanguage":"es","@id":"https:\/\/www.gruporecoletas.com\/noticias\/como-debo-afrontar-el-embarazo-si-soy-diabetica\/#primaryimage","url":"http:\/\/www.fivrecoletos.com\/wp-content\/uploads\/2014\/11\/embarazo-y-diabetes-509x340.jpg","contentUrl":"http:\/\/www.fivrecoletos.com\/wp-content\/uploads\/2014\/11\/embarazo-y-diabetes-509x340.jpg"},{"@type":"BreadcrumbList","@id":"https:\/\/www.gruporecoletas.com\/noticias\/como-debo-afrontar-el-embarazo-si-soy-diabetica\/#breadcrumb","itemListElement":[{"@type":"ListItem","position":1,"name":"Portada","item":"https:\/\/www.gruporecoletas.com\/noticias\/"},{"@type":"ListItem","position":2,"name":"\u00bfC\u00f3mo debo afrontar el embarazo si soy diab\u00e9tica?"}]},{"@type":"WebSite","@id":"https:\/\/www.gruporecoletas.com\/noticias\/#website","url":"https:\/\/www.gruporecoletas.com\/noticias\/","name":"Noticias Grupo Recoletas","description":"Grupo Recoletas","potentialAction":[{"@type":"SearchAction","target":{"@type":"EntryPoint","urlTemplate":"https:\/\/www.gruporecoletas.com\/noticias\/?s={search_term_string}"},"query-input":{"@type":"PropertyValueSpecification","valueRequired":true,"valueName":"search_term_string"}}],"inLanguage":"es"},{"@type":"Person","@id":"https:\/\/www.gruporecoletas.com\/noticias\/#\/schema\/person\/3c6ac429828d1f5e3d3bd99f4da9b02c","name":"Recoletas Red Hospitalaria","url":"https:\/\/www.gruporecoletas.com\/noticias\/author\/comunicacion\/"}]}},"_links":{"self":[{"href":"https:\/\/www.gruporecoletas.com\/noticias\/wp-json\/wp\/v2\/posts\/13657","targetHints":{"allow":["GET"]}}],"collection":[{"href":"https:\/\/www.gruporecoletas.com\/noticias\/wp-json\/wp\/v2\/posts"}],"about":[{"href":"https:\/\/www.gruporecoletas.com\/noticias\/wp-json\/wp\/v2\/types\/post"}],"author":[{"embeddable":true,"href":"https:\/\/www.gruporecoletas.com\/noticias\/wp-json\/wp\/v2\/users\/2"}],"replies":[{"embeddable":true,"href":"https:\/\/www.gruporecoletas.com\/noticias\/wp-json\/wp\/v2\/comments?post=13657"}],"version-history":[{"count":0,"href":"https:\/\/www.gruporecoletas.com\/noticias\/wp-json\/wp\/v2\/posts\/13657\/revisions"}],"wp:attachment":[{"href":"https:\/\/www.gruporecoletas.com\/noticias\/wp-json\/wp\/v2\/media?parent=13657"}],"wp:term":[{"taxonomy":"category","embeddable":true,"href":"https:\/\/www.gruporecoletas.com\/noticias\/wp-json\/wp\/v2\/categories?post=13657"},{"taxonomy":"post_tag","embeddable":true,"href":"https:\/\/www.gruporecoletas.com\/noticias\/wp-json\/wp\/v2\/tags?post=13657"}],"curies":[{"name":"wp","href":"https:\/\/api.w.org\/{rel}","templated":true}]}}