{"id":13671,"date":"2014-12-09T12:53:55","date_gmt":"2014-12-09T12:53:55","guid":{"rendered":"https:\/\/www.gruporecoletas.com\/noticias\/bebes-prematuros-como-afrontar-la-vuelta-casa\/"},"modified":"2014-12-09T12:53:55","modified_gmt":"2014-12-09T12:53:55","slug":"bebes-prematuros-como-afrontar-la-vuelta-casa","status":"publish","type":"post","link":"https:\/\/www.gruporecoletas.com\/noticias\/bebes-prematuros-como-afrontar-la-vuelta-casa\/","title":{"rendered":"Beb\u00e9s prematuros: c\u00f3mo afrontar la vuelta a casa"},"content":{"rendered":"<p style=\"text-align: justify;\"><img loading=\"lazy\" decoding=\"async\" class=\"aligncenter size-medium wp-image-1418\" src=\"http:\/\/www.fivrecoletos.com\/wp-content\/uploads\/2014\/12\/BEBE-PREMATURO-510x340.jpg\" alt=\"BEBE PREMATURO\" width=\"510\" height=\"340\" \/><br \/>\nEspa\u00f1a es, a d\u00eda de hoy, uno de los pa\u00edses con mayor \u00edndice de beb\u00e9s prematuros de Europa, y la cifra va en aumento. Actualmente, uno de cada 13 beb\u00e9s que nacen en Espa\u00f1a es prematuro. Se trata de un dato relevante, ya que los beb\u00e9s prematuros tienen unas caracter\u00edsticas y una vulnerabilidad especial que hace que tengan un mayor riesgo de desarrollar problemas de salud que los beb\u00e9s que nacen a t\u00e9rmino, y por ello hay que vigilar muy de cerca su salud y seguridad, al menos durante el primer a\u00f1o de vida. Por lo tanto, la vuelta a casa tras el alta en el hospital es uno de los retos de mayor importancia para los padres.<\/p>\n<p style=\"text-align: justify;\"><!--more-->Una vez les dan el alta en la maternidad, los beb\u00e9s prematuros necesitan unas atenciones mayores para minimizar el riesgo de complicaciones que pueden asociarse a la prematuridad, y es com\u00fan que el miedo invada a los padres debido a que atraviesan una situaci\u00f3n de incertidumbre y de sentimientos encontrados. Por una parte, sienten la alegr\u00eda de poder llevar a su hijo a casa, pero por otra, debido a la fragilidad del beb\u00e9, tienen miedo de perder el ambiente protector del hospital y sienten inseguridad sobre si podr\u00e1n proporcionar los cuidados que el beb\u00e9 necesita sin el apoyo m\u00e9dico. Para facilitar el paso del hospital a casa, es importante ir preparando el alta con los profesionales sanitarios, e ir aprendiendo a realizar los cuidados gradualmente, adem\u00e1s de informarse sobre qu\u00e9 pautas de vigilancia hay que realizar y cu\u00e1les son las prevenciones y problemas m\u00e1s frecuentes para saber c\u00f3mo actuar.<\/p>\n<p style=\"text-align: justify;\">Las alteraciones respiratorias pueden ser comunes entre los prematuros, ya que su aparato respiratorio no se ha podido desarrollar suficientemente. Por ello es necesario observar la respiraci\u00f3n del beb\u00e9: observar los movimientos del pecho, su n\u00famero de respiraciones por minuto, as\u00ed como los ruidos que hace al respirar. Los beb\u00e9s prematuros tambi\u00e9n tienen m\u00e1s riesgo de infecciones respiratorias, por lo que conviene adoptar algunas medidas higi\u00e9nicas b\u00e1sicas, como por ejemplo lavarse las manos con frecuencia, utilizar pa\u00f1uelos desechables, limpiar y desinfectar los juguetes, as\u00ed como el entorno m\u00e1s cercano al beb\u00e9 (sobre todo si tiene otros hermanos). Y es muy importante controlar las visitas: es fundamental tomar precauciones si un familiar est\u00e1 resfriado o tiene gripe; evitar que se acerquen al beb\u00e9 o utilizar mascarillas para acercarse.<\/p>\n<p style=\"text-align: justify;\">Se deben tener en cuenta asimismo dos aspectos fundamentales: el calor corporal y la alimentaci\u00f3n. Los beb\u00e9s prematuros tienen mayor dificultad para conservar el calor corporal porque tienen poca grasa, por lo que es importante mantener constante la temperatura ambiental y ponerle la ropa adecuada para ayudarle a regular su temperatura. En cuanto a la alimentaci\u00f3n, la mejor dieta en este caso es la lactancia materna, porque contribuye a fortalecer su sistema inmunitario, aunque algunos prematuros pueden necesitar un suplemento que les ayude a crecer. Si el beb\u00e9 no puede mamar directamente, se le puede administrar la leche materna mediante una sonda de alimentaci\u00f3n.<\/p>\n<p style=\"text-align: justify;\">Los beb\u00e9s prematuros pueden empezar a salir a la calle a dar paseos cortos y tranquilos en el momento en que se cumpla la fecha prevista para su nacimiento. Los especialistas aconsejan evitar los lugares con mucha aglomeraci\u00f3n de personas, y evitar los ambientes muy cargados o con humo, que pueden resultar muy perjudiciales para su salud. En este sentido, tambi\u00e9n conviene controlar la cantidad de visitas que recibe el beb\u00e9, evitando que haya varias personas a la vez y controlar que \u00e9stas no padecen ninguna enfermedad contagiosa que puedan trasmitirle.<\/p>\n<p style=\"text-align: justify;\">Es tambi\u00e9n importante conocer, antes de obtener el alta hospitalaria, los signos de alarma para ir al pediatra o acudir a urgencias. Como recomendaciones generales, es conveniente acudir al pediatra si el beb\u00e9 come peor, llora en exceso, duerme m\u00e1s de lo habitual o est\u00e1 irritable o menos activo; si tose, vomita o regurgita con frecuencia; si respira m\u00e1s r\u00e1pido o con dificultad, con movimientos visibles del pecho; si tiene deposiciones frecuentes o l\u00edquidas. Como signos generales recomendados para llamar o acudir al centro de salud de forma urgente, se encuentran los siguientes: la temperatura inferior a 36\u00baC o m\u00e1s de 37\u20195\u00baC, las alteraciones del sue\u00f1o durante dos d\u00edas, el llanto continuo e inconsolable, si tarda en despertarse o tiene signos de deshidrataci\u00f3n (ojos hundidos, orina escasa de color oscuro y boca seca, si tiene un color de piel azulada, p\u00e1lida o con manchas, o sufre cambios en la respiraci\u00f3n).<\/p>\n<p style=\"text-align: justify;\">Pero la parte m\u00e1s importante es la referente al aprendizaje de los nuevos padres. Un beb\u00e9 prematuro necesita unos cuidados mayores, y los padres son fundamentales y \u00fanicos para cuidar de la mejor forma posible y con m\u00e1s cari\u00f1o la salud del reci\u00e9n nacido. Como sucede en muchas cosas en la vida, los nuevos pap\u00e1s se desenvolver\u00e1n mejor conforme vayan pasando los d\u00edas, vayan conociendo a su beb\u00e9 y vayan ganando confianza en s\u00ed mismos y en su nuevo papel. De esta forma, aprender\u00e1n a identificar tambi\u00e9n el comportamiento del beb\u00e9 y a reaccionar conforme a sus necesidades y cuidados.<\/p>\n","protected":false},"excerpt":{"rendered":"<p>Espa\u00f1a es, a d\u00eda de hoy, uno de los pa\u00edses con mayor \u00edndice de beb\u00e9s prematuros de Europa, y la cifra va en aumento. Actualmente, uno de cada 13 beb\u00e9s que nacen en Espa\u00f1a es prematuro. Se trata de un dato relevante, ya que los beb\u00e9s prematuros tienen unas caracter\u00edsticas y una vulnerabilidad especial que [&hellip;]<\/p>\n","protected":false},"author":2,"featured_media":0,"comment_status":"closed","ping_status":"closed","sticky":false,"template":"","format":"standard","meta":{"_acf_changed":false,"footnotes":""},"categories":[47],"tags":[],"class_list":["post-13671","post","type-post","status-publish","format-standard","hentry","category-maternidad-y-ginecologia"],"acf":[],"yoast_head":"<!-- This site is optimized with the Yoast SEO Premium plugin v27.3 (Yoast SEO v27.3) - https:\/\/yoast.com\/product\/yoast-seo-premium-wordpress\/ -->\n<title>Beb\u00e9s prematuros: c\u00f3mo afrontar la vuelta a casa - Noticias Grupo Recoletas<\/title>\n<meta name=\"description\" content=\"Espa\u00f1a es uno de los pa\u00edses con mayor \u00edndice de beb\u00e9s prematuros de Europa, y la cifra va en aumento. Uno de cada 13 beb\u00e9s que nacen en Espa\u00f1a es prematuro.\" \/>\n<meta name=\"robots\" content=\"index, follow, max-snippet:-1, max-image-preview:large, max-video-preview:-1\" \/>\n<link rel=\"canonical\" href=\"https:\/\/www.gruporecoletas.com\/noticias\/bebes-prematuros-como-afrontar-la-vuelta-casa\/\" \/>\n<meta property=\"og:locale\" content=\"es_ES\" \/>\n<meta property=\"og:type\" content=\"article\" \/>\n<meta property=\"og:title\" content=\"Beb\u00e9s prematuros: c\u00f3mo afrontar la vuelta a casa\" \/>\n<meta property=\"og:description\" content=\"Espa\u00f1a es uno de los pa\u00edses con mayor \u00edndice de beb\u00e9s prematuros de Europa, y la cifra va en aumento. Uno de cada 13 beb\u00e9s que nacen en Espa\u00f1a es prematuro.\" \/>\n<meta property=\"og:url\" content=\"https:\/\/www.gruporecoletas.com\/noticias\/bebes-prematuros-como-afrontar-la-vuelta-casa\/\" \/>\n<meta property=\"og:site_name\" content=\"Noticias Grupo Recoletas\" \/>\n<meta property=\"article:publisher\" content=\"https:\/\/www.facebook.com\/GrupoRecoletas\/\" \/>\n<meta property=\"article:published_time\" content=\"2014-12-09T12:53:55+00:00\" \/>\n<meta name=\"author\" content=\"Recoletas Red Hospitalaria\" \/>\n<meta name=\"twitter:card\" content=\"summary_large_image\" \/>\n<meta name=\"twitter:creator\" content=\"@GrupoRecoletas\" \/>\n<meta name=\"twitter:site\" content=\"@GrupoRecoletas\" \/>\n<meta name=\"twitter:label1\" content=\"Escrito por\" \/>\n\t<meta name=\"twitter:data1\" content=\"Recoletas Red Hospitalaria\" \/>\n\t<meta name=\"twitter:label2\" content=\"Tiempo de lectura\" \/>\n\t<meta name=\"twitter:data2\" content=\"4 minutos\" \/>\n<script type=\"application\/ld+json\" class=\"yoast-schema-graph\">{\"@context\":\"https:\\\/\\\/schema.org\",\"@graph\":[{\"@type\":\"Article\",\"@id\":\"https:\\\/\\\/www.gruporecoletas.com\\\/noticias\\\/bebes-prematuros-como-afrontar-la-vuelta-casa\\\/#article\",\"isPartOf\":{\"@id\":\"https:\\\/\\\/www.gruporecoletas.com\\\/noticias\\\/bebes-prematuros-como-afrontar-la-vuelta-casa\\\/\"},\"author\":{\"name\":\"Recoletas Red Hospitalaria\",\"@id\":\"https:\\\/\\\/www.gruporecoletas.com\\\/noticias\\\/#\\\/schema\\\/person\\\/3c6ac429828d1f5e3d3bd99f4da9b02c\"},\"headline\":\"Beb\u00e9s prematuros: c\u00f3mo afrontar la vuelta a casa\",\"datePublished\":\"2014-12-09T12:53:55+00:00\",\"mainEntityOfPage\":{\"@id\":\"https:\\\/\\\/www.gruporecoletas.com\\\/noticias\\\/bebes-prematuros-como-afrontar-la-vuelta-casa\\\/\"},\"wordCount\":905,\"image\":{\"@id\":\"https:\\\/\\\/www.gruporecoletas.com\\\/noticias\\\/bebes-prematuros-como-afrontar-la-vuelta-casa\\\/#primaryimage\"},\"thumbnailUrl\":\"http:\\\/\\\/www.fivrecoletos.com\\\/wp-content\\\/uploads\\\/2014\\\/12\\\/BEBE-PREMATURO-510x340.jpg\",\"articleSection\":[\"Maternidad y ginecolog\u00eda\"],\"inLanguage\":\"es\"},{\"@type\":\"WebPage\",\"@id\":\"https:\\\/\\\/www.gruporecoletas.com\\\/noticias\\\/bebes-prematuros-como-afrontar-la-vuelta-casa\\\/\",\"url\":\"https:\\\/\\\/www.gruporecoletas.com\\\/noticias\\\/bebes-prematuros-como-afrontar-la-vuelta-casa\\\/\",\"name\":\"Beb\u00e9s prematuros: c\u00f3mo afrontar la vuelta a casa - Noticias Grupo Recoletas\",\"isPartOf\":{\"@id\":\"https:\\\/\\\/www.gruporecoletas.com\\\/noticias\\\/#website\"},\"primaryImageOfPage\":{\"@id\":\"https:\\\/\\\/www.gruporecoletas.com\\\/noticias\\\/bebes-prematuros-como-afrontar-la-vuelta-casa\\\/#primaryimage\"},\"image\":{\"@id\":\"https:\\\/\\\/www.gruporecoletas.com\\\/noticias\\\/bebes-prematuros-como-afrontar-la-vuelta-casa\\\/#primaryimage\"},\"thumbnailUrl\":\"http:\\\/\\\/www.fivrecoletos.com\\\/wp-content\\\/uploads\\\/2014\\\/12\\\/BEBE-PREMATURO-510x340.jpg\",\"datePublished\":\"2014-12-09T12:53:55+00:00\",\"author\":{\"@id\":\"https:\\\/\\\/www.gruporecoletas.com\\\/noticias\\\/#\\\/schema\\\/person\\\/3c6ac429828d1f5e3d3bd99f4da9b02c\"},\"description\":\"Espa\u00f1a es uno de los pa\u00edses con mayor \u00edndice de beb\u00e9s prematuros de Europa, y la cifra va en aumento. Uno de cada 13 beb\u00e9s que nacen en Espa\u00f1a es prematuro.\",\"breadcrumb\":{\"@id\":\"https:\\\/\\\/www.gruporecoletas.com\\\/noticias\\\/bebes-prematuros-como-afrontar-la-vuelta-casa\\\/#breadcrumb\"},\"inLanguage\":\"es\",\"potentialAction\":[{\"@type\":\"ReadAction\",\"target\":[\"https:\\\/\\\/www.gruporecoletas.com\\\/noticias\\\/bebes-prematuros-como-afrontar-la-vuelta-casa\\\/\"]}]},{\"@type\":\"ImageObject\",\"inLanguage\":\"es\",\"@id\":\"https:\\\/\\\/www.gruporecoletas.com\\\/noticias\\\/bebes-prematuros-como-afrontar-la-vuelta-casa\\\/#primaryimage\",\"url\":\"http:\\\/\\\/www.fivrecoletos.com\\\/wp-content\\\/uploads\\\/2014\\\/12\\\/BEBE-PREMATURO-510x340.jpg\",\"contentUrl\":\"http:\\\/\\\/www.fivrecoletos.com\\\/wp-content\\\/uploads\\\/2014\\\/12\\\/BEBE-PREMATURO-510x340.jpg\"},{\"@type\":\"BreadcrumbList\",\"@id\":\"https:\\\/\\\/www.gruporecoletas.com\\\/noticias\\\/bebes-prematuros-como-afrontar-la-vuelta-casa\\\/#breadcrumb\",\"itemListElement\":[{\"@type\":\"ListItem\",\"position\":1,\"name\":\"Portada\",\"item\":\"https:\\\/\\\/www.gruporecoletas.com\\\/noticias\\\/\"},{\"@type\":\"ListItem\",\"position\":2,\"name\":\"Beb\u00e9s prematuros: c\u00f3mo afrontar la vuelta a casa\"}]},{\"@type\":\"WebSite\",\"@id\":\"https:\\\/\\\/www.gruporecoletas.com\\\/noticias\\\/#website\",\"url\":\"https:\\\/\\\/www.gruporecoletas.com\\\/noticias\\\/\",\"name\":\"Noticias Grupo Recoletas\",\"description\":\"Grupo Recoletas\",\"potentialAction\":[{\"@type\":\"SearchAction\",\"target\":{\"@type\":\"EntryPoint\",\"urlTemplate\":\"https:\\\/\\\/www.gruporecoletas.com\\\/noticias\\\/?s={search_term_string}\"},\"query-input\":{\"@type\":\"PropertyValueSpecification\",\"valueRequired\":true,\"valueName\":\"search_term_string\"}}],\"inLanguage\":\"es\"},{\"@type\":\"Person\",\"@id\":\"https:\\\/\\\/www.gruporecoletas.com\\\/noticias\\\/#\\\/schema\\\/person\\\/3c6ac429828d1f5e3d3bd99f4da9b02c\",\"name\":\"Recoletas Red Hospitalaria\",\"url\":\"https:\\\/\\\/www.gruporecoletas.com\\\/noticias\\\/author\\\/comunicacion\\\/\"}]}<\/script>\n<!-- \/ Yoast SEO Premium plugin. -->","yoast_head_json":{"title":"Beb\u00e9s prematuros: c\u00f3mo afrontar la vuelta a casa - Noticias Grupo Recoletas","description":"Espa\u00f1a es uno de los pa\u00edses con mayor \u00edndice de beb\u00e9s prematuros de Europa, y la cifra va en aumento. Uno de cada 13 beb\u00e9s que nacen en Espa\u00f1a es prematuro.","robots":{"index":"index","follow":"follow","max-snippet":"max-snippet:-1","max-image-preview":"max-image-preview:large","max-video-preview":"max-video-preview:-1"},"canonical":"https:\/\/www.gruporecoletas.com\/noticias\/bebes-prematuros-como-afrontar-la-vuelta-casa\/","og_locale":"es_ES","og_type":"article","og_title":"Beb\u00e9s prematuros: c\u00f3mo afrontar la vuelta a casa","og_description":"Espa\u00f1a es uno de los pa\u00edses con mayor \u00edndice de beb\u00e9s prematuros de Europa, y la cifra va en aumento. Uno de cada 13 beb\u00e9s que nacen en Espa\u00f1a es prematuro.","og_url":"https:\/\/www.gruporecoletas.com\/noticias\/bebes-prematuros-como-afrontar-la-vuelta-casa\/","og_site_name":"Noticias Grupo Recoletas","article_publisher":"https:\/\/www.facebook.com\/GrupoRecoletas\/","article_published_time":"2014-12-09T12:53:55+00:00","author":"Recoletas Red Hospitalaria","twitter_card":"summary_large_image","twitter_creator":"@GrupoRecoletas","twitter_site":"@GrupoRecoletas","twitter_misc":{"Escrito por":"Recoletas Red Hospitalaria","Tiempo de lectura":"4 minutos"},"schema":{"@context":"https:\/\/schema.org","@graph":[{"@type":"Article","@id":"https:\/\/www.gruporecoletas.com\/noticias\/bebes-prematuros-como-afrontar-la-vuelta-casa\/#article","isPartOf":{"@id":"https:\/\/www.gruporecoletas.com\/noticias\/bebes-prematuros-como-afrontar-la-vuelta-casa\/"},"author":{"name":"Recoletas Red Hospitalaria","@id":"https:\/\/www.gruporecoletas.com\/noticias\/#\/schema\/person\/3c6ac429828d1f5e3d3bd99f4da9b02c"},"headline":"Beb\u00e9s prematuros: c\u00f3mo afrontar la vuelta a casa","datePublished":"2014-12-09T12:53:55+00:00","mainEntityOfPage":{"@id":"https:\/\/www.gruporecoletas.com\/noticias\/bebes-prematuros-como-afrontar-la-vuelta-casa\/"},"wordCount":905,"image":{"@id":"https:\/\/www.gruporecoletas.com\/noticias\/bebes-prematuros-como-afrontar-la-vuelta-casa\/#primaryimage"},"thumbnailUrl":"http:\/\/www.fivrecoletos.com\/wp-content\/uploads\/2014\/12\/BEBE-PREMATURO-510x340.jpg","articleSection":["Maternidad y ginecolog\u00eda"],"inLanguage":"es"},{"@type":"WebPage","@id":"https:\/\/www.gruporecoletas.com\/noticias\/bebes-prematuros-como-afrontar-la-vuelta-casa\/","url":"https:\/\/www.gruporecoletas.com\/noticias\/bebes-prematuros-como-afrontar-la-vuelta-casa\/","name":"Beb\u00e9s prematuros: c\u00f3mo afrontar la vuelta a casa - Noticias Grupo Recoletas","isPartOf":{"@id":"https:\/\/www.gruporecoletas.com\/noticias\/#website"},"primaryImageOfPage":{"@id":"https:\/\/www.gruporecoletas.com\/noticias\/bebes-prematuros-como-afrontar-la-vuelta-casa\/#primaryimage"},"image":{"@id":"https:\/\/www.gruporecoletas.com\/noticias\/bebes-prematuros-como-afrontar-la-vuelta-casa\/#primaryimage"},"thumbnailUrl":"http:\/\/www.fivrecoletos.com\/wp-content\/uploads\/2014\/12\/BEBE-PREMATURO-510x340.jpg","datePublished":"2014-12-09T12:53:55+00:00","author":{"@id":"https:\/\/www.gruporecoletas.com\/noticias\/#\/schema\/person\/3c6ac429828d1f5e3d3bd99f4da9b02c"},"description":"Espa\u00f1a es uno de los pa\u00edses con mayor \u00edndice de beb\u00e9s prematuros de Europa, y la cifra va en aumento. Uno de cada 13 beb\u00e9s que nacen en Espa\u00f1a es prematuro.","breadcrumb":{"@id":"https:\/\/www.gruporecoletas.com\/noticias\/bebes-prematuros-como-afrontar-la-vuelta-casa\/#breadcrumb"},"inLanguage":"es","potentialAction":[{"@type":"ReadAction","target":["https:\/\/www.gruporecoletas.com\/noticias\/bebes-prematuros-como-afrontar-la-vuelta-casa\/"]}]},{"@type":"ImageObject","inLanguage":"es","@id":"https:\/\/www.gruporecoletas.com\/noticias\/bebes-prematuros-como-afrontar-la-vuelta-casa\/#primaryimage","url":"http:\/\/www.fivrecoletos.com\/wp-content\/uploads\/2014\/12\/BEBE-PREMATURO-510x340.jpg","contentUrl":"http:\/\/www.fivrecoletos.com\/wp-content\/uploads\/2014\/12\/BEBE-PREMATURO-510x340.jpg"},{"@type":"BreadcrumbList","@id":"https:\/\/www.gruporecoletas.com\/noticias\/bebes-prematuros-como-afrontar-la-vuelta-casa\/#breadcrumb","itemListElement":[{"@type":"ListItem","position":1,"name":"Portada","item":"https:\/\/www.gruporecoletas.com\/noticias\/"},{"@type":"ListItem","position":2,"name":"Beb\u00e9s prematuros: c\u00f3mo afrontar la vuelta a casa"}]},{"@type":"WebSite","@id":"https:\/\/www.gruporecoletas.com\/noticias\/#website","url":"https:\/\/www.gruporecoletas.com\/noticias\/","name":"Noticias Grupo Recoletas","description":"Grupo Recoletas","potentialAction":[{"@type":"SearchAction","target":{"@type":"EntryPoint","urlTemplate":"https:\/\/www.gruporecoletas.com\/noticias\/?s={search_term_string}"},"query-input":{"@type":"PropertyValueSpecification","valueRequired":true,"valueName":"search_term_string"}}],"inLanguage":"es"},{"@type":"Person","@id":"https:\/\/www.gruporecoletas.com\/noticias\/#\/schema\/person\/3c6ac429828d1f5e3d3bd99f4da9b02c","name":"Recoletas Red Hospitalaria","url":"https:\/\/www.gruporecoletas.com\/noticias\/author\/comunicacion\/"}]}},"_links":{"self":[{"href":"https:\/\/www.gruporecoletas.com\/noticias\/wp-json\/wp\/v2\/posts\/13671","targetHints":{"allow":["GET"]}}],"collection":[{"href":"https:\/\/www.gruporecoletas.com\/noticias\/wp-json\/wp\/v2\/posts"}],"about":[{"href":"https:\/\/www.gruporecoletas.com\/noticias\/wp-json\/wp\/v2\/types\/post"}],"author":[{"embeddable":true,"href":"https:\/\/www.gruporecoletas.com\/noticias\/wp-json\/wp\/v2\/users\/2"}],"replies":[{"embeddable":true,"href":"https:\/\/www.gruporecoletas.com\/noticias\/wp-json\/wp\/v2\/comments?post=13671"}],"version-history":[{"count":0,"href":"https:\/\/www.gruporecoletas.com\/noticias\/wp-json\/wp\/v2\/posts\/13671\/revisions"}],"wp:attachment":[{"href":"https:\/\/www.gruporecoletas.com\/noticias\/wp-json\/wp\/v2\/media?parent=13671"}],"wp:term":[{"taxonomy":"category","embeddable":true,"href":"https:\/\/www.gruporecoletas.com\/noticias\/wp-json\/wp\/v2\/categories?post=13671"},{"taxonomy":"post_tag","embeddable":true,"href":"https:\/\/www.gruporecoletas.com\/noticias\/wp-json\/wp\/v2\/tags?post=13671"}],"curies":[{"name":"wp","href":"https:\/\/api.w.org\/{rel}","templated":true}]}}