{"id":13737,"date":"2015-05-05T12:23:46","date_gmt":"2015-05-05T12:23:46","guid":{"rendered":"https:\/\/www.gruporecoletas.com\/noticias\/la-mujer-y-el-embarazo-que-le-pasa-mi-cuerpo\/"},"modified":"2015-05-05T12:23:46","modified_gmt":"2015-05-05T12:23:46","slug":"la-mujer-y-el-embarazo-que-le-pasa-mi-cuerpo","status":"publish","type":"post","link":"https:\/\/www.gruporecoletas.com\/noticias\/la-mujer-y-el-embarazo-que-le-pasa-mi-cuerpo\/","title":{"rendered":"La mujer y el embarazo \u00bfQu\u00e9 le pasa a mi cuerpo?"},"content":{"rendered":"<p style=\"text-align: center;\"><img loading=\"lazy\" decoding=\"async\" class=\"aligncenter size-full wp-image-2010\" src=\"http:\/\/www.fivrecoletos.com\/wp-content\/uploads\/2015\/05\/prenyer_2.jpg\" alt=\"cambios cuerpo embarazada\" width=\"751\" height=\"499\" \/><\/p>\n<p style=\"text-align: justify;\">Estar embarazada es uno de los procesos de cambios f\u00edsicos y emocionales m\u00e1s importantes de tu vida. Tu cuerpo se empieza a transformar de forma fisiol\u00f3gica desde el mismo instante de la fecundaci\u00f3n, y no para hasta el parto. Estos son algunos de los cambios m\u00e1s marcados que te acompa\u00f1ar\u00e1n a lo largo de esos 9 meses.<\/p>\n<p><!--more--><\/p>\n<p style=\"text-align: justify;\"><b>Cambios en el peso<\/b><\/p>\n<p style=\"text-align: justify;\">Es el cambio m\u00e1s evidente e inevitable que hay que controlar. El aumento de peso normal es de entre 11kg y 16kg, pero estas cifras dependen de tu peso previo y\u00a0 tu altura, tus h\u00e1bitos deportivos y alimenticios. El embarazo es un per\u00edodo en el que aumentan de forma importante las necesidades nutritivas, por el gasto requerido para el crecimiento y desarrollo del feto y para la formaci\u00f3n de nuevas estructuras maternas necesarias para la gestaci\u00f3n como la placenta. El aumento de calor\u00edas necesario en tu ingesta diaria de alimentos var\u00eda en funci\u00f3n del trimestre, siendo mayores en el \u00faltimo. Consulta con tu <b>ginec\u00f3logo<\/b><b>.<\/b><\/p>\n<p style=\"text-align: justify;\"><b>Aumento del \u00fatero y reubicaci\u00f3n de los \u00f3rganos<\/b><\/p>\n<p style=\"text-align: justify;\">El \u00fatero comienza a agrandarse desde el inicio del embarazo, pero los cambios no comienzan a ser visibles hasta aproximadamente el cuarto mes de gestaci\u00f3n. La gran flexibilidad del \u00fatero le permite pasar de sus 6\u00b45 cm habituales hasta unos 32-33 cm.<\/p>\n<p style=\"text-align: justify;\">Este aumento del \u00fatero hace que los \u00f3rganos abdominales tengan que adaptar su espacio, como puedes ver en el siguiente <a href=\"http:\/\/imgur.com\/gallery\/d7n3eIH\" target=\"_blank\" rel=\"noopener noreferrer\">video<\/a>, lo que hace que puedas tener algunas molestias, como estre\u00f1imiento, dolores de espalda o aumento de la frecuencia urinaria. <ins cite=\"mailto:Mar%C3%ADa%20Santaolaya\" datetime=\"2015-05-05T09:41\"><\/ins><\/p>\n<p style=\"text-align: justify;\"><b>Cambios en los pechos<\/b><\/p>\n<p style=\"text-align: justify;\">Durante los primeros tres meses puedes notar molestias o una mayor sensibilidad. Adem\u00e1s, el tama\u00f1o de tus pechos ir\u00e1 aumentando durante la gestaci\u00f3n, acentu\u00e1ndose en el tercer trimestre. Este aumento puede provocar pesadez, molestias y estr\u00edas, que puedes combatir y prevenir con una buena hidrataci\u00f3n con cremas espec\u00edficas. Los pezones y las areolas (piel que rodea los pezones) se oscurecer\u00e1n y agrandar\u00e1n. Las peque\u00f1as gl\u00e1ndulas de las ar\u00e9olas aumentan y se vuelven irregulares (como bultitos), segregando una sustancia aceitosa que evita que se resequen y se agrieten.<\/p>\n<p style=\"text-align: justify;\">En el tercer trimestre puede que te salga un l\u00edquido espeso y amarillento, es normal, se llama calostro y es la primera leche que segregar\u00e1s. Es muy rica en anticuerpos y perfecta para proteger a tu reci\u00e9n nacido de infecciones.<\/p>\n<p style=\"text-align: justify;\"><b>Cambios en el sistema cardiovascular<\/b><\/p>\n<p style=\"text-align: justify;\">Este es un cambio poco conocido, pero es uno de los m\u00e1s vitales para el crecimiento del feto y la placenta. Durante la gestaci\u00f3n, los vasos sangu\u00edneos se dilatan y el volumen de sangre materna aumenta en un litro y medio aproximadamente, pasando de los 4 o 5 litros que tiene un adulto normal a 6. \u00a0El crecimiento del \u00fatero dificulta a veces el regreso de la sangre desde las piernas\u00a0 hacia el coraz\u00f3n, por lo que las piernas tienen tendencia a hincharse y existe riesgo de aparici\u00f3n de varices. El coraz\u00f3n late m\u00e1s deprisa y tiene m\u00e1s gasto cardiaco durante el embarazo porque tiene que bombear m\u00e1s sangre. Otra consecuencia del aumento de volumen sangu\u00edneo es la anemia dilucional (los gl\u00f3bulos rojos quedan disueltos en una mayor cantidad de la parte l\u00edquida de la sangre) y de hierro, por lo que hay que tomar suplementos.<\/p>\n<p style=\"text-align: justify;\">Estos son los cambios m\u00e1s importantes y marcados en tu cuerpo, pero puede que notes otros como el aumento de tu temperatura basal, cambio en el color de pecas y lunares, la aparici\u00f3n de acn\u00e9, el aumento transitorio de la miop\u00eda y el maravilloso aspecto de piel reluciente del que toda embarazada disfruta. Conoce tu cuerpo, cu\u00eddate, rel\u00e1jate y disfruta de este viaje que acabas de iniciar.<\/p>\n","protected":false},"excerpt":{"rendered":"<p>Estar embarazada es uno de los procesos de cambios f\u00edsicos y emocionales m\u00e1s importantes de tu vida. Tu cuerpo se empieza a transformar de forma fisiol\u00f3gica desde el mismo instante de la fecundaci\u00f3n, y no para hasta el parto. Estos son algunos de los cambios m\u00e1s marcados que te acompa\u00f1ar\u00e1n a lo largo de esos [&hellip;]<\/p>\n","protected":false},"author":2,"featured_media":0,"comment_status":"closed","ping_status":"closed","sticky":false,"template":"","format":"standard","meta":{"_acf_changed":false,"footnotes":""},"categories":[47],"tags":[],"class_list":["post-13737","post","type-post","status-publish","format-standard","hentry","category-maternidad-y-ginecologia"],"acf":[],"yoast_head":"<!-- This site is optimized with the Yoast SEO Premium plugin v27.3 (Yoast SEO v27.3) - https:\/\/yoast.com\/product\/yoast-seo-premium-wordpress\/ -->\n<title>La mujer y el embarazo \u00bfQu\u00e9 le pasa a mi cuerpo? - Noticias Grupo Recoletas<\/title>\n<meta name=\"description\" content=\"\u00bfQu\u00e9 le pasa a mi cuerpo al quedarme embarazada? Estos son algunos de los cambios m\u00e1s marcados que te acompa\u00f1ar\u00e1n a lo largo de esos 9 meses.\" \/>\n<meta name=\"robots\" content=\"index, follow, max-snippet:-1, max-image-preview:large, max-video-preview:-1\" \/>\n<link rel=\"canonical\" href=\"https:\/\/www.gruporecoletas.com\/noticias\/la-mujer-y-el-embarazo-que-le-pasa-mi-cuerpo\/\" \/>\n<meta property=\"og:locale\" content=\"es_ES\" \/>\n<meta property=\"og:type\" content=\"article\" \/>\n<meta property=\"og:title\" content=\"La mujer y el embarazo \u00bfQu\u00e9 le pasa a mi cuerpo?\" \/>\n<meta property=\"og:description\" content=\"\u00bfQu\u00e9 le pasa a mi cuerpo al quedarme embarazada? Estos son algunos de los cambios m\u00e1s marcados que te acompa\u00f1ar\u00e1n a lo largo de esos 9 meses.\" \/>\n<meta property=\"og:url\" content=\"https:\/\/www.gruporecoletas.com\/noticias\/la-mujer-y-el-embarazo-que-le-pasa-mi-cuerpo\/\" \/>\n<meta property=\"og:site_name\" content=\"Noticias Grupo Recoletas\" \/>\n<meta property=\"article:publisher\" content=\"https:\/\/www.facebook.com\/GrupoRecoletas\/\" \/>\n<meta property=\"article:published_time\" content=\"2015-05-05T12:23:46+00:00\" \/>\n<meta name=\"author\" content=\"Recoletas Red Hospitalaria\" \/>\n<meta name=\"twitter:card\" content=\"summary_large_image\" \/>\n<meta name=\"twitter:creator\" content=\"@GrupoRecoletas\" \/>\n<meta name=\"twitter:site\" content=\"@GrupoRecoletas\" \/>\n<meta name=\"twitter:label1\" content=\"Escrito por\" \/>\n\t<meta name=\"twitter:data1\" content=\"Recoletas Red Hospitalaria\" \/>\n\t<meta name=\"twitter:label2\" content=\"Tiempo de lectura\" \/>\n\t<meta name=\"twitter:data2\" content=\"3 minutos\" \/>\n<script type=\"application\/ld+json\" class=\"yoast-schema-graph\">{\"@context\":\"https:\\\/\\\/schema.org\",\"@graph\":[{\"@type\":\"Article\",\"@id\":\"https:\\\/\\\/www.gruporecoletas.com\\\/noticias\\\/la-mujer-y-el-embarazo-que-le-pasa-mi-cuerpo\\\/#article\",\"isPartOf\":{\"@id\":\"https:\\\/\\\/www.gruporecoletas.com\\\/noticias\\\/la-mujer-y-el-embarazo-que-le-pasa-mi-cuerpo\\\/\"},\"author\":{\"name\":\"Recoletas Red Hospitalaria\",\"@id\":\"https:\\\/\\\/www.gruporecoletas.com\\\/noticias\\\/#\\\/schema\\\/person\\\/3c6ac429828d1f5e3d3bd99f4da9b02c\"},\"headline\":\"La mujer y el embarazo \u00bfQu\u00e9 le pasa a mi cuerpo?\",\"datePublished\":\"2015-05-05T12:23:46+00:00\",\"mainEntityOfPage\":{\"@id\":\"https:\\\/\\\/www.gruporecoletas.com\\\/noticias\\\/la-mujer-y-el-embarazo-que-le-pasa-mi-cuerpo\\\/\"},\"wordCount\":661,\"image\":{\"@id\":\"https:\\\/\\\/www.gruporecoletas.com\\\/noticias\\\/la-mujer-y-el-embarazo-que-le-pasa-mi-cuerpo\\\/#primaryimage\"},\"thumbnailUrl\":\"http:\\\/\\\/www.fivrecoletos.com\\\/wp-content\\\/uploads\\\/2015\\\/05\\\/prenyer_2.jpg\",\"articleSection\":[\"Maternidad y ginecolog\u00eda\"],\"inLanguage\":\"es\"},{\"@type\":\"WebPage\",\"@id\":\"https:\\\/\\\/www.gruporecoletas.com\\\/noticias\\\/la-mujer-y-el-embarazo-que-le-pasa-mi-cuerpo\\\/\",\"url\":\"https:\\\/\\\/www.gruporecoletas.com\\\/noticias\\\/la-mujer-y-el-embarazo-que-le-pasa-mi-cuerpo\\\/\",\"name\":\"La mujer y el embarazo \u00bfQu\u00e9 le pasa a mi cuerpo? - Noticias Grupo Recoletas\",\"isPartOf\":{\"@id\":\"https:\\\/\\\/www.gruporecoletas.com\\\/noticias\\\/#website\"},\"primaryImageOfPage\":{\"@id\":\"https:\\\/\\\/www.gruporecoletas.com\\\/noticias\\\/la-mujer-y-el-embarazo-que-le-pasa-mi-cuerpo\\\/#primaryimage\"},\"image\":{\"@id\":\"https:\\\/\\\/www.gruporecoletas.com\\\/noticias\\\/la-mujer-y-el-embarazo-que-le-pasa-mi-cuerpo\\\/#primaryimage\"},\"thumbnailUrl\":\"http:\\\/\\\/www.fivrecoletos.com\\\/wp-content\\\/uploads\\\/2015\\\/05\\\/prenyer_2.jpg\",\"datePublished\":\"2015-05-05T12:23:46+00:00\",\"author\":{\"@id\":\"https:\\\/\\\/www.gruporecoletas.com\\\/noticias\\\/#\\\/schema\\\/person\\\/3c6ac429828d1f5e3d3bd99f4da9b02c\"},\"description\":\"\u00bfQu\u00e9 le pasa a mi cuerpo al quedarme embarazada? Estos son algunos de los cambios m\u00e1s marcados que te acompa\u00f1ar\u00e1n a lo largo de esos 9 meses.\",\"breadcrumb\":{\"@id\":\"https:\\\/\\\/www.gruporecoletas.com\\\/noticias\\\/la-mujer-y-el-embarazo-que-le-pasa-mi-cuerpo\\\/#breadcrumb\"},\"inLanguage\":\"es\",\"potentialAction\":[{\"@type\":\"ReadAction\",\"target\":[\"https:\\\/\\\/www.gruporecoletas.com\\\/noticias\\\/la-mujer-y-el-embarazo-que-le-pasa-mi-cuerpo\\\/\"]}]},{\"@type\":\"ImageObject\",\"inLanguage\":\"es\",\"@id\":\"https:\\\/\\\/www.gruporecoletas.com\\\/noticias\\\/la-mujer-y-el-embarazo-que-le-pasa-mi-cuerpo\\\/#primaryimage\",\"url\":\"http:\\\/\\\/www.fivrecoletos.com\\\/wp-content\\\/uploads\\\/2015\\\/05\\\/prenyer_2.jpg\",\"contentUrl\":\"http:\\\/\\\/www.fivrecoletos.com\\\/wp-content\\\/uploads\\\/2015\\\/05\\\/prenyer_2.jpg\"},{\"@type\":\"BreadcrumbList\",\"@id\":\"https:\\\/\\\/www.gruporecoletas.com\\\/noticias\\\/la-mujer-y-el-embarazo-que-le-pasa-mi-cuerpo\\\/#breadcrumb\",\"itemListElement\":[{\"@type\":\"ListItem\",\"position\":1,\"name\":\"Portada\",\"item\":\"https:\\\/\\\/www.gruporecoletas.com\\\/noticias\\\/\"},{\"@type\":\"ListItem\",\"position\":2,\"name\":\"La mujer y el embarazo \u00bfQu\u00e9 le pasa a mi cuerpo?\"}]},{\"@type\":\"WebSite\",\"@id\":\"https:\\\/\\\/www.gruporecoletas.com\\\/noticias\\\/#website\",\"url\":\"https:\\\/\\\/www.gruporecoletas.com\\\/noticias\\\/\",\"name\":\"Noticias Grupo Recoletas\",\"description\":\"Grupo Recoletas\",\"potentialAction\":[{\"@type\":\"SearchAction\",\"target\":{\"@type\":\"EntryPoint\",\"urlTemplate\":\"https:\\\/\\\/www.gruporecoletas.com\\\/noticias\\\/?s={search_term_string}\"},\"query-input\":{\"@type\":\"PropertyValueSpecification\",\"valueRequired\":true,\"valueName\":\"search_term_string\"}}],\"inLanguage\":\"es\"},{\"@type\":\"Person\",\"@id\":\"https:\\\/\\\/www.gruporecoletas.com\\\/noticias\\\/#\\\/schema\\\/person\\\/3c6ac429828d1f5e3d3bd99f4da9b02c\",\"name\":\"Recoletas Red Hospitalaria\",\"url\":\"https:\\\/\\\/www.gruporecoletas.com\\\/noticias\\\/author\\\/comunicacion\\\/\"}]}<\/script>\n<!-- \/ Yoast SEO Premium plugin. -->","yoast_head_json":{"title":"La mujer y el embarazo \u00bfQu\u00e9 le pasa a mi cuerpo? - Noticias Grupo Recoletas","description":"\u00bfQu\u00e9 le pasa a mi cuerpo al quedarme embarazada? Estos son algunos de los cambios m\u00e1s marcados que te acompa\u00f1ar\u00e1n a lo largo de esos 9 meses.","robots":{"index":"index","follow":"follow","max-snippet":"max-snippet:-1","max-image-preview":"max-image-preview:large","max-video-preview":"max-video-preview:-1"},"canonical":"https:\/\/www.gruporecoletas.com\/noticias\/la-mujer-y-el-embarazo-que-le-pasa-mi-cuerpo\/","og_locale":"es_ES","og_type":"article","og_title":"La mujer y el embarazo \u00bfQu\u00e9 le pasa a mi cuerpo?","og_description":"\u00bfQu\u00e9 le pasa a mi cuerpo al quedarme embarazada? Estos son algunos de los cambios m\u00e1s marcados que te acompa\u00f1ar\u00e1n a lo largo de esos 9 meses.","og_url":"https:\/\/www.gruporecoletas.com\/noticias\/la-mujer-y-el-embarazo-que-le-pasa-mi-cuerpo\/","og_site_name":"Noticias Grupo Recoletas","article_publisher":"https:\/\/www.facebook.com\/GrupoRecoletas\/","article_published_time":"2015-05-05T12:23:46+00:00","author":"Recoletas Red Hospitalaria","twitter_card":"summary_large_image","twitter_creator":"@GrupoRecoletas","twitter_site":"@GrupoRecoletas","twitter_misc":{"Escrito por":"Recoletas Red Hospitalaria","Tiempo de lectura":"3 minutos"},"schema":{"@context":"https:\/\/schema.org","@graph":[{"@type":"Article","@id":"https:\/\/www.gruporecoletas.com\/noticias\/la-mujer-y-el-embarazo-que-le-pasa-mi-cuerpo\/#article","isPartOf":{"@id":"https:\/\/www.gruporecoletas.com\/noticias\/la-mujer-y-el-embarazo-que-le-pasa-mi-cuerpo\/"},"author":{"name":"Recoletas Red Hospitalaria","@id":"https:\/\/www.gruporecoletas.com\/noticias\/#\/schema\/person\/3c6ac429828d1f5e3d3bd99f4da9b02c"},"headline":"La mujer y el embarazo \u00bfQu\u00e9 le pasa a mi cuerpo?","datePublished":"2015-05-05T12:23:46+00:00","mainEntityOfPage":{"@id":"https:\/\/www.gruporecoletas.com\/noticias\/la-mujer-y-el-embarazo-que-le-pasa-mi-cuerpo\/"},"wordCount":661,"image":{"@id":"https:\/\/www.gruporecoletas.com\/noticias\/la-mujer-y-el-embarazo-que-le-pasa-mi-cuerpo\/#primaryimage"},"thumbnailUrl":"http:\/\/www.fivrecoletos.com\/wp-content\/uploads\/2015\/05\/prenyer_2.jpg","articleSection":["Maternidad y ginecolog\u00eda"],"inLanguage":"es"},{"@type":"WebPage","@id":"https:\/\/www.gruporecoletas.com\/noticias\/la-mujer-y-el-embarazo-que-le-pasa-mi-cuerpo\/","url":"https:\/\/www.gruporecoletas.com\/noticias\/la-mujer-y-el-embarazo-que-le-pasa-mi-cuerpo\/","name":"La mujer y el embarazo \u00bfQu\u00e9 le pasa a mi cuerpo? - Noticias Grupo Recoletas","isPartOf":{"@id":"https:\/\/www.gruporecoletas.com\/noticias\/#website"},"primaryImageOfPage":{"@id":"https:\/\/www.gruporecoletas.com\/noticias\/la-mujer-y-el-embarazo-que-le-pasa-mi-cuerpo\/#primaryimage"},"image":{"@id":"https:\/\/www.gruporecoletas.com\/noticias\/la-mujer-y-el-embarazo-que-le-pasa-mi-cuerpo\/#primaryimage"},"thumbnailUrl":"http:\/\/www.fivrecoletos.com\/wp-content\/uploads\/2015\/05\/prenyer_2.jpg","datePublished":"2015-05-05T12:23:46+00:00","author":{"@id":"https:\/\/www.gruporecoletas.com\/noticias\/#\/schema\/person\/3c6ac429828d1f5e3d3bd99f4da9b02c"},"description":"\u00bfQu\u00e9 le pasa a mi cuerpo al quedarme embarazada? Estos son algunos de los cambios m\u00e1s marcados que te acompa\u00f1ar\u00e1n a lo largo de esos 9 meses.","breadcrumb":{"@id":"https:\/\/www.gruporecoletas.com\/noticias\/la-mujer-y-el-embarazo-que-le-pasa-mi-cuerpo\/#breadcrumb"},"inLanguage":"es","potentialAction":[{"@type":"ReadAction","target":["https:\/\/www.gruporecoletas.com\/noticias\/la-mujer-y-el-embarazo-que-le-pasa-mi-cuerpo\/"]}]},{"@type":"ImageObject","inLanguage":"es","@id":"https:\/\/www.gruporecoletas.com\/noticias\/la-mujer-y-el-embarazo-que-le-pasa-mi-cuerpo\/#primaryimage","url":"http:\/\/www.fivrecoletos.com\/wp-content\/uploads\/2015\/05\/prenyer_2.jpg","contentUrl":"http:\/\/www.fivrecoletos.com\/wp-content\/uploads\/2015\/05\/prenyer_2.jpg"},{"@type":"BreadcrumbList","@id":"https:\/\/www.gruporecoletas.com\/noticias\/la-mujer-y-el-embarazo-que-le-pasa-mi-cuerpo\/#breadcrumb","itemListElement":[{"@type":"ListItem","position":1,"name":"Portada","item":"https:\/\/www.gruporecoletas.com\/noticias\/"},{"@type":"ListItem","position":2,"name":"La mujer y el embarazo \u00bfQu\u00e9 le pasa a mi cuerpo?"}]},{"@type":"WebSite","@id":"https:\/\/www.gruporecoletas.com\/noticias\/#website","url":"https:\/\/www.gruporecoletas.com\/noticias\/","name":"Noticias Grupo Recoletas","description":"Grupo Recoletas","potentialAction":[{"@type":"SearchAction","target":{"@type":"EntryPoint","urlTemplate":"https:\/\/www.gruporecoletas.com\/noticias\/?s={search_term_string}"},"query-input":{"@type":"PropertyValueSpecification","valueRequired":true,"valueName":"search_term_string"}}],"inLanguage":"es"},{"@type":"Person","@id":"https:\/\/www.gruporecoletas.com\/noticias\/#\/schema\/person\/3c6ac429828d1f5e3d3bd99f4da9b02c","name":"Recoletas Red Hospitalaria","url":"https:\/\/www.gruporecoletas.com\/noticias\/author\/comunicacion\/"}]}},"_links":{"self":[{"href":"https:\/\/www.gruporecoletas.com\/noticias\/wp-json\/wp\/v2\/posts\/13737","targetHints":{"allow":["GET"]}}],"collection":[{"href":"https:\/\/www.gruporecoletas.com\/noticias\/wp-json\/wp\/v2\/posts"}],"about":[{"href":"https:\/\/www.gruporecoletas.com\/noticias\/wp-json\/wp\/v2\/types\/post"}],"author":[{"embeddable":true,"href":"https:\/\/www.gruporecoletas.com\/noticias\/wp-json\/wp\/v2\/users\/2"}],"replies":[{"embeddable":true,"href":"https:\/\/www.gruporecoletas.com\/noticias\/wp-json\/wp\/v2\/comments?post=13737"}],"version-history":[{"count":0,"href":"https:\/\/www.gruporecoletas.com\/noticias\/wp-json\/wp\/v2\/posts\/13737\/revisions"}],"wp:attachment":[{"href":"https:\/\/www.gruporecoletas.com\/noticias\/wp-json\/wp\/v2\/media?parent=13737"}],"wp:term":[{"taxonomy":"category","embeddable":true,"href":"https:\/\/www.gruporecoletas.com\/noticias\/wp-json\/wp\/v2\/categories?post=13737"},{"taxonomy":"post_tag","embeddable":true,"href":"https:\/\/www.gruporecoletas.com\/noticias\/wp-json\/wp\/v2\/tags?post=13737"}],"curies":[{"name":"wp","href":"https:\/\/api.w.org\/{rel}","templated":true}]}}