{"id":13769,"date":"2015-06-25T11:17:28","date_gmt":"2015-06-25T11:17:28","guid":{"rendered":"https:\/\/www.gruporecoletas.com\/noticias\/educar-en-la-diversidad-familiar\/"},"modified":"2015-06-25T11:17:28","modified_gmt":"2015-06-25T11:17:28","slug":"educar-en-la-diversidad-familiar","status":"publish","type":"post","link":"https:\/\/www.gruporecoletas.com\/noticias\/educar-en-la-diversidad-familiar\/","title":{"rendered":"Educar en la diversidad familiar"},"content":{"rendered":"<p style=\"text-align: center;\"><img loading=\"lazy\" decoding=\"async\" class=\"aligncenter wp-image-2238\" src=\"http:\/\/www.fivrecoletos.com\/wp-content\/uploads\/2015\/06\/diversidad_familiar-1024x902.jpg\" alt=\"diversidad familiar - modelo familia\" width=\"610\" height=\"537\" \/><\/p>\n<p style=\"text-align: justify;\">El <strong>concepto de familia<\/strong> es din\u00e1mico y var\u00eda seg\u00fan la sociedad en la que se encuentra, siendo un reproductor esencial de los valores de una sociedad. Una familia podr\u00eda definirse como la \u201cuni\u00f3n de personas que comparten un proyecto de vida com\u00fan, con intensas relaciones afectivas y en la que las personas adultas son responsables del cuidado y educaci\u00f3n de los hijos (si los hubiera)\u201d. <!--more-->Esta definici\u00f3n no contempla ning\u00fan modelo familiar concreto. Sin embargo, en muchos aspectos de la vida cotidiana, incluyendo el entorno educativo, se sigue considerando tradicionalmente la familia como aquella constituida por un padre, una madre y uno o varios hijos.<\/p>\n<p style=\"text-align: justify;\">En los \u00faltimos a\u00f1os se han vivido <strong>avances y transformaciones jur\u00eddico-legales<\/strong>, <strong>culturales y sociales<\/strong> que incluyen <a href=\"http:\/\/www.fivrecoletos.com\/nuevos-modelos-de-familias-parejas-de-mujeres-con-hijos-propios\/\" target=\"_blank\" rel=\"noopener noreferrer\">nuevos modelos familiares m\u00e1s diversos<\/a>. \u00a0Pese a los avances, el modelo social de familia nuclear heterosexual sigue present\u00e1ndose como el prototipo en muchos colegios y proyectos educativos, en muchos libros de texto, en el discurso de muchos profesores, etc., de forma que permanece en el \u201ccurr\u00edculo oculto\u201d y se siguen transmitiendo patrones que no son reales en nuestra sociedad, ya que no tienen en cuenta que hoy en d\u00eda la realidad familiar de muchos alumnos es m\u00e1s diversa.<\/p>\n<p style=\"text-align: justify;\">La <strong>sociedad actual es una sociedad plural<\/strong> con muchos otros modelos familiares: <a href=\"http:\/\/www.fivrecoletos.com\/la-maternidad-en-solitario-una-realidad-social\/\" target=\"_blank\" rel=\"noopener noreferrer\">familias monoparentales<\/a>, multi\u00e9tnicas, homoparentales, internacionales, de distintas culturas y religiones, familias separadas o reconstituidas con hijos de parejas anteriores, familias adoptivas, familias extensas y un largo etc. El hecho de tener familias m\u00e1s nucleares o m\u00e1s extensas, un solo padre o dos madres, hermanos de distintos padres, miembros familiares de diferentes or\u00edgenes o culturas, no hace diferentes a los ni\u00f1os y ni\u00f1as. Los ni\u00f1os no consideran <em>a priori <\/em>ning\u00fan tipo de familia mejor que otro. Lo fundamental en las estructuras familiares son el cuidado, el afecto, la comunicaci\u00f3n y la educaci\u00f3n: una educaci\u00f3n abierta y diversa que les haga <strong>aceptar que la pluralidad familiar<\/strong>, social y cultural es una realidad, que es algo normal y cotidiano, superando as\u00ed los estereotipos tan arraigados durante d\u00e9cadas sobre que el \u00fanico n\u00facleo familiar \u201ctradicional\u201d.<\/p>\n<p style=\"text-align: justify;\">Para un ni\u00f1o que vive bajo una estructura familiar diferente a la \u201ctradicional\u201d, su familia es como todas las dem\u00e1s. Sin embargo, en el colegio puede sentirse confundido e incluso excluido cuando los profesores y resto de compa\u00f1eros le transmiten que la suya no es la familia \u201cnormal\u201d, o cuando no sienta representada su realidad familiar. Es por ello tan importante que tanto en las instituciones educativas como en centros de socializaci\u00f3n se avance en modelos educativos basados en la igualdad y en \u00a0el respeto a la diferencia.<\/p>\n<p style=\"text-align: justify;\">Es necesario adem\u00e1s hacer una reflexi\u00f3n en el entorno familiar y en el escolar sobre otras diferencias respecto a la familia \u201ctradicional\u201d como los nuevos valores y funciones de la familia, las nuevas estructuras familiares, las diferencias en la distribuci\u00f3n de tareas, roles, estructuras de poder, organizaci\u00f3n econ\u00f3mica y del tiempo, entre otros temas clave.<\/p>\n<p style=\"text-align: justify;\">En definitiva, aunque la familia es para el ni\u00f1o el entorno educativo por excelencia, la escuela es un entorno de aprendizaje y socializaci\u00f3n, en el que tambi\u00e9n es necesario avanzar para <strong>educar a los m\u00e1s peque\u00f1os en modelos sociales basados en la pluralidad<\/strong>, igualdad, respeto y diversidad.<\/p>\n","protected":false},"excerpt":{"rendered":"<p>El concepto de familia es din\u00e1mico y var\u00eda seg\u00fan la sociedad en la que se encuentra, siendo un reproductor esencial de los valores de una sociedad. Una familia podr\u00eda definirse como la \u201cuni\u00f3n de personas que comparten un proyecto de vida com\u00fan, con intensas relaciones afectivas y en la que las personas adultas son responsables [&hellip;]<\/p>\n","protected":false},"author":2,"featured_media":0,"comment_status":"closed","ping_status":"closed","sticky":false,"template":"","format":"standard","meta":{"_acf_changed":false,"footnotes":""},"categories":[47],"tags":[],"class_list":["post-13769","post","type-post","status-publish","format-standard","hentry","category-maternidad-y-ginecologia"],"acf":[],"yoast_head":"<!-- This site is optimized with the Yoast SEO Premium plugin v27.3 (Yoast SEO v27.3) - https:\/\/yoast.com\/product\/yoast-seo-premium-wordpress\/ -->\n<title>Educar en la diversidad familiar - Noticias Grupo Recoletas<\/title>\n<meta name=\"description\" content=\"Vivimos en una sociedad en que el modelo de familia tradicional evoluciona y nos encontramos ante una realidad en que la diversidad familiar es un hecho.\" \/>\n<meta name=\"robots\" content=\"index, follow, max-snippet:-1, max-image-preview:large, max-video-preview:-1\" \/>\n<link rel=\"canonical\" href=\"https:\/\/www.gruporecoletas.com\/noticias\/educar-en-la-diversidad-familiar\/\" \/>\n<meta property=\"og:locale\" content=\"es_ES\" \/>\n<meta property=\"og:type\" content=\"article\" \/>\n<meta property=\"og:title\" content=\"Educar en la diversidad familiar\" \/>\n<meta property=\"og:description\" content=\"Vivimos en una sociedad en que el modelo de familia tradicional evoluciona y nos encontramos ante una realidad en que la diversidad familiar es un hecho.\" \/>\n<meta property=\"og:url\" content=\"https:\/\/www.gruporecoletas.com\/noticias\/educar-en-la-diversidad-familiar\/\" \/>\n<meta property=\"og:site_name\" content=\"Noticias Grupo Recoletas\" \/>\n<meta property=\"article:publisher\" content=\"https:\/\/www.facebook.com\/GrupoRecoletas\/\" \/>\n<meta property=\"article:published_time\" content=\"2015-06-25T11:17:28+00:00\" \/>\n<meta name=\"author\" content=\"Recoletas Red Hospitalaria\" \/>\n<meta name=\"twitter:card\" content=\"summary_large_image\" \/>\n<meta name=\"twitter:creator\" content=\"@GrupoRecoletas\" \/>\n<meta name=\"twitter:site\" content=\"@GrupoRecoletas\" \/>\n<meta name=\"twitter:label1\" content=\"Escrito por\" \/>\n\t<meta name=\"twitter:data1\" content=\"Recoletas Red Hospitalaria\" \/>\n\t<meta name=\"twitter:label2\" content=\"Tiempo de lectura\" \/>\n\t<meta name=\"twitter:data2\" content=\"3 minutos\" \/>\n<script type=\"application\/ld+json\" class=\"yoast-schema-graph\">{\"@context\":\"https:\\\/\\\/schema.org\",\"@graph\":[{\"@type\":\"Article\",\"@id\":\"https:\\\/\\\/www.gruporecoletas.com\\\/noticias\\\/educar-en-la-diversidad-familiar\\\/#article\",\"isPartOf\":{\"@id\":\"https:\\\/\\\/www.gruporecoletas.com\\\/noticias\\\/educar-en-la-diversidad-familiar\\\/\"},\"author\":{\"name\":\"Recoletas Red Hospitalaria\",\"@id\":\"https:\\\/\\\/www.gruporecoletas.com\\\/noticias\\\/#\\\/schema\\\/person\\\/3c6ac429828d1f5e3d3bd99f4da9b02c\"},\"headline\":\"Educar en la diversidad familiar\",\"datePublished\":\"2015-06-25T11:17:28+00:00\",\"mainEntityOfPage\":{\"@id\":\"https:\\\/\\\/www.gruporecoletas.com\\\/noticias\\\/educar-en-la-diversidad-familiar\\\/\"},\"wordCount\":580,\"image\":{\"@id\":\"https:\\\/\\\/www.gruporecoletas.com\\\/noticias\\\/educar-en-la-diversidad-familiar\\\/#primaryimage\"},\"thumbnailUrl\":\"http:\\\/\\\/www.fivrecoletos.com\\\/wp-content\\\/uploads\\\/2015\\\/06\\\/diversidad_familiar-1024x902.jpg\",\"articleSection\":[\"Maternidad y ginecolog\u00eda\"],\"inLanguage\":\"es\"},{\"@type\":\"WebPage\",\"@id\":\"https:\\\/\\\/www.gruporecoletas.com\\\/noticias\\\/educar-en-la-diversidad-familiar\\\/\",\"url\":\"https:\\\/\\\/www.gruporecoletas.com\\\/noticias\\\/educar-en-la-diversidad-familiar\\\/\",\"name\":\"Educar en la diversidad familiar - Noticias Grupo Recoletas\",\"isPartOf\":{\"@id\":\"https:\\\/\\\/www.gruporecoletas.com\\\/noticias\\\/#website\"},\"primaryImageOfPage\":{\"@id\":\"https:\\\/\\\/www.gruporecoletas.com\\\/noticias\\\/educar-en-la-diversidad-familiar\\\/#primaryimage\"},\"image\":{\"@id\":\"https:\\\/\\\/www.gruporecoletas.com\\\/noticias\\\/educar-en-la-diversidad-familiar\\\/#primaryimage\"},\"thumbnailUrl\":\"http:\\\/\\\/www.fivrecoletos.com\\\/wp-content\\\/uploads\\\/2015\\\/06\\\/diversidad_familiar-1024x902.jpg\",\"datePublished\":\"2015-06-25T11:17:28+00:00\",\"author\":{\"@id\":\"https:\\\/\\\/www.gruporecoletas.com\\\/noticias\\\/#\\\/schema\\\/person\\\/3c6ac429828d1f5e3d3bd99f4da9b02c\"},\"description\":\"Vivimos en una sociedad en que el modelo de familia tradicional evoluciona y nos encontramos ante una realidad en que la diversidad familiar es un hecho.\",\"breadcrumb\":{\"@id\":\"https:\\\/\\\/www.gruporecoletas.com\\\/noticias\\\/educar-en-la-diversidad-familiar\\\/#breadcrumb\"},\"inLanguage\":\"es\",\"potentialAction\":[{\"@type\":\"ReadAction\",\"target\":[\"https:\\\/\\\/www.gruporecoletas.com\\\/noticias\\\/educar-en-la-diversidad-familiar\\\/\"]}]},{\"@type\":\"ImageObject\",\"inLanguage\":\"es\",\"@id\":\"https:\\\/\\\/www.gruporecoletas.com\\\/noticias\\\/educar-en-la-diversidad-familiar\\\/#primaryimage\",\"url\":\"http:\\\/\\\/www.fivrecoletos.com\\\/wp-content\\\/uploads\\\/2015\\\/06\\\/diversidad_familiar-1024x902.jpg\",\"contentUrl\":\"http:\\\/\\\/www.fivrecoletos.com\\\/wp-content\\\/uploads\\\/2015\\\/06\\\/diversidad_familiar-1024x902.jpg\"},{\"@type\":\"BreadcrumbList\",\"@id\":\"https:\\\/\\\/www.gruporecoletas.com\\\/noticias\\\/educar-en-la-diversidad-familiar\\\/#breadcrumb\",\"itemListElement\":[{\"@type\":\"ListItem\",\"position\":1,\"name\":\"Portada\",\"item\":\"https:\\\/\\\/www.gruporecoletas.com\\\/noticias\\\/\"},{\"@type\":\"ListItem\",\"position\":2,\"name\":\"Educar en la diversidad familiar\"}]},{\"@type\":\"WebSite\",\"@id\":\"https:\\\/\\\/www.gruporecoletas.com\\\/noticias\\\/#website\",\"url\":\"https:\\\/\\\/www.gruporecoletas.com\\\/noticias\\\/\",\"name\":\"Noticias Grupo Recoletas\",\"description\":\"Grupo Recoletas\",\"potentialAction\":[{\"@type\":\"SearchAction\",\"target\":{\"@type\":\"EntryPoint\",\"urlTemplate\":\"https:\\\/\\\/www.gruporecoletas.com\\\/noticias\\\/?s={search_term_string}\"},\"query-input\":{\"@type\":\"PropertyValueSpecification\",\"valueRequired\":true,\"valueName\":\"search_term_string\"}}],\"inLanguage\":\"es\"},{\"@type\":\"Person\",\"@id\":\"https:\\\/\\\/www.gruporecoletas.com\\\/noticias\\\/#\\\/schema\\\/person\\\/3c6ac429828d1f5e3d3bd99f4da9b02c\",\"name\":\"Recoletas Red Hospitalaria\",\"url\":\"https:\\\/\\\/www.gruporecoletas.com\\\/noticias\\\/author\\\/comunicacion\\\/\"}]}<\/script>\n<!-- \/ Yoast SEO Premium plugin. -->","yoast_head_json":{"title":"Educar en la diversidad familiar - Noticias Grupo Recoletas","description":"Vivimos en una sociedad en que el modelo de familia tradicional evoluciona y nos encontramos ante una realidad en que la diversidad familiar es un hecho.","robots":{"index":"index","follow":"follow","max-snippet":"max-snippet:-1","max-image-preview":"max-image-preview:large","max-video-preview":"max-video-preview:-1"},"canonical":"https:\/\/www.gruporecoletas.com\/noticias\/educar-en-la-diversidad-familiar\/","og_locale":"es_ES","og_type":"article","og_title":"Educar en la diversidad familiar","og_description":"Vivimos en una sociedad en que el modelo de familia tradicional evoluciona y nos encontramos ante una realidad en que la diversidad familiar es un hecho.","og_url":"https:\/\/www.gruporecoletas.com\/noticias\/educar-en-la-diversidad-familiar\/","og_site_name":"Noticias Grupo Recoletas","article_publisher":"https:\/\/www.facebook.com\/GrupoRecoletas\/","article_published_time":"2015-06-25T11:17:28+00:00","author":"Recoletas Red Hospitalaria","twitter_card":"summary_large_image","twitter_creator":"@GrupoRecoletas","twitter_site":"@GrupoRecoletas","twitter_misc":{"Escrito por":"Recoletas Red Hospitalaria","Tiempo de lectura":"3 minutos"},"schema":{"@context":"https:\/\/schema.org","@graph":[{"@type":"Article","@id":"https:\/\/www.gruporecoletas.com\/noticias\/educar-en-la-diversidad-familiar\/#article","isPartOf":{"@id":"https:\/\/www.gruporecoletas.com\/noticias\/educar-en-la-diversidad-familiar\/"},"author":{"name":"Recoletas Red Hospitalaria","@id":"https:\/\/www.gruporecoletas.com\/noticias\/#\/schema\/person\/3c6ac429828d1f5e3d3bd99f4da9b02c"},"headline":"Educar en la diversidad familiar","datePublished":"2015-06-25T11:17:28+00:00","mainEntityOfPage":{"@id":"https:\/\/www.gruporecoletas.com\/noticias\/educar-en-la-diversidad-familiar\/"},"wordCount":580,"image":{"@id":"https:\/\/www.gruporecoletas.com\/noticias\/educar-en-la-diversidad-familiar\/#primaryimage"},"thumbnailUrl":"http:\/\/www.fivrecoletos.com\/wp-content\/uploads\/2015\/06\/diversidad_familiar-1024x902.jpg","articleSection":["Maternidad y ginecolog\u00eda"],"inLanguage":"es"},{"@type":"WebPage","@id":"https:\/\/www.gruporecoletas.com\/noticias\/educar-en-la-diversidad-familiar\/","url":"https:\/\/www.gruporecoletas.com\/noticias\/educar-en-la-diversidad-familiar\/","name":"Educar en la diversidad familiar - Noticias Grupo Recoletas","isPartOf":{"@id":"https:\/\/www.gruporecoletas.com\/noticias\/#website"},"primaryImageOfPage":{"@id":"https:\/\/www.gruporecoletas.com\/noticias\/educar-en-la-diversidad-familiar\/#primaryimage"},"image":{"@id":"https:\/\/www.gruporecoletas.com\/noticias\/educar-en-la-diversidad-familiar\/#primaryimage"},"thumbnailUrl":"http:\/\/www.fivrecoletos.com\/wp-content\/uploads\/2015\/06\/diversidad_familiar-1024x902.jpg","datePublished":"2015-06-25T11:17:28+00:00","author":{"@id":"https:\/\/www.gruporecoletas.com\/noticias\/#\/schema\/person\/3c6ac429828d1f5e3d3bd99f4da9b02c"},"description":"Vivimos en una sociedad en que el modelo de familia tradicional evoluciona y nos encontramos ante una realidad en que la diversidad familiar es un hecho.","breadcrumb":{"@id":"https:\/\/www.gruporecoletas.com\/noticias\/educar-en-la-diversidad-familiar\/#breadcrumb"},"inLanguage":"es","potentialAction":[{"@type":"ReadAction","target":["https:\/\/www.gruporecoletas.com\/noticias\/educar-en-la-diversidad-familiar\/"]}]},{"@type":"ImageObject","inLanguage":"es","@id":"https:\/\/www.gruporecoletas.com\/noticias\/educar-en-la-diversidad-familiar\/#primaryimage","url":"http:\/\/www.fivrecoletos.com\/wp-content\/uploads\/2015\/06\/diversidad_familiar-1024x902.jpg","contentUrl":"http:\/\/www.fivrecoletos.com\/wp-content\/uploads\/2015\/06\/diversidad_familiar-1024x902.jpg"},{"@type":"BreadcrumbList","@id":"https:\/\/www.gruporecoletas.com\/noticias\/educar-en-la-diversidad-familiar\/#breadcrumb","itemListElement":[{"@type":"ListItem","position":1,"name":"Portada","item":"https:\/\/www.gruporecoletas.com\/noticias\/"},{"@type":"ListItem","position":2,"name":"Educar en la diversidad familiar"}]},{"@type":"WebSite","@id":"https:\/\/www.gruporecoletas.com\/noticias\/#website","url":"https:\/\/www.gruporecoletas.com\/noticias\/","name":"Noticias Grupo Recoletas","description":"Grupo Recoletas","potentialAction":[{"@type":"SearchAction","target":{"@type":"EntryPoint","urlTemplate":"https:\/\/www.gruporecoletas.com\/noticias\/?s={search_term_string}"},"query-input":{"@type":"PropertyValueSpecification","valueRequired":true,"valueName":"search_term_string"}}],"inLanguage":"es"},{"@type":"Person","@id":"https:\/\/www.gruporecoletas.com\/noticias\/#\/schema\/person\/3c6ac429828d1f5e3d3bd99f4da9b02c","name":"Recoletas Red Hospitalaria","url":"https:\/\/www.gruporecoletas.com\/noticias\/author\/comunicacion\/"}]}},"_links":{"self":[{"href":"https:\/\/www.gruporecoletas.com\/noticias\/wp-json\/wp\/v2\/posts\/13769","targetHints":{"allow":["GET"]}}],"collection":[{"href":"https:\/\/www.gruporecoletas.com\/noticias\/wp-json\/wp\/v2\/posts"}],"about":[{"href":"https:\/\/www.gruporecoletas.com\/noticias\/wp-json\/wp\/v2\/types\/post"}],"author":[{"embeddable":true,"href":"https:\/\/www.gruporecoletas.com\/noticias\/wp-json\/wp\/v2\/users\/2"}],"replies":[{"embeddable":true,"href":"https:\/\/www.gruporecoletas.com\/noticias\/wp-json\/wp\/v2\/comments?post=13769"}],"version-history":[{"count":0,"href":"https:\/\/www.gruporecoletas.com\/noticias\/wp-json\/wp\/v2\/posts\/13769\/revisions"}],"wp:attachment":[{"href":"https:\/\/www.gruporecoletas.com\/noticias\/wp-json\/wp\/v2\/media?parent=13769"}],"wp:term":[{"taxonomy":"category","embeddable":true,"href":"https:\/\/www.gruporecoletas.com\/noticias\/wp-json\/wp\/v2\/categories?post=13769"},{"taxonomy":"post_tag","embeddable":true,"href":"https:\/\/www.gruporecoletas.com\/noticias\/wp-json\/wp\/v2\/tags?post=13769"}],"curies":[{"name":"wp","href":"https:\/\/api.w.org\/{rel}","templated":true}]}}