{"id":13795,"date":"2015-08-18T10:10:39","date_gmt":"2015-08-18T10:10:39","guid":{"rendered":"https:\/\/www.gruporecoletas.com\/noticias\/como-afrontar-un-aborto-espontaneo-tras-una-fiv\/"},"modified":"2015-08-18T10:10:39","modified_gmt":"2015-08-18T10:10:39","slug":"como-afrontar-un-aborto-espontaneo-tras-una-fiv","status":"publish","type":"post","link":"https:\/\/www.gruporecoletas.com\/noticias\/como-afrontar-un-aborto-espontaneo-tras-una-fiv\/","title":{"rendered":"\u00bfC\u00f3mo afrontar un aborto espont\u00e1neo tras una FIV?"},"content":{"rendered":"<p style=\"text-align: justify;\"><a href=\"http:\/\/www.fivrecoletos.com\/wp-content\/uploads\/2015\/08\/aborto_fiv-1024x682-1.jpg\" rel=\"attachment wp-att-4721\"><img loading=\"lazy\" decoding=\"async\" class=\"aligncenter size-full wp-image-4721\" src=\"http:\/\/www.fivrecoletos.com\/wp-content\/uploads\/2015\/08\/aborto_fiv-1024x682-1.jpg\" alt=\"aborto fiv\" width=\"1024\" height=\"682\" \/><\/a><\/p>\n<p style=\"text-align: justify;\">Las mujeres que se someten a un tratamiento de <strong><a href=\"http:\/\/www.fivrecoletos.com\/conoce-el-proceso-de-un-ciclo-de-fiv-o-de-fiv-icsi-traves-de-nuestro-comic\/\" target=\"_blank\" rel=\"noopener noreferrer\">Fecundaci\u00f3n in vitro (FIV)<\/a><\/strong> llevan tiempo persiguiendo su sue\u00f1o de ser madres. El hecho de tener dificultades para conseguir el embarazo es una circunstancia que afecta a la pareja y especialmente a la mujer, que es la que vive el proceso en primera persona, por lo que cuando se consigue el embarazo la felicidad es enorme. <!--more-->Asimismo, cuando, despu\u00e9s de un tratamiento de FIV que ha resultado en embarazo, se sufre un aborto espont\u00e1neo, el dolor que siente la pareja es tambi\u00e9n de gran magnitud.<\/p>\n<p style=\"text-align: justify;\"><b>\u00bfHay m\u00e1s abortos en FIV?<\/b><\/p>\n<p style=\"text-align: justify;\">La literatura cient\u00edfica dice que la incidencia de abortos espont\u00e1neos en pacientes de FIV es discretamente superior a la observada en embarazos espont\u00e1neos en poblaci\u00f3n general (21.4% con embriones frescos seg\u00fan el \u00faltimo registro de la Sociedad Espa\u00f1ola de Fertilidad). Sin embargo, es importante tener en cuenta que no se producen m\u00e1s abortos por el tratamiento de FIV en s\u00ed mismo, sino porque las mujeres que se someten a este tipo de tratamientos tienen una media de edad m\u00e1s alta, y <a href=\"http:\/\/www.fivrecoletos.com\/edad-y-fertilidad-mitos-y-realidades\/\" target=\"_blank\" rel=\"noopener noreferrer\">la edad es un factor que afecta enormemente a la fertilidad<\/a>, tanto a la hora de concebir como de tener riesgo de aborto. As\u00ed, las tasas de aborto en mujeres menores de 35 a\u00f1os no superan el 15%, mientras que en las mujeres de entre 35 y 45 a\u00f1os las posibilidades son de entre el 20 y el 30%. A partir de los 45 a\u00f1os, el riesgo se dispara al 50%. Esto se debe a que a mayor edad, m\u00e1s probabilidades de concebir embriones con anomal\u00edas cromos\u00f3micas, que es la causa de la mayor\u00eda de los abortos espont\u00e1neos.<\/p>\n<p><b>\u00bfPor qu\u00e9 se producen los abortos?<\/b><\/p>\n<p style=\"text-align: justify;\">El 85% de los abortos espont\u00e1neos se producen <strong>en las primeras 12 semanas de embarazo<\/strong>. Si una gestaci\u00f3n llega a la s\u00e9ptima semana con una ecograf\u00eda normal, la probabilidad de aborto es muy baja (supone menos del 5% de todos los abortos).<\/p>\n<p style=\"text-align: justify;\">La mayor\u00eda de los abortos espont\u00e1neos ocurren cuando el embarazo no se est\u00e1 desarrollando normalmente y, por lo general, no hay nada que la mujer o su m\u00e9dico puedan hacer para impedirlo. Los factores que han demostrado ser causa de abortos naturales del primer trimestre son:<\/p>\n<ul>\n<li style=\"text-align: justify;\"><b>Anomal\u00edas cromos\u00f3micas<\/b>: M\u00e1s de la mitad de los abortos espont\u00e1neos se debe a que el embri\u00f3n presenta anomal\u00edas cromos\u00f3micas, lo que hace imposible su desarrollo. Esto no significa que los padres tengan alteraciones gen\u00e9ticas, sino que ese \u00f3vulo concreto o ese espermatozoide en particular se han formado de forma defectuosa con una alteraci\u00f3n en los cromosomas que hace que el embri\u00f3n no pueda desarrollarse o no pueda implantarse correctamente, por lo que se produce el aborto. La edad materna influye en esta causa.<\/li>\n<li style=\"text-align: justify;\"><b>Otros factores<\/b>: problemas uterinos o del cuello del \u00fatero, infecciones, alteraciones hormonales, problemas del sistema inmune; enfermedades sist\u00e9micas, exposici\u00f3n a t\u00f3xicos ambientales o a radiaciones. Tambi\u00e9n est\u00e1 demostrado que haber sufrido abortos espont\u00e1neos previos o tener ciertos estilos de vida no saludables como el alcohol, las drogas o el tabaco aumentan el riesgo de aborto espont\u00e1neo.<\/li>\n<\/ul>\n<p style=\"text-align: justify;\"><b>Consejos para afrontar mejor el aborto<\/b><\/p>\n<p style=\"text-align: justify;\">La recuperaci\u00f3n f\u00edsica tras el aborto dura un mes o algo m\u00e1s, dependiendo de cu\u00e1nto tiempo dur\u00f3 el embarazo. La mayor\u00eda de las mujeres tiene la regla entre cuatro y seis semanas despu\u00e9s de un aborto espont\u00e1neo. A menudo, la recuperaci\u00f3n emocional lleva m\u00e1s tiempo y es m\u00e1s compleja. Aqu\u00ed resumimos algunas <strong>recomendaciones<\/strong> para afrontar mejor la parte emocional:<b><\/b><\/p>\n<ul>\n<li style=\"text-align: justify;\"><b>Date permiso para estar triste<\/b>: has tenido una p\u00e9rdida, es normal y natural estar triste \u00a0al pasar por este proceso.<\/li>\n<li style=\"text-align: justify;\"><b style=\"text-align: justify;\">Date tiempo para recuperarte del duelo: <\/b><span style=\"text-align: justify;\">como en todos los casos de p\u00e9rdida, el aborto tiene unas fases y hay que ir pasando por ellas, y para eso se requiere tiempo.<\/span><\/li>\n<li style=\"text-align: justify;\"><b>Intenta entender y aceptar los sentimientos y sensaciones que est\u00e1s teniendo:<\/b> es fundamental que pases por cada fase, y que entiendas los sentimientos que pueden asociarse como apat\u00eda, tristeza, culpa, dificultad para concentrarse, depresi\u00f3n o ira.<\/li>\n<li style=\"text-align: justify;\"><b style=\"text-align: justify;\">Cu\u00eddate: <\/b><span style=\"text-align: justify;\">es duro, pero si te descuidas ser\u00e1 m\u00e1s duro. No puedes dejar de comer o de dormir ni tampoco dejar de cuidarte. El mantenerte sana y descansada te ayudar\u00e1 a pasar en mejores condiciones por esta etapa y superarla mejor.<\/span><\/li>\n<li style=\"text-align: justify;\"><b style=\"text-align: justify;\">Acude a un profesional<\/b><span style=\"text-align: justify;\">: si ves que no puedes superarlo por ti misma y lo estimas oportuno, consulta a un psic\u00f3logo con experiencia que te ayude a afrontarlo.<\/span><\/li>\n<li style=\"text-align: justify;\"><b style=\"text-align: justify;\">D\u00e9jate ayudar por tu entorno<\/b><span style=\"text-align: justify;\">: aunque en los momentos de tristeza puedas preferir la soledad, \u00a0para la recuperaci\u00f3n es mejor \u00a0aceptar la ayuda y el apoyo de tu pareja, familia o amigos \u00edntimos. Muchas parejas tambi\u00e9n se benefician asistiendo a grupos de apoyo.<\/span><\/li>\n<\/ul>\n<p style=\"text-align: justify;\"><b>\u00bfY despu\u00e9s?<\/b><\/p>\n<p style=\"text-align: justify;\">La mayor\u00eda de las mujeres que han sufrido un aborto espont\u00e1neo no tienen problemas para quedarse embarazadas y tener hijos sanos en el futuro sin necesidad de tratamiento espec\u00edfico.<\/p>\n<p style=\"text-align: justify;\">Sin embargo, cuando se producen dos o m\u00e1s abortos espont\u00e1neos (lo que m\u00e9dicamente se denomina <b><i>abortos de repetici\u00f3n<\/i><\/b>) se recomienda realizar una evaluaci\u00f3n m\u00e9dica completa y valorar la causa de los abortos para saber qu\u00e9 tratamientos pueden ayudar a que el embarazo siga adelante adecuadamente. Cuando se conoce la causa, el tratamiento va dirigido a corregirla, y cuando no se conoce se utilizan tratamientos gen\u00e9ricos basados en la administraci\u00f3n conjunta de aspirina, heparina y progesterona que han demostrado una mejora en los resultados. En caso de abortos recurrentes sin encontrar una causa tratable o habiendo encontrado una causa gen\u00e9tica, existen alternativas de reproducci\u00f3n asistida para conseguir un embarazo viable como la FIV con <a href=\"http:\/\/www.fivrecoletos.com\/servicios\/ovodonacion\/\">donaci\u00f3n de \u00f3vulos<\/a> o el <a href=\"http:\/\/www.fivrecoletos.com\/el-diagnostico-genetico-preimplantacional-un-gran-avance-en-reproduccion-asistida\/\">diagn\u00f3stico gen\u00e9tico preimplantacional<\/a>.<\/p>\n<p>[servicios-relacionados]<\/p>\n","protected":false},"excerpt":{"rendered":"<p>Las mujeres que se someten a un tratamiento de Fecundaci\u00f3n in vitro (FIV) llevan tiempo persiguiendo su sue\u00f1o de ser madres. El hecho de tener dificultades para conseguir el embarazo es una circunstancia que afecta a la pareja y especialmente a la mujer, que es la que vive el proceso en primera persona, por lo [&hellip;]<\/p>\n","protected":false},"author":2,"featured_media":0,"comment_status":"closed","ping_status":"closed","sticky":false,"template":"","format":"standard","meta":{"_acf_changed":false,"footnotes":""},"categories":[47],"tags":[],"class_list":["post-13795","post","type-post","status-publish","format-standard","hentry","category-maternidad-y-ginecologia"],"acf":[],"yoast_head":"<!-- This site is optimized with the Yoast SEO Premium plugin v27.3 (Yoast SEO v27.3) - https:\/\/yoast.com\/product\/yoast-seo-premium-wordpress\/ -->\n<title>\u00bfC\u00f3mo afrontar un aborto espont\u00e1neo tras una FIV? - Noticias Grupo Recoletas<\/title>\n<meta name=\"description\" content=\"Hay algunas ocasiones en las que se sufre un aborto espont\u00e1neo tras una FIV. Te contamos cu\u00e1les pueden ser las causas y c\u00f3mo afrontar los meses posteriores.\" \/>\n<meta name=\"robots\" content=\"index, follow, max-snippet:-1, max-image-preview:large, max-video-preview:-1\" \/>\n<link rel=\"canonical\" href=\"https:\/\/www.gruporecoletas.com\/noticias\/como-afrontar-un-aborto-espontaneo-tras-una-fiv\/\" \/>\n<meta property=\"og:locale\" content=\"es_ES\" \/>\n<meta property=\"og:type\" content=\"article\" \/>\n<meta property=\"og:title\" content=\"\u00bfC\u00f3mo afrontar un aborto espont\u00e1neo tras una FIV?\" \/>\n<meta property=\"og:description\" content=\"Hay algunas ocasiones en las que se sufre un aborto espont\u00e1neo tras una FIV. Te contamos cu\u00e1les pueden ser las causas y c\u00f3mo afrontar los meses posteriores.\" \/>\n<meta property=\"og:url\" content=\"https:\/\/www.gruporecoletas.com\/noticias\/como-afrontar-un-aborto-espontaneo-tras-una-fiv\/\" \/>\n<meta property=\"og:site_name\" content=\"Noticias Grupo Recoletas\" \/>\n<meta property=\"article:publisher\" content=\"https:\/\/www.facebook.com\/GrupoRecoletas\/\" \/>\n<meta property=\"article:published_time\" content=\"2015-08-18T10:10:39+00:00\" \/>\n<meta name=\"author\" content=\"Recoletas Red Hospitalaria\" \/>\n<meta name=\"twitter:card\" content=\"summary_large_image\" \/>\n<meta name=\"twitter:creator\" content=\"@GrupoRecoletas\" \/>\n<meta name=\"twitter:site\" content=\"@GrupoRecoletas\" \/>\n<meta name=\"twitter:label1\" content=\"Escrito por\" \/>\n\t<meta name=\"twitter:data1\" content=\"Recoletas Red Hospitalaria\" \/>\n\t<meta name=\"twitter:label2\" content=\"Tiempo de lectura\" \/>\n\t<meta name=\"twitter:data2\" content=\"5 minutos\" \/>\n<script type=\"application\/ld+json\" class=\"yoast-schema-graph\">{\"@context\":\"https:\\\/\\\/schema.org\",\"@graph\":[{\"@type\":\"Article\",\"@id\":\"https:\\\/\\\/www.gruporecoletas.com\\\/noticias\\\/como-afrontar-un-aborto-espontaneo-tras-una-fiv\\\/#article\",\"isPartOf\":{\"@id\":\"https:\\\/\\\/www.gruporecoletas.com\\\/noticias\\\/como-afrontar-un-aborto-espontaneo-tras-una-fiv\\\/\"},\"author\":{\"name\":\"Recoletas Red Hospitalaria\",\"@id\":\"https:\\\/\\\/www.gruporecoletas.com\\\/noticias\\\/#\\\/schema\\\/person\\\/3c6ac429828d1f5e3d3bd99f4da9b02c\"},\"headline\":\"\u00bfC\u00f3mo afrontar un aborto espont\u00e1neo tras una FIV?\",\"datePublished\":\"2015-08-18T10:10:39+00:00\",\"mainEntityOfPage\":{\"@id\":\"https:\\\/\\\/www.gruporecoletas.com\\\/noticias\\\/como-afrontar-un-aborto-espontaneo-tras-una-fiv\\\/\"},\"wordCount\":1009,\"image\":{\"@id\":\"https:\\\/\\\/www.gruporecoletas.com\\\/noticias\\\/como-afrontar-un-aborto-espontaneo-tras-una-fiv\\\/#primaryimage\"},\"thumbnailUrl\":\"http:\\\/\\\/www.fivrecoletos.com\\\/wp-content\\\/uploads\\\/2015\\\/08\\\/aborto_fiv-1024x682-1.jpg\",\"articleSection\":[\"Maternidad y ginecolog\u00eda\"],\"inLanguage\":\"es\"},{\"@type\":\"WebPage\",\"@id\":\"https:\\\/\\\/www.gruporecoletas.com\\\/noticias\\\/como-afrontar-un-aborto-espontaneo-tras-una-fiv\\\/\",\"url\":\"https:\\\/\\\/www.gruporecoletas.com\\\/noticias\\\/como-afrontar-un-aborto-espontaneo-tras-una-fiv\\\/\",\"name\":\"\u00bfC\u00f3mo afrontar un aborto espont\u00e1neo tras una FIV? - Noticias Grupo Recoletas\",\"isPartOf\":{\"@id\":\"https:\\\/\\\/www.gruporecoletas.com\\\/noticias\\\/#website\"},\"primaryImageOfPage\":{\"@id\":\"https:\\\/\\\/www.gruporecoletas.com\\\/noticias\\\/como-afrontar-un-aborto-espontaneo-tras-una-fiv\\\/#primaryimage\"},\"image\":{\"@id\":\"https:\\\/\\\/www.gruporecoletas.com\\\/noticias\\\/como-afrontar-un-aborto-espontaneo-tras-una-fiv\\\/#primaryimage\"},\"thumbnailUrl\":\"http:\\\/\\\/www.fivrecoletos.com\\\/wp-content\\\/uploads\\\/2015\\\/08\\\/aborto_fiv-1024x682-1.jpg\",\"datePublished\":\"2015-08-18T10:10:39+00:00\",\"author\":{\"@id\":\"https:\\\/\\\/www.gruporecoletas.com\\\/noticias\\\/#\\\/schema\\\/person\\\/3c6ac429828d1f5e3d3bd99f4da9b02c\"},\"description\":\"Hay algunas ocasiones en las que se sufre un aborto espont\u00e1neo tras una FIV. Te contamos cu\u00e1les pueden ser las causas y c\u00f3mo afrontar los meses posteriores.\",\"breadcrumb\":{\"@id\":\"https:\\\/\\\/www.gruporecoletas.com\\\/noticias\\\/como-afrontar-un-aborto-espontaneo-tras-una-fiv\\\/#breadcrumb\"},\"inLanguage\":\"es\",\"potentialAction\":[{\"@type\":\"ReadAction\",\"target\":[\"https:\\\/\\\/www.gruporecoletas.com\\\/noticias\\\/como-afrontar-un-aborto-espontaneo-tras-una-fiv\\\/\"]}]},{\"@type\":\"ImageObject\",\"inLanguage\":\"es\",\"@id\":\"https:\\\/\\\/www.gruporecoletas.com\\\/noticias\\\/como-afrontar-un-aborto-espontaneo-tras-una-fiv\\\/#primaryimage\",\"url\":\"http:\\\/\\\/www.fivrecoletos.com\\\/wp-content\\\/uploads\\\/2015\\\/08\\\/aborto_fiv-1024x682-1.jpg\",\"contentUrl\":\"http:\\\/\\\/www.fivrecoletos.com\\\/wp-content\\\/uploads\\\/2015\\\/08\\\/aborto_fiv-1024x682-1.jpg\"},{\"@type\":\"BreadcrumbList\",\"@id\":\"https:\\\/\\\/www.gruporecoletas.com\\\/noticias\\\/como-afrontar-un-aborto-espontaneo-tras-una-fiv\\\/#breadcrumb\",\"itemListElement\":[{\"@type\":\"ListItem\",\"position\":1,\"name\":\"Portada\",\"item\":\"https:\\\/\\\/www.gruporecoletas.com\\\/noticias\\\/\"},{\"@type\":\"ListItem\",\"position\":2,\"name\":\"\u00bfC\u00f3mo afrontar un aborto espont\u00e1neo tras una FIV?\"}]},{\"@type\":\"WebSite\",\"@id\":\"https:\\\/\\\/www.gruporecoletas.com\\\/noticias\\\/#website\",\"url\":\"https:\\\/\\\/www.gruporecoletas.com\\\/noticias\\\/\",\"name\":\"Noticias Grupo Recoletas\",\"description\":\"Grupo Recoletas\",\"potentialAction\":[{\"@type\":\"SearchAction\",\"target\":{\"@type\":\"EntryPoint\",\"urlTemplate\":\"https:\\\/\\\/www.gruporecoletas.com\\\/noticias\\\/?s={search_term_string}\"},\"query-input\":{\"@type\":\"PropertyValueSpecification\",\"valueRequired\":true,\"valueName\":\"search_term_string\"}}],\"inLanguage\":\"es\"},{\"@type\":\"Person\",\"@id\":\"https:\\\/\\\/www.gruporecoletas.com\\\/noticias\\\/#\\\/schema\\\/person\\\/3c6ac429828d1f5e3d3bd99f4da9b02c\",\"name\":\"Recoletas Red Hospitalaria\",\"url\":\"https:\\\/\\\/www.gruporecoletas.com\\\/noticias\\\/author\\\/comunicacion\\\/\"}]}<\/script>\n<!-- \/ Yoast SEO Premium plugin. -->","yoast_head_json":{"title":"\u00bfC\u00f3mo afrontar un aborto espont\u00e1neo tras una FIV? - Noticias Grupo Recoletas","description":"Hay algunas ocasiones en las que se sufre un aborto espont\u00e1neo tras una FIV. Te contamos cu\u00e1les pueden ser las causas y c\u00f3mo afrontar los meses posteriores.","robots":{"index":"index","follow":"follow","max-snippet":"max-snippet:-1","max-image-preview":"max-image-preview:large","max-video-preview":"max-video-preview:-1"},"canonical":"https:\/\/www.gruporecoletas.com\/noticias\/como-afrontar-un-aborto-espontaneo-tras-una-fiv\/","og_locale":"es_ES","og_type":"article","og_title":"\u00bfC\u00f3mo afrontar un aborto espont\u00e1neo tras una FIV?","og_description":"Hay algunas ocasiones en las que se sufre un aborto espont\u00e1neo tras una FIV. Te contamos cu\u00e1les pueden ser las causas y c\u00f3mo afrontar los meses posteriores.","og_url":"https:\/\/www.gruporecoletas.com\/noticias\/como-afrontar-un-aborto-espontaneo-tras-una-fiv\/","og_site_name":"Noticias Grupo Recoletas","article_publisher":"https:\/\/www.facebook.com\/GrupoRecoletas\/","article_published_time":"2015-08-18T10:10:39+00:00","author":"Recoletas Red Hospitalaria","twitter_card":"summary_large_image","twitter_creator":"@GrupoRecoletas","twitter_site":"@GrupoRecoletas","twitter_misc":{"Escrito por":"Recoletas Red Hospitalaria","Tiempo de lectura":"5 minutos"},"schema":{"@context":"https:\/\/schema.org","@graph":[{"@type":"Article","@id":"https:\/\/www.gruporecoletas.com\/noticias\/como-afrontar-un-aborto-espontaneo-tras-una-fiv\/#article","isPartOf":{"@id":"https:\/\/www.gruporecoletas.com\/noticias\/como-afrontar-un-aborto-espontaneo-tras-una-fiv\/"},"author":{"name":"Recoletas Red Hospitalaria","@id":"https:\/\/www.gruporecoletas.com\/noticias\/#\/schema\/person\/3c6ac429828d1f5e3d3bd99f4da9b02c"},"headline":"\u00bfC\u00f3mo afrontar un aborto espont\u00e1neo tras una FIV?","datePublished":"2015-08-18T10:10:39+00:00","mainEntityOfPage":{"@id":"https:\/\/www.gruporecoletas.com\/noticias\/como-afrontar-un-aborto-espontaneo-tras-una-fiv\/"},"wordCount":1009,"image":{"@id":"https:\/\/www.gruporecoletas.com\/noticias\/como-afrontar-un-aborto-espontaneo-tras-una-fiv\/#primaryimage"},"thumbnailUrl":"http:\/\/www.fivrecoletos.com\/wp-content\/uploads\/2015\/08\/aborto_fiv-1024x682-1.jpg","articleSection":["Maternidad y ginecolog\u00eda"],"inLanguage":"es"},{"@type":"WebPage","@id":"https:\/\/www.gruporecoletas.com\/noticias\/como-afrontar-un-aborto-espontaneo-tras-una-fiv\/","url":"https:\/\/www.gruporecoletas.com\/noticias\/como-afrontar-un-aborto-espontaneo-tras-una-fiv\/","name":"\u00bfC\u00f3mo afrontar un aborto espont\u00e1neo tras una FIV? - Noticias Grupo Recoletas","isPartOf":{"@id":"https:\/\/www.gruporecoletas.com\/noticias\/#website"},"primaryImageOfPage":{"@id":"https:\/\/www.gruporecoletas.com\/noticias\/como-afrontar-un-aborto-espontaneo-tras-una-fiv\/#primaryimage"},"image":{"@id":"https:\/\/www.gruporecoletas.com\/noticias\/como-afrontar-un-aborto-espontaneo-tras-una-fiv\/#primaryimage"},"thumbnailUrl":"http:\/\/www.fivrecoletos.com\/wp-content\/uploads\/2015\/08\/aborto_fiv-1024x682-1.jpg","datePublished":"2015-08-18T10:10:39+00:00","author":{"@id":"https:\/\/www.gruporecoletas.com\/noticias\/#\/schema\/person\/3c6ac429828d1f5e3d3bd99f4da9b02c"},"description":"Hay algunas ocasiones en las que se sufre un aborto espont\u00e1neo tras una FIV. Te contamos cu\u00e1les pueden ser las causas y c\u00f3mo afrontar los meses posteriores.","breadcrumb":{"@id":"https:\/\/www.gruporecoletas.com\/noticias\/como-afrontar-un-aborto-espontaneo-tras-una-fiv\/#breadcrumb"},"inLanguage":"es","potentialAction":[{"@type":"ReadAction","target":["https:\/\/www.gruporecoletas.com\/noticias\/como-afrontar-un-aborto-espontaneo-tras-una-fiv\/"]}]},{"@type":"ImageObject","inLanguage":"es","@id":"https:\/\/www.gruporecoletas.com\/noticias\/como-afrontar-un-aborto-espontaneo-tras-una-fiv\/#primaryimage","url":"http:\/\/www.fivrecoletos.com\/wp-content\/uploads\/2015\/08\/aborto_fiv-1024x682-1.jpg","contentUrl":"http:\/\/www.fivrecoletos.com\/wp-content\/uploads\/2015\/08\/aborto_fiv-1024x682-1.jpg"},{"@type":"BreadcrumbList","@id":"https:\/\/www.gruporecoletas.com\/noticias\/como-afrontar-un-aborto-espontaneo-tras-una-fiv\/#breadcrumb","itemListElement":[{"@type":"ListItem","position":1,"name":"Portada","item":"https:\/\/www.gruporecoletas.com\/noticias\/"},{"@type":"ListItem","position":2,"name":"\u00bfC\u00f3mo afrontar un aborto espont\u00e1neo tras una FIV?"}]},{"@type":"WebSite","@id":"https:\/\/www.gruporecoletas.com\/noticias\/#website","url":"https:\/\/www.gruporecoletas.com\/noticias\/","name":"Noticias Grupo Recoletas","description":"Grupo Recoletas","potentialAction":[{"@type":"SearchAction","target":{"@type":"EntryPoint","urlTemplate":"https:\/\/www.gruporecoletas.com\/noticias\/?s={search_term_string}"},"query-input":{"@type":"PropertyValueSpecification","valueRequired":true,"valueName":"search_term_string"}}],"inLanguage":"es"},{"@type":"Person","@id":"https:\/\/www.gruporecoletas.com\/noticias\/#\/schema\/person\/3c6ac429828d1f5e3d3bd99f4da9b02c","name":"Recoletas Red Hospitalaria","url":"https:\/\/www.gruporecoletas.com\/noticias\/author\/comunicacion\/"}]}},"_links":{"self":[{"href":"https:\/\/www.gruporecoletas.com\/noticias\/wp-json\/wp\/v2\/posts\/13795","targetHints":{"allow":["GET"]}}],"collection":[{"href":"https:\/\/www.gruporecoletas.com\/noticias\/wp-json\/wp\/v2\/posts"}],"about":[{"href":"https:\/\/www.gruporecoletas.com\/noticias\/wp-json\/wp\/v2\/types\/post"}],"author":[{"embeddable":true,"href":"https:\/\/www.gruporecoletas.com\/noticias\/wp-json\/wp\/v2\/users\/2"}],"replies":[{"embeddable":true,"href":"https:\/\/www.gruporecoletas.com\/noticias\/wp-json\/wp\/v2\/comments?post=13795"}],"version-history":[{"count":0,"href":"https:\/\/www.gruporecoletas.com\/noticias\/wp-json\/wp\/v2\/posts\/13795\/revisions"}],"wp:attachment":[{"href":"https:\/\/www.gruporecoletas.com\/noticias\/wp-json\/wp\/v2\/media?parent=13795"}],"wp:term":[{"taxonomy":"category","embeddable":true,"href":"https:\/\/www.gruporecoletas.com\/noticias\/wp-json\/wp\/v2\/categories?post=13795"},{"taxonomy":"post_tag","embeddable":true,"href":"https:\/\/www.gruporecoletas.com\/noticias\/wp-json\/wp\/v2\/tags?post=13795"}],"curies":[{"name":"wp","href":"https:\/\/api.w.org\/{rel}","templated":true}]}}