{"id":13831,"date":"2015-11-05T12:19:19","date_gmt":"2015-11-05T12:19:19","guid":{"rendered":"https:\/\/www.gruporecoletas.com\/noticias\/es-mi-regla-normal\/"},"modified":"2021-10-06T11:15:37","modified_gmt":"2021-10-06T09:15:37","slug":"es-mi-regla-normal","status":"publish","type":"post","link":"https:\/\/www.gruporecoletas.com\/noticias\/es-mi-regla-normal\/","title":{"rendered":"\u00bfEs mi regla normal?"},"content":{"rendered":"<p style=\"text-align: justify;\">Muchas de las mujeres dudan de si sus reglas presentan unas caracter\u00edsticas normales, sobre todo cuando lo comparan con otras mujeres de su alrededor y se dan cuenta que no todas tenemos nuestros ciclos menstruales similares.<\/p>\n<p style=\"text-align: justify;\"><!--more-->Por otra parte las alteraciones en\u00a0 los ciclos menstruales en cuanto frecuencia, cantidad o volumen son un motivo muy frecuente en las <a href=\"https:\/\/www.fivrecoletos.com\/servicios\/unidad-de-ginecologia\/\" target=\"_blank\" rel=\"noopener noreferrer\">consultas de ginecolog\u00eda<\/a> y\/o atenci\u00f3n primaria. Se calcula que aproximadamente \u00a0un 25 % de las mujeres en edad reproductiva acudir\u00e1n al m\u00e9dico por este motivo, duplic\u00e1ndose e incluso triplic\u00e1ndose en el periodo perimenop\u00e1usico.<\/p>\n<p style=\"text-align: justify;\"><span style=\"text-decoration: underline;\"><b>Pero&#8230;..\u00bfQu\u00e9 es un ciclo menstrual normal?<\/b><\/span><\/p>\n<p style=\"text-align: justify;\">Se considera ciclo menstrual normal aquel que tiene las siguientes caracter\u00edsticas:<\/p>\n<ul style=\"text-align: justify;\">\n<li>Periodicidad: entre 25-35 d\u00edas<\/li>\n<li>Duraci\u00f3n: entre 3-8 d\u00edas<\/li>\n<li>Volumen: entre 5-80 ml<\/li>\n<\/ul>\n<p style=\"text-align: justify;\">Otros acontecimientos normales que pueden aparecer :<\/p>\n<ul style=\"text-align: justify;\">\n<li><b>Spottings periovulatorios y premestruales<\/b>, \u00a0que son peque\u00f1os sangrados de poca cantidad que duran uno o dos d\u00edas durante la ovulaci\u00f3n (a la mitad del ciclo) \u00a0o justo antes de que llegue la regla, debidos\u00a0 a las variaciones hormonales que tienen lugar en esos dos\u00a0 momentos del ciclo menstrual.<\/li>\n<li><b>Irregularidades<\/b> <b>en el ritmo menstrual<\/b>, por la toma de algunos f\u00e1rmacos como antibi\u00f3ticos, cambios bruscos de peso, viajes, estr\u00e9s, etc. Esta irregularidad suele\u00a0 durar uno o como mucho dos ciclos. Si persistiera ser\u00eda muy recomendable consultar con su ginec\u00f3logo.<\/li>\n<li>Una o dos veces al a\u00f1o ciclo anovulatorio que se suele manifestar con un<b> ciclo inusualmente corto o \u00a0\u201cfalta\u201d de un ciclo<\/b>. Si persistiera este hecho se deber\u00eda acudir a la consulta de su ginec\u00f3logo<\/li>\n<\/ul>\n<p>La doctora especialista en ginecolog\u00eda de FIV Recoletos Violeta Vicente nos cuenta algunos detalles acerca de la menstruaci\u00f3n en el programa Hoy por Hoy de Cadena SER Valladolid:<\/p>\n<audio class=\"wp-audio-shortcode\" id=\"audio-13831-1\" preload=\"none\" style=\"width: 100%;\" controls=\"controls\"><source type=\"audio\/mpeg\" src=\"https:\/\/www.fivrecoletos.com\/wp-content\/uploads\/2015\/11\/MICRO-DIA-19-DE-ABRIL.mp3?_=1\" \/><a href=\"https:\/\/www.fivrecoletos.com\/wp-content\/uploads\/2015\/11\/MICRO-DIA-19-DE-ABRIL.mp3\">https:\/\/www.fivrecoletos.com\/wp-content\/uploads\/2015\/11\/MICRO-DIA-19-DE-ABRIL.mp3<\/a><\/audio>\n<p style=\"text-align: justify;\"><span style=\"text-decoration: underline;\"><span style=\"color: #000000;\"><b>\u00bfCu\u00e1ndo tengo que consultar a mi ginec\u00f3logo por alteraciones en mi ciclo menstrual? <\/b><\/span><\/span><\/p>\n<p style=\"text-align: justify;\"><b>1. ALTERACIONES DE LA REGULARIDAD<\/b><\/p>\n<ul style=\"text-align: justify;\">\n<li>Sangrado\u00a0 irregular:<\/li>\n<\/ul>\n<ul>\n<li style=\"list-style-type: none;\">\n<ul>\n<li style=\"text-align: justify;\"><i>ciclos m\u00e1s frecuentes\/ciclos acortado<\/i>. \u00a0<i>Proiomenorrea<\/i>: flujo menstrual anormalmente frecuente\u00a0 cuando los ciclos pasan a ser de\u00a0 menos de 21 d\u00edas de forma continuada.<\/li>\n<li style=\"text-align: justify;\"><i>ciclos menos frecuentes\/ciclos alargados<\/i>. <i>Opsomenorrea<\/i>: flujo menstrual\u00a0\u00a0 infrecuente que tarda m\u00e1s de 35 d\u00edas en aparecer de forma constante.<\/li>\n<\/ul>\n<\/li>\n<\/ul>\n<ul>\n<li>Ausencia de sangrado menstrual (amenorrea):<\/li>\n<\/ul>\n<ul>\n<li style=\"list-style-type: none;\">\n<ul>\n<li><i>amenorrea primaria,<\/i> ausencia de regla de adolescente, cuando a los 14-16 a\u00f1os no ha tenido lugar a\u00fan la primera menstruaci\u00f3n.<\/li>\n<li><i>amenorrea secundaria, <\/i>ausencia de regla cuando ya han existido reglas normales. Se define por una ausencia de regla durante 6 meses o lo equivalente a 3 ciclos habituales de cada persona, siempre descartando el embarazo en primer lugar.<\/li>\n<\/ul>\n<\/li>\n<\/ul>\n<p style=\"text-align: justify;\"><b>\u00a0 2. \u00a0ALTERACIONES DE LA CANTIDAD \u00a0<\/b><\/p>\n<ul style=\"text-align: justify;\">\n<li><i>Hipermenorrea: <\/i>aparici\u00f3n de reglas mucho m\u00e1s abundantes de lo habitual que no ceden en ciclos sucesivos\u00a0 (m\u00e1s de 80 ml).<i><\/i><\/li>\n<li><i>Hipomenorrea: <\/i>Disminuci\u00f3n excesiva\u00a0 (menos de 5 ml) de nuestro sangrado\u00a0 habitual que se mantiene en varios ciclos seguidos.<\/li>\n<\/ul>\n<p style=\"text-align: justify;\"><b>3. \u00a0ALTERACIONES DE LA DURACI\u00d3N <\/b><\/p>\n<ul style=\"text-align: justify;\">\n<li><i>Oligomenorrea:\u00a0<\/i>Regla que dura menos d\u00edas de lo habitual y que se mantiene esta reducci\u00f3n en varios ciclos sucesivos.<\/li>\n<li><i>Polimenorrea<\/i>: Menstruaci\u00f3n que dura m\u00e1s d\u00edas de lo habitual y que\u00a0 persiste en varias reglas sin corregirse.<\/li>\n<\/ul>\n<p style=\"text-align: justify;\"><b>4. MENOMETRORRAGIA<\/b><\/p>\n<p style=\"text-align: justify;\">Sangrado completamente irregular en todos los par\u00e1metros de periodicidad, duraci\u00f3n y cantidad<\/p>\n<p style=\"text-align: justify;\"><b>5. SANGRADO EN LA MENOPAUSIA <\/b><\/p>\n<p style=\"text-align: justify;\">Cuando ya no se tienen reglas y se ha llegado a una <a href=\"https:\/\/www.fivrecoletos.com\/servicios\/unidad-de-ginecologia\/#menopausia\" target=\"_blank\" rel=\"noopener noreferrer\">menopausia establecida<\/a>, tener un sangrado es la alteraci\u00f3n m\u00e1s importante de todas las descritas y se aconseja una revisi\u00f3n ginecol\u00f3gica lo antes posible.<\/p>\n<p style=\"text-align: justify;\"><b><span style=\"text-decoration: underline;\">\u00bfQu\u00e9 tipos de tratamientos puedo tener para corregir estas alteraciones?<\/span><\/b><\/p>\n<p style=\"text-align: justify;\">Lo primero que hay que realizar ante una alteraci\u00f3n del ciclo menstrual es valorar si existe\u00a0 una causa org\u00e1nica \u00a0o por el contrario se debe a una causa funcional.<\/p>\n<p style=\"text-align: justify;\">Las <i>causas org\u00e1nicas<\/i> que m\u00e1s frecuentemente provocan alteraciones persistentes de nuestro ciclo menstrual son: p\u00f3lipos, miomas, hiperplasias endometriales, displasias cervicales, adenomiosis, quistes ov\u00e1ricos, etc.\u00a0 El tratamiento de este grupo de alteraciones es corregir la causa que las est\u00e1 provocando.<\/p>\n<p style=\"text-align: justify;\">Las <i>causas funcionales<\/i> tienen que ver con alteraciones en los ejes hormonales que controlan nuestro ciclo ovario-endometrio. Su tratamiento generalmente conlleva la utilizaci\u00f3n de hormonas\u00a0 \u201dexternas\u201d como \u00a0gest\u00e1genos ,\u00a0 estr\u00f3genos o ambos\u00a0 para regular las hormonas \u201cinternas\u201d.<\/p>\n","protected":false},"excerpt":{"rendered":"<p>Muchas de las mujeres dudan de si sus reglas presentan unas caracter\u00edsticas normales, sobre todo cuando lo comparan con otras mujeres de su alrededor y se dan cuenta que no todas tenemos nuestros ciclos menstruales similares.<\/p>\n","protected":false},"author":2,"featured_media":0,"comment_status":"closed","ping_status":"closed","sticky":false,"template":"","format":"standard","meta":{"_acf_changed":false,"footnotes":""},"categories":[47],"tags":[],"class_list":["post-13831","post","type-post","status-publish","format-standard","hentry","category-maternidad-y-ginecologia"],"acf":[],"yoast_head":"<!-- This site is optimized with the Yoast SEO Premium plugin v27.3 (Yoast SEO v27.3) - https:\/\/yoast.com\/product\/yoast-seo-premium-wordpress\/ -->\n<title>\u00bfEs mi regla normal? - Noticias Grupo Recoletas<\/title>\n<meta name=\"description\" content=\"Cada mujer tiene una regla con unas caracter\u00edsticas diferentes y las alteraciones suelen ser un motivo com\u00fan de visita al ginec\u00f3logo.\" \/>\n<meta name=\"robots\" content=\"index, follow, max-snippet:-1, max-image-preview:large, max-video-preview:-1\" \/>\n<link rel=\"canonical\" href=\"https:\/\/www.gruporecoletas.com\/noticias\/es-mi-regla-normal\/\" \/>\n<meta property=\"og:locale\" content=\"es_ES\" \/>\n<meta property=\"og:type\" content=\"article\" \/>\n<meta property=\"og:title\" content=\"\u00bfEs mi regla normal?\" \/>\n<meta property=\"og:description\" content=\"Cada mujer tiene una regla con unas caracter\u00edsticas diferentes y las alteraciones suelen ser un motivo com\u00fan de visita al ginec\u00f3logo.\" \/>\n<meta property=\"og:url\" content=\"https:\/\/www.gruporecoletas.com\/noticias\/es-mi-regla-normal\/\" \/>\n<meta property=\"og:site_name\" content=\"Noticias Grupo Recoletas\" \/>\n<meta property=\"article:publisher\" content=\"https:\/\/www.facebook.com\/GrupoRecoletas\/\" \/>\n<meta property=\"article:published_time\" content=\"2015-11-05T12:19:19+00:00\" \/>\n<meta property=\"article:modified_time\" content=\"2021-10-06T09:15:37+00:00\" \/>\n<meta name=\"author\" content=\"Recoletas Red Hospitalaria\" \/>\n<meta name=\"twitter:card\" content=\"summary_large_image\" \/>\n<meta name=\"twitter:creator\" content=\"@GrupoRecoletas\" \/>\n<meta name=\"twitter:site\" content=\"@GrupoRecoletas\" \/>\n<meta name=\"twitter:label1\" content=\"Escrito por\" \/>\n\t<meta name=\"twitter:data1\" content=\"Recoletas Red Hospitalaria\" \/>\n\t<meta name=\"twitter:label2\" content=\"Tiempo de lectura\" \/>\n\t<meta name=\"twitter:data2\" content=\"4 minutos\" \/>\n<script type=\"application\/ld+json\" class=\"yoast-schema-graph\">{\"@context\":\"https:\\\/\\\/schema.org\",\"@graph\":[{\"@type\":\"Article\",\"@id\":\"https:\\\/\\\/www.gruporecoletas.com\\\/noticias\\\/es-mi-regla-normal\\\/#article\",\"isPartOf\":{\"@id\":\"https:\\\/\\\/www.gruporecoletas.com\\\/noticias\\\/es-mi-regla-normal\\\/\"},\"author\":{\"name\":\"Recoletas Red Hospitalaria\",\"@id\":\"https:\\\/\\\/www.gruporecoletas.com\\\/noticias\\\/#\\\/schema\\\/person\\\/3c6ac429828d1f5e3d3bd99f4da9b02c\"},\"headline\":\"\u00bfEs mi regla normal?\",\"datePublished\":\"2015-11-05T12:19:19+00:00\",\"dateModified\":\"2021-10-06T09:15:37+00:00\",\"mainEntityOfPage\":{\"@id\":\"https:\\\/\\\/www.gruporecoletas.com\\\/noticias\\\/es-mi-regla-normal\\\/\"},\"wordCount\":719,\"articleSection\":[\"Maternidad y ginecolog\u00eda\"],\"inLanguage\":\"es\"},{\"@type\":\"WebPage\",\"@id\":\"https:\\\/\\\/www.gruporecoletas.com\\\/noticias\\\/es-mi-regla-normal\\\/\",\"url\":\"https:\\\/\\\/www.gruporecoletas.com\\\/noticias\\\/es-mi-regla-normal\\\/\",\"name\":\"\u00bfEs mi regla normal? - Noticias Grupo Recoletas\",\"isPartOf\":{\"@id\":\"https:\\\/\\\/www.gruporecoletas.com\\\/noticias\\\/#website\"},\"datePublished\":\"2015-11-05T12:19:19+00:00\",\"dateModified\":\"2021-10-06T09:15:37+00:00\",\"author\":{\"@id\":\"https:\\\/\\\/www.gruporecoletas.com\\\/noticias\\\/#\\\/schema\\\/person\\\/3c6ac429828d1f5e3d3bd99f4da9b02c\"},\"description\":\"Cada mujer tiene una regla con unas caracter\u00edsticas diferentes y las alteraciones suelen ser un motivo com\u00fan de visita al ginec\u00f3logo.\",\"breadcrumb\":{\"@id\":\"https:\\\/\\\/www.gruporecoletas.com\\\/noticias\\\/es-mi-regla-normal\\\/#breadcrumb\"},\"inLanguage\":\"es\",\"potentialAction\":[{\"@type\":\"ReadAction\",\"target\":[\"https:\\\/\\\/www.gruporecoletas.com\\\/noticias\\\/es-mi-regla-normal\\\/\"]}]},{\"@type\":\"BreadcrumbList\",\"@id\":\"https:\\\/\\\/www.gruporecoletas.com\\\/noticias\\\/es-mi-regla-normal\\\/#breadcrumb\",\"itemListElement\":[{\"@type\":\"ListItem\",\"position\":1,\"name\":\"Portada\",\"item\":\"https:\\\/\\\/www.gruporecoletas.com\\\/noticias\\\/\"},{\"@type\":\"ListItem\",\"position\":2,\"name\":\"\u00bfEs mi regla normal?\"}]},{\"@type\":\"WebSite\",\"@id\":\"https:\\\/\\\/www.gruporecoletas.com\\\/noticias\\\/#website\",\"url\":\"https:\\\/\\\/www.gruporecoletas.com\\\/noticias\\\/\",\"name\":\"Noticias Grupo Recoletas\",\"description\":\"Grupo Recoletas\",\"potentialAction\":[{\"@type\":\"SearchAction\",\"target\":{\"@type\":\"EntryPoint\",\"urlTemplate\":\"https:\\\/\\\/www.gruporecoletas.com\\\/noticias\\\/?s={search_term_string}\"},\"query-input\":{\"@type\":\"PropertyValueSpecification\",\"valueRequired\":true,\"valueName\":\"search_term_string\"}}],\"inLanguage\":\"es\"},{\"@type\":\"Person\",\"@id\":\"https:\\\/\\\/www.gruporecoletas.com\\\/noticias\\\/#\\\/schema\\\/person\\\/3c6ac429828d1f5e3d3bd99f4da9b02c\",\"name\":\"Recoletas Red Hospitalaria\",\"url\":\"https:\\\/\\\/www.gruporecoletas.com\\\/noticias\\\/author\\\/comunicacion\\\/\"}]}<\/script>\n<!-- \/ Yoast SEO Premium plugin. -->","yoast_head_json":{"title":"\u00bfEs mi regla normal? - Noticias Grupo Recoletas","description":"Cada mujer tiene una regla con unas caracter\u00edsticas diferentes y las alteraciones suelen ser un motivo com\u00fan de visita al ginec\u00f3logo.","robots":{"index":"index","follow":"follow","max-snippet":"max-snippet:-1","max-image-preview":"max-image-preview:large","max-video-preview":"max-video-preview:-1"},"canonical":"https:\/\/www.gruporecoletas.com\/noticias\/es-mi-regla-normal\/","og_locale":"es_ES","og_type":"article","og_title":"\u00bfEs mi regla normal?","og_description":"Cada mujer tiene una regla con unas caracter\u00edsticas diferentes y las alteraciones suelen ser un motivo com\u00fan de visita al ginec\u00f3logo.","og_url":"https:\/\/www.gruporecoletas.com\/noticias\/es-mi-regla-normal\/","og_site_name":"Noticias Grupo Recoletas","article_publisher":"https:\/\/www.facebook.com\/GrupoRecoletas\/","article_published_time":"2015-11-05T12:19:19+00:00","article_modified_time":"2021-10-06T09:15:37+00:00","author":"Recoletas Red Hospitalaria","twitter_card":"summary_large_image","twitter_creator":"@GrupoRecoletas","twitter_site":"@GrupoRecoletas","twitter_misc":{"Escrito por":"Recoletas Red Hospitalaria","Tiempo de lectura":"4 minutos"},"schema":{"@context":"https:\/\/schema.org","@graph":[{"@type":"Article","@id":"https:\/\/www.gruporecoletas.com\/noticias\/es-mi-regla-normal\/#article","isPartOf":{"@id":"https:\/\/www.gruporecoletas.com\/noticias\/es-mi-regla-normal\/"},"author":{"name":"Recoletas Red Hospitalaria","@id":"https:\/\/www.gruporecoletas.com\/noticias\/#\/schema\/person\/3c6ac429828d1f5e3d3bd99f4da9b02c"},"headline":"\u00bfEs mi regla normal?","datePublished":"2015-11-05T12:19:19+00:00","dateModified":"2021-10-06T09:15:37+00:00","mainEntityOfPage":{"@id":"https:\/\/www.gruporecoletas.com\/noticias\/es-mi-regla-normal\/"},"wordCount":719,"articleSection":["Maternidad y ginecolog\u00eda"],"inLanguage":"es"},{"@type":"WebPage","@id":"https:\/\/www.gruporecoletas.com\/noticias\/es-mi-regla-normal\/","url":"https:\/\/www.gruporecoletas.com\/noticias\/es-mi-regla-normal\/","name":"\u00bfEs mi regla normal? - Noticias Grupo Recoletas","isPartOf":{"@id":"https:\/\/www.gruporecoletas.com\/noticias\/#website"},"datePublished":"2015-11-05T12:19:19+00:00","dateModified":"2021-10-06T09:15:37+00:00","author":{"@id":"https:\/\/www.gruporecoletas.com\/noticias\/#\/schema\/person\/3c6ac429828d1f5e3d3bd99f4da9b02c"},"description":"Cada mujer tiene una regla con unas caracter\u00edsticas diferentes y las alteraciones suelen ser un motivo com\u00fan de visita al ginec\u00f3logo.","breadcrumb":{"@id":"https:\/\/www.gruporecoletas.com\/noticias\/es-mi-regla-normal\/#breadcrumb"},"inLanguage":"es","potentialAction":[{"@type":"ReadAction","target":["https:\/\/www.gruporecoletas.com\/noticias\/es-mi-regla-normal\/"]}]},{"@type":"BreadcrumbList","@id":"https:\/\/www.gruporecoletas.com\/noticias\/es-mi-regla-normal\/#breadcrumb","itemListElement":[{"@type":"ListItem","position":1,"name":"Portada","item":"https:\/\/www.gruporecoletas.com\/noticias\/"},{"@type":"ListItem","position":2,"name":"\u00bfEs mi regla normal?"}]},{"@type":"WebSite","@id":"https:\/\/www.gruporecoletas.com\/noticias\/#website","url":"https:\/\/www.gruporecoletas.com\/noticias\/","name":"Noticias Grupo Recoletas","description":"Grupo Recoletas","potentialAction":[{"@type":"SearchAction","target":{"@type":"EntryPoint","urlTemplate":"https:\/\/www.gruporecoletas.com\/noticias\/?s={search_term_string}"},"query-input":{"@type":"PropertyValueSpecification","valueRequired":true,"valueName":"search_term_string"}}],"inLanguage":"es"},{"@type":"Person","@id":"https:\/\/www.gruporecoletas.com\/noticias\/#\/schema\/person\/3c6ac429828d1f5e3d3bd99f4da9b02c","name":"Recoletas Red Hospitalaria","url":"https:\/\/www.gruporecoletas.com\/noticias\/author\/comunicacion\/"}]}},"_links":{"self":[{"href":"https:\/\/www.gruporecoletas.com\/noticias\/wp-json\/wp\/v2\/posts\/13831","targetHints":{"allow":["GET"]}}],"collection":[{"href":"https:\/\/www.gruporecoletas.com\/noticias\/wp-json\/wp\/v2\/posts"}],"about":[{"href":"https:\/\/www.gruporecoletas.com\/noticias\/wp-json\/wp\/v2\/types\/post"}],"author":[{"embeddable":true,"href":"https:\/\/www.gruporecoletas.com\/noticias\/wp-json\/wp\/v2\/users\/2"}],"replies":[{"embeddable":true,"href":"https:\/\/www.gruporecoletas.com\/noticias\/wp-json\/wp\/v2\/comments?post=13831"}],"version-history":[{"count":1,"href":"https:\/\/www.gruporecoletas.com\/noticias\/wp-json\/wp\/v2\/posts\/13831\/revisions"}],"predecessor-version":[{"id":15043,"href":"https:\/\/www.gruporecoletas.com\/noticias\/wp-json\/wp\/v2\/posts\/13831\/revisions\/15043"}],"wp:attachment":[{"href":"https:\/\/www.gruporecoletas.com\/noticias\/wp-json\/wp\/v2\/media?parent=13831"}],"wp:term":[{"taxonomy":"category","embeddable":true,"href":"https:\/\/www.gruporecoletas.com\/noticias\/wp-json\/wp\/v2\/categories?post=13831"},{"taxonomy":"post_tag","embeddable":true,"href":"https:\/\/www.gruporecoletas.com\/noticias\/wp-json\/wp\/v2\/tags?post=13831"}],"curies":[{"name":"wp","href":"https:\/\/api.w.org\/{rel}","templated":true}]}}