{"id":13869,"date":"2016-04-07T09:30:47","date_gmt":"2016-04-07T09:30:47","guid":{"rendered":"https:\/\/www.gruporecoletas.com\/noticias\/embarazo-vacunas\/"},"modified":"2016-04-07T09:30:47","modified_gmt":"2016-04-07T09:30:47","slug":"embarazo-vacunas","status":"publish","type":"post","link":"https:\/\/www.gruporecoletas.com\/noticias\/embarazo-vacunas\/","title":{"rendered":"\u00bfPlaneas ser madre? Actualiza tu calendario vacunal"},"content":{"rendered":"<p style=\"text-align: center;\"><img loading=\"lazy\" decoding=\"async\" class=\"aligncenter wp-image-2914\" src=\"http:\/\/www.fivrecoletos.com\/wp-content\/uploads\/2016\/04\/Vacunas_Embarazo.jpg\" alt=\"vacunas embarazo\" width=\"900\" height=\"600\" \/><\/p>\n<p style=\"text-align: justify;\">Desde el momento en que decides ser madre y planificar tu <a href=\"http:\/\/www.fivrecoletos.com\/servicios\/unidad-de-obstetricia\/#control-embarazo\">embarazo<\/a>, debes tener en cuenta todos aquellos factores que garanticen una gestaci\u00f3n segura y te prevengan a ti y al feto de posibles complicaciones graves. Uno de los aspectos m\u00e1s importantes es el <strong>calendario vacunal<\/strong>. Se recomienda que la futura madre actualice y tenga al d\u00eda las vacunas que le correspondan por edad antes de quedarse embarazada.<!--more--><\/p>\n<p style=\"text-align: justify;\">Durante el embarazo existen algunas\u00a0 vacunas que est\u00e1n especialmente indicadas (gripe y Tdap y tos ferina), otras que se recomiendan en determinadas circunstancias (vacunas inactivadas) y finalmente algunas vacunas claramente contraindicadas (vacunas vivas atenuadas).<\/p>\n<p style=\"text-align: justify;\">Destacar dentro de las vacunas recomendadas en el embarazo, el Ministerio de Sanidad y las Comunidades Auton\u00f3mas han incorporado la vacunaci\u00f3n a las embarazadas al calendario vacunal, debido a los \u00faltimos casos registrados de infecci\u00f3n grave y muerte por tos ferina en reci\u00e9n nacidos a finales de 2015. Dado que los casos m\u00e1s graves de tos ferina se producen en los primeros meses de vida y que los reci\u00e9n nacidos no pueden generar inmunidad todav\u00eda, esta vacuna durante el embarazo es muy importante \u00a0para transmitir los anticuerpos a los beb\u00e9s y prevenir la enfermedad hasta la primera vacuna a los dos meses de edad.<\/p>\n<h2 style=\"text-align: justify;\"><b>Vacunas recomendadas ANTES del embarazo<\/b><\/h2>\n<p style=\"text-align: justify;\">Es necesario actualizar el calendario vacunal y comprobar si tienes puestas todas las dosis de las vacunas ANTES del embarazo, porque esto te ayudar\u00e1 a proteger a tu beb\u00e9 de enfermedades que pueden tener \u00a0graves \u00a0consecuencias sobre el feto y cuyas vacunas est\u00e1n contraindicadas una vez embarazada. En este sentido, el objetivo es que llegues al inicio del embarazo inmunizada contra la <b>rub\u00e9ola<\/b> (y las otras dos enfermedades de la triple v\u00edrica: <b>sarampi\u00f3n y parotiditis<\/b>), contra el <b>t\u00e9tanos y<\/b> contra la <b>varicela <\/b>en el caso de no haber pasado la enfermedad.<\/p>\n<h2 style=\"text-align: justify;\"><b>Vacunas \u00a0durante el embarazo<\/b><\/h2>\n<h3 style=\"text-align: justify;\"><b>A)\u00a0<\/b><b>Vacunas recomendadas:<\/b><\/h3>\n<ul>\n<li><b>Vacuna antigripal inactivada: <\/b>Es muy recomendable su administraci\u00f3n en cualquier trimestre de la gestaci\u00f3n, dado que la gripe puede ser una enfermedad grave, especialmente durante el 2\u00ba y 3\u00ba trimestre del embarazo. Asimismo, su aplicaci\u00f3n tambi\u00e9n protege al bebe durante los primeros meses de vida.<\/li>\n<li><b>Vacuna de la tos ferina: <\/b>se recomienda administrar entre la semana 27 a la 36, siendo la etapa id\u00f3nea entre la 30 y la 32.<\/li>\n<li><b>Vacuna frente al T\u00e9tanos-difteria (Td):<\/b> se administrar\u00e1 seg\u00fan el calendario vacunal de la paciente.<\/li>\n<\/ul>\n<h3 style=\"text-align: justify;\"><b>B)\u00a0<\/b><b>Vacunas a valorar en situaciones especiales<\/b><\/h3>\n<p style=\"text-align: justify;\">En determinadas situaciones especiales en las que se recomienda a las embarazadas vacunase (con vacunas de virus inactivados, bacterianas o de toxoides):<\/p>\n<ul style=\"text-align: justify;\">\n<li>Vacunas del neumococo o el meningococo (conjugadas y polisac\u00e1ridas), para mujeres con determinados factores de riesgo (como mujeres sin bazo o con determinadas alteraciones del sistema inmune).<\/li>\n<li>Vacunas de la hepatitis a o de la hepatitis b, en mujeres con riesgo de exposici\u00f3n a los virus o con determinadas patolog\u00edas cr\u00f3nicas que les hacen m\u00e1s vulnerables a estas infecciones.<\/li>\n<li>Vacunas de enfermedades end\u00e9micas en ciertas zonas geogr\u00e1ficas. Como medida de prevenci\u00f3n, se aconseja no viajar durante el embarazo a zonas del mundo en las que existen de forma end\u00e9mica enfermedades como la fiebre tifoidea, la rabia, ciertas encefalitis o la fiebre amarilla. En caso de viajes ineludibles con riesgo s\u00ed se recomienda vacunar contar estas enfermedades usando cuando exista la vacuna inactivada como la vacuna inactivada para la polimelitis.<\/li>\n<\/ul>\n<h3 style=\"text-align: justify;\"><b>C)\u00a0<\/b><b>Vacunas contraindicadas durante el embarazo<\/b><\/h3>\n<p style=\"text-align: justify;\">Especial cuidado deber\u00e1 prestarse con las vacunas que no deben recibirse durante el embarazo por estar elaboradas con microorganismos vivos que puede producir riesgos en la embarazada y en el feto. \u00a0\u00c9stas son:<\/p>\n<ul>\n<li><b>Triple v\u00edrica<\/b><\/li>\n<li><b>Vacuna del VPH (Virus del Papiloma Humano)<\/b><\/li>\n<li><b>Varicela<\/b><\/li>\n<li><b>Polio oral<\/b><\/li>\n<li><b>BCG<\/b><\/li>\n<li><b>Antigripal intranasal atenuada<\/b><\/li>\n<\/ul>\n<p style=\"text-align: justify;\">Es necesario destacar que, en caso de haber recibido alguna dosis de estas vacunas de forma inadvertida en las semanas previas a conocer se encuentra embarazada, no es motivo la interrupci\u00f3n del embarazo, aunque se debe informar a la gestante de los posibles\u00a0riesgos y establecer una pauta de vigilancia y control de los mismos.<\/p>\n<p style=\"text-align: justify;\">Si planeas ser madre en los pr\u00f3ximos meses, recuerda siempre consultar <a href=\"http:\/\/www.fivrecoletos.com\/\">profesionales m\u00e9dicos de confianza<\/a> que te ayuden a cuidar tu salud y la de tu futuro beb\u00e9 de forma personalizada. En nuestra cl\u00ednica, FIV Recoletos, contamos con expertos en <a href=\"http:\/\/www.fivrecoletos.com\/servicios\/unidad-de-ginecologia\/\">salud ginecol\u00f3gica<\/a> y obst\u00e9trica que pueden ofrecerte un una planificaci\u00f3n segura del embarazo y aconsejarte sobre qu\u00e9 vacunas son convenientes en tu caso.<\/p>\n<p style=\"text-align: justify;\">Para que puedas realizar un pr\u00e1ctico control de tus vacunas antes y durante del embarazo, aqu\u00ed tienes un check-list que puede ayudarte:<\/p>\n<p style=\"text-align: center;\"><a href=\"http:\/\/www.fivrecoletos.com\/embarazo-vacunas\/infografia_vacunas-embarazo\/\" rel=\"attachment wp-att-2918\"><img loading=\"lazy\" decoding=\"async\" class=\"size-large wp-image-2918 aligncenter\" src=\"http:\/\/www.fivrecoletos.com\/wp-content\/uploads\/2016\/04\/Infografia_vacunas-embarazo-1024x788.jpg\" alt=\"Calendario vacunal en el embarazo, vacunas embarazadas\" width=\"610\" height=\"469\" \/><\/a><\/p>\n","protected":false},"excerpt":{"rendered":"<p>Desde el momento en que decides ser madre y planificar tu embarazo, debes tener en cuenta todos aquellos factores que garanticen una gestaci\u00f3n segura y te prevengan a ti y al feto de posibles complicaciones graves. Uno de los aspectos m\u00e1s importantes es el calendario vacunal. Se recomienda que la futura madre actualice y tenga [&hellip;]<\/p>\n","protected":false},"author":2,"featured_media":0,"comment_status":"closed","ping_status":"closed","sticky":false,"template":"","format":"standard","meta":{"_acf_changed":false,"footnotes":""},"categories":[47],"tags":[],"class_list":["post-13869","post","type-post","status-publish","format-standard","hentry","category-maternidad-y-ginecologia"],"acf":[],"yoast_head":"<!-- This site is optimized with the Yoast SEO Premium plugin v27.3 (Yoast SEO v27.3) - https:\/\/yoast.com\/product\/yoast-seo-premium-wordpress\/ -->\n<title>\u00bfPlaneas ser madre? Actualiza tu calendario vacunal - Noticias Grupo Recoletas<\/title>\n<meta name=\"description\" content=\"Antes del embarazo actualiza tus vacunas: \u00bfQu\u00e9 vacunas est\u00e1n indicadas, cu\u00e1les recomendadas en determinadas circunstancias y cu\u00e1les contraindicadas?\" \/>\n<meta name=\"robots\" content=\"index, follow, max-snippet:-1, max-image-preview:large, max-video-preview:-1\" \/>\n<link rel=\"canonical\" href=\"https:\/\/www.gruporecoletas.com\/noticias\/embarazo-vacunas\/\" \/>\n<meta property=\"og:locale\" content=\"es_ES\" \/>\n<meta property=\"og:type\" content=\"article\" \/>\n<meta property=\"og:title\" content=\"\u00bfPlaneas ser madre? Actualiza tu calendario vacunal\" \/>\n<meta property=\"og:description\" content=\"Antes del embarazo actualiza tus vacunas: \u00bfQu\u00e9 vacunas est\u00e1n indicadas, cu\u00e1les recomendadas en determinadas circunstancias y cu\u00e1les contraindicadas?\" \/>\n<meta property=\"og:url\" content=\"https:\/\/www.gruporecoletas.com\/noticias\/embarazo-vacunas\/\" \/>\n<meta property=\"og:site_name\" content=\"Noticias Grupo Recoletas\" \/>\n<meta property=\"article:publisher\" content=\"https:\/\/www.facebook.com\/GrupoRecoletas\/\" \/>\n<meta property=\"article:published_time\" content=\"2016-04-07T09:30:47+00:00\" \/>\n<meta name=\"author\" content=\"Recoletas Red Hospitalaria\" \/>\n<meta name=\"twitter:card\" content=\"summary_large_image\" \/>\n<meta name=\"twitter:creator\" content=\"@GrupoRecoletas\" \/>\n<meta name=\"twitter:site\" content=\"@GrupoRecoletas\" \/>\n<meta name=\"twitter:label1\" content=\"Escrito por\" \/>\n\t<meta name=\"twitter:data1\" content=\"Recoletas Red Hospitalaria\" \/>\n\t<meta name=\"twitter:label2\" content=\"Tiempo de lectura\" \/>\n\t<meta name=\"twitter:data2\" content=\"4 minutos\" \/>\n<script type=\"application\/ld+json\" class=\"yoast-schema-graph\">{\"@context\":\"https:\\\/\\\/schema.org\",\"@graph\":[{\"@type\":\"Article\",\"@id\":\"https:\\\/\\\/www.gruporecoletas.com\\\/noticias\\\/embarazo-vacunas\\\/#article\",\"isPartOf\":{\"@id\":\"https:\\\/\\\/www.gruporecoletas.com\\\/noticias\\\/embarazo-vacunas\\\/\"},\"author\":{\"name\":\"Recoletas Red Hospitalaria\",\"@id\":\"https:\\\/\\\/www.gruporecoletas.com\\\/noticias\\\/#\\\/schema\\\/person\\\/3c6ac429828d1f5e3d3bd99f4da9b02c\"},\"headline\":\"\u00bfPlaneas ser madre? Actualiza tu calendario vacunal\",\"datePublished\":\"2016-04-07T09:30:47+00:00\",\"mainEntityOfPage\":{\"@id\":\"https:\\\/\\\/www.gruporecoletas.com\\\/noticias\\\/embarazo-vacunas\\\/\"},\"wordCount\":788,\"image\":{\"@id\":\"https:\\\/\\\/www.gruporecoletas.com\\\/noticias\\\/embarazo-vacunas\\\/#primaryimage\"},\"thumbnailUrl\":\"http:\\\/\\\/www.fivrecoletos.com\\\/wp-content\\\/uploads\\\/2016\\\/04\\\/Vacunas_Embarazo.jpg\",\"articleSection\":[\"Maternidad y ginecolog\u00eda\"],\"inLanguage\":\"es\"},{\"@type\":\"WebPage\",\"@id\":\"https:\\\/\\\/www.gruporecoletas.com\\\/noticias\\\/embarazo-vacunas\\\/\",\"url\":\"https:\\\/\\\/www.gruporecoletas.com\\\/noticias\\\/embarazo-vacunas\\\/\",\"name\":\"\u00bfPlaneas ser madre? Actualiza tu calendario vacunal - Noticias Grupo Recoletas\",\"isPartOf\":{\"@id\":\"https:\\\/\\\/www.gruporecoletas.com\\\/noticias\\\/#website\"},\"primaryImageOfPage\":{\"@id\":\"https:\\\/\\\/www.gruporecoletas.com\\\/noticias\\\/embarazo-vacunas\\\/#primaryimage\"},\"image\":{\"@id\":\"https:\\\/\\\/www.gruporecoletas.com\\\/noticias\\\/embarazo-vacunas\\\/#primaryimage\"},\"thumbnailUrl\":\"http:\\\/\\\/www.fivrecoletos.com\\\/wp-content\\\/uploads\\\/2016\\\/04\\\/Vacunas_Embarazo.jpg\",\"datePublished\":\"2016-04-07T09:30:47+00:00\",\"author\":{\"@id\":\"https:\\\/\\\/www.gruporecoletas.com\\\/noticias\\\/#\\\/schema\\\/person\\\/3c6ac429828d1f5e3d3bd99f4da9b02c\"},\"description\":\"Antes del embarazo actualiza tus vacunas: \u00bfQu\u00e9 vacunas est\u00e1n indicadas, cu\u00e1les recomendadas en determinadas circunstancias y cu\u00e1les contraindicadas?\",\"breadcrumb\":{\"@id\":\"https:\\\/\\\/www.gruporecoletas.com\\\/noticias\\\/embarazo-vacunas\\\/#breadcrumb\"},\"inLanguage\":\"es\",\"potentialAction\":[{\"@type\":\"ReadAction\",\"target\":[\"https:\\\/\\\/www.gruporecoletas.com\\\/noticias\\\/embarazo-vacunas\\\/\"]}]},{\"@type\":\"ImageObject\",\"inLanguage\":\"es\",\"@id\":\"https:\\\/\\\/www.gruporecoletas.com\\\/noticias\\\/embarazo-vacunas\\\/#primaryimage\",\"url\":\"http:\\\/\\\/www.fivrecoletos.com\\\/wp-content\\\/uploads\\\/2016\\\/04\\\/Vacunas_Embarazo.jpg\",\"contentUrl\":\"http:\\\/\\\/www.fivrecoletos.com\\\/wp-content\\\/uploads\\\/2016\\\/04\\\/Vacunas_Embarazo.jpg\"},{\"@type\":\"BreadcrumbList\",\"@id\":\"https:\\\/\\\/www.gruporecoletas.com\\\/noticias\\\/embarazo-vacunas\\\/#breadcrumb\",\"itemListElement\":[{\"@type\":\"ListItem\",\"position\":1,\"name\":\"Portada\",\"item\":\"https:\\\/\\\/www.gruporecoletas.com\\\/noticias\\\/\"},{\"@type\":\"ListItem\",\"position\":2,\"name\":\"\u00bfPlaneas ser madre? Actualiza tu calendario vacunal\"}]},{\"@type\":\"WebSite\",\"@id\":\"https:\\\/\\\/www.gruporecoletas.com\\\/noticias\\\/#website\",\"url\":\"https:\\\/\\\/www.gruporecoletas.com\\\/noticias\\\/\",\"name\":\"Noticias Grupo Recoletas\",\"description\":\"Grupo Recoletas\",\"potentialAction\":[{\"@type\":\"SearchAction\",\"target\":{\"@type\":\"EntryPoint\",\"urlTemplate\":\"https:\\\/\\\/www.gruporecoletas.com\\\/noticias\\\/?s={search_term_string}\"},\"query-input\":{\"@type\":\"PropertyValueSpecification\",\"valueRequired\":true,\"valueName\":\"search_term_string\"}}],\"inLanguage\":\"es\"},{\"@type\":\"Person\",\"@id\":\"https:\\\/\\\/www.gruporecoletas.com\\\/noticias\\\/#\\\/schema\\\/person\\\/3c6ac429828d1f5e3d3bd99f4da9b02c\",\"name\":\"Recoletas Red Hospitalaria\",\"url\":\"https:\\\/\\\/www.gruporecoletas.com\\\/noticias\\\/author\\\/comunicacion\\\/\"}]}<\/script>\n<!-- \/ Yoast SEO Premium plugin. -->","yoast_head_json":{"title":"\u00bfPlaneas ser madre? Actualiza tu calendario vacunal - Noticias Grupo Recoletas","description":"Antes del embarazo actualiza tus vacunas: \u00bfQu\u00e9 vacunas est\u00e1n indicadas, cu\u00e1les recomendadas en determinadas circunstancias y cu\u00e1les contraindicadas?","robots":{"index":"index","follow":"follow","max-snippet":"max-snippet:-1","max-image-preview":"max-image-preview:large","max-video-preview":"max-video-preview:-1"},"canonical":"https:\/\/www.gruporecoletas.com\/noticias\/embarazo-vacunas\/","og_locale":"es_ES","og_type":"article","og_title":"\u00bfPlaneas ser madre? Actualiza tu calendario vacunal","og_description":"Antes del embarazo actualiza tus vacunas: \u00bfQu\u00e9 vacunas est\u00e1n indicadas, cu\u00e1les recomendadas en determinadas circunstancias y cu\u00e1les contraindicadas?","og_url":"https:\/\/www.gruporecoletas.com\/noticias\/embarazo-vacunas\/","og_site_name":"Noticias Grupo Recoletas","article_publisher":"https:\/\/www.facebook.com\/GrupoRecoletas\/","article_published_time":"2016-04-07T09:30:47+00:00","author":"Recoletas Red Hospitalaria","twitter_card":"summary_large_image","twitter_creator":"@GrupoRecoletas","twitter_site":"@GrupoRecoletas","twitter_misc":{"Escrito por":"Recoletas Red Hospitalaria","Tiempo de lectura":"4 minutos"},"schema":{"@context":"https:\/\/schema.org","@graph":[{"@type":"Article","@id":"https:\/\/www.gruporecoletas.com\/noticias\/embarazo-vacunas\/#article","isPartOf":{"@id":"https:\/\/www.gruporecoletas.com\/noticias\/embarazo-vacunas\/"},"author":{"name":"Recoletas Red Hospitalaria","@id":"https:\/\/www.gruporecoletas.com\/noticias\/#\/schema\/person\/3c6ac429828d1f5e3d3bd99f4da9b02c"},"headline":"\u00bfPlaneas ser madre? Actualiza tu calendario vacunal","datePublished":"2016-04-07T09:30:47+00:00","mainEntityOfPage":{"@id":"https:\/\/www.gruporecoletas.com\/noticias\/embarazo-vacunas\/"},"wordCount":788,"image":{"@id":"https:\/\/www.gruporecoletas.com\/noticias\/embarazo-vacunas\/#primaryimage"},"thumbnailUrl":"http:\/\/www.fivrecoletos.com\/wp-content\/uploads\/2016\/04\/Vacunas_Embarazo.jpg","articleSection":["Maternidad y ginecolog\u00eda"],"inLanguage":"es"},{"@type":"WebPage","@id":"https:\/\/www.gruporecoletas.com\/noticias\/embarazo-vacunas\/","url":"https:\/\/www.gruporecoletas.com\/noticias\/embarazo-vacunas\/","name":"\u00bfPlaneas ser madre? Actualiza tu calendario vacunal - Noticias Grupo Recoletas","isPartOf":{"@id":"https:\/\/www.gruporecoletas.com\/noticias\/#website"},"primaryImageOfPage":{"@id":"https:\/\/www.gruporecoletas.com\/noticias\/embarazo-vacunas\/#primaryimage"},"image":{"@id":"https:\/\/www.gruporecoletas.com\/noticias\/embarazo-vacunas\/#primaryimage"},"thumbnailUrl":"http:\/\/www.fivrecoletos.com\/wp-content\/uploads\/2016\/04\/Vacunas_Embarazo.jpg","datePublished":"2016-04-07T09:30:47+00:00","author":{"@id":"https:\/\/www.gruporecoletas.com\/noticias\/#\/schema\/person\/3c6ac429828d1f5e3d3bd99f4da9b02c"},"description":"Antes del embarazo actualiza tus vacunas: \u00bfQu\u00e9 vacunas est\u00e1n indicadas, cu\u00e1les recomendadas en determinadas circunstancias y cu\u00e1les contraindicadas?","breadcrumb":{"@id":"https:\/\/www.gruporecoletas.com\/noticias\/embarazo-vacunas\/#breadcrumb"},"inLanguage":"es","potentialAction":[{"@type":"ReadAction","target":["https:\/\/www.gruporecoletas.com\/noticias\/embarazo-vacunas\/"]}]},{"@type":"ImageObject","inLanguage":"es","@id":"https:\/\/www.gruporecoletas.com\/noticias\/embarazo-vacunas\/#primaryimage","url":"http:\/\/www.fivrecoletos.com\/wp-content\/uploads\/2016\/04\/Vacunas_Embarazo.jpg","contentUrl":"http:\/\/www.fivrecoletos.com\/wp-content\/uploads\/2016\/04\/Vacunas_Embarazo.jpg"},{"@type":"BreadcrumbList","@id":"https:\/\/www.gruporecoletas.com\/noticias\/embarazo-vacunas\/#breadcrumb","itemListElement":[{"@type":"ListItem","position":1,"name":"Portada","item":"https:\/\/www.gruporecoletas.com\/noticias\/"},{"@type":"ListItem","position":2,"name":"\u00bfPlaneas ser madre? Actualiza tu calendario vacunal"}]},{"@type":"WebSite","@id":"https:\/\/www.gruporecoletas.com\/noticias\/#website","url":"https:\/\/www.gruporecoletas.com\/noticias\/","name":"Noticias Grupo Recoletas","description":"Grupo Recoletas","potentialAction":[{"@type":"SearchAction","target":{"@type":"EntryPoint","urlTemplate":"https:\/\/www.gruporecoletas.com\/noticias\/?s={search_term_string}"},"query-input":{"@type":"PropertyValueSpecification","valueRequired":true,"valueName":"search_term_string"}}],"inLanguage":"es"},{"@type":"Person","@id":"https:\/\/www.gruporecoletas.com\/noticias\/#\/schema\/person\/3c6ac429828d1f5e3d3bd99f4da9b02c","name":"Recoletas Red Hospitalaria","url":"https:\/\/www.gruporecoletas.com\/noticias\/author\/comunicacion\/"}]}},"_links":{"self":[{"href":"https:\/\/www.gruporecoletas.com\/noticias\/wp-json\/wp\/v2\/posts\/13869","targetHints":{"allow":["GET"]}}],"collection":[{"href":"https:\/\/www.gruporecoletas.com\/noticias\/wp-json\/wp\/v2\/posts"}],"about":[{"href":"https:\/\/www.gruporecoletas.com\/noticias\/wp-json\/wp\/v2\/types\/post"}],"author":[{"embeddable":true,"href":"https:\/\/www.gruporecoletas.com\/noticias\/wp-json\/wp\/v2\/users\/2"}],"replies":[{"embeddable":true,"href":"https:\/\/www.gruporecoletas.com\/noticias\/wp-json\/wp\/v2\/comments?post=13869"}],"version-history":[{"count":0,"href":"https:\/\/www.gruporecoletas.com\/noticias\/wp-json\/wp\/v2\/posts\/13869\/revisions"}],"wp:attachment":[{"href":"https:\/\/www.gruporecoletas.com\/noticias\/wp-json\/wp\/v2\/media?parent=13869"}],"wp:term":[{"taxonomy":"category","embeddable":true,"href":"https:\/\/www.gruporecoletas.com\/noticias\/wp-json\/wp\/v2\/categories?post=13869"},{"taxonomy":"post_tag","embeddable":true,"href":"https:\/\/www.gruporecoletas.com\/noticias\/wp-json\/wp\/v2\/tags?post=13869"}],"curies":[{"name":"wp","href":"https:\/\/api.w.org\/{rel}","templated":true}]}}