{"id":13923,"date":"2016-11-04T16:08:39","date_gmt":"2016-11-04T16:08:39","guid":{"rendered":"https:\/\/www.gruporecoletas.com\/noticias\/la-mejora-partida-de-mi-vida-una-batalla-contra-el-cancer-de-mama\/"},"modified":"2016-11-04T16:08:39","modified_gmt":"2016-11-04T16:08:39","slug":"la-mejora-partida-de-mi-vida-una-batalla-contra-el-cancer-de-mama","status":"publish","type":"post","link":"https:\/\/www.gruporecoletas.com\/noticias\/la-mejora-partida-de-mi-vida-una-batalla-contra-el-cancer-de-mama\/","title":{"rendered":"\u2018La mejor partida de mi vida\u2019: una batalla contra el C\u00e1ncer de Mama"},"content":{"rendered":"<p style=\"text-align: justify;\"><a href=\"http:\/\/www.fivrecoletos.com\/wp-content\/uploads\/2016\/10\/historia-grafica-cancer-de-mama.jpg\" rel=\"attachment wp-att-3353\"><img loading=\"lazy\" decoding=\"async\" class=\"size-full wp-image-3353 alignnone\" src=\"http:\/\/www.fivrecoletos.com\/wp-content\/uploads\/2016\/10\/historia-grafica-cancer-de-mama.jpg\" alt=\"historia-grafica-cancer-de-mama\" width=\"1024\" height=\"680\" \/><\/a><\/p>\n<p style=\"text-align: justify;\">Rosa es una mujer de 46 a\u00f1os a la que le detectan un <a href=\"http:\/\/www.fivrecoletos.com\/servicios\/unidad-de-mama\/\">c\u00e1ncer de mama<\/a>. Es profesora de guarder\u00eda y madre de una hija de 13 a\u00f1os en plena adolescencia. Comparte su vida con su marido, empresario, y tienen una gata que adora comer mucho y dormir m\u00e1s: Tina.<!--more--><\/p>\n<p style=\"text-align: justify;\">Su historia comienza cuando Rosa llega a la consulta para realizarse su control rutinario anual ginecol\u00f3gico con mamograf\u00eda para detectar de forma precoz posibles anomal\u00edas.<\/p>\n<p style=\"text-align: justify;\"><a href=\"http:\/\/www.fivrecoletos.com\/servicios\/unidad-de-mama\/mes-contra-cancer-mama#historia-grafica\">Descarga la historia gr\u00e1fica de Rosa<\/a> al completo y conoce c\u00f3mo se enfrenta Rosa a la partida m\u00e1s importante de su vida contra el c\u00e1ncer de mama.<\/p>\n<p style=\"text-align: justify;\"><a href=\"http:\/\/www.fivrecoletos.com\/wp-content\/uploads\/2016\/10\/cap-1-parte-1.jpg\" rel=\"attachment wp-att-3360\"><img loading=\"lazy\" decoding=\"async\" class=\"aligncenter size-large wp-image-3360\" src=\"http:\/\/www.fivrecoletos.com\/wp-content\/uploads\/2016\/10\/cap-1-parte-1-745x1024.jpg\" alt=\"cap1-parte1\" width=\"610\" height=\"838\" \/><\/a> <a href=\"http:\/\/www.fivrecoletos.com\/wp-content\/uploads\/2016\/10\/cap1-parte2.jpg\" rel=\"attachment wp-att-3361\"><img loading=\"lazy\" decoding=\"async\" class=\"aligncenter size-large wp-image-3361\" src=\"http:\/\/www.fivrecoletos.com\/wp-content\/uploads\/2016\/10\/cap1-parte2-745x1024.jpg\" alt=\"cap1-parte2\" width=\"610\" height=\"838\" \/><\/a> <a href=\"http:\/\/www.fivrecoletos.com\/wp-content\/uploads\/2016\/10\/capitulo-2-parte-1.jpg\" rel=\"attachment wp-att-3369\"><img loading=\"lazy\" decoding=\"async\" class=\"aligncenter size-large wp-image-3369\" src=\"http:\/\/www.fivrecoletos.com\/wp-content\/uploads\/2016\/10\/capitulo-2-parte-1-1024x789.jpg\" alt=\"capitulo-2-parte-1\" width=\"610\" height=\"470\" \/><\/a> <a href=\"http:\/\/www.fivrecoletos.com\/wp-content\/uploads\/2016\/10\/capitulo-2-parte-2.jpg\" rel=\"attachment wp-att-3370\"><img loading=\"lazy\" decoding=\"async\" class=\"aligncenter size-large wp-image-3370\" src=\"http:\/\/www.fivrecoletos.com\/wp-content\/uploads\/2016\/10\/capitulo-2-parte-2-1024x630.jpg\" alt=\"capitulo-2-parte-2\" width=\"610\" height=\"375\" \/><\/a> <a href=\"http:\/\/www.fivrecoletos.com\/wp-content\/uploads\/2016\/10\/capitulo-2-parte-3.jpg\" rel=\"attachment wp-att-3371\"><img loading=\"lazy\" decoding=\"async\" class=\"aligncenter size-large wp-image-3371\" src=\"http:\/\/www.fivrecoletos.com\/wp-content\/uploads\/2016\/10\/capitulo-2-parte-3-1024x756.jpg\" alt=\"capitulo-2-parte-3\" width=\"610\" height=\"450\" \/><\/a> <a href=\"http:\/\/www.fivrecoletos.com\/wp-content\/uploads\/2016\/10\/cap-3-parte-1.jpg\" rel=\"attachment wp-att-3384\"><img loading=\"lazy\" decoding=\"async\" class=\"aligncenter size-large wp-image-3384\" src=\"http:\/\/www.fivrecoletos.com\/wp-content\/uploads\/2016\/10\/cap-3-parte-1-1024x1018.jpg\" alt=\"cap-3-parte-1\" width=\"610\" height=\"606\" \/><\/a> <a href=\"http:\/\/www.fivrecoletos.com\/wp-content\/uploads\/2016\/10\/cap-3-parte-2.jpg\" rel=\"attachment wp-att-3385\"><img loading=\"lazy\" decoding=\"async\" class=\"aligncenter size-large wp-image-3385\" src=\"http:\/\/www.fivrecoletos.com\/wp-content\/uploads\/2016\/10\/cap-3-parte-2-1024x717.jpg\" alt=\"cap-3-parte-2\" width=\"610\" height=\"427\" \/><\/a> <a href=\"http:\/\/www.fivrecoletos.com\/wp-content\/uploads\/2016\/10\/cap-3-parte-3.jpg\" rel=\"attachment wp-att-3386\"><img loading=\"lazy\" decoding=\"async\" class=\"aligncenter size-large wp-image-3386\" src=\"http:\/\/www.fivrecoletos.com\/wp-content\/uploads\/2016\/10\/cap-3-parte-3-1024x742.jpg\" alt=\"cap-3-parte-3\" width=\"610\" height=\"442\" \/><\/a> <a href=\"http:\/\/www.fivrecoletos.com\/wp-content\/uploads\/2016\/10\/cap\u00edtulo-4-historia-gr\u00e1fica.jpg\" rel=\"attachment wp-att-3396\"><img loading=\"lazy\" decoding=\"async\" class=\"aligncenter size-large wp-image-3396\" src=\"http:\/\/www.fivrecoletos.com\/wp-content\/uploads\/2016\/10\/cap\u00edtulo-4-historia-gr\u00e1fica-724x1024.jpg\" alt=\"capitulo-4-historia-grafica\" width=\"610\" height=\"863\" \/><\/a><\/p>\n","protected":false},"excerpt":{"rendered":"<p>Rosa es una mujer de 46 a\u00f1os a la que le detectan un c\u00e1ncer de mama. Es profesora de guarder\u00eda y madre de una hija de 13 a\u00f1os en plena adolescencia. Comparte su vida con su marido, empresario, y tienen una gata que adora comer mucho y dormir m\u00e1s: Tina.<\/p>\n","protected":false},"author":2,"featured_media":0,"comment_status":"closed","ping_status":"closed","sticky":false,"template":"","format":"standard","meta":{"_acf_changed":false,"footnotes":""},"categories":[47],"tags":[],"class_list":["post-13923","post","type-post","status-publish","format-standard","hentry","category-maternidad-y-ginecologia"],"acf":[],"yoast_head":"<!-- This site is optimized with the Yoast SEO Premium plugin v27.3 (Yoast SEO v27.3) - https:\/\/yoast.com\/product\/yoast-seo-premium-wordpress\/ -->\n<title>\u2018La mejor partida de mi vida\u2019: una batalla contra el C\u00e1ncer de Mama - Noticias Grupo Recoletas<\/title>\n<meta name=\"description\" content=\"Descarga la historia gr\u00e1fica de Rosa al completo y conoce c\u00f3mo se enfrenta Rosa a la partida m\u00e1s importante de su vida contra el c\u00e1ncer de mama.\" \/>\n<meta name=\"robots\" content=\"index, follow, max-snippet:-1, max-image-preview:large, max-video-preview:-1\" \/>\n<link rel=\"canonical\" href=\"https:\/\/www.gruporecoletas.com\/noticias\/la-mejora-partida-de-mi-vida-una-batalla-contra-el-cancer-de-mama\/\" \/>\n<meta property=\"og:locale\" content=\"es_ES\" \/>\n<meta property=\"og:type\" content=\"article\" \/>\n<meta property=\"og:title\" content=\"\u2018La mejor partida de mi vida\u2019: una batalla contra el C\u00e1ncer de Mama\" \/>\n<meta property=\"og:description\" content=\"Descarga la historia gr\u00e1fica de Rosa al completo y conoce c\u00f3mo se enfrenta Rosa a la partida m\u00e1s importante de su vida contra el c\u00e1ncer de mama.\" \/>\n<meta property=\"og:url\" content=\"https:\/\/www.gruporecoletas.com\/noticias\/la-mejora-partida-de-mi-vida-una-batalla-contra-el-cancer-de-mama\/\" \/>\n<meta property=\"og:site_name\" content=\"Noticias Grupo Recoletas\" \/>\n<meta property=\"article:publisher\" content=\"https:\/\/www.facebook.com\/GrupoRecoletas\/\" \/>\n<meta property=\"article:published_time\" content=\"2016-11-04T16:08:39+00:00\" \/>\n<meta name=\"author\" content=\"Recoletas Red Hospitalaria\" \/>\n<meta name=\"twitter:card\" content=\"summary_large_image\" \/>\n<meta name=\"twitter:creator\" content=\"@GrupoRecoletas\" \/>\n<meta name=\"twitter:site\" content=\"@GrupoRecoletas\" \/>\n<meta name=\"twitter:label1\" content=\"Escrito por\" \/>\n\t<meta name=\"twitter:data1\" content=\"Recoletas Red Hospitalaria\" \/>\n\t<meta name=\"twitter:label2\" content=\"Tiempo de lectura\" \/>\n\t<meta name=\"twitter:data2\" content=\"1 minuto\" \/>\n<script type=\"application\/ld+json\" class=\"yoast-schema-graph\">{\"@context\":\"https:\\\/\\\/schema.org\",\"@graph\":[{\"@type\":\"Article\",\"@id\":\"https:\\\/\\\/www.gruporecoletas.com\\\/noticias\\\/la-mejora-partida-de-mi-vida-una-batalla-contra-el-cancer-de-mama\\\/#article\",\"isPartOf\":{\"@id\":\"https:\\\/\\\/www.gruporecoletas.com\\\/noticias\\\/la-mejora-partida-de-mi-vida-una-batalla-contra-el-cancer-de-mama\\\/\"},\"author\":{\"name\":\"Recoletas Red Hospitalaria\",\"@id\":\"https:\\\/\\\/www.gruporecoletas.com\\\/noticias\\\/#\\\/schema\\\/person\\\/3c6ac429828d1f5e3d3bd99f4da9b02c\"},\"headline\":\"\u2018La mejor partida de mi vida\u2019: una batalla contra el C\u00e1ncer de Mama\",\"datePublished\":\"2016-11-04T16:08:39+00:00\",\"mainEntityOfPage\":{\"@id\":\"https:\\\/\\\/www.gruporecoletas.com\\\/noticias\\\/la-mejora-partida-de-mi-vida-una-batalla-contra-el-cancer-de-mama\\\/\"},\"wordCount\":126,\"image\":{\"@id\":\"https:\\\/\\\/www.gruporecoletas.com\\\/noticias\\\/la-mejora-partida-de-mi-vida-una-batalla-contra-el-cancer-de-mama\\\/#primaryimage\"},\"thumbnailUrl\":\"http:\\\/\\\/www.fivrecoletos.com\\\/wp-content\\\/uploads\\\/2016\\\/10\\\/historia-grafica-cancer-de-mama.jpg\",\"articleSection\":[\"Maternidad y ginecolog\u00eda\"],\"inLanguage\":\"es\"},{\"@type\":\"WebPage\",\"@id\":\"https:\\\/\\\/www.gruporecoletas.com\\\/noticias\\\/la-mejora-partida-de-mi-vida-una-batalla-contra-el-cancer-de-mama\\\/\",\"url\":\"https:\\\/\\\/www.gruporecoletas.com\\\/noticias\\\/la-mejora-partida-de-mi-vida-una-batalla-contra-el-cancer-de-mama\\\/\",\"name\":\"\u2018La mejor partida de mi vida\u2019: una batalla contra el C\u00e1ncer de Mama - Noticias Grupo Recoletas\",\"isPartOf\":{\"@id\":\"https:\\\/\\\/www.gruporecoletas.com\\\/noticias\\\/#website\"},\"primaryImageOfPage\":{\"@id\":\"https:\\\/\\\/www.gruporecoletas.com\\\/noticias\\\/la-mejora-partida-de-mi-vida-una-batalla-contra-el-cancer-de-mama\\\/#primaryimage\"},\"image\":{\"@id\":\"https:\\\/\\\/www.gruporecoletas.com\\\/noticias\\\/la-mejora-partida-de-mi-vida-una-batalla-contra-el-cancer-de-mama\\\/#primaryimage\"},\"thumbnailUrl\":\"http:\\\/\\\/www.fivrecoletos.com\\\/wp-content\\\/uploads\\\/2016\\\/10\\\/historia-grafica-cancer-de-mama.jpg\",\"datePublished\":\"2016-11-04T16:08:39+00:00\",\"author\":{\"@id\":\"https:\\\/\\\/www.gruporecoletas.com\\\/noticias\\\/#\\\/schema\\\/person\\\/3c6ac429828d1f5e3d3bd99f4da9b02c\"},\"description\":\"Descarga la historia gr\u00e1fica de Rosa al completo y conoce c\u00f3mo se enfrenta Rosa a la partida m\u00e1s importante de su vida contra el c\u00e1ncer de mama.\",\"breadcrumb\":{\"@id\":\"https:\\\/\\\/www.gruporecoletas.com\\\/noticias\\\/la-mejora-partida-de-mi-vida-una-batalla-contra-el-cancer-de-mama\\\/#breadcrumb\"},\"inLanguage\":\"es\",\"potentialAction\":[{\"@type\":\"ReadAction\",\"target\":[\"https:\\\/\\\/www.gruporecoletas.com\\\/noticias\\\/la-mejora-partida-de-mi-vida-una-batalla-contra-el-cancer-de-mama\\\/\"]}]},{\"@type\":\"ImageObject\",\"inLanguage\":\"es\",\"@id\":\"https:\\\/\\\/www.gruporecoletas.com\\\/noticias\\\/la-mejora-partida-de-mi-vida-una-batalla-contra-el-cancer-de-mama\\\/#primaryimage\",\"url\":\"http:\\\/\\\/www.fivrecoletos.com\\\/wp-content\\\/uploads\\\/2016\\\/10\\\/historia-grafica-cancer-de-mama.jpg\",\"contentUrl\":\"http:\\\/\\\/www.fivrecoletos.com\\\/wp-content\\\/uploads\\\/2016\\\/10\\\/historia-grafica-cancer-de-mama.jpg\"},{\"@type\":\"BreadcrumbList\",\"@id\":\"https:\\\/\\\/www.gruporecoletas.com\\\/noticias\\\/la-mejora-partida-de-mi-vida-una-batalla-contra-el-cancer-de-mama\\\/#breadcrumb\",\"itemListElement\":[{\"@type\":\"ListItem\",\"position\":1,\"name\":\"Portada\",\"item\":\"https:\\\/\\\/www.gruporecoletas.com\\\/noticias\\\/\"},{\"@type\":\"ListItem\",\"position\":2,\"name\":\"\u2018La mejor partida de mi vida\u2019: una batalla contra el C\u00e1ncer de Mama\"}]},{\"@type\":\"WebSite\",\"@id\":\"https:\\\/\\\/www.gruporecoletas.com\\\/noticias\\\/#website\",\"url\":\"https:\\\/\\\/www.gruporecoletas.com\\\/noticias\\\/\",\"name\":\"Noticias Grupo Recoletas\",\"description\":\"Grupo Recoletas\",\"potentialAction\":[{\"@type\":\"SearchAction\",\"target\":{\"@type\":\"EntryPoint\",\"urlTemplate\":\"https:\\\/\\\/www.gruporecoletas.com\\\/noticias\\\/?s={search_term_string}\"},\"query-input\":{\"@type\":\"PropertyValueSpecification\",\"valueRequired\":true,\"valueName\":\"search_term_string\"}}],\"inLanguage\":\"es\"},{\"@type\":\"Person\",\"@id\":\"https:\\\/\\\/www.gruporecoletas.com\\\/noticias\\\/#\\\/schema\\\/person\\\/3c6ac429828d1f5e3d3bd99f4da9b02c\",\"name\":\"Recoletas Red Hospitalaria\",\"url\":\"https:\\\/\\\/www.gruporecoletas.com\\\/noticias\\\/author\\\/comunicacion\\\/\"}]}<\/script>\n<!-- \/ Yoast SEO Premium plugin. -->","yoast_head_json":{"title":"\u2018La mejor partida de mi vida\u2019: una batalla contra el C\u00e1ncer de Mama - Noticias Grupo Recoletas","description":"Descarga la historia gr\u00e1fica de Rosa al completo y conoce c\u00f3mo se enfrenta Rosa a la partida m\u00e1s importante de su vida contra el c\u00e1ncer de mama.","robots":{"index":"index","follow":"follow","max-snippet":"max-snippet:-1","max-image-preview":"max-image-preview:large","max-video-preview":"max-video-preview:-1"},"canonical":"https:\/\/www.gruporecoletas.com\/noticias\/la-mejora-partida-de-mi-vida-una-batalla-contra-el-cancer-de-mama\/","og_locale":"es_ES","og_type":"article","og_title":"\u2018La mejor partida de mi vida\u2019: una batalla contra el C\u00e1ncer de Mama","og_description":"Descarga la historia gr\u00e1fica de Rosa al completo y conoce c\u00f3mo se enfrenta Rosa a la partida m\u00e1s importante de su vida contra el c\u00e1ncer de mama.","og_url":"https:\/\/www.gruporecoletas.com\/noticias\/la-mejora-partida-de-mi-vida-una-batalla-contra-el-cancer-de-mama\/","og_site_name":"Noticias Grupo Recoletas","article_publisher":"https:\/\/www.facebook.com\/GrupoRecoletas\/","article_published_time":"2016-11-04T16:08:39+00:00","author":"Recoletas Red Hospitalaria","twitter_card":"summary_large_image","twitter_creator":"@GrupoRecoletas","twitter_site":"@GrupoRecoletas","twitter_misc":{"Escrito por":"Recoletas Red Hospitalaria","Tiempo de lectura":"1 minuto"},"schema":{"@context":"https:\/\/schema.org","@graph":[{"@type":"Article","@id":"https:\/\/www.gruporecoletas.com\/noticias\/la-mejora-partida-de-mi-vida-una-batalla-contra-el-cancer-de-mama\/#article","isPartOf":{"@id":"https:\/\/www.gruporecoletas.com\/noticias\/la-mejora-partida-de-mi-vida-una-batalla-contra-el-cancer-de-mama\/"},"author":{"name":"Recoletas Red Hospitalaria","@id":"https:\/\/www.gruporecoletas.com\/noticias\/#\/schema\/person\/3c6ac429828d1f5e3d3bd99f4da9b02c"},"headline":"\u2018La mejor partida de mi vida\u2019: una batalla contra el C\u00e1ncer de Mama","datePublished":"2016-11-04T16:08:39+00:00","mainEntityOfPage":{"@id":"https:\/\/www.gruporecoletas.com\/noticias\/la-mejora-partida-de-mi-vida-una-batalla-contra-el-cancer-de-mama\/"},"wordCount":126,"image":{"@id":"https:\/\/www.gruporecoletas.com\/noticias\/la-mejora-partida-de-mi-vida-una-batalla-contra-el-cancer-de-mama\/#primaryimage"},"thumbnailUrl":"http:\/\/www.fivrecoletos.com\/wp-content\/uploads\/2016\/10\/historia-grafica-cancer-de-mama.jpg","articleSection":["Maternidad y ginecolog\u00eda"],"inLanguage":"es"},{"@type":"WebPage","@id":"https:\/\/www.gruporecoletas.com\/noticias\/la-mejora-partida-de-mi-vida-una-batalla-contra-el-cancer-de-mama\/","url":"https:\/\/www.gruporecoletas.com\/noticias\/la-mejora-partida-de-mi-vida-una-batalla-contra-el-cancer-de-mama\/","name":"\u2018La mejor partida de mi vida\u2019: una batalla contra el C\u00e1ncer de Mama - Noticias Grupo Recoletas","isPartOf":{"@id":"https:\/\/www.gruporecoletas.com\/noticias\/#website"},"primaryImageOfPage":{"@id":"https:\/\/www.gruporecoletas.com\/noticias\/la-mejora-partida-de-mi-vida-una-batalla-contra-el-cancer-de-mama\/#primaryimage"},"image":{"@id":"https:\/\/www.gruporecoletas.com\/noticias\/la-mejora-partida-de-mi-vida-una-batalla-contra-el-cancer-de-mama\/#primaryimage"},"thumbnailUrl":"http:\/\/www.fivrecoletos.com\/wp-content\/uploads\/2016\/10\/historia-grafica-cancer-de-mama.jpg","datePublished":"2016-11-04T16:08:39+00:00","author":{"@id":"https:\/\/www.gruporecoletas.com\/noticias\/#\/schema\/person\/3c6ac429828d1f5e3d3bd99f4da9b02c"},"description":"Descarga la historia gr\u00e1fica de Rosa al completo y conoce c\u00f3mo se enfrenta Rosa a la partida m\u00e1s importante de su vida contra el c\u00e1ncer de mama.","breadcrumb":{"@id":"https:\/\/www.gruporecoletas.com\/noticias\/la-mejora-partida-de-mi-vida-una-batalla-contra-el-cancer-de-mama\/#breadcrumb"},"inLanguage":"es","potentialAction":[{"@type":"ReadAction","target":["https:\/\/www.gruporecoletas.com\/noticias\/la-mejora-partida-de-mi-vida-una-batalla-contra-el-cancer-de-mama\/"]}]},{"@type":"ImageObject","inLanguage":"es","@id":"https:\/\/www.gruporecoletas.com\/noticias\/la-mejora-partida-de-mi-vida-una-batalla-contra-el-cancer-de-mama\/#primaryimage","url":"http:\/\/www.fivrecoletos.com\/wp-content\/uploads\/2016\/10\/historia-grafica-cancer-de-mama.jpg","contentUrl":"http:\/\/www.fivrecoletos.com\/wp-content\/uploads\/2016\/10\/historia-grafica-cancer-de-mama.jpg"},{"@type":"BreadcrumbList","@id":"https:\/\/www.gruporecoletas.com\/noticias\/la-mejora-partida-de-mi-vida-una-batalla-contra-el-cancer-de-mama\/#breadcrumb","itemListElement":[{"@type":"ListItem","position":1,"name":"Portada","item":"https:\/\/www.gruporecoletas.com\/noticias\/"},{"@type":"ListItem","position":2,"name":"\u2018La mejor partida de mi vida\u2019: una batalla contra el C\u00e1ncer de Mama"}]},{"@type":"WebSite","@id":"https:\/\/www.gruporecoletas.com\/noticias\/#website","url":"https:\/\/www.gruporecoletas.com\/noticias\/","name":"Noticias Grupo Recoletas","description":"Grupo Recoletas","potentialAction":[{"@type":"SearchAction","target":{"@type":"EntryPoint","urlTemplate":"https:\/\/www.gruporecoletas.com\/noticias\/?s={search_term_string}"},"query-input":{"@type":"PropertyValueSpecification","valueRequired":true,"valueName":"search_term_string"}}],"inLanguage":"es"},{"@type":"Person","@id":"https:\/\/www.gruporecoletas.com\/noticias\/#\/schema\/person\/3c6ac429828d1f5e3d3bd99f4da9b02c","name":"Recoletas Red Hospitalaria","url":"https:\/\/www.gruporecoletas.com\/noticias\/author\/comunicacion\/"}]}},"_links":{"self":[{"href":"https:\/\/www.gruporecoletas.com\/noticias\/wp-json\/wp\/v2\/posts\/13923","targetHints":{"allow":["GET"]}}],"collection":[{"href":"https:\/\/www.gruporecoletas.com\/noticias\/wp-json\/wp\/v2\/posts"}],"about":[{"href":"https:\/\/www.gruporecoletas.com\/noticias\/wp-json\/wp\/v2\/types\/post"}],"author":[{"embeddable":true,"href":"https:\/\/www.gruporecoletas.com\/noticias\/wp-json\/wp\/v2\/users\/2"}],"replies":[{"embeddable":true,"href":"https:\/\/www.gruporecoletas.com\/noticias\/wp-json\/wp\/v2\/comments?post=13923"}],"version-history":[{"count":0,"href":"https:\/\/www.gruporecoletas.com\/noticias\/wp-json\/wp\/v2\/posts\/13923\/revisions"}],"wp:attachment":[{"href":"https:\/\/www.gruporecoletas.com\/noticias\/wp-json\/wp\/v2\/media?parent=13923"}],"wp:term":[{"taxonomy":"category","embeddable":true,"href":"https:\/\/www.gruporecoletas.com\/noticias\/wp-json\/wp\/v2\/categories?post=13923"},{"taxonomy":"post_tag","embeddable":true,"href":"https:\/\/www.gruporecoletas.com\/noticias\/wp-json\/wp\/v2\/tags?post=13923"}],"curies":[{"name":"wp","href":"https:\/\/api.w.org\/{rel}","templated":true}]}}