{"id":13951,"date":"2017-03-09T12:26:47","date_gmt":"2017-03-09T12:26:47","guid":{"rendered":"https:\/\/www.gruporecoletas.com\/noticias\/anemia-gestacional-anemia-embarazo\/"},"modified":"2017-03-09T12:26:47","modified_gmt":"2017-03-09T12:26:47","slug":"anemia-gestacional-anemia-embarazo","status":"publish","type":"post","link":"https:\/\/www.gruporecoletas.com\/noticias\/anemia-gestacional-anemia-embarazo\/","title":{"rendered":"Anemia gestacional: \u00bftener anemia puede afectar a mi embarazo? \u00bfC\u00f3mo evitarlo?"},"content":{"rendered":"<p style=\"text-align: justify;\"><a href=\"http:\/\/www.fivrecoletos.com\/wp-content\/uploads\/2017\/03\/anemia-gestacional-embarazo.jpg\" rel=\"attachment wp-att-5343\"><img loading=\"lazy\" decoding=\"async\" class=\"aligncenter size-full wp-image-5343\" src=\"http:\/\/www.fivrecoletos.com\/wp-content\/uploads\/2017\/03\/anemia-gestacional-embarazo.jpg\" alt=\"anemia gestacional\" width=\"800\" height=\"534\" \/><\/a><a href=\"http:\/\/www.fivrecoletos.com\/wp-content\/uploads\/2017\/03\/anemia-gestacional.jpg\" rel=\"attachment wp-att-3652\"><br \/>\n<\/a>Durante el embarazo surgen muchas preocupaciones sobre el estado del feto y sobre c\u00f3mo el estado de salud de la madre afecta a su desarrollo. La anemia es uno de los s\u00edntomas que pueden aparecen durante la gestaci\u00f3n y muchas embarazadas tienen dudas sobre los efectos que esta patolog\u00eda puede tener en la salud del beb\u00e9.<!--more--><\/p>\n<p style=\"text-align: justify;\">No es raro que una mujer tenga anemia, especialmente en edad reproductiva y, por lo general, la anemia no suele suponer una complicaci\u00f3n grave en el embarazo. Aun as\u00ed se recomienda acudir a un <a href=\"http:\/\/www.fivrecoletos.com\/servicios\/unidad-de-ginecologia\/\">ginec\u00f3logo<\/a> para que valore si es necesario alg\u00fan tratamiento concreto.<\/p>\n<h2 style=\"text-align: justify;\"><strong>Causas de la anemia y la anemia gestacional<\/strong><\/h2>\n<p style=\"text-align: justify;\">La causa m\u00e1s com\u00fan de anemia en el embarazo es el d\u00e9ficit de hierro, o sea, lo que llamamos anemia ferrop\u00e9nica. Tambi\u00e9n se puede producir por un d\u00e9ficit de \u00e1cido f\u00f3lico o vitamina B12, por algunas enfermedades hereditarias como la talasemia, o por p\u00e9rdidas de sangre moderadas.<\/p>\n<p style=\"text-align: justify;\">En el embarazo aumenta la posibilidad de tener anemia, hasta un 25% en el tercer trimestre. El volumen sangu\u00edneo aumenta un 45%y adem\u00e1s es necesaria la formaci\u00f3n de la placenta. Esto, m\u00e1s el consumo del feto, aumenta las necesidades de gl\u00f3bulos rojos y, por tanto, de hierro.<\/p>\n<h2 style=\"text-align: justify;\"><strong>S\u00edntomas de la anemia<\/strong><strong>\u00a0<\/strong><\/h2>\n<p style=\"text-align: justify;\">Lo habitual, si es una anemia leve, es no notar ning\u00fan s\u00edntoma. En caso de anemias moderadas o graves podemos encontrar:<\/p>\n<ul style=\"text-align: justify;\">\n<li>Debilidad y mareos<\/li>\n<li>Taquicardia<\/li>\n<li>Dificultades para respirar con normalidad<\/li>\n<li>U\u00f1as quebradizas<\/li>\n<li>Palidez en la piel, labios y parte inferior de los p\u00e1rpados<\/li>\n<li>Lesiones en las orillas de la boca<\/li>\n<\/ul>\n<h2 style=\"text-align: justify;\"><strong>Anemia y embarazo<\/strong><\/h2>\n<p style=\"text-align: justify;\">Una anemia leve no produce complicaciones en el embarazo. S\u00f3lo debemos preocuparnos en caso de anemias graves, o moderadas y graves de larga evoluci\u00f3n o que no responden al tratamiento. En estos casos, se puede relacionar con retrasos de crecimiento y un aumento del riesgo de muerte intra\u00fatero y mortalidad perinatal.<\/p>\n<h2 style=\"text-align: justify;\"><strong>Diagn\u00f3stico y tratamiento contra la anemia<\/strong><\/h2>\n<p style=\"text-align: justify;\">Durante la gestaci\u00f3n se realizan tres anal\u00edticas de control, en el primer, segundo y tercer trimestre. En una embarazada sana no se suele diagnosticar una anemia en el primer trimestre, sin embargo, en el segundo y tercero, es m\u00e1s frecuente. Se considera anemia cuando vemos un hematocrito menor de 33% y\/o hemoglobina menor de 11 gr\/dl.<\/p>\n<p style=\"text-align: justify;\">Hay otros \u00edndices hematom\u00e9tricos que nos indican una anemia ferrop\u00e9nica:<\/p>\n<ul style=\"text-align: justify;\">\n<li>Volumen Corpuscular Medio (VCM): Disminuido.<\/li>\n<li>Concentraci\u00f3n de Hemoglobina Corpuscular Media (CHCM): disminuida.<\/li>\n<li>Morfolog\u00eda eritrocitaria: hipocrom\u00eda, microcitosis.<\/li>\n<li>Ferremia (hierro en sangre): Disminuida.<\/li>\n<li>Capacidad total de saturaci\u00f3n de hierro (CTSH): Aumentada.<\/li>\n<li>Porcentaje de saturaci\u00f3n de la transferrina: Disminuido.<\/li>\n<\/ul>\n<p style=\"text-align: justify;\">Para prevenir, lo ideal es seguir una dieta sana y tomar un <strong>complejo vitam\u00ednico espec\u00edfico<\/strong> para embarazadas, que contiene, entre otras cosas, hierro, \u00e1cido f\u00f3lico y vitamina B12, porque la dosis de hierro recomendada en el embarazo es de <strong>30 mg diarios<\/strong>, es decir m\u00e1s del 30% de la dosis habitualmente indicada. Aconsejamos tomarlo desde el periodo preconcepcional (tres meses antes aproximadamente), durante toda la gestaci\u00f3n y lactancia (opcional).<\/p>\n<p style=\"text-align: justify;\">Respecto a la dieta, los alimentos ricos en hierro son: carnes rojas, pavo, conejo, verduras de hoja, legumbres, moluscos, \u00a0frutos secos\u2026 La asociaci\u00f3n con vitamina C mejora la absorci\u00f3n. Sin embargo, los l\u00e1cteos, el exceso de fibra y los taninos (caf\u00e9 y t\u00e9) la empeoran. Por lo general se absorbe mejor el hierro de fuentes animales, que vegetales.<\/p>\n<p style=\"text-align: justify;\">Cuando el ginec\u00f3logo especialista en <a href=\"http:\/\/www.fivrecoletos.com\/servicios\/unidad-de-obstetricia\/\">Obstetricia<\/a>, detecta una anemia leve\/ moderada durante la gestaci\u00f3n se instaura un tratamiento con hierro oral (sulfato ferroso, hierro sucrosomado, lactoferrina, hierro proteinsuccinilato\u2026), diario, hasta el final de la gestaci\u00f3n, para mejorar la situaci\u00f3n todo lo posible de cara al parto. En caso de anemias graves, normalmente por otras causas (enfermedades hematol\u00f3gicas o sangrados abundantes) se puede utilizar hierro intravenoso o incluso una transfusi\u00f3n de concentrado de hemat\u00edes.<\/p>\n<p style=\"text-align: justify;\">En la mayor\u00eda de casos, la anemia gestacional no implica complicaciones graves en el embarazo y un tratamiento adecuado puede solventar los posibles problemas que pueden surgir durante la gestaci\u00f3n.<\/p>\n<p style=\"text-align: justify;\">Informaci\u00f3n redactada por la <strong>Dra Marina S\u00e1nchez<\/strong>, de la Unidad de Obstetricia de <a href=\"http:\/\/www.fivrecoletos.com\/\">FIV Recoletos<\/a>.<\/p>\n<p>En este v\u00eddeo encontrar\u00e1s todo lo que necesitas saber sobre anemia gestacional y otras complicaciones comunes en el embarazo.<br \/>\n<iframe loading=\"lazy\" src=\"https:\/\/www.youtube.com\/embed\/iP5D4vaD67I\" width=\"560\" height=\"315\" frameborder=\"0\" allowfullscreen=\"allowfullscreen\"><\/iframe><\/p>\n","protected":false},"excerpt":{"rendered":"<p>Durante el embarazo surgen muchas preocupaciones sobre el estado del feto y sobre c\u00f3mo el estado de salud de la madre afecta a su desarrollo. La anemia es uno de los s\u00edntomas que pueden aparecen durante la gestaci\u00f3n y muchas embarazadas tienen dudas sobre los efectos que esta patolog\u00eda puede tener en la salud del [&hellip;]<\/p>\n","protected":false},"author":2,"featured_media":0,"comment_status":"closed","ping_status":"closed","sticky":false,"template":"","format":"standard","meta":{"_acf_changed":false,"footnotes":""},"categories":[47],"tags":[],"class_list":["post-13951","post","type-post","status-publish","format-standard","hentry","category-maternidad-y-ginecologia"],"acf":[],"yoast_head":"<!-- This site is optimized with the Yoast SEO Premium plugin v27.3 (Yoast SEO v27.3) - https:\/\/yoast.com\/product\/yoast-seo-premium-wordpress\/ -->\n<title>Anemia gestacional: \u00bftener anemia puede afectar a mi embarazo? \u00bfC\u00f3mo evitarlo? - Noticias Grupo Recoletas<\/title>\n<meta name=\"description\" content=\"Conoce las causas, s\u00edntomas, diagn\u00f3stico y tratamiento de la anemia gestacional. En FIV Recoletos te resolvemos las dudas sobre la anemia en el embarazo.\" \/>\n<meta name=\"robots\" content=\"index, follow, max-snippet:-1, max-image-preview:large, max-video-preview:-1\" \/>\n<link rel=\"canonical\" href=\"https:\/\/www.gruporecoletas.com\/noticias\/anemia-gestacional-anemia-embarazo\/\" \/>\n<meta property=\"og:locale\" content=\"es_ES\" \/>\n<meta property=\"og:type\" content=\"article\" \/>\n<meta property=\"og:title\" content=\"Anemia gestacional: \u00bftener anemia puede afectar a mi embarazo? \u00bfC\u00f3mo evitarlo?\" \/>\n<meta property=\"og:description\" content=\"Conoce las causas, s\u00edntomas, diagn\u00f3stico y tratamiento de la anemia gestacional. En FIV Recoletos te resolvemos las dudas sobre la anemia en el embarazo.\" \/>\n<meta property=\"og:url\" content=\"https:\/\/www.gruporecoletas.com\/noticias\/anemia-gestacional-anemia-embarazo\/\" \/>\n<meta property=\"og:site_name\" content=\"Noticias Grupo Recoletas\" \/>\n<meta property=\"article:publisher\" content=\"https:\/\/www.facebook.com\/GrupoRecoletas\/\" \/>\n<meta property=\"article:published_time\" content=\"2017-03-09T12:26:47+00:00\" \/>\n<meta name=\"author\" content=\"Recoletas Red Hospitalaria\" \/>\n<meta name=\"twitter:card\" content=\"summary_large_image\" \/>\n<meta name=\"twitter:creator\" content=\"@GrupoRecoletas\" \/>\n<meta name=\"twitter:site\" content=\"@GrupoRecoletas\" \/>\n<meta name=\"twitter:label1\" content=\"Escrito por\" \/>\n\t<meta name=\"twitter:data1\" content=\"Recoletas Red Hospitalaria\" \/>\n\t<meta name=\"twitter:label2\" content=\"Tiempo de lectura\" \/>\n\t<meta name=\"twitter:data2\" content=\"4 minutos\" \/>\n<script type=\"application\/ld+json\" class=\"yoast-schema-graph\">{\"@context\":\"https:\\\/\\\/schema.org\",\"@graph\":[{\"@type\":\"Article\",\"@id\":\"https:\\\/\\\/www.gruporecoletas.com\\\/noticias\\\/anemia-gestacional-anemia-embarazo\\\/#article\",\"isPartOf\":{\"@id\":\"https:\\\/\\\/www.gruporecoletas.com\\\/noticias\\\/anemia-gestacional-anemia-embarazo\\\/\"},\"author\":{\"name\":\"Recoletas Red Hospitalaria\",\"@id\":\"https:\\\/\\\/www.gruporecoletas.com\\\/noticias\\\/#\\\/schema\\\/person\\\/3c6ac429828d1f5e3d3bd99f4da9b02c\"},\"headline\":\"Anemia gestacional: \u00bftener anemia puede afectar a mi embarazo? \u00bfC\u00f3mo evitarlo?\",\"datePublished\":\"2017-03-09T12:26:47+00:00\",\"mainEntityOfPage\":{\"@id\":\"https:\\\/\\\/www.gruporecoletas.com\\\/noticias\\\/anemia-gestacional-anemia-embarazo\\\/\"},\"wordCount\":751,\"image\":{\"@id\":\"https:\\\/\\\/www.gruporecoletas.com\\\/noticias\\\/anemia-gestacional-anemia-embarazo\\\/#primaryimage\"},\"thumbnailUrl\":\"http:\\\/\\\/www.fivrecoletos.com\\\/wp-content\\\/uploads\\\/2017\\\/03\\\/anemia-gestacional-embarazo.jpg\",\"articleSection\":[\"Maternidad y ginecolog\u00eda\"],\"inLanguage\":\"es\"},{\"@type\":\"WebPage\",\"@id\":\"https:\\\/\\\/www.gruporecoletas.com\\\/noticias\\\/anemia-gestacional-anemia-embarazo\\\/\",\"url\":\"https:\\\/\\\/www.gruporecoletas.com\\\/noticias\\\/anemia-gestacional-anemia-embarazo\\\/\",\"name\":\"Anemia gestacional: \u00bftener anemia puede afectar a mi embarazo? \u00bfC\u00f3mo evitarlo? - Noticias Grupo Recoletas\",\"isPartOf\":{\"@id\":\"https:\\\/\\\/www.gruporecoletas.com\\\/noticias\\\/#website\"},\"primaryImageOfPage\":{\"@id\":\"https:\\\/\\\/www.gruporecoletas.com\\\/noticias\\\/anemia-gestacional-anemia-embarazo\\\/#primaryimage\"},\"image\":{\"@id\":\"https:\\\/\\\/www.gruporecoletas.com\\\/noticias\\\/anemia-gestacional-anemia-embarazo\\\/#primaryimage\"},\"thumbnailUrl\":\"http:\\\/\\\/www.fivrecoletos.com\\\/wp-content\\\/uploads\\\/2017\\\/03\\\/anemia-gestacional-embarazo.jpg\",\"datePublished\":\"2017-03-09T12:26:47+00:00\",\"author\":{\"@id\":\"https:\\\/\\\/www.gruporecoletas.com\\\/noticias\\\/#\\\/schema\\\/person\\\/3c6ac429828d1f5e3d3bd99f4da9b02c\"},\"description\":\"Conoce las causas, s\u00edntomas, diagn\u00f3stico y tratamiento de la anemia gestacional. En FIV Recoletos te resolvemos las dudas sobre la anemia en el embarazo.\",\"breadcrumb\":{\"@id\":\"https:\\\/\\\/www.gruporecoletas.com\\\/noticias\\\/anemia-gestacional-anemia-embarazo\\\/#breadcrumb\"},\"inLanguage\":\"es\",\"potentialAction\":[{\"@type\":\"ReadAction\",\"target\":[\"https:\\\/\\\/www.gruporecoletas.com\\\/noticias\\\/anemia-gestacional-anemia-embarazo\\\/\"]}]},{\"@type\":\"ImageObject\",\"inLanguage\":\"es\",\"@id\":\"https:\\\/\\\/www.gruporecoletas.com\\\/noticias\\\/anemia-gestacional-anemia-embarazo\\\/#primaryimage\",\"url\":\"http:\\\/\\\/www.fivrecoletos.com\\\/wp-content\\\/uploads\\\/2017\\\/03\\\/anemia-gestacional-embarazo.jpg\",\"contentUrl\":\"http:\\\/\\\/www.fivrecoletos.com\\\/wp-content\\\/uploads\\\/2017\\\/03\\\/anemia-gestacional-embarazo.jpg\"},{\"@type\":\"BreadcrumbList\",\"@id\":\"https:\\\/\\\/www.gruporecoletas.com\\\/noticias\\\/anemia-gestacional-anemia-embarazo\\\/#breadcrumb\",\"itemListElement\":[{\"@type\":\"ListItem\",\"position\":1,\"name\":\"Portada\",\"item\":\"https:\\\/\\\/www.gruporecoletas.com\\\/noticias\\\/\"},{\"@type\":\"ListItem\",\"position\":2,\"name\":\"Anemia gestacional: \u00bftener anemia puede afectar a mi embarazo? \u00bfC\u00f3mo evitarlo?\"}]},{\"@type\":\"WebSite\",\"@id\":\"https:\\\/\\\/www.gruporecoletas.com\\\/noticias\\\/#website\",\"url\":\"https:\\\/\\\/www.gruporecoletas.com\\\/noticias\\\/\",\"name\":\"Noticias Grupo Recoletas\",\"description\":\"Grupo Recoletas\",\"potentialAction\":[{\"@type\":\"SearchAction\",\"target\":{\"@type\":\"EntryPoint\",\"urlTemplate\":\"https:\\\/\\\/www.gruporecoletas.com\\\/noticias\\\/?s={search_term_string}\"},\"query-input\":{\"@type\":\"PropertyValueSpecification\",\"valueRequired\":true,\"valueName\":\"search_term_string\"}}],\"inLanguage\":\"es\"},{\"@type\":\"Person\",\"@id\":\"https:\\\/\\\/www.gruporecoletas.com\\\/noticias\\\/#\\\/schema\\\/person\\\/3c6ac429828d1f5e3d3bd99f4da9b02c\",\"name\":\"Recoletas Red Hospitalaria\",\"url\":\"https:\\\/\\\/www.gruporecoletas.com\\\/noticias\\\/author\\\/comunicacion\\\/\"}]}<\/script>\n<!-- \/ Yoast SEO Premium plugin. -->","yoast_head_json":{"title":"Anemia gestacional: \u00bftener anemia puede afectar a mi embarazo? \u00bfC\u00f3mo evitarlo? - Noticias Grupo Recoletas","description":"Conoce las causas, s\u00edntomas, diagn\u00f3stico y tratamiento de la anemia gestacional. En FIV Recoletos te resolvemos las dudas sobre la anemia en el embarazo.","robots":{"index":"index","follow":"follow","max-snippet":"max-snippet:-1","max-image-preview":"max-image-preview:large","max-video-preview":"max-video-preview:-1"},"canonical":"https:\/\/www.gruporecoletas.com\/noticias\/anemia-gestacional-anemia-embarazo\/","og_locale":"es_ES","og_type":"article","og_title":"Anemia gestacional: \u00bftener anemia puede afectar a mi embarazo? \u00bfC\u00f3mo evitarlo?","og_description":"Conoce las causas, s\u00edntomas, diagn\u00f3stico y tratamiento de la anemia gestacional. En FIV Recoletos te resolvemos las dudas sobre la anemia en el embarazo.","og_url":"https:\/\/www.gruporecoletas.com\/noticias\/anemia-gestacional-anemia-embarazo\/","og_site_name":"Noticias Grupo Recoletas","article_publisher":"https:\/\/www.facebook.com\/GrupoRecoletas\/","article_published_time":"2017-03-09T12:26:47+00:00","author":"Recoletas Red Hospitalaria","twitter_card":"summary_large_image","twitter_creator":"@GrupoRecoletas","twitter_site":"@GrupoRecoletas","twitter_misc":{"Escrito por":"Recoletas Red Hospitalaria","Tiempo de lectura":"4 minutos"},"schema":{"@context":"https:\/\/schema.org","@graph":[{"@type":"Article","@id":"https:\/\/www.gruporecoletas.com\/noticias\/anemia-gestacional-anemia-embarazo\/#article","isPartOf":{"@id":"https:\/\/www.gruporecoletas.com\/noticias\/anemia-gestacional-anemia-embarazo\/"},"author":{"name":"Recoletas Red Hospitalaria","@id":"https:\/\/www.gruporecoletas.com\/noticias\/#\/schema\/person\/3c6ac429828d1f5e3d3bd99f4da9b02c"},"headline":"Anemia gestacional: \u00bftener anemia puede afectar a mi embarazo? \u00bfC\u00f3mo evitarlo?","datePublished":"2017-03-09T12:26:47+00:00","mainEntityOfPage":{"@id":"https:\/\/www.gruporecoletas.com\/noticias\/anemia-gestacional-anemia-embarazo\/"},"wordCount":751,"image":{"@id":"https:\/\/www.gruporecoletas.com\/noticias\/anemia-gestacional-anemia-embarazo\/#primaryimage"},"thumbnailUrl":"http:\/\/www.fivrecoletos.com\/wp-content\/uploads\/2017\/03\/anemia-gestacional-embarazo.jpg","articleSection":["Maternidad y ginecolog\u00eda"],"inLanguage":"es"},{"@type":"WebPage","@id":"https:\/\/www.gruporecoletas.com\/noticias\/anemia-gestacional-anemia-embarazo\/","url":"https:\/\/www.gruporecoletas.com\/noticias\/anemia-gestacional-anemia-embarazo\/","name":"Anemia gestacional: \u00bftener anemia puede afectar a mi embarazo? \u00bfC\u00f3mo evitarlo? - Noticias Grupo Recoletas","isPartOf":{"@id":"https:\/\/www.gruporecoletas.com\/noticias\/#website"},"primaryImageOfPage":{"@id":"https:\/\/www.gruporecoletas.com\/noticias\/anemia-gestacional-anemia-embarazo\/#primaryimage"},"image":{"@id":"https:\/\/www.gruporecoletas.com\/noticias\/anemia-gestacional-anemia-embarazo\/#primaryimage"},"thumbnailUrl":"http:\/\/www.fivrecoletos.com\/wp-content\/uploads\/2017\/03\/anemia-gestacional-embarazo.jpg","datePublished":"2017-03-09T12:26:47+00:00","author":{"@id":"https:\/\/www.gruporecoletas.com\/noticias\/#\/schema\/person\/3c6ac429828d1f5e3d3bd99f4da9b02c"},"description":"Conoce las causas, s\u00edntomas, diagn\u00f3stico y tratamiento de la anemia gestacional. En FIV Recoletos te resolvemos las dudas sobre la anemia en el embarazo.","breadcrumb":{"@id":"https:\/\/www.gruporecoletas.com\/noticias\/anemia-gestacional-anemia-embarazo\/#breadcrumb"},"inLanguage":"es","potentialAction":[{"@type":"ReadAction","target":["https:\/\/www.gruporecoletas.com\/noticias\/anemia-gestacional-anemia-embarazo\/"]}]},{"@type":"ImageObject","inLanguage":"es","@id":"https:\/\/www.gruporecoletas.com\/noticias\/anemia-gestacional-anemia-embarazo\/#primaryimage","url":"http:\/\/www.fivrecoletos.com\/wp-content\/uploads\/2017\/03\/anemia-gestacional-embarazo.jpg","contentUrl":"http:\/\/www.fivrecoletos.com\/wp-content\/uploads\/2017\/03\/anemia-gestacional-embarazo.jpg"},{"@type":"BreadcrumbList","@id":"https:\/\/www.gruporecoletas.com\/noticias\/anemia-gestacional-anemia-embarazo\/#breadcrumb","itemListElement":[{"@type":"ListItem","position":1,"name":"Portada","item":"https:\/\/www.gruporecoletas.com\/noticias\/"},{"@type":"ListItem","position":2,"name":"Anemia gestacional: \u00bftener anemia puede afectar a mi embarazo? \u00bfC\u00f3mo evitarlo?"}]},{"@type":"WebSite","@id":"https:\/\/www.gruporecoletas.com\/noticias\/#website","url":"https:\/\/www.gruporecoletas.com\/noticias\/","name":"Noticias Grupo Recoletas","description":"Grupo Recoletas","potentialAction":[{"@type":"SearchAction","target":{"@type":"EntryPoint","urlTemplate":"https:\/\/www.gruporecoletas.com\/noticias\/?s={search_term_string}"},"query-input":{"@type":"PropertyValueSpecification","valueRequired":true,"valueName":"search_term_string"}}],"inLanguage":"es"},{"@type":"Person","@id":"https:\/\/www.gruporecoletas.com\/noticias\/#\/schema\/person\/3c6ac429828d1f5e3d3bd99f4da9b02c","name":"Recoletas Red Hospitalaria","url":"https:\/\/www.gruporecoletas.com\/noticias\/author\/comunicacion\/"}]}},"_links":{"self":[{"href":"https:\/\/www.gruporecoletas.com\/noticias\/wp-json\/wp\/v2\/posts\/13951","targetHints":{"allow":["GET"]}}],"collection":[{"href":"https:\/\/www.gruporecoletas.com\/noticias\/wp-json\/wp\/v2\/posts"}],"about":[{"href":"https:\/\/www.gruporecoletas.com\/noticias\/wp-json\/wp\/v2\/types\/post"}],"author":[{"embeddable":true,"href":"https:\/\/www.gruporecoletas.com\/noticias\/wp-json\/wp\/v2\/users\/2"}],"replies":[{"embeddable":true,"href":"https:\/\/www.gruporecoletas.com\/noticias\/wp-json\/wp\/v2\/comments?post=13951"}],"version-history":[{"count":0,"href":"https:\/\/www.gruporecoletas.com\/noticias\/wp-json\/wp\/v2\/posts\/13951\/revisions"}],"wp:attachment":[{"href":"https:\/\/www.gruporecoletas.com\/noticias\/wp-json\/wp\/v2\/media?parent=13951"}],"wp:term":[{"taxonomy":"category","embeddable":true,"href":"https:\/\/www.gruporecoletas.com\/noticias\/wp-json\/wp\/v2\/categories?post=13951"},{"taxonomy":"post_tag","embeddable":true,"href":"https:\/\/www.gruporecoletas.com\/noticias\/wp-json\/wp\/v2\/tags?post=13951"}],"curies":[{"name":"wp","href":"https:\/\/api.w.org\/{rel}","templated":true}]}}