{"id":14057,"date":"2018-07-23T15:17:16","date_gmt":"2018-07-23T15:17:16","guid":{"rendered":"https:\/\/www.gruporecoletas.com\/noticias\/abrimos-una-escuela-embarazo-crianza-madres-padres\/"},"modified":"2018-07-23T15:17:16","modified_gmt":"2018-07-23T15:17:16","slug":"abrimos-una-escuela-embarazo-crianza-madres-padres","status":"publish","type":"post","link":"https:\/\/www.gruporecoletas.com\/noticias\/abrimos-una-escuela-embarazo-crianza-madres-padres\/","title":{"rendered":"Abrimos una Escuela de Embarazo y Crianza para madres y padres"},"content":{"rendered":"<p><a href=\"http:\/\/www.fivrecoletos.com\/wp-content\/uploads\/2018\/07\/Logotipo-Crianza-03.png\" rel=\"attachment wp-att-4902\"><img loading=\"lazy\" decoding=\"async\" class=\"aligncenter size-full wp-image-4902\" src=\"http:\/\/www.fivrecoletos.com\/wp-content\/uploads\/2018\/07\/Logotipo-Crianza-03.png\" alt=\"Escuela-embarazo-crianza\" width=\"543\" height=\"614\" \/><\/a><\/p>\n<p>El objetivo principal de la Unidad de la Mujer Recoletas es promover la salud de las mujeres en todas las etapas de su vida desde un abordaje multidimensional e integral, siendo uno de los valores fundamentales fomentar una actitud activa de las mujeres en su salud y bienestar mediante la adopci\u00f3n de estilos de vida beneficiosos.<!--more--><\/p>\n<p>Partiendo de esta visi\u00f3n esencial y con el conocimiento de las necesidades espec\u00edficas de las mujeres y las familias durante el embarazo y la crianza, estamos encantados de anunciar el pr\u00f3ximo lanzamiento de <a href=\"http:\/\/www.fivrecoletos.com\/escuela-crianza-madres-padres\/\" target=\"_blank\" rel=\"noopener noreferrer\">la Escuela de Embarazo y Crianza<\/a>: un nuevo servicio multidisciplinar dedicado a la atenci\u00f3n integral sobre estilos de vida y cuidados materno-infantiles durante el embarazo, el parto y el primer a\u00f1o de vida del beb\u00e9.<\/p>\n<h2><strong>Unos h\u00e1bitos de vida m\u00e1s saludables para ti y tu familia<\/strong><\/h2>\n<p>En la actualidad existe ya una evidencia cient\u00edfica consolidada de los m\u00faltiples beneficios de promover estilos de vida saludables durante el embarazo tanto para la mujer como para el beb\u00e9 durante y despu\u00e9s del embarazo, ya que facilitan un <a href=\"http:\/\/www.fivrecoletos.com\/servicios\/unidad-de-obstetricia\/\">embarazo<\/a> y un parto m\u00e1s saludable y con menos complicaciones, \u00a0e incluso reducen el riesgo futuro del beb\u00e9 de padecer enfermedades en la edad adulta.<\/p>\n<p>Aunque cualquier etapa de la vida es buena para <strong>optar por alternativas m\u00e1s saludables en nuestro estilo de vida<\/strong>, las mujeres embarazas o en per\u00edodo de lactancia y sus familias\u00a0 se encuentran en un momento id\u00f3neo por estar especialmente motivadas para llevar a cabo estos cambios: no solo por ellas mismas, sino tambi\u00e9n por sus hijos.<\/p>\n<p>El per\u00edodo prenatal es una oportunidad perfecta para promover el aprendizaje y adopci\u00f3n de h\u00e1bitos m\u00e1s saludables, no solo durante su embarazo sino tambi\u00e9n despu\u00e9s de dar a luz, para sus beb\u00e9s a medida que crecen y para toda la familia en a\u00f1os posteriores.<\/p>\n<p><iframe loading=\"lazy\" src=\"https:\/\/www.youtube.com\/embed\/-L5DALnBjm4\" width=\"560\" height=\"315\" frameborder=\"0\" allowfullscreen=\"allowfullscreen\"><\/iframe><\/p>\n<p>La Escuela de Embarazo y Crianza est\u00e1 formada por un <strong>equipo multidisciplinar de profesionales<\/strong> sanitarios que ofrecer\u00e1 talleres, consultas individuales y grupales para acompa\u00f1ar a las familias en un ciclo seguro de promoci\u00f3n integral de la salud. Pretendemos ir m\u00e1s all\u00e1 de la asistencia ginecol\u00f3gica tradicional del embarazo, incorporando una visi\u00f3n ampliada y preventiva de la salud adaptada a las necesidades y preferencias de cada mujer y familia.<\/p>\n<h2><strong>Los servicios que integra la Escuela de Embarazo y Crianza<\/strong><\/h2>\n<ul>\n<li>\n<h3><strong>Embarazo<\/strong><\/h3>\n<\/li>\n<\/ul>\n<h4><strong><span style=\"color: #c7004b;\">Ginecolog\u00eda y Obstetricia &#8211; Controles de embarazo, atenci\u00f3n al parto y puerperio: <\/span><\/strong><\/h4>\n<p>Seguimiento ginecol\u00f3gico\u00a0 del adecuado progreso del embarazo y\u00a0 el correcto desarrollo del feto. Aunque el ritmo de las visitas depende de cada caso, recomendamos\u00a0 un control mensual con ecograf\u00eda hasta las 32 semanas de embarazo, y con mayor frecuencia conforme se acerca la fecha probable de parto. Contamos con un equipo de ginec\u00f3logos, matronas, anestesistas y neonat\u00f3logos que asistir\u00e1n a las familias en las diferentes fases del parto y durante el puerperio (periodo de recuperaci\u00f3n despu\u00e9s del parto hasta el final de la cuarentena).<\/p>\n<h4><strong><span style=\"color: #c7004b;\">Matrona-Educaci\u00f3n maternal y preparaci\u00f3n preparto:<\/span><\/strong><\/h4>\n<p>Plan de formaci\u00f3n\u00a0 y adquisici\u00f3n de conocimientos y habilidades para ayudar a las futuras madres y sus parejas a desarrollar de la manera m\u00e1s saludable posible la etapa vital del embarazo y el inicio de la maternidad, con la participaci\u00f3n de las propias gestantes y sus familias en el proceso de cuidados de su embarazo, con el fin de mejorar su salud integral y la de los reci\u00e9n nacidos.<\/p>\n<h4><span style=\"color: #c7004b;\"><strong><span style=\"color: #c7004b;\">Ecograf\u00eda 5D: <\/span><\/strong><\/span><\/h4>\n<p>Ecograf\u00eda que permite ver el feto en tres dimensiones y tiempo real, en una experiencia de inmersi\u00f3n con gafas inteligentes full HD, que permiten observar al feto movi\u00e9ndose como si estuvi\u00e9ramos en el interior del \u00fatero, pudiendo ver gestos faciales. Se puede compartir luego con familiares a trav\u00e9s de un APP. Se puede realizar en cualquier momento del embarazo, pero la etapa ideal es entre la semana 26 y 28.<\/p>\n<ul>\n<li>\n<h3><strong>Estilo de vida<\/strong><\/h3>\n<\/li>\n<\/ul>\n<h4><strong><span style=\"color: #c7004b;\">Fisioterapia &#8211; Gimnasia preparto y de recuperaci\u00f3n postparto:<\/span><\/strong><\/h4>\n<p>Ejercicios f\u00edsicos guiados que integran t\u00e9cnicas mixtas de pilates para mantener una buena forma f\u00edsica de las mujeres durante la gestaci\u00f3n, favorecer su pronta recuperaci\u00f3n tras el parto y prevenir y\/o evitar cualquier posible complicaci\u00f3n o secuela durante el parto.<\/p>\n<h4><span style=\"color: #c7004b;\"><strong><span style=\"color: #c7004b;\">Psicolog\u00eda &#8211; Coaching del embarazo:<\/span><\/strong><\/span><\/h4>\n<p>Espacio coordinado por psic\u00f3logas &#8211; coach especializadas en psicolog\u00eda reproductiva, sexualidad, familia, psicopedagog\u00eda y manejo de grupos, que pretende acompa\u00f1ar a las mujeres embarazadas, mediante consultas individuales y talleres experienciales en los que se comparten vivencias y resuelven dudas de forma activa, integral y cercana. En este espacio tienen cabida mujeres solas o acompa\u00f1adas, ya sea por su pareja (en caso de tenerla) o por alguien cercano que desean que las acompa\u00f1e en su embarazo.<\/p>\n<h4><span style=\"color: #c7004b;\"><strong><span style=\"color: #c7004b;\">Grupo de crianza:<\/span><\/strong><\/span><\/h4>\n<p>La Escuela de Embarazo y Crianza tambi\u00e9n integra un Grupo de Crianza. Un espacio coordinado por profesionales de distintas disciplinas que tiene como objetivo acompa\u00f1ar a las familias (madres, padres y parejas) en el proceso de crianza durante el primer a\u00f1o de vida del beb\u00e9.<\/p>\n<p>En el Grupo de Crianza se organizan talleres en los que se comparten vivencias y se resuelven dudas de forma activa, integral y cercana. Facilitado por psic\u00f3logas especializadas en grupos y desarrollo, los talleres est\u00e1n coordinados por uno o varios profesionales de distintas disciplinas en funci\u00f3n de la tem\u00e1tica incluyendo ginecolog\u00eda, neonatolog\u00eda, matronaje, nutrici\u00f3n, fisioterapia, sexolog\u00eda y\u00a0 psicolog\u00eda.<\/p>\n<h4><span style=\"color: #c7004b;\"><strong><span style=\"color: #c7004b;\">Nutrici\u00f3n &#8211; Alimentaci\u00f3n durante el embarazo, lactancia y desarrollo del beb\u00e9: <\/span><\/strong><\/span><\/h4>\n<p>Servicio de asesoramiento diet\u00e9tico-nutricional para la mujer durante el embarazo y la lactancia, incluyendo la incorporaci\u00f3n de la alimentaci\u00f3n complementaria del ni\u00f1o.<\/p>\n<h2><strong>\u00danete a la comunidad de #MadresALaCarrera<\/strong><\/h2>\n<p>La actividad de la Escuela de Crianza estar\u00e1\u00a0 tambi\u00e9n activa virtualmente, con la nueva creaci\u00f3n \u00a0de un <a href=\"https:\/\/www.facebook.com\/groups\/2107079609568345\">grupo privado de Facebook<\/a> y un <a href=\"https:\/\/www.instagram.com\/unidad_mujer_recoletas\/\" target=\"_blank\" rel=\"noopener noreferrer\">canal de Instagram<\/a> en los que todas las personas interesadas en la crianza pueden unirse.<\/p>\n<p>\u00bfHablamos? No dud\u00e9is en compartir vuestra experiencia como #MadresALaCarrera en redes sociales.<\/p>\n<p>En la <a href=\"http:\/\/www.fivrecoletos.com\/escuela-crianza-madres-padres\/\" target=\"_blank\" rel=\"noopener noreferrer\">web de la Escuela de Embarazo y Crianza<\/a> encontrar\u00e1s en detalle la informaci\u00f3n de cada servicio y contenidos interesantes validados por especialistas sobre embarazo y crianza, \u00a1te esperamos!<\/p>\n","protected":false},"excerpt":{"rendered":"<p>El objetivo principal de la Unidad de la Mujer Recoletas es promover la salud de las mujeres en todas las etapas de su vida desde un abordaje multidimensional e integral, siendo uno de los valores fundamentales fomentar una actitud activa de las mujeres en su salud y bienestar mediante la adopci\u00f3n de estilos de vida [&hellip;]<\/p>\n","protected":false},"author":2,"featured_media":0,"comment_status":"closed","ping_status":"closed","sticky":false,"template":"","format":"standard","meta":{"_acf_changed":false,"footnotes":""},"categories":[47],"tags":[],"class_list":["post-14057","post","type-post","status-publish","format-standard","hentry","category-maternidad-y-ginecologia"],"acf":[],"yoast_head":"<!-- This site is optimized with the Yoast SEO Premium plugin v27.3 (Yoast SEO v27.3) - https:\/\/yoast.com\/product\/yoast-seo-premium-wordpress\/ -->\n<title>Abrimos una Escuela de Embarazo y Crianza para madres y padres - Noticias Grupo Recoletas<\/title>\n<meta name=\"description\" content=\"Lanzamos la Escuela de Embarazo y Crianza: un servicio multidisciplinar dedicado a la atenci\u00f3n integral sobre estilos de vida y cuidados materno-infantiles.\" \/>\n<meta name=\"robots\" content=\"index, follow, max-snippet:-1, max-image-preview:large, max-video-preview:-1\" \/>\n<link rel=\"canonical\" href=\"https:\/\/www.gruporecoletas.com\/noticias\/abrimos-una-escuela-embarazo-crianza-madres-padres\/\" \/>\n<meta property=\"og:locale\" content=\"es_ES\" \/>\n<meta property=\"og:type\" content=\"article\" \/>\n<meta property=\"og:title\" content=\"Abrimos una Escuela de Embarazo y Crianza para madres y padres\" \/>\n<meta property=\"og:description\" content=\"Lanzamos la Escuela de Embarazo y Crianza: un servicio multidisciplinar dedicado a la atenci\u00f3n integral sobre estilos de vida y cuidados materno-infantiles.\" \/>\n<meta property=\"og:url\" content=\"https:\/\/www.gruporecoletas.com\/noticias\/abrimos-una-escuela-embarazo-crianza-madres-padres\/\" \/>\n<meta property=\"og:site_name\" content=\"Noticias Grupo Recoletas\" \/>\n<meta property=\"article:publisher\" content=\"https:\/\/www.facebook.com\/GrupoRecoletas\/\" \/>\n<meta property=\"article:published_time\" content=\"2018-07-23T15:17:16+00:00\" \/>\n<meta name=\"author\" content=\"Recoletas Red Hospitalaria\" \/>\n<meta name=\"twitter:card\" content=\"summary_large_image\" \/>\n<meta name=\"twitter:creator\" content=\"@GrupoRecoletas\" \/>\n<meta name=\"twitter:site\" content=\"@GrupoRecoletas\" \/>\n<meta name=\"twitter:label1\" content=\"Escrito por\" \/>\n\t<meta name=\"twitter:data1\" content=\"Recoletas Red Hospitalaria\" \/>\n\t<meta name=\"twitter:label2\" content=\"Tiempo de lectura\" \/>\n\t<meta name=\"twitter:data2\" content=\"5 minutos\" \/>\n<script type=\"application\/ld+json\" class=\"yoast-schema-graph\">{\"@context\":\"https:\\\/\\\/schema.org\",\"@graph\":[{\"@type\":\"Article\",\"@id\":\"https:\\\/\\\/www.gruporecoletas.com\\\/noticias\\\/abrimos-una-escuela-embarazo-crianza-madres-padres\\\/#article\",\"isPartOf\":{\"@id\":\"https:\\\/\\\/www.gruporecoletas.com\\\/noticias\\\/abrimos-una-escuela-embarazo-crianza-madres-padres\\\/\"},\"author\":{\"name\":\"Recoletas Red Hospitalaria\",\"@id\":\"https:\\\/\\\/www.gruporecoletas.com\\\/noticias\\\/#\\\/schema\\\/person\\\/3c6ac429828d1f5e3d3bd99f4da9b02c\"},\"headline\":\"Abrimos una Escuela de Embarazo y Crianza para madres y padres\",\"datePublished\":\"2018-07-23T15:17:16+00:00\",\"mainEntityOfPage\":{\"@id\":\"https:\\\/\\\/www.gruporecoletas.com\\\/noticias\\\/abrimos-una-escuela-embarazo-crianza-madres-padres\\\/\"},\"wordCount\":1073,\"image\":{\"@id\":\"https:\\\/\\\/www.gruporecoletas.com\\\/noticias\\\/abrimos-una-escuela-embarazo-crianza-madres-padres\\\/#primaryimage\"},\"thumbnailUrl\":\"http:\\\/\\\/www.fivrecoletos.com\\\/wp-content\\\/uploads\\\/2018\\\/07\\\/Logotipo-Crianza-03.png\",\"articleSection\":[\"Maternidad y ginecolog\u00eda\"],\"inLanguage\":\"es\"},{\"@type\":\"WebPage\",\"@id\":\"https:\\\/\\\/www.gruporecoletas.com\\\/noticias\\\/abrimos-una-escuela-embarazo-crianza-madres-padres\\\/\",\"url\":\"https:\\\/\\\/www.gruporecoletas.com\\\/noticias\\\/abrimos-una-escuela-embarazo-crianza-madres-padres\\\/\",\"name\":\"Abrimos una Escuela de Embarazo y Crianza para madres y padres - Noticias Grupo Recoletas\",\"isPartOf\":{\"@id\":\"https:\\\/\\\/www.gruporecoletas.com\\\/noticias\\\/#website\"},\"primaryImageOfPage\":{\"@id\":\"https:\\\/\\\/www.gruporecoletas.com\\\/noticias\\\/abrimos-una-escuela-embarazo-crianza-madres-padres\\\/#primaryimage\"},\"image\":{\"@id\":\"https:\\\/\\\/www.gruporecoletas.com\\\/noticias\\\/abrimos-una-escuela-embarazo-crianza-madres-padres\\\/#primaryimage\"},\"thumbnailUrl\":\"http:\\\/\\\/www.fivrecoletos.com\\\/wp-content\\\/uploads\\\/2018\\\/07\\\/Logotipo-Crianza-03.png\",\"datePublished\":\"2018-07-23T15:17:16+00:00\",\"author\":{\"@id\":\"https:\\\/\\\/www.gruporecoletas.com\\\/noticias\\\/#\\\/schema\\\/person\\\/3c6ac429828d1f5e3d3bd99f4da9b02c\"},\"description\":\"Lanzamos la Escuela de Embarazo y Crianza: un servicio multidisciplinar dedicado a la atenci\u00f3n integral sobre estilos de vida y cuidados materno-infantiles.\",\"breadcrumb\":{\"@id\":\"https:\\\/\\\/www.gruporecoletas.com\\\/noticias\\\/abrimos-una-escuela-embarazo-crianza-madres-padres\\\/#breadcrumb\"},\"inLanguage\":\"es\",\"potentialAction\":[{\"@type\":\"ReadAction\",\"target\":[\"https:\\\/\\\/www.gruporecoletas.com\\\/noticias\\\/abrimos-una-escuela-embarazo-crianza-madres-padres\\\/\"]}]},{\"@type\":\"ImageObject\",\"inLanguage\":\"es\",\"@id\":\"https:\\\/\\\/www.gruporecoletas.com\\\/noticias\\\/abrimos-una-escuela-embarazo-crianza-madres-padres\\\/#primaryimage\",\"url\":\"http:\\\/\\\/www.fivrecoletos.com\\\/wp-content\\\/uploads\\\/2018\\\/07\\\/Logotipo-Crianza-03.png\",\"contentUrl\":\"http:\\\/\\\/www.fivrecoletos.com\\\/wp-content\\\/uploads\\\/2018\\\/07\\\/Logotipo-Crianza-03.png\"},{\"@type\":\"BreadcrumbList\",\"@id\":\"https:\\\/\\\/www.gruporecoletas.com\\\/noticias\\\/abrimos-una-escuela-embarazo-crianza-madres-padres\\\/#breadcrumb\",\"itemListElement\":[{\"@type\":\"ListItem\",\"position\":1,\"name\":\"Portada\",\"item\":\"https:\\\/\\\/www.gruporecoletas.com\\\/noticias\\\/\"},{\"@type\":\"ListItem\",\"position\":2,\"name\":\"Abrimos una Escuela de Embarazo y Crianza para madres y padres\"}]},{\"@type\":\"WebSite\",\"@id\":\"https:\\\/\\\/www.gruporecoletas.com\\\/noticias\\\/#website\",\"url\":\"https:\\\/\\\/www.gruporecoletas.com\\\/noticias\\\/\",\"name\":\"Noticias Grupo Recoletas\",\"description\":\"Grupo Recoletas\",\"potentialAction\":[{\"@type\":\"SearchAction\",\"target\":{\"@type\":\"EntryPoint\",\"urlTemplate\":\"https:\\\/\\\/www.gruporecoletas.com\\\/noticias\\\/?s={search_term_string}\"},\"query-input\":{\"@type\":\"PropertyValueSpecification\",\"valueRequired\":true,\"valueName\":\"search_term_string\"}}],\"inLanguage\":\"es\"},{\"@type\":\"Person\",\"@id\":\"https:\\\/\\\/www.gruporecoletas.com\\\/noticias\\\/#\\\/schema\\\/person\\\/3c6ac429828d1f5e3d3bd99f4da9b02c\",\"name\":\"Recoletas Red Hospitalaria\",\"url\":\"https:\\\/\\\/www.gruporecoletas.com\\\/noticias\\\/author\\\/comunicacion\\\/\"}]}<\/script>\n<!-- \/ Yoast SEO Premium plugin. -->","yoast_head_json":{"title":"Abrimos una Escuela de Embarazo y Crianza para madres y padres - Noticias Grupo Recoletas","description":"Lanzamos la Escuela de Embarazo y Crianza: un servicio multidisciplinar dedicado a la atenci\u00f3n integral sobre estilos de vida y cuidados materno-infantiles.","robots":{"index":"index","follow":"follow","max-snippet":"max-snippet:-1","max-image-preview":"max-image-preview:large","max-video-preview":"max-video-preview:-1"},"canonical":"https:\/\/www.gruporecoletas.com\/noticias\/abrimos-una-escuela-embarazo-crianza-madres-padres\/","og_locale":"es_ES","og_type":"article","og_title":"Abrimos una Escuela de Embarazo y Crianza para madres y padres","og_description":"Lanzamos la Escuela de Embarazo y Crianza: un servicio multidisciplinar dedicado a la atenci\u00f3n integral sobre estilos de vida y cuidados materno-infantiles.","og_url":"https:\/\/www.gruporecoletas.com\/noticias\/abrimos-una-escuela-embarazo-crianza-madres-padres\/","og_site_name":"Noticias Grupo Recoletas","article_publisher":"https:\/\/www.facebook.com\/GrupoRecoletas\/","article_published_time":"2018-07-23T15:17:16+00:00","author":"Recoletas Red Hospitalaria","twitter_card":"summary_large_image","twitter_creator":"@GrupoRecoletas","twitter_site":"@GrupoRecoletas","twitter_misc":{"Escrito por":"Recoletas Red Hospitalaria","Tiempo de lectura":"5 minutos"},"schema":{"@context":"https:\/\/schema.org","@graph":[{"@type":"Article","@id":"https:\/\/www.gruporecoletas.com\/noticias\/abrimos-una-escuela-embarazo-crianza-madres-padres\/#article","isPartOf":{"@id":"https:\/\/www.gruporecoletas.com\/noticias\/abrimos-una-escuela-embarazo-crianza-madres-padres\/"},"author":{"name":"Recoletas Red Hospitalaria","@id":"https:\/\/www.gruporecoletas.com\/noticias\/#\/schema\/person\/3c6ac429828d1f5e3d3bd99f4da9b02c"},"headline":"Abrimos una Escuela de Embarazo y Crianza para madres y padres","datePublished":"2018-07-23T15:17:16+00:00","mainEntityOfPage":{"@id":"https:\/\/www.gruporecoletas.com\/noticias\/abrimos-una-escuela-embarazo-crianza-madres-padres\/"},"wordCount":1073,"image":{"@id":"https:\/\/www.gruporecoletas.com\/noticias\/abrimos-una-escuela-embarazo-crianza-madres-padres\/#primaryimage"},"thumbnailUrl":"http:\/\/www.fivrecoletos.com\/wp-content\/uploads\/2018\/07\/Logotipo-Crianza-03.png","articleSection":["Maternidad y ginecolog\u00eda"],"inLanguage":"es"},{"@type":"WebPage","@id":"https:\/\/www.gruporecoletas.com\/noticias\/abrimos-una-escuela-embarazo-crianza-madres-padres\/","url":"https:\/\/www.gruporecoletas.com\/noticias\/abrimos-una-escuela-embarazo-crianza-madres-padres\/","name":"Abrimos una Escuela de Embarazo y Crianza para madres y padres - Noticias Grupo Recoletas","isPartOf":{"@id":"https:\/\/www.gruporecoletas.com\/noticias\/#website"},"primaryImageOfPage":{"@id":"https:\/\/www.gruporecoletas.com\/noticias\/abrimos-una-escuela-embarazo-crianza-madres-padres\/#primaryimage"},"image":{"@id":"https:\/\/www.gruporecoletas.com\/noticias\/abrimos-una-escuela-embarazo-crianza-madres-padres\/#primaryimage"},"thumbnailUrl":"http:\/\/www.fivrecoletos.com\/wp-content\/uploads\/2018\/07\/Logotipo-Crianza-03.png","datePublished":"2018-07-23T15:17:16+00:00","author":{"@id":"https:\/\/www.gruporecoletas.com\/noticias\/#\/schema\/person\/3c6ac429828d1f5e3d3bd99f4da9b02c"},"description":"Lanzamos la Escuela de Embarazo y Crianza: un servicio multidisciplinar dedicado a la atenci\u00f3n integral sobre estilos de vida y cuidados materno-infantiles.","breadcrumb":{"@id":"https:\/\/www.gruporecoletas.com\/noticias\/abrimos-una-escuela-embarazo-crianza-madres-padres\/#breadcrumb"},"inLanguage":"es","potentialAction":[{"@type":"ReadAction","target":["https:\/\/www.gruporecoletas.com\/noticias\/abrimos-una-escuela-embarazo-crianza-madres-padres\/"]}]},{"@type":"ImageObject","inLanguage":"es","@id":"https:\/\/www.gruporecoletas.com\/noticias\/abrimos-una-escuela-embarazo-crianza-madres-padres\/#primaryimage","url":"http:\/\/www.fivrecoletos.com\/wp-content\/uploads\/2018\/07\/Logotipo-Crianza-03.png","contentUrl":"http:\/\/www.fivrecoletos.com\/wp-content\/uploads\/2018\/07\/Logotipo-Crianza-03.png"},{"@type":"BreadcrumbList","@id":"https:\/\/www.gruporecoletas.com\/noticias\/abrimos-una-escuela-embarazo-crianza-madres-padres\/#breadcrumb","itemListElement":[{"@type":"ListItem","position":1,"name":"Portada","item":"https:\/\/www.gruporecoletas.com\/noticias\/"},{"@type":"ListItem","position":2,"name":"Abrimos una Escuela de Embarazo y Crianza para madres y padres"}]},{"@type":"WebSite","@id":"https:\/\/www.gruporecoletas.com\/noticias\/#website","url":"https:\/\/www.gruporecoletas.com\/noticias\/","name":"Noticias Grupo Recoletas","description":"Grupo Recoletas","potentialAction":[{"@type":"SearchAction","target":{"@type":"EntryPoint","urlTemplate":"https:\/\/www.gruporecoletas.com\/noticias\/?s={search_term_string}"},"query-input":{"@type":"PropertyValueSpecification","valueRequired":true,"valueName":"search_term_string"}}],"inLanguage":"es"},{"@type":"Person","@id":"https:\/\/www.gruporecoletas.com\/noticias\/#\/schema\/person\/3c6ac429828d1f5e3d3bd99f4da9b02c","name":"Recoletas Red Hospitalaria","url":"https:\/\/www.gruporecoletas.com\/noticias\/author\/comunicacion\/"}]}},"_links":{"self":[{"href":"https:\/\/www.gruporecoletas.com\/noticias\/wp-json\/wp\/v2\/posts\/14057","targetHints":{"allow":["GET"]}}],"collection":[{"href":"https:\/\/www.gruporecoletas.com\/noticias\/wp-json\/wp\/v2\/posts"}],"about":[{"href":"https:\/\/www.gruporecoletas.com\/noticias\/wp-json\/wp\/v2\/types\/post"}],"author":[{"embeddable":true,"href":"https:\/\/www.gruporecoletas.com\/noticias\/wp-json\/wp\/v2\/users\/2"}],"replies":[{"embeddable":true,"href":"https:\/\/www.gruporecoletas.com\/noticias\/wp-json\/wp\/v2\/comments?post=14057"}],"version-history":[{"count":0,"href":"https:\/\/www.gruporecoletas.com\/noticias\/wp-json\/wp\/v2\/posts\/14057\/revisions"}],"wp:attachment":[{"href":"https:\/\/www.gruporecoletas.com\/noticias\/wp-json\/wp\/v2\/media?parent=14057"}],"wp:term":[{"taxonomy":"category","embeddable":true,"href":"https:\/\/www.gruporecoletas.com\/noticias\/wp-json\/wp\/v2\/categories?post=14057"},{"taxonomy":"post_tag","embeddable":true,"href":"https:\/\/www.gruporecoletas.com\/noticias\/wp-json\/wp\/v2\/tags?post=14057"}],"curies":[{"name":"wp","href":"https:\/\/api.w.org\/{rel}","templated":true}]}}