{"id":14089,"date":"2021-04-29T12:03:33","date_gmt":"2021-04-29T10:03:33","guid":{"rendered":"https:\/\/www.gruporecoletas.com\/noticias\/rutina-sueno-bebe\/"},"modified":"2021-04-29T12:03:33","modified_gmt":"2021-04-29T10:03:33","slug":"rutina-sueno-bebe","status":"publish","type":"post","link":"https:\/\/www.gruporecoletas.com\/noticias\/rutina-sueno-bebe\/","title":{"rendered":"Sue\u00f1o de los beb\u00e9s: c\u00f3mo es la rutina de sue\u00f1o de un beb\u00e9"},"content":{"rendered":"<p>\u00a0<\/p>\n<p><em>Informaci\u00f3n redactada por Mar\u00eda Antonia Montes, matrona de la Escuela de Embarazo y Crianza<\/em> <em>de la Unidad de la Mujer Recoletas.<\/em><\/p>\n<p>Entre las numerosas dudas que surgen para las familias ante el nacimiento y la crianza de un beb\u00e9, afrontar el sue\u00f1o constituye una de las que causan preocupaci\u00f3n. Las consecuencias de un sue\u00f1o deficiente o alterado en un beb\u00e9 pueden afectar al bienestar de la familia. Por eso en este post, vamos a analizar todas las cuestiones relacionadas con el sue\u00f1o de los beb\u00e9s, para que los padres comprendan mejor c\u00f3mo duerme su hijo y puedan afrontar el tema de la mejor forma posible.<!--more--><\/p>\n<p>Los beb\u00e9s, como los ni\u00f1os y ni\u00f1as y los adultos, presentan distintos patrones de sue\u00f1o:<\/p>\n<ul>\n<li><strong>Fases de somnolencia<\/strong>: parece que luchan para no quedarse dormidos mientras sus p\u00e1rpados se cierran.<\/li>\n<li><strong>Sue\u00f1o liviano con movimientos y sobresaltos:<\/strong> fase REM en la que se sue\u00f1a.<\/li>\n<li><strong>Sue\u00f1o profundo:<\/strong> no se despiertan, aunque haya ruidos a su alrededor.<\/li>\n<\/ul>\n<h2><strong>Rutina de sue\u00f1o de los beb\u00e9s<\/strong><\/h2>\n<p>Los beb\u00e9s pueden pasar casi la mitad de su tiempo total de sue\u00f1o en fase REM, y \u00e9sta disminuye a medida que crecen.<\/p>\n<p>Los reci\u00e9n nacidos duermen de 15 a 20 horas diarias, despert\u00e1ndose cada 3 o 4 horas para comer. Poco a poco pasan m\u00e1s tiempo despiertos, y sus periodos de actividad van aumentando seg\u00fan van creciendo. No distinguen entre el d\u00eda y la noche hasta los 4 meses y alrededor de los 6 meses pueden establecer una pauta regular de sue\u00f1o.<\/p>\n<p>Sin embargo, cada ni\u00f1o tiene su ciclo de sue\u00f1o espec\u00edfico y diferente, el tiempo total de sue\u00f1o y su distribuci\u00f3n es variable, y puede no coincidir con lo que nos gustar\u00eda. La cantidad y la calidad del sue\u00f1o de los lactantes afecta al bienestar de toda la familia.<\/p>\n<h2><strong>Pautas que pueden ayudar a mejorar las horas de sue\u00f1o de un beb\u00e9<\/strong><\/h2>\n<p>Nadie tiene un manual de instrucciones para que el beb\u00e9 aprenda a dormir y no a todos los padres les dan resultados los mismos consejos. La tranquilidad y la paciencia de los padres o cuidadores ante las dificultades del beb\u00e9 para conciliar el sue\u00f1o ser\u00e1n de gran utilidad. Aqu\u00ed dejamos algunas pautas que pueden ayudar a mejorar las horas de sue\u00f1o de un beb\u00e9:<\/p>\n<ul>\n<li>Habitaci\u00f3n aireada y con temperatura agradable<\/li>\n<li>No abrigarlos en exceso, y facilitar su movimiento<\/li>\n<li>Los beb\u00e9s alimentados al pecho se suelen dormir al saciarse, y pueden hacer tomas no nutritivas que les ayudan a conciliar el sue\u00f1o<\/li>\n<li>El uso del chupete en los alimentados con leches de f\u00f3rmula<\/li>\n<li>Crear rituales que favorezcan el inicio del sue\u00f1o: ba\u00f1o, masaje, canto, m\u00fasica suave: estos rituales van a ser importantes cuando el beb\u00e9 crezca y aumente su tiempo de vigilia<\/li>\n<li>Evitar est\u00edmulos antes de dormir: sonidos, juegos, actividad<\/li>\n<li>A partir de los 6 meses: intentar que su \u00faltima comida sea alrededor de las 20 o 21 horas y procurar que aprendan a acostarse temprano<\/li>\n<li>Si queremos despertar a nuestro beb\u00e9, conviene hacerlo con est\u00edmulos suaves, nunca bruscamente<\/li>\n<\/ul>\n<h2><strong>Prevenci\u00f3n de la muerte s\u00fabita del lactante <\/strong><\/h2>\n<p>Una de las mayores preocupaciones de padres y madres en referencia al sue\u00f1o de sus beb\u00e9s es la prevenci\u00f3n de la Muerte S\u00fabita del Lactante (SMSL).<\/p>\n<p>\u00bfQu\u00e9 es la Muerte S\u00fabita del Lactante? Se define como: \u201cMuerte s\u00fabita de un ni\u00f1o de menos de un a\u00f1o, que ocurre aparentemente durante el sue\u00f1o y que permanece sin explicaci\u00f3n a pesar de ser investigada minuciosamente\u201d<\/p>\n<p>Asimismo, seg\u00fan la Asociaci\u00f3n Espa\u00f1ola de Pediatr\u00eda (AEP): \u201cel SMSL tiene lugar en beb\u00e9s aparentemente sanos. La incidencia es de uno a tres por cada mil beb\u00e9s reci\u00e9n nacidos, y aunque su causa es desconocida, con el transcurso del tiempo se han identificado situaciones que disminuyen el riesgo del SMSL\u201d.<\/p>\n<p>La posici\u00f3n del beb\u00e9 al dormir en dec\u00fabito supino (boca arriba, acostado sobre su espalda) es la que se ha revelado como mayor factor de protecci\u00f3n, pues se ha logrado disminuir significativamente el n\u00famero de casos, en comparaci\u00f3n a cuando se aconsejaba que los beb\u00e9s durmieran en dec\u00fabito prono (boca abajo, sobre el abdomen).<\/p>\n<h2><strong>Recomendaciones para prevenir la SMSL<\/strong><\/h2>\n<ul>\n<li>El beb\u00e9 debe dormir descansando sobre su espalda, en su cuna, y cerca de sus padres o cuidadores. Se aconseja compartir dormitorio.<\/li>\n<\/ul>\n<ul>\n<li>Evitar el calor excesivo. Utilizar mantas ligeras que permitan el movimiento del beb\u00e9 y evitar que la ropa cubra su cara, no se debe arropar en exceso.<\/li>\n<\/ul>\n<ul>\n<li>El colch\u00f3n del beb\u00e9 debe ser r\u00edgido; evite los edredones, almohadas o juguetes blandos en la cuna<\/li>\n<\/ul>\n<ul>\n<li>Evitar que se fume donde est\u00e9 el ni\u00f1o.<\/li>\n<li>La lactancia materna tiene un efecto protector sobre el SMSL<\/li>\n<li>Se recomienda el uso del chupete para dormir en los beb\u00e9s alimentados artificialmente, y a partir del primer mes en los alimentados al pecho.<\/li>\n<\/ul>\n<h2><strong>C\u00f3mo hacer colecho seguro<\/strong><\/h2>\n<p>El colecho es la pr\u00e1ctica en la que el beb\u00e9 duerme en la misma cama que la madre<\/p>\n<p>La lactancia materna tiene un efecto protector frente al SMSL y el colecho es una pr\u00e1ctica beneficiosa para el mantenimiento de la lactancia materna, pero tambi\u00e9n se considera un factor que aumenta el riesgo de SMSL. Por ello la AEP no lo recomienda en: menores de tres meses, prematuros, padres que consuman alcohol, tabaco, drogas o sedantes, o con cansancio extremo.<\/p>\n<p>Adem\u00e1s, las cunas de colecho constituyen una opci\u00f3n intermedia recomendable.<\/p>\n<p>El sue\u00f1o de los beb\u00e9s es una de las cuestiones que m\u00e1s dudas suscitan entre los padres y madres primerizos, por lo que conocer todas las fases del sue\u00f1o de un beb\u00e9 y los h\u00e1bitos de sue\u00f1o habituales entre los reci\u00e9n nacidos es de gran ayuda para deshacer tab\u00faes y mitos.<\/p>\n<p>Conocer otros padres con las mismas preocupaciones y contar con el asesoramiento de <a href=\"https:\/\/www.gruporecoletas.com\/centros-medicos\/unidad-mujer-recoletas\/\" rel=\"noopener noreferrer\">especialistas<\/a> es clave para sobrellevar esta etapa de la mejor manera posible. En nuestra <a href=\"https:\/\/www.gruporecoletas.com\/centros-medicos\/unidad-mujer-recoletas\/\" target=\"_blank\" rel=\"noopener noreferrer\">Unidad de la Mujer Recoletas<\/a> resolveremos todas tus dudas y te ayudaremos a afrontar la maternidad con tranquilidad y seguridad.\u00a0<\/p>\n\n\n<p><\/p>\n","protected":false},"excerpt":{"rendered":"<p>\u00a0 Informaci\u00f3n redactada por Mar\u00eda Antonia Montes, matrona de la Escuela de Embarazo y Crianza de la Unidad de la Mujer Recoletas. Entre las numerosas dudas que surgen para las familias ante el nacimiento y la crianza de un beb\u00e9, afrontar el sue\u00f1o constituye una de las que causan preocupaci\u00f3n. Las consecuencias de un sue\u00f1o [&hellip;]<\/p>\n","protected":false},"author":2,"featured_media":14626,"comment_status":"closed","ping_status":"closed","sticky":false,"template":"","format":"standard","meta":{"_acf_changed":false,"footnotes":""},"categories":[47],"tags":[],"class_list":["post-14089","post","type-post","status-publish","format-standard","has-post-thumbnail","hentry","category-maternidad-y-ginecologia"],"acf":[],"yoast_head":"<!-- This site is optimized with the Yoast SEO Premium plugin v27.3 (Yoast SEO v27.3) - https:\/\/yoast.com\/product\/yoast-seo-premium-wordpress\/ -->\n<title>Sue\u00f1o de los beb\u00e9s: c\u00f3mo es la rutina de sue\u00f1o de un beb\u00e9 - Recoletas<\/title>\n<meta name=\"description\" content=\"Entre las dudas que surgen para las familias ante el nacimiento y la crianza de un beb\u00e9, afrontar el sue\u00f1o constituye una de las que causan preocupaci\u00f3n.\" \/>\n<meta name=\"robots\" content=\"index, follow, max-snippet:-1, max-image-preview:large, max-video-preview:-1\" \/>\n<link rel=\"canonical\" href=\"https:\/\/www.gruporecoletas.com\/noticias\/rutina-sueno-bebe\/\" \/>\n<meta property=\"og:locale\" content=\"es_ES\" \/>\n<meta property=\"og:type\" content=\"article\" \/>\n<meta property=\"og:title\" content=\"Sue\u00f1o de los beb\u00e9s: c\u00f3mo es la rutina de sue\u00f1o de un beb\u00e9\" \/>\n<meta property=\"og:description\" content=\"Entre las dudas que surgen para las familias ante el nacimiento y la crianza de un beb\u00e9, afrontar el sue\u00f1o constituye una de las que causan preocupaci\u00f3n.\" \/>\n<meta property=\"og:url\" content=\"https:\/\/www.gruporecoletas.com\/noticias\/rutina-sueno-bebe\/\" \/>\n<meta property=\"og:site_name\" content=\"Noticias Grupo Recoletas\" \/>\n<meta property=\"article:publisher\" content=\"https:\/\/www.facebook.com\/GrupoRecoletas\/\" \/>\n<meta property=\"article:published_time\" content=\"2021-04-29T10:03:33+00:00\" \/>\n<meta property=\"og:image\" content=\"https:\/\/www.gruporecoletas.com\/noticias\/wp-content\/uploads\/2018\/11\/rutina-sueno-bebe.jpg\" \/>\n\t<meta property=\"og:image:width\" content=\"800\" \/>\n\t<meta property=\"og:image:height\" content=\"530\" \/>\n\t<meta property=\"og:image:type\" content=\"image\/jpeg\" \/>\n<meta name=\"author\" content=\"Recoletas Red Hospitalaria\" \/>\n<meta name=\"twitter:card\" content=\"summary_large_image\" \/>\n<meta name=\"twitter:creator\" content=\"@GrupoRecoletas\" \/>\n<meta name=\"twitter:site\" content=\"@GrupoRecoletas\" \/>\n<meta name=\"twitter:label1\" content=\"Escrito por\" \/>\n\t<meta name=\"twitter:data1\" content=\"Recoletas Red Hospitalaria\" \/>\n\t<meta name=\"twitter:label2\" content=\"Tiempo de lectura\" \/>\n\t<meta name=\"twitter:data2\" content=\"5 minutos\" \/>\n<script type=\"application\/ld+json\" class=\"yoast-schema-graph\">{\"@context\":\"https:\\\/\\\/schema.org\",\"@graph\":[{\"@type\":\"Article\",\"@id\":\"https:\\\/\\\/www.gruporecoletas.com\\\/noticias\\\/rutina-sueno-bebe\\\/#article\",\"isPartOf\":{\"@id\":\"https:\\\/\\\/www.gruporecoletas.com\\\/noticias\\\/rutina-sueno-bebe\\\/\"},\"author\":{\"name\":\"Recoletas Red Hospitalaria\",\"@id\":\"https:\\\/\\\/www.gruporecoletas.com\\\/noticias\\\/#\\\/schema\\\/person\\\/3c6ac429828d1f5e3d3bd99f4da9b02c\"},\"headline\":\"Sue\u00f1o de los beb\u00e9s: c\u00f3mo es la rutina de sue\u00f1o de un beb\u00e9\",\"datePublished\":\"2021-04-29T10:03:33+00:00\",\"mainEntityOfPage\":{\"@id\":\"https:\\\/\\\/www.gruporecoletas.com\\\/noticias\\\/rutina-sueno-bebe\\\/\"},\"wordCount\":1073,\"image\":{\"@id\":\"https:\\\/\\\/www.gruporecoletas.com\\\/noticias\\\/rutina-sueno-bebe\\\/#primaryimage\"},\"thumbnailUrl\":\"https:\\\/\\\/www.gruporecoletas.com\\\/noticias\\\/wp-content\\\/uploads\\\/2018\\\/11\\\/rutina-sueno-bebe.jpg\",\"articleSection\":[\"Maternidad y ginecolog\u00eda\"],\"inLanguage\":\"es\"},{\"@type\":\"WebPage\",\"@id\":\"https:\\\/\\\/www.gruporecoletas.com\\\/noticias\\\/rutina-sueno-bebe\\\/\",\"url\":\"https:\\\/\\\/www.gruporecoletas.com\\\/noticias\\\/rutina-sueno-bebe\\\/\",\"name\":\"Sue\u00f1o de los beb\u00e9s: c\u00f3mo es la rutina de sue\u00f1o de un beb\u00e9 - Recoletas\",\"isPartOf\":{\"@id\":\"https:\\\/\\\/www.gruporecoletas.com\\\/noticias\\\/#website\"},\"primaryImageOfPage\":{\"@id\":\"https:\\\/\\\/www.gruporecoletas.com\\\/noticias\\\/rutina-sueno-bebe\\\/#primaryimage\"},\"image\":{\"@id\":\"https:\\\/\\\/www.gruporecoletas.com\\\/noticias\\\/rutina-sueno-bebe\\\/#primaryimage\"},\"thumbnailUrl\":\"https:\\\/\\\/www.gruporecoletas.com\\\/noticias\\\/wp-content\\\/uploads\\\/2018\\\/11\\\/rutina-sueno-bebe.jpg\",\"datePublished\":\"2021-04-29T10:03:33+00:00\",\"author\":{\"@id\":\"https:\\\/\\\/www.gruporecoletas.com\\\/noticias\\\/#\\\/schema\\\/person\\\/3c6ac429828d1f5e3d3bd99f4da9b02c\"},\"description\":\"Entre las dudas que surgen para las familias ante el nacimiento y la crianza de un beb\u00e9, afrontar el sue\u00f1o constituye una de las que causan preocupaci\u00f3n.\",\"breadcrumb\":{\"@id\":\"https:\\\/\\\/www.gruporecoletas.com\\\/noticias\\\/rutina-sueno-bebe\\\/#breadcrumb\"},\"inLanguage\":\"es\",\"potentialAction\":[{\"@type\":\"ReadAction\",\"target\":[\"https:\\\/\\\/www.gruporecoletas.com\\\/noticias\\\/rutina-sueno-bebe\\\/\"]}]},{\"@type\":\"ImageObject\",\"inLanguage\":\"es\",\"@id\":\"https:\\\/\\\/www.gruporecoletas.com\\\/noticias\\\/rutina-sueno-bebe\\\/#primaryimage\",\"url\":\"https:\\\/\\\/www.gruporecoletas.com\\\/noticias\\\/wp-content\\\/uploads\\\/2018\\\/11\\\/rutina-sueno-bebe.jpg\",\"contentUrl\":\"https:\\\/\\\/www.gruporecoletas.com\\\/noticias\\\/wp-content\\\/uploads\\\/2018\\\/11\\\/rutina-sueno-bebe.jpg\",\"width\":800,\"height\":530},{\"@type\":\"BreadcrumbList\",\"@id\":\"https:\\\/\\\/www.gruporecoletas.com\\\/noticias\\\/rutina-sueno-bebe\\\/#breadcrumb\",\"itemListElement\":[{\"@type\":\"ListItem\",\"position\":1,\"name\":\"Portada\",\"item\":\"https:\\\/\\\/www.gruporecoletas.com\\\/noticias\\\/\"},{\"@type\":\"ListItem\",\"position\":2,\"name\":\"Sue\u00f1o de los beb\u00e9s: c\u00f3mo es la rutina de sue\u00f1o de un beb\u00e9\"}]},{\"@type\":\"WebSite\",\"@id\":\"https:\\\/\\\/www.gruporecoletas.com\\\/noticias\\\/#website\",\"url\":\"https:\\\/\\\/www.gruporecoletas.com\\\/noticias\\\/\",\"name\":\"Noticias Grupo Recoletas\",\"description\":\"Grupo Recoletas\",\"potentialAction\":[{\"@type\":\"SearchAction\",\"target\":{\"@type\":\"EntryPoint\",\"urlTemplate\":\"https:\\\/\\\/www.gruporecoletas.com\\\/noticias\\\/?s={search_term_string}\"},\"query-input\":{\"@type\":\"PropertyValueSpecification\",\"valueRequired\":true,\"valueName\":\"search_term_string\"}}],\"inLanguage\":\"es\"},{\"@type\":\"Person\",\"@id\":\"https:\\\/\\\/www.gruporecoletas.com\\\/noticias\\\/#\\\/schema\\\/person\\\/3c6ac429828d1f5e3d3bd99f4da9b02c\",\"name\":\"Recoletas Red Hospitalaria\",\"url\":\"https:\\\/\\\/www.gruporecoletas.com\\\/noticias\\\/author\\\/comunicacion\\\/\"}]}<\/script>\n<!-- \/ Yoast SEO Premium plugin. -->","yoast_head_json":{"title":"Sue\u00f1o de los beb\u00e9s: c\u00f3mo es la rutina de sue\u00f1o de un beb\u00e9 - Recoletas","description":"Entre las dudas que surgen para las familias ante el nacimiento y la crianza de un beb\u00e9, afrontar el sue\u00f1o constituye una de las que causan preocupaci\u00f3n.","robots":{"index":"index","follow":"follow","max-snippet":"max-snippet:-1","max-image-preview":"max-image-preview:large","max-video-preview":"max-video-preview:-1"},"canonical":"https:\/\/www.gruporecoletas.com\/noticias\/rutina-sueno-bebe\/","og_locale":"es_ES","og_type":"article","og_title":"Sue\u00f1o de los beb\u00e9s: c\u00f3mo es la rutina de sue\u00f1o de un beb\u00e9","og_description":"Entre las dudas que surgen para las familias ante el nacimiento y la crianza de un beb\u00e9, afrontar el sue\u00f1o constituye una de las que causan preocupaci\u00f3n.","og_url":"https:\/\/www.gruporecoletas.com\/noticias\/rutina-sueno-bebe\/","og_site_name":"Noticias Grupo Recoletas","article_publisher":"https:\/\/www.facebook.com\/GrupoRecoletas\/","article_published_time":"2021-04-29T10:03:33+00:00","og_image":[{"width":800,"height":530,"url":"https:\/\/www.gruporecoletas.com\/noticias\/wp-content\/uploads\/2018\/11\/rutina-sueno-bebe.jpg","type":"image\/jpeg"}],"author":"Recoletas Red Hospitalaria","twitter_card":"summary_large_image","twitter_creator":"@GrupoRecoletas","twitter_site":"@GrupoRecoletas","twitter_misc":{"Escrito por":"Recoletas Red Hospitalaria","Tiempo de lectura":"5 minutos"},"schema":{"@context":"https:\/\/schema.org","@graph":[{"@type":"Article","@id":"https:\/\/www.gruporecoletas.com\/noticias\/rutina-sueno-bebe\/#article","isPartOf":{"@id":"https:\/\/www.gruporecoletas.com\/noticias\/rutina-sueno-bebe\/"},"author":{"name":"Recoletas Red Hospitalaria","@id":"https:\/\/www.gruporecoletas.com\/noticias\/#\/schema\/person\/3c6ac429828d1f5e3d3bd99f4da9b02c"},"headline":"Sue\u00f1o de los beb\u00e9s: c\u00f3mo es la rutina de sue\u00f1o de un beb\u00e9","datePublished":"2021-04-29T10:03:33+00:00","mainEntityOfPage":{"@id":"https:\/\/www.gruporecoletas.com\/noticias\/rutina-sueno-bebe\/"},"wordCount":1073,"image":{"@id":"https:\/\/www.gruporecoletas.com\/noticias\/rutina-sueno-bebe\/#primaryimage"},"thumbnailUrl":"https:\/\/www.gruporecoletas.com\/noticias\/wp-content\/uploads\/2018\/11\/rutina-sueno-bebe.jpg","articleSection":["Maternidad y ginecolog\u00eda"],"inLanguage":"es"},{"@type":"WebPage","@id":"https:\/\/www.gruporecoletas.com\/noticias\/rutina-sueno-bebe\/","url":"https:\/\/www.gruporecoletas.com\/noticias\/rutina-sueno-bebe\/","name":"Sue\u00f1o de los beb\u00e9s: c\u00f3mo es la rutina de sue\u00f1o de un beb\u00e9 - Recoletas","isPartOf":{"@id":"https:\/\/www.gruporecoletas.com\/noticias\/#website"},"primaryImageOfPage":{"@id":"https:\/\/www.gruporecoletas.com\/noticias\/rutina-sueno-bebe\/#primaryimage"},"image":{"@id":"https:\/\/www.gruporecoletas.com\/noticias\/rutina-sueno-bebe\/#primaryimage"},"thumbnailUrl":"https:\/\/www.gruporecoletas.com\/noticias\/wp-content\/uploads\/2018\/11\/rutina-sueno-bebe.jpg","datePublished":"2021-04-29T10:03:33+00:00","author":{"@id":"https:\/\/www.gruporecoletas.com\/noticias\/#\/schema\/person\/3c6ac429828d1f5e3d3bd99f4da9b02c"},"description":"Entre las dudas que surgen para las familias ante el nacimiento y la crianza de un beb\u00e9, afrontar el sue\u00f1o constituye una de las que causan preocupaci\u00f3n.","breadcrumb":{"@id":"https:\/\/www.gruporecoletas.com\/noticias\/rutina-sueno-bebe\/#breadcrumb"},"inLanguage":"es","potentialAction":[{"@type":"ReadAction","target":["https:\/\/www.gruporecoletas.com\/noticias\/rutina-sueno-bebe\/"]}]},{"@type":"ImageObject","inLanguage":"es","@id":"https:\/\/www.gruporecoletas.com\/noticias\/rutina-sueno-bebe\/#primaryimage","url":"https:\/\/www.gruporecoletas.com\/noticias\/wp-content\/uploads\/2018\/11\/rutina-sueno-bebe.jpg","contentUrl":"https:\/\/www.gruporecoletas.com\/noticias\/wp-content\/uploads\/2018\/11\/rutina-sueno-bebe.jpg","width":800,"height":530},{"@type":"BreadcrumbList","@id":"https:\/\/www.gruporecoletas.com\/noticias\/rutina-sueno-bebe\/#breadcrumb","itemListElement":[{"@type":"ListItem","position":1,"name":"Portada","item":"https:\/\/www.gruporecoletas.com\/noticias\/"},{"@type":"ListItem","position":2,"name":"Sue\u00f1o de los beb\u00e9s: c\u00f3mo es la rutina de sue\u00f1o de un beb\u00e9"}]},{"@type":"WebSite","@id":"https:\/\/www.gruporecoletas.com\/noticias\/#website","url":"https:\/\/www.gruporecoletas.com\/noticias\/","name":"Noticias Grupo Recoletas","description":"Grupo Recoletas","potentialAction":[{"@type":"SearchAction","target":{"@type":"EntryPoint","urlTemplate":"https:\/\/www.gruporecoletas.com\/noticias\/?s={search_term_string}"},"query-input":{"@type":"PropertyValueSpecification","valueRequired":true,"valueName":"search_term_string"}}],"inLanguage":"es"},{"@type":"Person","@id":"https:\/\/www.gruporecoletas.com\/noticias\/#\/schema\/person\/3c6ac429828d1f5e3d3bd99f4da9b02c","name":"Recoletas Red Hospitalaria","url":"https:\/\/www.gruporecoletas.com\/noticias\/author\/comunicacion\/"}]}},"_links":{"self":[{"href":"https:\/\/www.gruporecoletas.com\/noticias\/wp-json\/wp\/v2\/posts\/14089","targetHints":{"allow":["GET"]}}],"collection":[{"href":"https:\/\/www.gruporecoletas.com\/noticias\/wp-json\/wp\/v2\/posts"}],"about":[{"href":"https:\/\/www.gruporecoletas.com\/noticias\/wp-json\/wp\/v2\/types\/post"}],"author":[{"embeddable":true,"href":"https:\/\/www.gruporecoletas.com\/noticias\/wp-json\/wp\/v2\/users\/2"}],"replies":[{"embeddable":true,"href":"https:\/\/www.gruporecoletas.com\/noticias\/wp-json\/wp\/v2\/comments?post=14089"}],"version-history":[{"count":1,"href":"https:\/\/www.gruporecoletas.com\/noticias\/wp-json\/wp\/v2\/posts\/14089\/revisions"}],"predecessor-version":[{"id":14627,"href":"https:\/\/www.gruporecoletas.com\/noticias\/wp-json\/wp\/v2\/posts\/14089\/revisions\/14627"}],"wp:featuredmedia":[{"embeddable":true,"href":"https:\/\/www.gruporecoletas.com\/noticias\/wp-json\/wp\/v2\/media\/14626"}],"wp:attachment":[{"href":"https:\/\/www.gruporecoletas.com\/noticias\/wp-json\/wp\/v2\/media?parent=14089"}],"wp:term":[{"taxonomy":"category","embeddable":true,"href":"https:\/\/www.gruporecoletas.com\/noticias\/wp-json\/wp\/v2\/categories?post=14089"},{"taxonomy":"post_tag","embeddable":true,"href":"https:\/\/www.gruporecoletas.com\/noticias\/wp-json\/wp\/v2\/tags?post=14089"}],"curies":[{"name":"wp","href":"https:\/\/api.w.org\/{rel}","templated":true}]}}