{"id":14116,"date":"2020-07-20T08:08:00","date_gmt":"2020-07-20T08:08:00","guid":{"rendered":"https:\/\/www.gruporecoletas.com\/noticias\/?p=14116"},"modified":"2020-07-31T08:16:33","modified_gmt":"2020-07-31T08:16:33","slug":"la-obesidad-la-otra-pandemia-silenciosa","status":"publish","type":"post","link":"https:\/\/www.gruporecoletas.com\/noticias\/la-obesidad-la-otra-pandemia-silenciosa\/","title":{"rendered":"La obesidad: la otra pandemia silenciosa"},"content":{"rendered":"\n<p>La obesidad es una enfermedad cr\u00f3nica, multiorg\u00e1nica, que no solo afecta a la grasa corporal, y con un componente metab\u00f3lico e inflamatorio  importante. Est\u00e1 muy relacionada con factores ambientales como la  alimentaci\u00f3n y el ejercicio f\u00edsico y asociada a mayor riesgo de  morbimortalidad y patolog\u00edas como diabetes tipo 2, enfermedades  cardiovasculares, fertilidad, hipertensi\u00f3n, h\u00edgado graso no alcoh\u00f3lico, o algunos tipos de c\u00e1nceres.<\/p>\n\n\n\n<p>Castilla y Le\u00f3n es la quinta comunidad aut\u00f3noma en sobrepeso en adultos, con un 39,2% de la poblaci\u00f3n (la media de Espa\u00f1a de 37%). Es m\u00e1s  prevalente en hombres que en mujeres. Sin embargo, en cuanto a la  obesidad, es la comunidad con menos porcentaje: un 13,2% de la poblaci\u00f3n adulta y un 5,6 de menores de 18 a\u00f1os. Siendo la media de Espa\u00f1a 17% para adultos y 10% para menores. Se estima que 2,5 \u2013 3 millones de personas mueren por complicaciones asociadas, que se podr\u00edan prevenir con una alimentaci\u00f3n equilibrada y estilo de vida saludable. <\/p>\n\n\n\n<p>Por eso, es fundamental incidir en la poblaci\u00f3n con sobrepeso, ya que con  una intervenci\u00f3n nutricional adecuada, se puede evitar que acaben  desarrollando obesidad, donde las complicaciones son m\u00e1s graves.<\/p>\n\n\n\n<h4 class=\"wp-block-heading\">Obesidad, sobrepeso y covid-19<\/h4>\n\n\n\n<p>Investigaciones recientes revelan que la obesidad agrava el pron\u00f3stico del coronavirus, tanto en personas de edad avanzada como en menores de 60 a\u00f1os. Es un factor de riesgo que empeora la evoluci\u00f3n, severidad y respuesta del virus: predispone a peor ventilaci\u00f3n respiratoria, menor  capacidad pulmonar, e inflamaci\u00f3n cr\u00f3nica, asociada a un sistema inmune debilitado o alterado.<\/p>\n\n\n\n<p>Tras un mes de confinamiento, se detect\u00f3 que los h\u00e1bitos alimenticios no  han sido los adecuados para un buen estado de salud. Se increment\u00f3 la compra de cerveza el 86,5%, la de vino el 73,4% y las de bebidas espirituosas el 93,4% respecto al mismo periodo de 2019. Tambi\u00e9n aument\u00f3 significativamente la compra de levadura, harinas, mantequilla y az\u00facar (para hacer reposter\u00eda), as\u00ed como chocolate, snacks, pizzas precocinadas y gominolas. <\/p>\n\n\n\n<p>Adem\u00e1s de las medidas de higiene, seguridad y distanciamiento social hay  que controlar el peso, llevar una alimentaci\u00f3n adecuada, aumentando el consumo de alimentos ricos en vitaminas y minerales, hacer ejercicio f\u00edsico  y restringir el alcohol y el tabaco. <\/p>\n\n\n\n<h4 class=\"wp-block-heading\">Perder peso de manera adecuada<\/h4>\n\n\n\n<p>La proximidad del verano supone que muchas personas quieran perder peso r\u00e1pidamente. Para ello, recurren err\u00f3neamente a productos  adelgazantes, que no son eficaces a largo plazo y pueden producir efecto rebote, e incluso da\u00f1o hep\u00e1tico si se consumen de forma regular durante mucho tiempo. Tambi\u00e9n acuden a dietas muy restrictivas que adem\u00e1s de producir efecto  rebote causan deficiencias nutricionales (de vitaminas y minerales). De media, la p\u00e9rdida de peso considerada saludable para mantener un buen estado nutricional se estima en 0,5 \u2013 1 kg a la semana. <\/p>\n\n\n\n<p>En general, la p\u00e9rdida de peso brusca, descontrolada y sin supervisi\u00f3n  profesional tiene efectos negativos sobre la salud y el metabolismo. Por eso, es muy importante que cualquier persona que quiera bajar de peso o cambiar de h\u00e1bitos alimentarios acuda a un dietista-nutricionista. <\/p>\n\n\n\n<p>La educaci\u00f3n nutricional es la mejor forma para conseguir que los h\u00e1bitos alimentarios saludables, una vez adquiridos, se mantengan a largo plazo. Cuando las personas entienden la importancia de comer bien, y aprender c\u00f3mo hacerlo de manera aut\u00f3noma y ordenada, se asegura que los h\u00e1bitos alimentarios se mantienen en el tiempo y con ello, el peso adecuado.<\/p>\n\n\n\n<h4 class=\"wp-block-heading\">Una alimentaci\u00f3n adecuada para mantener un buen sistema inmunitario<\/h4>\n\n\n\n<p>No existe la dieta ideal para curar ninguna patolog\u00eda ni el coronavirus pero s\u00ed determinados nutrientes para mantener un buen sistema inmunitario y un buen estado de salud. Esto se traduce en una alimentaci\u00f3n rica en  vitaminas A, C, E B6 y B12 (presente en frutas, cereales integrales,  legumbres, frutos secos huevo, carnes blancas y l\u00e1cteos) y vitamina D (a  trav\u00e9s del ejercicio f\u00edsico, tomando el sol o en alimentos como pescado azul, huevo, l\u00e1cteos enteros, champi\u00f1ones, aguacate y nueces). Tambi\u00e9n son necesarios minerales como zinc, hierro y selenio, presentes en alimentos de origen animal y verduras, y el omega 3 de los pescados azules, el aguacate, y  el aceite de oliva virgen. <\/p>\n\n\n\n<p>Por el contrario, hay que evitar el consumo de alimentos ricos en az\u00facares y  grasas de baja calidad (boller\u00eda industrial) o con mucha sal a\u00f1adida (frutos secos fritos, precocinados, patatas fritas, embutidos grasos\u2026). <\/p>\n\n\n\n<p>En cuanto a las bebidas, evitar las azucaradas, refrescos, los batidos y  zumos industriales y las bebidas alcoh\u00f3licas. El agua debe de ser la bebida principal, aunque tambi\u00e9n se puede optar por cerveza sin alcohol, granizados sin az\u00facar o agua con gas.<\/p>\n","protected":false},"excerpt":{"rendered":"<p>La obesidad es una enfermedad cr\u00f3nica, multiorg\u00e1nica, que no solo afecta a la grasa corporal, y con un componente metab\u00f3lico e inflamatorio importante. Est\u00e1 muy relacionada con factores ambientales como la alimentaci\u00f3n y el ejercicio f\u00edsico y asociada a mayor riesgo de morbimortalidad y patolog\u00edas como diabetes tipo 2, enfermedades cardiovasculares, fertilidad, hipertensi\u00f3n, h\u00edgado graso [&hellip;]<\/p>\n","protected":false},"author":2,"featured_media":14117,"comment_status":"closed","ping_status":"closed","sticky":false,"template":"","format":"standard","meta":{"_acf_changed":false,"footnotes":""},"categories":[42],"tags":[2793],"class_list":["post-14116","post","type-post","status-publish","format-standard","has-post-thumbnail","hentry","category-recoletas-salud","tag-recoletas-salud-no21-julio-2020-2"],"acf":[],"yoast_head":"<!-- This site is optimized with the Yoast SEO Premium plugin v27.3 (Yoast SEO v27.3) - https:\/\/yoast.com\/product\/yoast-seo-premium-wordpress\/ -->\n<title>La obesidad: la otra pandemia silenciosa - Noticias Grupo Recoletas<\/title>\n<meta name=\"description\" content=\"La obesidad es una enfermedad cr\u00f3nica, multiorg\u00e1nica, que no solo afecta a la grasa corporal, y con un componente metab\u00f3lico e inflamatorio importante.\" \/>\n<meta name=\"robots\" content=\"index, follow, max-snippet:-1, max-image-preview:large, max-video-preview:-1\" \/>\n<link rel=\"canonical\" href=\"https:\/\/www.gruporecoletas.com\/noticias\/la-obesidad-la-otra-pandemia-silenciosa\/\" \/>\n<meta property=\"og:locale\" content=\"es_ES\" \/>\n<meta property=\"og:type\" content=\"article\" \/>\n<meta property=\"og:title\" content=\"La obesidad: la otra pandemia silenciosa\" \/>\n<meta property=\"og:description\" content=\"La obesidad es una enfermedad cr\u00f3nica, multiorg\u00e1nica, que no solo afecta a la grasa corporal, y con un componente metab\u00f3lico e inflamatorio importante.\" \/>\n<meta property=\"og:url\" content=\"https:\/\/www.gruporecoletas.com\/noticias\/la-obesidad-la-otra-pandemia-silenciosa\/\" \/>\n<meta property=\"og:site_name\" content=\"Noticias Grupo Recoletas\" \/>\n<meta property=\"article:publisher\" content=\"https:\/\/www.facebook.com\/GrupoRecoletas\/\" \/>\n<meta property=\"article:published_time\" content=\"2020-07-20T08:08:00+00:00\" \/>\n<meta property=\"article:modified_time\" content=\"2020-07-31T08:16:33+00:00\" \/>\n<meta property=\"og:image\" content=\"https:\/\/www.gruporecoletas.com\/noticias\/wp-content\/uploads\/2020\/07\/obesidad-pandemia.jpg\" \/>\n\t<meta property=\"og:image:width\" content=\"900\" \/>\n\t<meta property=\"og:image:height\" content=\"600\" \/>\n\t<meta property=\"og:image:type\" content=\"image\/jpeg\" \/>\n<meta name=\"author\" content=\"Recoletas Red Hospitalaria\" \/>\n<meta name=\"twitter:card\" content=\"summary_large_image\" \/>\n<meta name=\"twitter:creator\" content=\"@GrupoRecoletas\" \/>\n<meta name=\"twitter:site\" content=\"@GrupoRecoletas\" \/>\n<meta name=\"twitter:label1\" content=\"Escrito por\" \/>\n\t<meta name=\"twitter:data1\" content=\"Recoletas Red Hospitalaria\" \/>\n\t<meta name=\"twitter:label2\" content=\"Tiempo de lectura\" \/>\n\t<meta name=\"twitter:data2\" content=\"4 minutos\" \/>\n<script type=\"application\/ld+json\" class=\"yoast-schema-graph\">{\"@context\":\"https:\\\/\\\/schema.org\",\"@graph\":[{\"@type\":\"Article\",\"@id\":\"https:\\\/\\\/www.gruporecoletas.com\\\/noticias\\\/la-obesidad-la-otra-pandemia-silenciosa\\\/#article\",\"isPartOf\":{\"@id\":\"https:\\\/\\\/www.gruporecoletas.com\\\/noticias\\\/la-obesidad-la-otra-pandemia-silenciosa\\\/\"},\"author\":{\"name\":\"Recoletas Red Hospitalaria\",\"@id\":\"https:\\\/\\\/www.gruporecoletas.com\\\/noticias\\\/#\\\/schema\\\/person\\\/3c6ac429828d1f5e3d3bd99f4da9b02c\"},\"headline\":\"La obesidad: la otra pandemia silenciosa\",\"datePublished\":\"2020-07-20T08:08:00+00:00\",\"dateModified\":\"2020-07-31T08:16:33+00:00\",\"mainEntityOfPage\":{\"@id\":\"https:\\\/\\\/www.gruporecoletas.com\\\/noticias\\\/la-obesidad-la-otra-pandemia-silenciosa\\\/\"},\"wordCount\":799,\"image\":{\"@id\":\"https:\\\/\\\/www.gruporecoletas.com\\\/noticias\\\/la-obesidad-la-otra-pandemia-silenciosa\\\/#primaryimage\"},\"thumbnailUrl\":\"https:\\\/\\\/www.gruporecoletas.com\\\/noticias\\\/wp-content\\\/uploads\\\/2020\\\/07\\\/obesidad-pandemia.jpg\",\"keywords\":[\"Recoletas Salud N\u00ba21 - Julio 2020\"],\"articleSection\":[\"Recoletas Salud\"],\"inLanguage\":\"es\"},{\"@type\":\"WebPage\",\"@id\":\"https:\\\/\\\/www.gruporecoletas.com\\\/noticias\\\/la-obesidad-la-otra-pandemia-silenciosa\\\/\",\"url\":\"https:\\\/\\\/www.gruporecoletas.com\\\/noticias\\\/la-obesidad-la-otra-pandemia-silenciosa\\\/\",\"name\":\"La obesidad: la otra pandemia silenciosa - Noticias Grupo Recoletas\",\"isPartOf\":{\"@id\":\"https:\\\/\\\/www.gruporecoletas.com\\\/noticias\\\/#website\"},\"primaryImageOfPage\":{\"@id\":\"https:\\\/\\\/www.gruporecoletas.com\\\/noticias\\\/la-obesidad-la-otra-pandemia-silenciosa\\\/#primaryimage\"},\"image\":{\"@id\":\"https:\\\/\\\/www.gruporecoletas.com\\\/noticias\\\/la-obesidad-la-otra-pandemia-silenciosa\\\/#primaryimage\"},\"thumbnailUrl\":\"https:\\\/\\\/www.gruporecoletas.com\\\/noticias\\\/wp-content\\\/uploads\\\/2020\\\/07\\\/obesidad-pandemia.jpg\",\"datePublished\":\"2020-07-20T08:08:00+00:00\",\"dateModified\":\"2020-07-31T08:16:33+00:00\",\"author\":{\"@id\":\"https:\\\/\\\/www.gruporecoletas.com\\\/noticias\\\/#\\\/schema\\\/person\\\/3c6ac429828d1f5e3d3bd99f4da9b02c\"},\"description\":\"La obesidad es una enfermedad cr\u00f3nica, multiorg\u00e1nica, que no solo afecta a la grasa corporal, y con un componente metab\u00f3lico e inflamatorio importante.\",\"breadcrumb\":{\"@id\":\"https:\\\/\\\/www.gruporecoletas.com\\\/noticias\\\/la-obesidad-la-otra-pandemia-silenciosa\\\/#breadcrumb\"},\"inLanguage\":\"es\",\"potentialAction\":[{\"@type\":\"ReadAction\",\"target\":[\"https:\\\/\\\/www.gruporecoletas.com\\\/noticias\\\/la-obesidad-la-otra-pandemia-silenciosa\\\/\"]}]},{\"@type\":\"ImageObject\",\"inLanguage\":\"es\",\"@id\":\"https:\\\/\\\/www.gruporecoletas.com\\\/noticias\\\/la-obesidad-la-otra-pandemia-silenciosa\\\/#primaryimage\",\"url\":\"https:\\\/\\\/www.gruporecoletas.com\\\/noticias\\\/wp-content\\\/uploads\\\/2020\\\/07\\\/obesidad-pandemia.jpg\",\"contentUrl\":\"https:\\\/\\\/www.gruporecoletas.com\\\/noticias\\\/wp-content\\\/uploads\\\/2020\\\/07\\\/obesidad-pandemia.jpg\",\"width\":900,\"height\":600},{\"@type\":\"BreadcrumbList\",\"@id\":\"https:\\\/\\\/www.gruporecoletas.com\\\/noticias\\\/la-obesidad-la-otra-pandemia-silenciosa\\\/#breadcrumb\",\"itemListElement\":[{\"@type\":\"ListItem\",\"position\":1,\"name\":\"Portada\",\"item\":\"https:\\\/\\\/www.gruporecoletas.com\\\/noticias\\\/\"},{\"@type\":\"ListItem\",\"position\":2,\"name\":\"La obesidad: la otra pandemia silenciosa\"}]},{\"@type\":\"WebSite\",\"@id\":\"https:\\\/\\\/www.gruporecoletas.com\\\/noticias\\\/#website\",\"url\":\"https:\\\/\\\/www.gruporecoletas.com\\\/noticias\\\/\",\"name\":\"Noticias Grupo Recoletas\",\"description\":\"Grupo Recoletas\",\"potentialAction\":[{\"@type\":\"SearchAction\",\"target\":{\"@type\":\"EntryPoint\",\"urlTemplate\":\"https:\\\/\\\/www.gruporecoletas.com\\\/noticias\\\/?s={search_term_string}\"},\"query-input\":{\"@type\":\"PropertyValueSpecification\",\"valueRequired\":true,\"valueName\":\"search_term_string\"}}],\"inLanguage\":\"es\"},{\"@type\":\"Person\",\"@id\":\"https:\\\/\\\/www.gruporecoletas.com\\\/noticias\\\/#\\\/schema\\\/person\\\/3c6ac429828d1f5e3d3bd99f4da9b02c\",\"name\":\"Recoletas Red Hospitalaria\",\"url\":\"https:\\\/\\\/www.gruporecoletas.com\\\/noticias\\\/author\\\/comunicacion\\\/\"}]}<\/script>\n<!-- \/ Yoast SEO Premium plugin. -->","yoast_head_json":{"title":"La obesidad: la otra pandemia silenciosa - Noticias Grupo Recoletas","description":"La obesidad es una enfermedad cr\u00f3nica, multiorg\u00e1nica, que no solo afecta a la grasa corporal, y con un componente metab\u00f3lico e inflamatorio importante.","robots":{"index":"index","follow":"follow","max-snippet":"max-snippet:-1","max-image-preview":"max-image-preview:large","max-video-preview":"max-video-preview:-1"},"canonical":"https:\/\/www.gruporecoletas.com\/noticias\/la-obesidad-la-otra-pandemia-silenciosa\/","og_locale":"es_ES","og_type":"article","og_title":"La obesidad: la otra pandemia silenciosa","og_description":"La obesidad es una enfermedad cr\u00f3nica, multiorg\u00e1nica, que no solo afecta a la grasa corporal, y con un componente metab\u00f3lico e inflamatorio importante.","og_url":"https:\/\/www.gruporecoletas.com\/noticias\/la-obesidad-la-otra-pandemia-silenciosa\/","og_site_name":"Noticias Grupo Recoletas","article_publisher":"https:\/\/www.facebook.com\/GrupoRecoletas\/","article_published_time":"2020-07-20T08:08:00+00:00","article_modified_time":"2020-07-31T08:16:33+00:00","og_image":[{"width":900,"height":600,"url":"https:\/\/www.gruporecoletas.com\/noticias\/wp-content\/uploads\/2020\/07\/obesidad-pandemia.jpg","type":"image\/jpeg"}],"author":"Recoletas Red Hospitalaria","twitter_card":"summary_large_image","twitter_creator":"@GrupoRecoletas","twitter_site":"@GrupoRecoletas","twitter_misc":{"Escrito por":"Recoletas Red Hospitalaria","Tiempo de lectura":"4 minutos"},"schema":{"@context":"https:\/\/schema.org","@graph":[{"@type":"Article","@id":"https:\/\/www.gruporecoletas.com\/noticias\/la-obesidad-la-otra-pandemia-silenciosa\/#article","isPartOf":{"@id":"https:\/\/www.gruporecoletas.com\/noticias\/la-obesidad-la-otra-pandemia-silenciosa\/"},"author":{"name":"Recoletas Red Hospitalaria","@id":"https:\/\/www.gruporecoletas.com\/noticias\/#\/schema\/person\/3c6ac429828d1f5e3d3bd99f4da9b02c"},"headline":"La obesidad: la otra pandemia silenciosa","datePublished":"2020-07-20T08:08:00+00:00","dateModified":"2020-07-31T08:16:33+00:00","mainEntityOfPage":{"@id":"https:\/\/www.gruporecoletas.com\/noticias\/la-obesidad-la-otra-pandemia-silenciosa\/"},"wordCount":799,"image":{"@id":"https:\/\/www.gruporecoletas.com\/noticias\/la-obesidad-la-otra-pandemia-silenciosa\/#primaryimage"},"thumbnailUrl":"https:\/\/www.gruporecoletas.com\/noticias\/wp-content\/uploads\/2020\/07\/obesidad-pandemia.jpg","keywords":["Recoletas Salud N\u00ba21 - Julio 2020"],"articleSection":["Recoletas Salud"],"inLanguage":"es"},{"@type":"WebPage","@id":"https:\/\/www.gruporecoletas.com\/noticias\/la-obesidad-la-otra-pandemia-silenciosa\/","url":"https:\/\/www.gruporecoletas.com\/noticias\/la-obesidad-la-otra-pandemia-silenciosa\/","name":"La obesidad: la otra pandemia silenciosa - Noticias Grupo Recoletas","isPartOf":{"@id":"https:\/\/www.gruporecoletas.com\/noticias\/#website"},"primaryImageOfPage":{"@id":"https:\/\/www.gruporecoletas.com\/noticias\/la-obesidad-la-otra-pandemia-silenciosa\/#primaryimage"},"image":{"@id":"https:\/\/www.gruporecoletas.com\/noticias\/la-obesidad-la-otra-pandemia-silenciosa\/#primaryimage"},"thumbnailUrl":"https:\/\/www.gruporecoletas.com\/noticias\/wp-content\/uploads\/2020\/07\/obesidad-pandemia.jpg","datePublished":"2020-07-20T08:08:00+00:00","dateModified":"2020-07-31T08:16:33+00:00","author":{"@id":"https:\/\/www.gruporecoletas.com\/noticias\/#\/schema\/person\/3c6ac429828d1f5e3d3bd99f4da9b02c"},"description":"La obesidad es una enfermedad cr\u00f3nica, multiorg\u00e1nica, que no solo afecta a la grasa corporal, y con un componente metab\u00f3lico e inflamatorio importante.","breadcrumb":{"@id":"https:\/\/www.gruporecoletas.com\/noticias\/la-obesidad-la-otra-pandemia-silenciosa\/#breadcrumb"},"inLanguage":"es","potentialAction":[{"@type":"ReadAction","target":["https:\/\/www.gruporecoletas.com\/noticias\/la-obesidad-la-otra-pandemia-silenciosa\/"]}]},{"@type":"ImageObject","inLanguage":"es","@id":"https:\/\/www.gruporecoletas.com\/noticias\/la-obesidad-la-otra-pandemia-silenciosa\/#primaryimage","url":"https:\/\/www.gruporecoletas.com\/noticias\/wp-content\/uploads\/2020\/07\/obesidad-pandemia.jpg","contentUrl":"https:\/\/www.gruporecoletas.com\/noticias\/wp-content\/uploads\/2020\/07\/obesidad-pandemia.jpg","width":900,"height":600},{"@type":"BreadcrumbList","@id":"https:\/\/www.gruporecoletas.com\/noticias\/la-obesidad-la-otra-pandemia-silenciosa\/#breadcrumb","itemListElement":[{"@type":"ListItem","position":1,"name":"Portada","item":"https:\/\/www.gruporecoletas.com\/noticias\/"},{"@type":"ListItem","position":2,"name":"La obesidad: la otra pandemia silenciosa"}]},{"@type":"WebSite","@id":"https:\/\/www.gruporecoletas.com\/noticias\/#website","url":"https:\/\/www.gruporecoletas.com\/noticias\/","name":"Noticias Grupo Recoletas","description":"Grupo Recoletas","potentialAction":[{"@type":"SearchAction","target":{"@type":"EntryPoint","urlTemplate":"https:\/\/www.gruporecoletas.com\/noticias\/?s={search_term_string}"},"query-input":{"@type":"PropertyValueSpecification","valueRequired":true,"valueName":"search_term_string"}}],"inLanguage":"es"},{"@type":"Person","@id":"https:\/\/www.gruporecoletas.com\/noticias\/#\/schema\/person\/3c6ac429828d1f5e3d3bd99f4da9b02c","name":"Recoletas Red Hospitalaria","url":"https:\/\/www.gruporecoletas.com\/noticias\/author\/comunicacion\/"}]}},"_links":{"self":[{"href":"https:\/\/www.gruporecoletas.com\/noticias\/wp-json\/wp\/v2\/posts\/14116","targetHints":{"allow":["GET"]}}],"collection":[{"href":"https:\/\/www.gruporecoletas.com\/noticias\/wp-json\/wp\/v2\/posts"}],"about":[{"href":"https:\/\/www.gruporecoletas.com\/noticias\/wp-json\/wp\/v2\/types\/post"}],"author":[{"embeddable":true,"href":"https:\/\/www.gruporecoletas.com\/noticias\/wp-json\/wp\/v2\/users\/2"}],"replies":[{"embeddable":true,"href":"https:\/\/www.gruporecoletas.com\/noticias\/wp-json\/wp\/v2\/comments?post=14116"}],"version-history":[{"count":1,"href":"https:\/\/www.gruporecoletas.com\/noticias\/wp-json\/wp\/v2\/posts\/14116\/revisions"}],"predecessor-version":[{"id":14118,"href":"https:\/\/www.gruporecoletas.com\/noticias\/wp-json\/wp\/v2\/posts\/14116\/revisions\/14118"}],"wp:featuredmedia":[{"embeddable":true,"href":"https:\/\/www.gruporecoletas.com\/noticias\/wp-json\/wp\/v2\/media\/14117"}],"wp:attachment":[{"href":"https:\/\/www.gruporecoletas.com\/noticias\/wp-json\/wp\/v2\/media?parent=14116"}],"wp:term":[{"taxonomy":"category","embeddable":true,"href":"https:\/\/www.gruporecoletas.com\/noticias\/wp-json\/wp\/v2\/categories?post=14116"},{"taxonomy":"post_tag","embeddable":true,"href":"https:\/\/www.gruporecoletas.com\/noticias\/wp-json\/wp\/v2\/tags?post=14116"}],"curies":[{"name":"wp","href":"https:\/\/api.w.org\/{rel}","templated":true}]}}