{"id":14234,"date":"2020-11-06T14:39:23","date_gmt":"2020-11-06T13:39:23","guid":{"rendered":"https:\/\/www.gruporecoletas.com\/noticias\/?p=14234"},"modified":"2020-11-06T14:55:00","modified_gmt":"2020-11-06T13:55:00","slug":"recoletas-renueva-su-colaboracion-con-el-san-pablo-burgos","status":"publish","type":"post","link":"https:\/\/www.gruporecoletas.com\/noticias\/recoletas-renueva-su-colaboracion-con-el-san-pablo-burgos\/","title":{"rendered":"Recoletas renueva su colaboraci\u00f3n con el San Pablo Burgos"},"content":{"rendered":"\n<p>Recoletas Red Hospitalaria y el <a href=\"https:\/\/www.sanpabloburgos.com\/\">Hereda San Pablo Burgos<\/a> han firmado esta ma\u00f1ana <strong>la renovaci\u00f3n de su convenio de patrocinio<\/strong>, que cumplir\u00e1 en la presente temporada su sexto a\u00f1o de extensi\u00f3n. La gerente del <a href=\"https:\/\/www.gruporecoletas.com\/hospitales\/hospital-recoletas-burgos\/\">Hospital Recoletas Burgos<\/a>, Pilar G\u00f3mez, y el presidente del club burgal\u00e9s, F\u00e9lix Sancho, han rubricado el acuerdo de colaboraci\u00f3n con el que se renuevan los lazos que les han unidos desde que comenz\u00f3 la andadura del equipo.<\/p>\n\n\n\n<p>El convenio tiene su reflejo en la equipaci\u00f3n del equipo castellano y en la presencia de la marca dentro del Coliseum, adem\u00e1s de otras acciones. Adem\u00e1s, este a\u00f1o la uni\u00f3n es todav\u00eda m\u00e1s importante al mantener una <strong>estrecha colaboraci\u00f3n con el personal de trabajo y a trav\u00e9s del uso de sus instalaciones para las necesidades relacionadas con la COVID-19<\/strong>.<\/p>\n\n\n\n<p>Pilar G\u00f3mez ha subrayado que el equipo sabe que cuentan con el apoyo de Recoletas y \u201cpara cualquier necesidad de salud que teng\u00e1is, <strong>ponemos a vuestra disposici\u00f3n a todo nuestro cuadro m\u00e9dico<\/strong>. Deseamos de coraz\u00f3n que sean las m\u00ednimas posibles y que teng\u00e1is una campa\u00f1a magn\u00edfica\u201d.<\/p>\n\n\n\n<p>\u201cRecoletas no solo es un patrocinador, empez\u00f3 a colaborar cuando el equipo era una apuesta y, a d\u00eda de hoy, est\u00e1 apoyando a todo un campe\u00f3n de Europa. <strong>Nos sentimos muy arropados por todo el equipo de profesionales<\/strong> sanitarios\u201d, ha destacado el presidente del Hereda San Pablo Burgos, que ha querido agradecer y poner en valor que este sea el sexto a\u00f1o de apoyo al club.<\/p>\n\n\n\n<p>Junto a ello, F\u00e9lix Sancho ha hecho hincapi\u00e9 en el apoyo inmediato que desde el <a href=\"https:\/\/www.gruporecoletas.com\/hospitales\/hospital-recoletas-burgos\/\">Hospital Recoletas Burgos<\/a> se le brinda a las necesidades del equipo: \u201cA d\u00eda de hoy, tenemos unas emergencias sanitarias incre\u00edbles. <strong>En cuesti\u00f3n de minutos nos acercamos a Recoletas y nos facilitan las pruebas m\u00e9dicas<\/strong>. Se vuelcan con nosotros\u201d.<\/p>\n\n\n\n<p>El dirigente de la entidad de baloncesto ha recalcado: \u201cLes valoramos por el servicio que nos dan, por la agilidad en las pruebas, por los diagn\u00f3sticos precisos\u2026 Como club, <strong>queremos transmitir a los aficionados, y a los burgaleses en general, que aqu\u00ed el servicio es magn\u00edfico<\/strong>\u201d.<\/p>\n\n\n\n<p>\u201cEl sector sanitario est\u00e1 viviendo un momento de alt\u00edsima complejidad con much\u00edsimo trabajo asociado. Sabemos que con la <strong>labor diaria y con la colaboraci\u00f3n ciudadana saldremos de esta pandemia<\/strong> y pronto estaremos juntos en el Coliseum con vosotros\u201d, ha subrayado la gerente del <a href=\"https:\/\/www.gruporecoletas.com\/hospitales\/hospital-recoletas-burgos\/\">Hospital Recoletas Burgos<\/a>.<\/p>\n","protected":false},"excerpt":{"rendered":"<p>Recoletas Red Hospitalaria y el Hereda San Pablo Burgos han firmado esta ma\u00f1ana la renovaci\u00f3n de su convenio de patrocinio, que cumplir\u00e1 en la presente temporada su sexto a\u00f1o de extensi\u00f3n. La gerente del Hospital Recoletas Burgos, Pilar G\u00f3mez, y el presidente del club burgal\u00e9s, F\u00e9lix Sancho, han rubricado el acuerdo de colaboraci\u00f3n con el [&hellip;]<\/p>\n","protected":false},"author":2,"featured_media":14235,"comment_status":"closed","ping_status":"closed","sticky":false,"template":"","format":"standard","meta":{"_acf_changed":false,"footnotes":""},"categories":[10,31],"tags":[1440],"class_list":["post-14234","post","type-post","status-publish","format-standard","has-post-thumbnail","hentry","category-burgos","category-hrbu","tag-patrocinios"],"acf":[],"yoast_head":"<!-- This site is optimized with the Yoast SEO Premium plugin v27.3 (Yoast SEO v27.3) - https:\/\/yoast.com\/product\/yoast-seo-premium-wordpress\/ -->\n<title>Recoletas renueva su colaboraci\u00f3n con el San Pablo Burgos - Noticias Grupo Recoletas<\/title>\n<meta name=\"robots\" content=\"index, follow, max-snippet:-1, max-image-preview:large, max-video-preview:-1\" \/>\n<link rel=\"canonical\" href=\"https:\/\/www.gruporecoletas.com\/noticias\/recoletas-renueva-su-colaboracion-con-el-san-pablo-burgos\/\" \/>\n<meta property=\"og:locale\" content=\"es_ES\" \/>\n<meta property=\"og:type\" content=\"article\" \/>\n<meta property=\"og:title\" content=\"Recoletas renueva su colaboraci\u00f3n con el San Pablo Burgos\" \/>\n<meta property=\"og:description\" content=\"Recoletas Red Hospitalaria y el Hereda San Pablo Burgos han firmado esta ma\u00f1ana la renovaci\u00f3n de su convenio de patrocinio, que cumplir\u00e1 en la presente temporada su sexto a\u00f1o de extensi\u00f3n. La gerente del Hospital Recoletas Burgos, Pilar G\u00f3mez, y el presidente del club burgal\u00e9s, F\u00e9lix Sancho, han rubricado el acuerdo de colaboraci\u00f3n con el [&hellip;]\" \/>\n<meta property=\"og:url\" content=\"https:\/\/www.gruporecoletas.com\/noticias\/recoletas-renueva-su-colaboracion-con-el-san-pablo-burgos\/\" \/>\n<meta property=\"og:site_name\" content=\"Noticias Grupo Recoletas\" \/>\n<meta property=\"article:publisher\" content=\"https:\/\/www.facebook.com\/GrupoRecoletas\/\" \/>\n<meta property=\"article:published_time\" content=\"2020-11-06T13:39:23+00:00\" \/>\n<meta property=\"article:modified_time\" content=\"2020-11-06T13:55:00+00:00\" \/>\n<meta property=\"og:image\" content=\"https:\/\/www.gruporecoletas.com\/noticias\/wp-content\/uploads\/2020\/11\/recoletas-sanpablo-web.jpg\" \/>\n\t<meta property=\"og:image:width\" content=\"900\" \/>\n\t<meta property=\"og:image:height\" content=\"600\" \/>\n\t<meta property=\"og:image:type\" content=\"image\/jpeg\" \/>\n<meta name=\"author\" content=\"Recoletas Red Hospitalaria\" \/>\n<meta name=\"twitter:card\" content=\"summary_large_image\" \/>\n<meta name=\"twitter:creator\" content=\"@GrupoRecoletas\" \/>\n<meta name=\"twitter:site\" content=\"@GrupoRecoletas\" \/>\n<meta name=\"twitter:label1\" content=\"Escrito por\" \/>\n\t<meta name=\"twitter:data1\" content=\"Recoletas Red Hospitalaria\" \/>\n\t<meta name=\"twitter:label2\" content=\"Tiempo de lectura\" \/>\n\t<meta name=\"twitter:data2\" content=\"2 minutos\" \/>\n<script type=\"application\/ld+json\" class=\"yoast-schema-graph\">{\"@context\":\"https:\\\/\\\/schema.org\",\"@graph\":[{\"@type\":\"Article\",\"@id\":\"https:\\\/\\\/www.gruporecoletas.com\\\/noticias\\\/recoletas-renueva-su-colaboracion-con-el-san-pablo-burgos\\\/#article\",\"isPartOf\":{\"@id\":\"https:\\\/\\\/www.gruporecoletas.com\\\/noticias\\\/recoletas-renueva-su-colaboracion-con-el-san-pablo-burgos\\\/\"},\"author\":{\"name\":\"Recoletas Red Hospitalaria\",\"@id\":\"https:\\\/\\\/www.gruporecoletas.com\\\/noticias\\\/#\\\/schema\\\/person\\\/3c6ac429828d1f5e3d3bd99f4da9b02c\"},\"headline\":\"Recoletas renueva su colaboraci\u00f3n con el San Pablo Burgos\",\"datePublished\":\"2020-11-06T13:39:23+00:00\",\"dateModified\":\"2020-11-06T13:55:00+00:00\",\"mainEntityOfPage\":{\"@id\":\"https:\\\/\\\/www.gruporecoletas.com\\\/noticias\\\/recoletas-renueva-su-colaboracion-con-el-san-pablo-burgos\\\/\"},\"wordCount\":436,\"image\":{\"@id\":\"https:\\\/\\\/www.gruporecoletas.com\\\/noticias\\\/recoletas-renueva-su-colaboracion-con-el-san-pablo-burgos\\\/#primaryimage\"},\"thumbnailUrl\":\"https:\\\/\\\/www.gruporecoletas.com\\\/noticias\\\/wp-content\\\/uploads\\\/2020\\\/11\\\/recoletas-sanpablo-web.jpg\",\"keywords\":[\"Patrocinios\"],\"articleSection\":[\"Burgos\",\"HRBU\"],\"inLanguage\":\"es\"},{\"@type\":\"WebPage\",\"@id\":\"https:\\\/\\\/www.gruporecoletas.com\\\/noticias\\\/recoletas-renueva-su-colaboracion-con-el-san-pablo-burgos\\\/\",\"url\":\"https:\\\/\\\/www.gruporecoletas.com\\\/noticias\\\/recoletas-renueva-su-colaboracion-con-el-san-pablo-burgos\\\/\",\"name\":\"Recoletas renueva su colaboraci\u00f3n con el San Pablo Burgos - Noticias Grupo Recoletas\",\"isPartOf\":{\"@id\":\"https:\\\/\\\/www.gruporecoletas.com\\\/noticias\\\/#website\"},\"primaryImageOfPage\":{\"@id\":\"https:\\\/\\\/www.gruporecoletas.com\\\/noticias\\\/recoletas-renueva-su-colaboracion-con-el-san-pablo-burgos\\\/#primaryimage\"},\"image\":{\"@id\":\"https:\\\/\\\/www.gruporecoletas.com\\\/noticias\\\/recoletas-renueva-su-colaboracion-con-el-san-pablo-burgos\\\/#primaryimage\"},\"thumbnailUrl\":\"https:\\\/\\\/www.gruporecoletas.com\\\/noticias\\\/wp-content\\\/uploads\\\/2020\\\/11\\\/recoletas-sanpablo-web.jpg\",\"datePublished\":\"2020-11-06T13:39:23+00:00\",\"dateModified\":\"2020-11-06T13:55:00+00:00\",\"author\":{\"@id\":\"https:\\\/\\\/www.gruporecoletas.com\\\/noticias\\\/#\\\/schema\\\/person\\\/3c6ac429828d1f5e3d3bd99f4da9b02c\"},\"breadcrumb\":{\"@id\":\"https:\\\/\\\/www.gruporecoletas.com\\\/noticias\\\/recoletas-renueva-su-colaboracion-con-el-san-pablo-burgos\\\/#breadcrumb\"},\"inLanguage\":\"es\",\"potentialAction\":[{\"@type\":\"ReadAction\",\"target\":[\"https:\\\/\\\/www.gruporecoletas.com\\\/noticias\\\/recoletas-renueva-su-colaboracion-con-el-san-pablo-burgos\\\/\"]}]},{\"@type\":\"ImageObject\",\"inLanguage\":\"es\",\"@id\":\"https:\\\/\\\/www.gruporecoletas.com\\\/noticias\\\/recoletas-renueva-su-colaboracion-con-el-san-pablo-burgos\\\/#primaryimage\",\"url\":\"https:\\\/\\\/www.gruporecoletas.com\\\/noticias\\\/wp-content\\\/uploads\\\/2020\\\/11\\\/recoletas-sanpablo-web.jpg\",\"contentUrl\":\"https:\\\/\\\/www.gruporecoletas.com\\\/noticias\\\/wp-content\\\/uploads\\\/2020\\\/11\\\/recoletas-sanpablo-web.jpg\",\"width\":900,\"height\":600},{\"@type\":\"BreadcrumbList\",\"@id\":\"https:\\\/\\\/www.gruporecoletas.com\\\/noticias\\\/recoletas-renueva-su-colaboracion-con-el-san-pablo-burgos\\\/#breadcrumb\",\"itemListElement\":[{\"@type\":\"ListItem\",\"position\":1,\"name\":\"Portada\",\"item\":\"https:\\\/\\\/www.gruporecoletas.com\\\/noticias\\\/\"},{\"@type\":\"ListItem\",\"position\":2,\"name\":\"Recoletas renueva su colaboraci\u00f3n con el San Pablo Burgos\"}]},{\"@type\":\"WebSite\",\"@id\":\"https:\\\/\\\/www.gruporecoletas.com\\\/noticias\\\/#website\",\"url\":\"https:\\\/\\\/www.gruporecoletas.com\\\/noticias\\\/\",\"name\":\"Noticias Grupo Recoletas\",\"description\":\"Grupo Recoletas\",\"potentialAction\":[{\"@type\":\"SearchAction\",\"target\":{\"@type\":\"EntryPoint\",\"urlTemplate\":\"https:\\\/\\\/www.gruporecoletas.com\\\/noticias\\\/?s={search_term_string}\"},\"query-input\":{\"@type\":\"PropertyValueSpecification\",\"valueRequired\":true,\"valueName\":\"search_term_string\"}}],\"inLanguage\":\"es\"},{\"@type\":\"Person\",\"@id\":\"https:\\\/\\\/www.gruporecoletas.com\\\/noticias\\\/#\\\/schema\\\/person\\\/3c6ac429828d1f5e3d3bd99f4da9b02c\",\"name\":\"Recoletas Red Hospitalaria\",\"url\":\"https:\\\/\\\/www.gruporecoletas.com\\\/noticias\\\/author\\\/comunicacion\\\/\"}]}<\/script>\n<!-- \/ Yoast SEO Premium plugin. -->","yoast_head_json":{"title":"Recoletas renueva su colaboraci\u00f3n con el San Pablo Burgos - Noticias Grupo Recoletas","robots":{"index":"index","follow":"follow","max-snippet":"max-snippet:-1","max-image-preview":"max-image-preview:large","max-video-preview":"max-video-preview:-1"},"canonical":"https:\/\/www.gruporecoletas.com\/noticias\/recoletas-renueva-su-colaboracion-con-el-san-pablo-burgos\/","og_locale":"es_ES","og_type":"article","og_title":"Recoletas renueva su colaboraci\u00f3n con el San Pablo Burgos","og_description":"Recoletas Red Hospitalaria y el Hereda San Pablo Burgos han firmado esta ma\u00f1ana la renovaci\u00f3n de su convenio de patrocinio, que cumplir\u00e1 en la presente temporada su sexto a\u00f1o de extensi\u00f3n. La gerente del Hospital Recoletas Burgos, Pilar G\u00f3mez, y el presidente del club burgal\u00e9s, F\u00e9lix Sancho, han rubricado el acuerdo de colaboraci\u00f3n con el [&hellip;]","og_url":"https:\/\/www.gruporecoletas.com\/noticias\/recoletas-renueva-su-colaboracion-con-el-san-pablo-burgos\/","og_site_name":"Noticias Grupo Recoletas","article_publisher":"https:\/\/www.facebook.com\/GrupoRecoletas\/","article_published_time":"2020-11-06T13:39:23+00:00","article_modified_time":"2020-11-06T13:55:00+00:00","og_image":[{"width":900,"height":600,"url":"https:\/\/www.gruporecoletas.com\/noticias\/wp-content\/uploads\/2020\/11\/recoletas-sanpablo-web.jpg","type":"image\/jpeg"}],"author":"Recoletas Red Hospitalaria","twitter_card":"summary_large_image","twitter_creator":"@GrupoRecoletas","twitter_site":"@GrupoRecoletas","twitter_misc":{"Escrito por":"Recoletas Red Hospitalaria","Tiempo de lectura":"2 minutos"},"schema":{"@context":"https:\/\/schema.org","@graph":[{"@type":"Article","@id":"https:\/\/www.gruporecoletas.com\/noticias\/recoletas-renueva-su-colaboracion-con-el-san-pablo-burgos\/#article","isPartOf":{"@id":"https:\/\/www.gruporecoletas.com\/noticias\/recoletas-renueva-su-colaboracion-con-el-san-pablo-burgos\/"},"author":{"name":"Recoletas Red Hospitalaria","@id":"https:\/\/www.gruporecoletas.com\/noticias\/#\/schema\/person\/3c6ac429828d1f5e3d3bd99f4da9b02c"},"headline":"Recoletas renueva su colaboraci\u00f3n con el San Pablo Burgos","datePublished":"2020-11-06T13:39:23+00:00","dateModified":"2020-11-06T13:55:00+00:00","mainEntityOfPage":{"@id":"https:\/\/www.gruporecoletas.com\/noticias\/recoletas-renueva-su-colaboracion-con-el-san-pablo-burgos\/"},"wordCount":436,"image":{"@id":"https:\/\/www.gruporecoletas.com\/noticias\/recoletas-renueva-su-colaboracion-con-el-san-pablo-burgos\/#primaryimage"},"thumbnailUrl":"https:\/\/www.gruporecoletas.com\/noticias\/wp-content\/uploads\/2020\/11\/recoletas-sanpablo-web.jpg","keywords":["Patrocinios"],"articleSection":["Burgos","HRBU"],"inLanguage":"es"},{"@type":"WebPage","@id":"https:\/\/www.gruporecoletas.com\/noticias\/recoletas-renueva-su-colaboracion-con-el-san-pablo-burgos\/","url":"https:\/\/www.gruporecoletas.com\/noticias\/recoletas-renueva-su-colaboracion-con-el-san-pablo-burgos\/","name":"Recoletas renueva su colaboraci\u00f3n con el San Pablo Burgos - Noticias Grupo Recoletas","isPartOf":{"@id":"https:\/\/www.gruporecoletas.com\/noticias\/#website"},"primaryImageOfPage":{"@id":"https:\/\/www.gruporecoletas.com\/noticias\/recoletas-renueva-su-colaboracion-con-el-san-pablo-burgos\/#primaryimage"},"image":{"@id":"https:\/\/www.gruporecoletas.com\/noticias\/recoletas-renueva-su-colaboracion-con-el-san-pablo-burgos\/#primaryimage"},"thumbnailUrl":"https:\/\/www.gruporecoletas.com\/noticias\/wp-content\/uploads\/2020\/11\/recoletas-sanpablo-web.jpg","datePublished":"2020-11-06T13:39:23+00:00","dateModified":"2020-11-06T13:55:00+00:00","author":{"@id":"https:\/\/www.gruporecoletas.com\/noticias\/#\/schema\/person\/3c6ac429828d1f5e3d3bd99f4da9b02c"},"breadcrumb":{"@id":"https:\/\/www.gruporecoletas.com\/noticias\/recoletas-renueva-su-colaboracion-con-el-san-pablo-burgos\/#breadcrumb"},"inLanguage":"es","potentialAction":[{"@type":"ReadAction","target":["https:\/\/www.gruporecoletas.com\/noticias\/recoletas-renueva-su-colaboracion-con-el-san-pablo-burgos\/"]}]},{"@type":"ImageObject","inLanguage":"es","@id":"https:\/\/www.gruporecoletas.com\/noticias\/recoletas-renueva-su-colaboracion-con-el-san-pablo-burgos\/#primaryimage","url":"https:\/\/www.gruporecoletas.com\/noticias\/wp-content\/uploads\/2020\/11\/recoletas-sanpablo-web.jpg","contentUrl":"https:\/\/www.gruporecoletas.com\/noticias\/wp-content\/uploads\/2020\/11\/recoletas-sanpablo-web.jpg","width":900,"height":600},{"@type":"BreadcrumbList","@id":"https:\/\/www.gruporecoletas.com\/noticias\/recoletas-renueva-su-colaboracion-con-el-san-pablo-burgos\/#breadcrumb","itemListElement":[{"@type":"ListItem","position":1,"name":"Portada","item":"https:\/\/www.gruporecoletas.com\/noticias\/"},{"@type":"ListItem","position":2,"name":"Recoletas renueva su colaboraci\u00f3n con el San Pablo Burgos"}]},{"@type":"WebSite","@id":"https:\/\/www.gruporecoletas.com\/noticias\/#website","url":"https:\/\/www.gruporecoletas.com\/noticias\/","name":"Noticias Grupo Recoletas","description":"Grupo Recoletas","potentialAction":[{"@type":"SearchAction","target":{"@type":"EntryPoint","urlTemplate":"https:\/\/www.gruporecoletas.com\/noticias\/?s={search_term_string}"},"query-input":{"@type":"PropertyValueSpecification","valueRequired":true,"valueName":"search_term_string"}}],"inLanguage":"es"},{"@type":"Person","@id":"https:\/\/www.gruporecoletas.com\/noticias\/#\/schema\/person\/3c6ac429828d1f5e3d3bd99f4da9b02c","name":"Recoletas Red Hospitalaria","url":"https:\/\/www.gruporecoletas.com\/noticias\/author\/comunicacion\/"}]}},"_links":{"self":[{"href":"https:\/\/www.gruporecoletas.com\/noticias\/wp-json\/wp\/v2\/posts\/14234","targetHints":{"allow":["GET"]}}],"collection":[{"href":"https:\/\/www.gruporecoletas.com\/noticias\/wp-json\/wp\/v2\/posts"}],"about":[{"href":"https:\/\/www.gruporecoletas.com\/noticias\/wp-json\/wp\/v2\/types\/post"}],"author":[{"embeddable":true,"href":"https:\/\/www.gruporecoletas.com\/noticias\/wp-json\/wp\/v2\/users\/2"}],"replies":[{"embeddable":true,"href":"https:\/\/www.gruporecoletas.com\/noticias\/wp-json\/wp\/v2\/comments?post=14234"}],"version-history":[{"count":4,"href":"https:\/\/www.gruporecoletas.com\/noticias\/wp-json\/wp\/v2\/posts\/14234\/revisions"}],"predecessor-version":[{"id":14239,"href":"https:\/\/www.gruporecoletas.com\/noticias\/wp-json\/wp\/v2\/posts\/14234\/revisions\/14239"}],"wp:featuredmedia":[{"embeddable":true,"href":"https:\/\/www.gruporecoletas.com\/noticias\/wp-json\/wp\/v2\/media\/14235"}],"wp:attachment":[{"href":"https:\/\/www.gruporecoletas.com\/noticias\/wp-json\/wp\/v2\/media?parent=14234"}],"wp:term":[{"taxonomy":"category","embeddable":true,"href":"https:\/\/www.gruporecoletas.com\/noticias\/wp-json\/wp\/v2\/categories?post=14234"},{"taxonomy":"post_tag","embeddable":true,"href":"https:\/\/www.gruporecoletas.com\/noticias\/wp-json\/wp\/v2\/tags?post=14234"}],"curies":[{"name":"wp","href":"https:\/\/api.w.org\/{rel}","templated":true}]}}