{"id":14298,"date":"2020-11-26T17:37:18","date_gmt":"2020-11-26T16:37:18","guid":{"rendered":"https:\/\/www.gruporecoletas.com\/noticias\/?p=14298"},"modified":"2022-03-18T11:46:28","modified_gmt":"2022-03-18T10:46:28","slug":"infecciones-respiratorias-mas-comunes-en-ninos","status":"publish","type":"post","link":"https:\/\/www.gruporecoletas.com\/noticias\/infecciones-respiratorias-mas-comunes-en-ninos\/","title":{"rendered":"Infecciones respiratorias m\u00e1s comunes en los ni\u00f1os"},"content":{"rendered":"\n<p>Una de las preocupaciones m\u00e1s frecuentes de muchos padres es saber cu\u00e1les son las infecciones respiratorias de los ni\u00f1os, y c\u00f3mo pueden hacerles frente si su hijo sufre una de estas infecciones.&nbsp;<\/p>\n\n\n\n<p>En <a href=\"https:\/\/www.gruporecoletas.com\/\" target=\"_blank\" rel=\"noreferrer noopener\"><strong>Recoletas Red Hospitalaria<\/strong><\/a><strong> contamos con los profesionales m\u00e1s cualificados para tratar cualquier infecci\u00f3n respiratoria en ni\u00f1os y ni\u00f1as. <\/strong>Y, en este art\u00edculo, queremos explicar cu\u00e1les son las principales infecciones y c\u00f3mo gestionarlas.\u00a0<\/p>\n\n\n\n<h2 class=\"wp-block-heading\">Bronquiolitis en beb\u00e9s: s\u00edntomas m\u00e1s comunes&nbsp;<\/h2>\n\n\n\n<p>Las bronquiolitis en beb\u00e9s son bastante comunes. Es una infecci\u00f3n que, generalmente, se da en ni\u00f1os menores de 2 a\u00f1os. <strong>Entre los 6 y 24 meses <\/strong>es el periodo de mayor probabilidad para sufrir esta afecci\u00f3n.&nbsp;&nbsp;<\/p>\n\n\n\n<p>Para saber si tu hijo o hija est\u00e1 sufriendo esta infecci\u00f3n, es importante conocer sus s\u00edntomas. <strong>Estos son algunos de los s\u00edntomas m\u00e1s frecuentes:&nbsp;<\/strong><\/p>\n\n\n\n<ul class=\"wp-block-list\"><li>Fatiga.<\/li><li>Tos.<\/li><li>Dificultad para respirar, con sibilancias y aparente falta de aire.&nbsp;<\/li><li>Fiebre.<\/li><li>Cuando el ni\u00f1o intenta inhalar, se hunden los m\u00fasculos que rodean las costillas.&nbsp;<\/li><li>Las fosas nasales se ensanchan al respirar.&nbsp;<\/li><li>El beb\u00e9 respira a una velocidad considerablemente m\u00e1s r\u00e1pida de lo habitual.&nbsp;<\/li><li>El beb\u00e9 tiene la piel morada porque le falta ox\u00edgeno. En este caso, es urgente acudir al hospital para que lo vea un pediatra cuanto antes.&nbsp;<\/li><\/ul>\n\n\n\n<h2 class=\"wp-block-heading\">Bronquitis en ni\u00f1os: c\u00f3mo tratarla<\/h2>\n\n\n\n<p>Las bronquitis en ni\u00f1os y ni\u00f1as tambi\u00e9n son una de las infecciones respiratorias m\u00e1s frecuentes a corta edad. Si tu hijo est\u00e1 sufriendo una bronquitis, es importante <strong>acudir al pediatra para que sea \u00e9l quien indique el tratamiento a seguir. <\/strong>En el Grupo Hospitalario Recoletas contamos con profesionales, tanto pediatras como neum\u00f3logos, que pueden ayudar a tu peque\u00f1o.&nbsp;<\/p>\n\n\n\n<p>Si el ni\u00f1o presenta s\u00edntomas graves, como fiebre alta, n\u00e1useas y v\u00f3mitos, tiraje o astenia; <strong>la visita al m\u00e9dico resulta incluso m\u00e1s importante y urgente.<\/strong> Generalmente, se suelen prescribir analg\u00e9sicos, antitus\u00edgenos, antipir\u00e9ticos, antibi\u00f3ticos y broncodilatadores.&nbsp;<\/p>\n\n\n\n<p>Adem\u00e1s de acudir al <a href=\"https:\/\/www.gruporecoletas.com\/especialidades\/pediatria\/\">m\u00e9dico especializado<\/a> para que indique los pasos a seguir, podemos ayudar desde casa a <strong>aliviar los s\u00edntomas del peque\u00f1o mediante diferentes pr\u00e1cticas.<\/strong> Por ejemplo, el uso de humidificadores con esencias como el eucalipto o el mentol, una hidrataci\u00f3n adecuada, evitar el fr\u00edo, guardar reposo, ingesta de alimentos ricos en alicinas como el ajo y la cebolla\u2026&nbsp;<\/p>\n\n\n\n<p>Tambi\u00e9n, para aliviar la mucosidad y el malestar que el ni\u00f1o est\u00e9 sufriendo debido a ello, suelen ser \u00fatiles las soluciones salinas o el agua de mar, ya que favorecen el aclaramiento mucociliar.&nbsp;<\/p>\n\n\n\n<h2 class=\"wp-block-heading\">Asma en ni\u00f1os y c\u00f3mo influye la contaminaci\u00f3n&nbsp;<\/h2>\n\n\n\n<p>La contaminaci\u00f3n atmosf\u00e9rica suele hacer que resulte m\u00e1s dif\u00edcil respirar. Pero esta dificultad se puede agravar de forma muy evidente en las personas asm\u00e1ticas, y mucho m\u00e1s en los ni\u00f1os.&nbsp;<\/p>\n\n\n\n<p>La contaminaci\u00f3n que sufren muchas ciudades, y que podemos ver como una gran nube amarilla o marr\u00f3n, puede irritar mucho los pulmones y causar <strong>serias dificultades para que un ni\u00f1o con asma pueda respirar con normalidad.&nbsp;<\/strong><\/p>\n\n\n\n<p>Si tu hijo o hija sufre de asma, algo que<strong> <\/strong>puedes hacer es estar pendiente del pron\u00f3stico del clima. De esta manera, podr\u00e1s evaluar en qu\u00e9 d\u00edas habr\u00e1 una mayor contaminaci\u00f3n atmosf\u00e9rica y tomar las medidas pertinentes.&nbsp;<\/p>\n\n\n\n<p><strong>Algunas de esas medidas <\/strong>que pueden ayudar a tu hijo a llevar mejor su enfermedad en los d\u00edas de m\u00e1s contaminaci\u00f3n son las siguientes:&nbsp;<\/p>\n\n\n\n<ul class=\"wp-block-list\"><li>Si la contaminaci\u00f3n atmosf\u00e9rica es alta, el uso de aire acondicionado limpiar\u00e1 el ambiente en la vivienda.&nbsp;<\/li><li>Para salir al aire libre, el mejor momento del d\u00eda ser\u00e1 por la ma\u00f1ana, cuando los niveles de contaminaci\u00f3n son m\u00e1s bajos.&nbsp;<\/li><li>Evita llevar a tu hijo o hija a parques o lugares cerca de mucho tr\u00e1fico.&nbsp;<\/li><li>Aseg\u00farate de que tu peque\u00f1o lleva siempre en la mochila, o el bolsillo, su medicamento de alivio r\u00e1pido para el asma.&nbsp;<\/li><\/ul>\n\n\n\n<p>Tener en cuenta todos estos consejos te ayudar\u00e1 a mantener a tu hijo con asma menos afectado por las inclemencias de su enfermedad y del clima o la contaminaci\u00f3n de la zona.&nbsp;<\/p>\n\n\n\n<p>Esperamos que este art\u00edculo haya aclarado algunas de tus dudas sobre las infecciones respiratorias de los ni\u00f1os. Por supuesto, <strong>si tu hijo o tu hija sufre una crisis respiratoria,<\/strong> o notas que no est\u00e1 respirando de una forma normal, es <strong>muy importante que acudas a un centro de urgencias <\/strong>para que los m\u00e9dicos act\u00faen r\u00e1pidamente.&nbsp;<\/p>\n","protected":false},"excerpt":{"rendered":"<p>Una de las preocupaciones m\u00e1s frecuentes de muchos padres es saber cu\u00e1les son las infecciones respiratorias de los ni\u00f1os, y c\u00f3mo pueden hacerles frente si su hijo sufre una de estas infecciones.&nbsp; En Recoletas Red Hospitalaria contamos con los profesionales m\u00e1s cualificados para tratar cualquier infecci\u00f3n respiratoria en ni\u00f1os y ni\u00f1as. Y, en este art\u00edculo, [&hellip;]<\/p>\n","protected":false},"author":2,"featured_media":14299,"comment_status":"closed","ping_status":"closed","sticky":false,"template":"","format":"standard","meta":{"_acf_changed":false,"footnotes":""},"categories":[44,3244],"tags":[3081,3082],"class_list":["post-14298","post","type-post","status-publish","format-standard","has-post-thumbnail","hentry","category-pediatria","category-unidad-de-neumologia","tag-infecciones","tag-ninos"],"acf":[],"yoast_head":"<!-- This site is optimized with the Yoast SEO Premium plugin v27.3 (Yoast SEO v27.3) - https:\/\/yoast.com\/product\/yoast-seo-premium-wordpress\/ -->\n<title>Infecciones respiratorias m\u00e1s comunes en los ni\u00f1os - Noticias Grupo Recoletas<\/title>\n<meta name=\"robots\" content=\"index, follow, max-snippet:-1, max-image-preview:large, max-video-preview:-1\" \/>\n<link rel=\"canonical\" href=\"https:\/\/www.gruporecoletas.com\/noticias\/infecciones-respiratorias-mas-comunes-en-ninos\/\" \/>\n<meta property=\"og:locale\" content=\"es_ES\" \/>\n<meta property=\"og:type\" content=\"article\" \/>\n<meta property=\"og:title\" content=\"Infecciones respiratorias m\u00e1s comunes en los ni\u00f1os\" \/>\n<meta property=\"og:description\" content=\"Una de las preocupaciones m\u00e1s frecuentes de muchos padres es saber cu\u00e1les son las infecciones respiratorias de los ni\u00f1os, y c\u00f3mo pueden hacerles frente si su hijo sufre una de estas infecciones.&nbsp; En Recoletas Red Hospitalaria contamos con los profesionales m\u00e1s cualificados para tratar cualquier infecci\u00f3n respiratoria en ni\u00f1os y ni\u00f1as. Y, en este art\u00edculo, [&hellip;]\" \/>\n<meta property=\"og:url\" content=\"https:\/\/www.gruporecoletas.com\/noticias\/infecciones-respiratorias-mas-comunes-en-ninos\/\" \/>\n<meta property=\"og:site_name\" content=\"Noticias Grupo Recoletas\" \/>\n<meta property=\"article:publisher\" content=\"https:\/\/www.facebook.com\/GrupoRecoletas\/\" \/>\n<meta property=\"article:published_time\" content=\"2020-11-26T16:37:18+00:00\" \/>\n<meta property=\"article:modified_time\" content=\"2022-03-18T10:46:28+00:00\" \/>\n<meta property=\"og:image\" content=\"https:\/\/www.gruporecoletas.com\/noticias\/wp-content\/uploads\/2020\/11\/infecciones-respiratorias-ninos.jpg\" \/>\n\t<meta property=\"og:image:width\" content=\"800\" \/>\n\t<meta property=\"og:image:height\" content=\"530\" \/>\n\t<meta property=\"og:image:type\" content=\"image\/jpeg\" \/>\n<meta name=\"author\" content=\"Recoletas Red Hospitalaria\" \/>\n<meta name=\"twitter:card\" content=\"summary_large_image\" \/>\n<meta name=\"twitter:creator\" content=\"@GrupoRecoletas\" \/>\n<meta name=\"twitter:site\" content=\"@GrupoRecoletas\" \/>\n<meta name=\"twitter:label1\" content=\"Escrito por\" \/>\n\t<meta name=\"twitter:data1\" content=\"Recoletas Red Hospitalaria\" \/>\n\t<meta name=\"twitter:label2\" content=\"Tiempo de lectura\" \/>\n\t<meta name=\"twitter:data2\" content=\"4 minutos\" \/>\n<script type=\"application\/ld+json\" class=\"yoast-schema-graph\">{\"@context\":\"https:\\\/\\\/schema.org\",\"@graph\":[{\"@type\":\"Article\",\"@id\":\"https:\\\/\\\/www.gruporecoletas.com\\\/noticias\\\/infecciones-respiratorias-mas-comunes-en-ninos\\\/#article\",\"isPartOf\":{\"@id\":\"https:\\\/\\\/www.gruporecoletas.com\\\/noticias\\\/infecciones-respiratorias-mas-comunes-en-ninos\\\/\"},\"author\":{\"name\":\"Recoletas Red Hospitalaria\",\"@id\":\"https:\\\/\\\/www.gruporecoletas.com\\\/noticias\\\/#\\\/schema\\\/person\\\/3c6ac429828d1f5e3d3bd99f4da9b02c\"},\"headline\":\"Infecciones respiratorias m\u00e1s comunes en los ni\u00f1os\",\"datePublished\":\"2020-11-26T16:37:18+00:00\",\"dateModified\":\"2022-03-18T10:46:28+00:00\",\"mainEntityOfPage\":{\"@id\":\"https:\\\/\\\/www.gruporecoletas.com\\\/noticias\\\/infecciones-respiratorias-mas-comunes-en-ninos\\\/\"},\"wordCount\":813,\"image\":{\"@id\":\"https:\\\/\\\/www.gruporecoletas.com\\\/noticias\\\/infecciones-respiratorias-mas-comunes-en-ninos\\\/#primaryimage\"},\"thumbnailUrl\":\"https:\\\/\\\/www.gruporecoletas.com\\\/noticias\\\/wp-content\\\/uploads\\\/2020\\\/11\\\/infecciones-respiratorias-ninos.jpg\",\"keywords\":[\"infecciones\",\"ni\u00f1os\"],\"articleSection\":[\"Pediatr\u00eda\",\"Unidad de Neumolog\u00eda\"],\"inLanguage\":\"es\"},{\"@type\":\"WebPage\",\"@id\":\"https:\\\/\\\/www.gruporecoletas.com\\\/noticias\\\/infecciones-respiratorias-mas-comunes-en-ninos\\\/\",\"url\":\"https:\\\/\\\/www.gruporecoletas.com\\\/noticias\\\/infecciones-respiratorias-mas-comunes-en-ninos\\\/\",\"name\":\"Infecciones respiratorias m\u00e1s comunes en los ni\u00f1os - Noticias Grupo Recoletas\",\"isPartOf\":{\"@id\":\"https:\\\/\\\/www.gruporecoletas.com\\\/noticias\\\/#website\"},\"primaryImageOfPage\":{\"@id\":\"https:\\\/\\\/www.gruporecoletas.com\\\/noticias\\\/infecciones-respiratorias-mas-comunes-en-ninos\\\/#primaryimage\"},\"image\":{\"@id\":\"https:\\\/\\\/www.gruporecoletas.com\\\/noticias\\\/infecciones-respiratorias-mas-comunes-en-ninos\\\/#primaryimage\"},\"thumbnailUrl\":\"https:\\\/\\\/www.gruporecoletas.com\\\/noticias\\\/wp-content\\\/uploads\\\/2020\\\/11\\\/infecciones-respiratorias-ninos.jpg\",\"datePublished\":\"2020-11-26T16:37:18+00:00\",\"dateModified\":\"2022-03-18T10:46:28+00:00\",\"author\":{\"@id\":\"https:\\\/\\\/www.gruporecoletas.com\\\/noticias\\\/#\\\/schema\\\/person\\\/3c6ac429828d1f5e3d3bd99f4da9b02c\"},\"breadcrumb\":{\"@id\":\"https:\\\/\\\/www.gruporecoletas.com\\\/noticias\\\/infecciones-respiratorias-mas-comunes-en-ninos\\\/#breadcrumb\"},\"inLanguage\":\"es\",\"potentialAction\":[{\"@type\":\"ReadAction\",\"target\":[\"https:\\\/\\\/www.gruporecoletas.com\\\/noticias\\\/infecciones-respiratorias-mas-comunes-en-ninos\\\/\"]}]},{\"@type\":\"ImageObject\",\"inLanguage\":\"es\",\"@id\":\"https:\\\/\\\/www.gruporecoletas.com\\\/noticias\\\/infecciones-respiratorias-mas-comunes-en-ninos\\\/#primaryimage\",\"url\":\"https:\\\/\\\/www.gruporecoletas.com\\\/noticias\\\/wp-content\\\/uploads\\\/2020\\\/11\\\/infecciones-respiratorias-ninos.jpg\",\"contentUrl\":\"https:\\\/\\\/www.gruporecoletas.com\\\/noticias\\\/wp-content\\\/uploads\\\/2020\\\/11\\\/infecciones-respiratorias-ninos.jpg\",\"width\":800,\"height\":530},{\"@type\":\"BreadcrumbList\",\"@id\":\"https:\\\/\\\/www.gruporecoletas.com\\\/noticias\\\/infecciones-respiratorias-mas-comunes-en-ninos\\\/#breadcrumb\",\"itemListElement\":[{\"@type\":\"ListItem\",\"position\":1,\"name\":\"Portada\",\"item\":\"https:\\\/\\\/www.gruporecoletas.com\\\/noticias\\\/\"},{\"@type\":\"ListItem\",\"position\":2,\"name\":\"Infecciones respiratorias m\u00e1s comunes en los ni\u00f1os\"}]},{\"@type\":\"WebSite\",\"@id\":\"https:\\\/\\\/www.gruporecoletas.com\\\/noticias\\\/#website\",\"url\":\"https:\\\/\\\/www.gruporecoletas.com\\\/noticias\\\/\",\"name\":\"Noticias Grupo Recoletas\",\"description\":\"Grupo Recoletas\",\"potentialAction\":[{\"@type\":\"SearchAction\",\"target\":{\"@type\":\"EntryPoint\",\"urlTemplate\":\"https:\\\/\\\/www.gruporecoletas.com\\\/noticias\\\/?s={search_term_string}\"},\"query-input\":{\"@type\":\"PropertyValueSpecification\",\"valueRequired\":true,\"valueName\":\"search_term_string\"}}],\"inLanguage\":\"es\"},{\"@type\":\"Person\",\"@id\":\"https:\\\/\\\/www.gruporecoletas.com\\\/noticias\\\/#\\\/schema\\\/person\\\/3c6ac429828d1f5e3d3bd99f4da9b02c\",\"name\":\"Recoletas Red Hospitalaria\",\"url\":\"https:\\\/\\\/www.gruporecoletas.com\\\/noticias\\\/author\\\/comunicacion\\\/\"}]}<\/script>\n<!-- \/ Yoast SEO Premium plugin. -->","yoast_head_json":{"title":"Infecciones respiratorias m\u00e1s comunes en los ni\u00f1os - Noticias Grupo Recoletas","robots":{"index":"index","follow":"follow","max-snippet":"max-snippet:-1","max-image-preview":"max-image-preview:large","max-video-preview":"max-video-preview:-1"},"canonical":"https:\/\/www.gruporecoletas.com\/noticias\/infecciones-respiratorias-mas-comunes-en-ninos\/","og_locale":"es_ES","og_type":"article","og_title":"Infecciones respiratorias m\u00e1s comunes en los ni\u00f1os","og_description":"Una de las preocupaciones m\u00e1s frecuentes de muchos padres es saber cu\u00e1les son las infecciones respiratorias de los ni\u00f1os, y c\u00f3mo pueden hacerles frente si su hijo sufre una de estas infecciones.&nbsp; En Recoletas Red Hospitalaria contamos con los profesionales m\u00e1s cualificados para tratar cualquier infecci\u00f3n respiratoria en ni\u00f1os y ni\u00f1as. Y, en este art\u00edculo, [&hellip;]","og_url":"https:\/\/www.gruporecoletas.com\/noticias\/infecciones-respiratorias-mas-comunes-en-ninos\/","og_site_name":"Noticias Grupo Recoletas","article_publisher":"https:\/\/www.facebook.com\/GrupoRecoletas\/","article_published_time":"2020-11-26T16:37:18+00:00","article_modified_time":"2022-03-18T10:46:28+00:00","og_image":[{"width":800,"height":530,"url":"https:\/\/www.gruporecoletas.com\/noticias\/wp-content\/uploads\/2020\/11\/infecciones-respiratorias-ninos.jpg","type":"image\/jpeg"}],"author":"Recoletas Red Hospitalaria","twitter_card":"summary_large_image","twitter_creator":"@GrupoRecoletas","twitter_site":"@GrupoRecoletas","twitter_misc":{"Escrito por":"Recoletas Red Hospitalaria","Tiempo de lectura":"4 minutos"},"schema":{"@context":"https:\/\/schema.org","@graph":[{"@type":"Article","@id":"https:\/\/www.gruporecoletas.com\/noticias\/infecciones-respiratorias-mas-comunes-en-ninos\/#article","isPartOf":{"@id":"https:\/\/www.gruporecoletas.com\/noticias\/infecciones-respiratorias-mas-comunes-en-ninos\/"},"author":{"name":"Recoletas Red Hospitalaria","@id":"https:\/\/www.gruporecoletas.com\/noticias\/#\/schema\/person\/3c6ac429828d1f5e3d3bd99f4da9b02c"},"headline":"Infecciones respiratorias m\u00e1s comunes en los ni\u00f1os","datePublished":"2020-11-26T16:37:18+00:00","dateModified":"2022-03-18T10:46:28+00:00","mainEntityOfPage":{"@id":"https:\/\/www.gruporecoletas.com\/noticias\/infecciones-respiratorias-mas-comunes-en-ninos\/"},"wordCount":813,"image":{"@id":"https:\/\/www.gruporecoletas.com\/noticias\/infecciones-respiratorias-mas-comunes-en-ninos\/#primaryimage"},"thumbnailUrl":"https:\/\/www.gruporecoletas.com\/noticias\/wp-content\/uploads\/2020\/11\/infecciones-respiratorias-ninos.jpg","keywords":["infecciones","ni\u00f1os"],"articleSection":["Pediatr\u00eda","Unidad de Neumolog\u00eda"],"inLanguage":"es"},{"@type":"WebPage","@id":"https:\/\/www.gruporecoletas.com\/noticias\/infecciones-respiratorias-mas-comunes-en-ninos\/","url":"https:\/\/www.gruporecoletas.com\/noticias\/infecciones-respiratorias-mas-comunes-en-ninos\/","name":"Infecciones respiratorias m\u00e1s comunes en los ni\u00f1os - Noticias Grupo Recoletas","isPartOf":{"@id":"https:\/\/www.gruporecoletas.com\/noticias\/#website"},"primaryImageOfPage":{"@id":"https:\/\/www.gruporecoletas.com\/noticias\/infecciones-respiratorias-mas-comunes-en-ninos\/#primaryimage"},"image":{"@id":"https:\/\/www.gruporecoletas.com\/noticias\/infecciones-respiratorias-mas-comunes-en-ninos\/#primaryimage"},"thumbnailUrl":"https:\/\/www.gruporecoletas.com\/noticias\/wp-content\/uploads\/2020\/11\/infecciones-respiratorias-ninos.jpg","datePublished":"2020-11-26T16:37:18+00:00","dateModified":"2022-03-18T10:46:28+00:00","author":{"@id":"https:\/\/www.gruporecoletas.com\/noticias\/#\/schema\/person\/3c6ac429828d1f5e3d3bd99f4da9b02c"},"breadcrumb":{"@id":"https:\/\/www.gruporecoletas.com\/noticias\/infecciones-respiratorias-mas-comunes-en-ninos\/#breadcrumb"},"inLanguage":"es","potentialAction":[{"@type":"ReadAction","target":["https:\/\/www.gruporecoletas.com\/noticias\/infecciones-respiratorias-mas-comunes-en-ninos\/"]}]},{"@type":"ImageObject","inLanguage":"es","@id":"https:\/\/www.gruporecoletas.com\/noticias\/infecciones-respiratorias-mas-comunes-en-ninos\/#primaryimage","url":"https:\/\/www.gruporecoletas.com\/noticias\/wp-content\/uploads\/2020\/11\/infecciones-respiratorias-ninos.jpg","contentUrl":"https:\/\/www.gruporecoletas.com\/noticias\/wp-content\/uploads\/2020\/11\/infecciones-respiratorias-ninos.jpg","width":800,"height":530},{"@type":"BreadcrumbList","@id":"https:\/\/www.gruporecoletas.com\/noticias\/infecciones-respiratorias-mas-comunes-en-ninos\/#breadcrumb","itemListElement":[{"@type":"ListItem","position":1,"name":"Portada","item":"https:\/\/www.gruporecoletas.com\/noticias\/"},{"@type":"ListItem","position":2,"name":"Infecciones respiratorias m\u00e1s comunes en los ni\u00f1os"}]},{"@type":"WebSite","@id":"https:\/\/www.gruporecoletas.com\/noticias\/#website","url":"https:\/\/www.gruporecoletas.com\/noticias\/","name":"Noticias Grupo Recoletas","description":"Grupo Recoletas","potentialAction":[{"@type":"SearchAction","target":{"@type":"EntryPoint","urlTemplate":"https:\/\/www.gruporecoletas.com\/noticias\/?s={search_term_string}"},"query-input":{"@type":"PropertyValueSpecification","valueRequired":true,"valueName":"search_term_string"}}],"inLanguage":"es"},{"@type":"Person","@id":"https:\/\/www.gruporecoletas.com\/noticias\/#\/schema\/person\/3c6ac429828d1f5e3d3bd99f4da9b02c","name":"Recoletas Red Hospitalaria","url":"https:\/\/www.gruporecoletas.com\/noticias\/author\/comunicacion\/"}]}},"_links":{"self":[{"href":"https:\/\/www.gruporecoletas.com\/noticias\/wp-json\/wp\/v2\/posts\/14298","targetHints":{"allow":["GET"]}}],"collection":[{"href":"https:\/\/www.gruporecoletas.com\/noticias\/wp-json\/wp\/v2\/posts"}],"about":[{"href":"https:\/\/www.gruporecoletas.com\/noticias\/wp-json\/wp\/v2\/types\/post"}],"author":[{"embeddable":true,"href":"https:\/\/www.gruporecoletas.com\/noticias\/wp-json\/wp\/v2\/users\/2"}],"replies":[{"embeddable":true,"href":"https:\/\/www.gruporecoletas.com\/noticias\/wp-json\/wp\/v2\/comments?post=14298"}],"version-history":[{"count":1,"href":"https:\/\/www.gruporecoletas.com\/noticias\/wp-json\/wp\/v2\/posts\/14298\/revisions"}],"predecessor-version":[{"id":14300,"href":"https:\/\/www.gruporecoletas.com\/noticias\/wp-json\/wp\/v2\/posts\/14298\/revisions\/14300"}],"wp:featuredmedia":[{"embeddable":true,"href":"https:\/\/www.gruporecoletas.com\/noticias\/wp-json\/wp\/v2\/media\/14299"}],"wp:attachment":[{"href":"https:\/\/www.gruporecoletas.com\/noticias\/wp-json\/wp\/v2\/media?parent=14298"}],"wp:term":[{"taxonomy":"category","embeddable":true,"href":"https:\/\/www.gruporecoletas.com\/noticias\/wp-json\/wp\/v2\/categories?post=14298"},{"taxonomy":"post_tag","embeddable":true,"href":"https:\/\/www.gruporecoletas.com\/noticias\/wp-json\/wp\/v2\/tags?post=14298"}],"curies":[{"name":"wp","href":"https:\/\/api.w.org\/{rel}","templated":true}]}}