{"id":14333,"date":"2020-12-14T15:45:28","date_gmt":"2020-12-14T14:45:28","guid":{"rendered":"https:\/\/www.gruporecoletas.com\/noticias\/?p=14333"},"modified":"2020-12-14T16:06:37","modified_gmt":"2020-12-14T15:06:37","slug":"recoletas-lanza-una-campana-de-sensibilizacion-ciudadana-sobre-la-importancia-de-la-prevencion-en-el-cuidado-de-la-salud","status":"publish","type":"post","link":"https:\/\/www.gruporecoletas.com\/noticias\/recoletas-lanza-una-campana-de-sensibilizacion-ciudadana-sobre-la-importancia-de-la-prevencion-en-el-cuidado-de-la-salud\/","title":{"rendered":"Recoletas lanza una campa\u00f1a de sensibilizaci\u00f3n ciudadana sobre la importancia de la prevenci\u00f3n en el cuidado de la salud"},"content":{"rendered":"\n<p><strong>#Cuidatusalud es el lema de la campa\u00f1a de sensibilizaci\u00f3n ciudadana<\/strong> que acaba de poner en marcha Recoletas Red Hospitalaria con la finalidad de que la poblaci\u00f3n sea consciente de la <strong>importancia de la prevenci\u00f3n en el buen diagn\u00f3stico y evoluci\u00f3n de la salud<\/strong> y contin\u00fae adelante con sus tratamientos y revisiones.<\/p>\n\n\n\n<p>Para Recoletas, la covid no puede, de ning\u00fan modo, impedir que los <strong>pacientes cr\u00f3nicos o los enfermos de ciertas patolog\u00edas sigan recibiendo el tratamiento y la atenci\u00f3n m\u00e9dica que precisan<\/strong> porque abandonarlos incrementar\u00eda considerablemente los riesgos para su salud y bienestar y las enfermedades podr\u00edan agravarse considerablemente.<\/p>\n\n\n\n<p>En esa certeza m\u00e9dica precisamente se basa la campa\u00f1a de sensibilizaci\u00f3n de Recoletas en la que se proporcionan <strong>recomendaciones a los pacientes parar que sigan manteniendo sus consultas m\u00e9dicas<\/strong>.&nbsp;<\/p>\n\n\n\n<p>Precisamente, esta campa\u00f1a nace despu\u00e9s de la <strong>importante inversi\u00f3n que Recoletas Red Hospitalaria ha afrontado para mejorar la seguridad<\/strong> en todos y cada uno de sus hospitales y centros m\u00e9dicos y que ronda el mill\u00f3n de euros.<\/p>\n\n\n\n<p>\u201cCuida tu salud, ven al m\u00e9dico\u201d, \u201cIr a mis revisiones es importante\u201d y \u201cLa enfermedad no pide cita\u201d son algunos de los mensajes que desde Recoletas se quiere transmitir a los<strong> ciudadanos para que sean conscientes de que lo mejor para nuestra salud es siempre la prevenci\u00f3n<\/strong>.<\/p>\n","protected":false},"excerpt":{"rendered":"<p>#Cuidatusalud es el lema de la campa\u00f1a de sensibilizaci\u00f3n ciudadana que acaba de poner en marcha Recoletas Red Hospitalaria con la finalidad de que la poblaci\u00f3n sea consciente de la importancia de la prevenci\u00f3n en el buen diagn\u00f3stico y evoluci\u00f3n de la salud y contin\u00fae adelante con sus tratamientos y revisiones. Para Recoletas, la covid [&hellip;]<\/p>\n","protected":false},"author":2,"featured_media":14334,"comment_status":"closed","ping_status":"closed","sticky":false,"template":"","format":"standard","meta":{"_acf_changed":false,"footnotes":""},"categories":[1],"tags":[],"class_list":["post-14333","post","type-post","status-publish","format-standard","has-post-thumbnail","hentry","category-grupo-recoletas"],"acf":[],"yoast_head":"<!-- This site is optimized with the Yoast SEO Premium plugin v27.3 (Yoast SEO v27.3) - https:\/\/yoast.com\/product\/yoast-seo-premium-wordpress\/ -->\n<title>Recoletas lanza una campa\u00f1a de sensibilizaci\u00f3n ciudadana sobre la importancia de la prevenci\u00f3n en el cuidado de la salud - Noticias Grupo Recoletas<\/title>\n<meta name=\"description\" content=\"#Cuidatusalud es el lema de la campa\u00f1a de sensibilizaci\u00f3n ciudadana que acaba de poner en marcha Recoletas Red Hospitalaria con la finalidad de que la poblaci\u00f3n sea consciente de la importancia de la prevenci\u00f3n en el buen diagn\u00f3stico y evoluci\u00f3n de la salud y contin\u00fae adelante con sus tratamientos y revisiones.\" \/>\n<meta name=\"robots\" content=\"index, follow, max-snippet:-1, max-image-preview:large, max-video-preview:-1\" \/>\n<link rel=\"canonical\" href=\"https:\/\/www.gruporecoletas.com\/noticias\/recoletas-lanza-una-campana-de-sensibilizacion-ciudadana-sobre-la-importancia-de-la-prevencion-en-el-cuidado-de-la-salud\/\" \/>\n<meta property=\"og:locale\" content=\"es_ES\" \/>\n<meta property=\"og:type\" content=\"article\" \/>\n<meta property=\"og:title\" content=\"Recoletas lanza una campa\u00f1a de sensibilizaci\u00f3n ciudadana sobre la importancia de la prevenci\u00f3n en el cuidado de la salud\" \/>\n<meta property=\"og:description\" content=\"#Cuidatusalud es el lema de la campa\u00f1a de sensibilizaci\u00f3n ciudadana que acaba de poner en marcha Recoletas Red Hospitalaria con la finalidad de que la poblaci\u00f3n sea consciente de la importancia de la prevenci\u00f3n en el buen diagn\u00f3stico y evoluci\u00f3n de la salud y contin\u00fae adelante con sus tratamientos y revisiones.\" \/>\n<meta property=\"og:url\" content=\"https:\/\/www.gruporecoletas.com\/noticias\/recoletas-lanza-una-campana-de-sensibilizacion-ciudadana-sobre-la-importancia-de-la-prevencion-en-el-cuidado-de-la-salud\/\" \/>\n<meta property=\"og:site_name\" content=\"Noticias Grupo Recoletas\" \/>\n<meta property=\"article:publisher\" content=\"https:\/\/www.facebook.com\/GrupoRecoletas\/\" \/>\n<meta property=\"article:published_time\" content=\"2020-12-14T14:45:28+00:00\" \/>\n<meta property=\"article:modified_time\" content=\"2020-12-14T15:06:37+00:00\" \/>\n<meta property=\"og:image\" content=\"https:\/\/www.gruporecoletas.com\/noticias\/wp-content\/uploads\/2020\/12\/yorecoletas-fb.jpg\" \/>\n\t<meta property=\"og:image:width\" content=\"1200\" \/>\n\t<meta property=\"og:image:height\" content=\"628\" \/>\n\t<meta property=\"og:image:type\" content=\"image\/jpeg\" \/>\n<meta name=\"author\" content=\"Recoletas Red Hospitalaria\" \/>\n<meta name=\"twitter:card\" content=\"summary_large_image\" \/>\n<meta name=\"twitter:creator\" content=\"@GrupoRecoletas\" \/>\n<meta name=\"twitter:site\" content=\"@GrupoRecoletas\" \/>\n<meta name=\"twitter:label1\" content=\"Escrito por\" \/>\n\t<meta name=\"twitter:data1\" content=\"Recoletas Red Hospitalaria\" \/>\n\t<meta name=\"twitter:label2\" content=\"Tiempo de lectura\" \/>\n\t<meta name=\"twitter:data2\" content=\"1 minuto\" \/>\n<script type=\"application\/ld+json\" class=\"yoast-schema-graph\">{\"@context\":\"https:\\\/\\\/schema.org\",\"@graph\":[{\"@type\":\"Article\",\"@id\":\"https:\\\/\\\/www.gruporecoletas.com\\\/noticias\\\/recoletas-lanza-una-campana-de-sensibilizacion-ciudadana-sobre-la-importancia-de-la-prevencion-en-el-cuidado-de-la-salud\\\/#article\",\"isPartOf\":{\"@id\":\"https:\\\/\\\/www.gruporecoletas.com\\\/noticias\\\/recoletas-lanza-una-campana-de-sensibilizacion-ciudadana-sobre-la-importancia-de-la-prevencion-en-el-cuidado-de-la-salud\\\/\"},\"author\":{\"name\":\"Recoletas Red Hospitalaria\",\"@id\":\"https:\\\/\\\/www.gruporecoletas.com\\\/noticias\\\/#\\\/schema\\\/person\\\/3c6ac429828d1f5e3d3bd99f4da9b02c\"},\"headline\":\"Recoletas lanza una campa\u00f1a de sensibilizaci\u00f3n ciudadana sobre la importancia de la prevenci\u00f3n en el cuidado de la salud\",\"datePublished\":\"2020-12-14T14:45:28+00:00\",\"dateModified\":\"2020-12-14T15:06:37+00:00\",\"mainEntityOfPage\":{\"@id\":\"https:\\\/\\\/www.gruporecoletas.com\\\/noticias\\\/recoletas-lanza-una-campana-de-sensibilizacion-ciudadana-sobre-la-importancia-de-la-prevencion-en-el-cuidado-de-la-salud\\\/\"},\"wordCount\":259,\"image\":{\"@id\":\"https:\\\/\\\/www.gruporecoletas.com\\\/noticias\\\/recoletas-lanza-una-campana-de-sensibilizacion-ciudadana-sobre-la-importancia-de-la-prevencion-en-el-cuidado-de-la-salud\\\/#primaryimage\"},\"thumbnailUrl\":\"https:\\\/\\\/www.gruporecoletas.com\\\/noticias\\\/wp-content\\\/uploads\\\/2020\\\/12\\\/yorecoletas-blog.jpg\",\"articleSection\":[\"Grupo Recoletas\"],\"inLanguage\":\"es\"},{\"@type\":\"WebPage\",\"@id\":\"https:\\\/\\\/www.gruporecoletas.com\\\/noticias\\\/recoletas-lanza-una-campana-de-sensibilizacion-ciudadana-sobre-la-importancia-de-la-prevencion-en-el-cuidado-de-la-salud\\\/\",\"url\":\"https:\\\/\\\/www.gruporecoletas.com\\\/noticias\\\/recoletas-lanza-una-campana-de-sensibilizacion-ciudadana-sobre-la-importancia-de-la-prevencion-en-el-cuidado-de-la-salud\\\/\",\"name\":\"Recoletas lanza una campa\u00f1a de sensibilizaci\u00f3n ciudadana sobre la importancia de la prevenci\u00f3n en el cuidado de la salud - Noticias Grupo Recoletas\",\"isPartOf\":{\"@id\":\"https:\\\/\\\/www.gruporecoletas.com\\\/noticias\\\/#website\"},\"primaryImageOfPage\":{\"@id\":\"https:\\\/\\\/www.gruporecoletas.com\\\/noticias\\\/recoletas-lanza-una-campana-de-sensibilizacion-ciudadana-sobre-la-importancia-de-la-prevencion-en-el-cuidado-de-la-salud\\\/#primaryimage\"},\"image\":{\"@id\":\"https:\\\/\\\/www.gruporecoletas.com\\\/noticias\\\/recoletas-lanza-una-campana-de-sensibilizacion-ciudadana-sobre-la-importancia-de-la-prevencion-en-el-cuidado-de-la-salud\\\/#primaryimage\"},\"thumbnailUrl\":\"https:\\\/\\\/www.gruporecoletas.com\\\/noticias\\\/wp-content\\\/uploads\\\/2020\\\/12\\\/yorecoletas-blog.jpg\",\"datePublished\":\"2020-12-14T14:45:28+00:00\",\"dateModified\":\"2020-12-14T15:06:37+00:00\",\"author\":{\"@id\":\"https:\\\/\\\/www.gruporecoletas.com\\\/noticias\\\/#\\\/schema\\\/person\\\/3c6ac429828d1f5e3d3bd99f4da9b02c\"},\"description\":\"#Cuidatusalud es el lema de la campa\u00f1a de sensibilizaci\u00f3n ciudadana que acaba de poner en marcha Recoletas Red Hospitalaria con la finalidad de que la poblaci\u00f3n sea consciente de la importancia de la prevenci\u00f3n en el buen diagn\u00f3stico y evoluci\u00f3n de la salud y contin\u00fae adelante con sus tratamientos y revisiones.\",\"breadcrumb\":{\"@id\":\"https:\\\/\\\/www.gruporecoletas.com\\\/noticias\\\/recoletas-lanza-una-campana-de-sensibilizacion-ciudadana-sobre-la-importancia-de-la-prevencion-en-el-cuidado-de-la-salud\\\/#breadcrumb\"},\"inLanguage\":\"es\",\"potentialAction\":[{\"@type\":\"ReadAction\",\"target\":[\"https:\\\/\\\/www.gruporecoletas.com\\\/noticias\\\/recoletas-lanza-una-campana-de-sensibilizacion-ciudadana-sobre-la-importancia-de-la-prevencion-en-el-cuidado-de-la-salud\\\/\"]}]},{\"@type\":\"ImageObject\",\"inLanguage\":\"es\",\"@id\":\"https:\\\/\\\/www.gruporecoletas.com\\\/noticias\\\/recoletas-lanza-una-campana-de-sensibilizacion-ciudadana-sobre-la-importancia-de-la-prevencion-en-el-cuidado-de-la-salud\\\/#primaryimage\",\"url\":\"https:\\\/\\\/www.gruporecoletas.com\\\/noticias\\\/wp-content\\\/uploads\\\/2020\\\/12\\\/yorecoletas-blog.jpg\",\"contentUrl\":\"https:\\\/\\\/www.gruporecoletas.com\\\/noticias\\\/wp-content\\\/uploads\\\/2020\\\/12\\\/yorecoletas-blog.jpg\",\"width\":900,\"height\":600},{\"@type\":\"BreadcrumbList\",\"@id\":\"https:\\\/\\\/www.gruporecoletas.com\\\/noticias\\\/recoletas-lanza-una-campana-de-sensibilizacion-ciudadana-sobre-la-importancia-de-la-prevencion-en-el-cuidado-de-la-salud\\\/#breadcrumb\",\"itemListElement\":[{\"@type\":\"ListItem\",\"position\":1,\"name\":\"Portada\",\"item\":\"https:\\\/\\\/www.gruporecoletas.com\\\/noticias\\\/\"},{\"@type\":\"ListItem\",\"position\":2,\"name\":\"Recoletas lanza una campa\u00f1a de sensibilizaci\u00f3n ciudadana sobre la importancia de la prevenci\u00f3n en el cuidado de la salud\"}]},{\"@type\":\"WebSite\",\"@id\":\"https:\\\/\\\/www.gruporecoletas.com\\\/noticias\\\/#website\",\"url\":\"https:\\\/\\\/www.gruporecoletas.com\\\/noticias\\\/\",\"name\":\"Noticias Grupo Recoletas\",\"description\":\"Grupo Recoletas\",\"potentialAction\":[{\"@type\":\"SearchAction\",\"target\":{\"@type\":\"EntryPoint\",\"urlTemplate\":\"https:\\\/\\\/www.gruporecoletas.com\\\/noticias\\\/?s={search_term_string}\"},\"query-input\":{\"@type\":\"PropertyValueSpecification\",\"valueRequired\":true,\"valueName\":\"search_term_string\"}}],\"inLanguage\":\"es\"},{\"@type\":\"Person\",\"@id\":\"https:\\\/\\\/www.gruporecoletas.com\\\/noticias\\\/#\\\/schema\\\/person\\\/3c6ac429828d1f5e3d3bd99f4da9b02c\",\"name\":\"Recoletas Red Hospitalaria\",\"url\":\"https:\\\/\\\/www.gruporecoletas.com\\\/noticias\\\/author\\\/comunicacion\\\/\"}]}<\/script>\n<!-- \/ Yoast SEO Premium plugin. -->","yoast_head_json":{"title":"Recoletas lanza una campa\u00f1a de sensibilizaci\u00f3n ciudadana sobre la importancia de la prevenci\u00f3n en el cuidado de la salud - Noticias Grupo Recoletas","description":"#Cuidatusalud es el lema de la campa\u00f1a de sensibilizaci\u00f3n ciudadana que acaba de poner en marcha Recoletas Red Hospitalaria con la finalidad de que la poblaci\u00f3n sea consciente de la importancia de la prevenci\u00f3n en el buen diagn\u00f3stico y evoluci\u00f3n de la salud y contin\u00fae adelante con sus tratamientos y revisiones.","robots":{"index":"index","follow":"follow","max-snippet":"max-snippet:-1","max-image-preview":"max-image-preview:large","max-video-preview":"max-video-preview:-1"},"canonical":"https:\/\/www.gruporecoletas.com\/noticias\/recoletas-lanza-una-campana-de-sensibilizacion-ciudadana-sobre-la-importancia-de-la-prevencion-en-el-cuidado-de-la-salud\/","og_locale":"es_ES","og_type":"article","og_title":"Recoletas lanza una campa\u00f1a de sensibilizaci\u00f3n ciudadana sobre la importancia de la prevenci\u00f3n en el cuidado de la salud","og_description":"#Cuidatusalud es el lema de la campa\u00f1a de sensibilizaci\u00f3n ciudadana que acaba de poner en marcha Recoletas Red Hospitalaria con la finalidad de que la poblaci\u00f3n sea consciente de la importancia de la prevenci\u00f3n en el buen diagn\u00f3stico y evoluci\u00f3n de la salud y contin\u00fae adelante con sus tratamientos y revisiones.","og_url":"https:\/\/www.gruporecoletas.com\/noticias\/recoletas-lanza-una-campana-de-sensibilizacion-ciudadana-sobre-la-importancia-de-la-prevencion-en-el-cuidado-de-la-salud\/","og_site_name":"Noticias Grupo Recoletas","article_publisher":"https:\/\/www.facebook.com\/GrupoRecoletas\/","article_published_time":"2020-12-14T14:45:28+00:00","article_modified_time":"2020-12-14T15:06:37+00:00","og_image":[{"width":1200,"height":628,"url":"https:\/\/www.gruporecoletas.com\/noticias\/wp-content\/uploads\/2020\/12\/yorecoletas-fb.jpg","type":"image\/jpeg"}],"author":"Recoletas Red Hospitalaria","twitter_card":"summary_large_image","twitter_creator":"@GrupoRecoletas","twitter_site":"@GrupoRecoletas","twitter_misc":{"Escrito por":"Recoletas Red Hospitalaria","Tiempo de lectura":"1 minuto"},"schema":{"@context":"https:\/\/schema.org","@graph":[{"@type":"Article","@id":"https:\/\/www.gruporecoletas.com\/noticias\/recoletas-lanza-una-campana-de-sensibilizacion-ciudadana-sobre-la-importancia-de-la-prevencion-en-el-cuidado-de-la-salud\/#article","isPartOf":{"@id":"https:\/\/www.gruporecoletas.com\/noticias\/recoletas-lanza-una-campana-de-sensibilizacion-ciudadana-sobre-la-importancia-de-la-prevencion-en-el-cuidado-de-la-salud\/"},"author":{"name":"Recoletas Red Hospitalaria","@id":"https:\/\/www.gruporecoletas.com\/noticias\/#\/schema\/person\/3c6ac429828d1f5e3d3bd99f4da9b02c"},"headline":"Recoletas lanza una campa\u00f1a de sensibilizaci\u00f3n ciudadana sobre la importancia de la prevenci\u00f3n en el cuidado de la salud","datePublished":"2020-12-14T14:45:28+00:00","dateModified":"2020-12-14T15:06:37+00:00","mainEntityOfPage":{"@id":"https:\/\/www.gruporecoletas.com\/noticias\/recoletas-lanza-una-campana-de-sensibilizacion-ciudadana-sobre-la-importancia-de-la-prevencion-en-el-cuidado-de-la-salud\/"},"wordCount":259,"image":{"@id":"https:\/\/www.gruporecoletas.com\/noticias\/recoletas-lanza-una-campana-de-sensibilizacion-ciudadana-sobre-la-importancia-de-la-prevencion-en-el-cuidado-de-la-salud\/#primaryimage"},"thumbnailUrl":"https:\/\/www.gruporecoletas.com\/noticias\/wp-content\/uploads\/2020\/12\/yorecoletas-blog.jpg","articleSection":["Grupo Recoletas"],"inLanguage":"es"},{"@type":"WebPage","@id":"https:\/\/www.gruporecoletas.com\/noticias\/recoletas-lanza-una-campana-de-sensibilizacion-ciudadana-sobre-la-importancia-de-la-prevencion-en-el-cuidado-de-la-salud\/","url":"https:\/\/www.gruporecoletas.com\/noticias\/recoletas-lanza-una-campana-de-sensibilizacion-ciudadana-sobre-la-importancia-de-la-prevencion-en-el-cuidado-de-la-salud\/","name":"Recoletas lanza una campa\u00f1a de sensibilizaci\u00f3n ciudadana sobre la importancia de la prevenci\u00f3n en el cuidado de la salud - Noticias Grupo Recoletas","isPartOf":{"@id":"https:\/\/www.gruporecoletas.com\/noticias\/#website"},"primaryImageOfPage":{"@id":"https:\/\/www.gruporecoletas.com\/noticias\/recoletas-lanza-una-campana-de-sensibilizacion-ciudadana-sobre-la-importancia-de-la-prevencion-en-el-cuidado-de-la-salud\/#primaryimage"},"image":{"@id":"https:\/\/www.gruporecoletas.com\/noticias\/recoletas-lanza-una-campana-de-sensibilizacion-ciudadana-sobre-la-importancia-de-la-prevencion-en-el-cuidado-de-la-salud\/#primaryimage"},"thumbnailUrl":"https:\/\/www.gruporecoletas.com\/noticias\/wp-content\/uploads\/2020\/12\/yorecoletas-blog.jpg","datePublished":"2020-12-14T14:45:28+00:00","dateModified":"2020-12-14T15:06:37+00:00","author":{"@id":"https:\/\/www.gruporecoletas.com\/noticias\/#\/schema\/person\/3c6ac429828d1f5e3d3bd99f4da9b02c"},"description":"#Cuidatusalud es el lema de la campa\u00f1a de sensibilizaci\u00f3n ciudadana que acaba de poner en marcha Recoletas Red Hospitalaria con la finalidad de que la poblaci\u00f3n sea consciente de la importancia de la prevenci\u00f3n en el buen diagn\u00f3stico y evoluci\u00f3n de la salud y contin\u00fae adelante con sus tratamientos y revisiones.","breadcrumb":{"@id":"https:\/\/www.gruporecoletas.com\/noticias\/recoletas-lanza-una-campana-de-sensibilizacion-ciudadana-sobre-la-importancia-de-la-prevencion-en-el-cuidado-de-la-salud\/#breadcrumb"},"inLanguage":"es","potentialAction":[{"@type":"ReadAction","target":["https:\/\/www.gruporecoletas.com\/noticias\/recoletas-lanza-una-campana-de-sensibilizacion-ciudadana-sobre-la-importancia-de-la-prevencion-en-el-cuidado-de-la-salud\/"]}]},{"@type":"ImageObject","inLanguage":"es","@id":"https:\/\/www.gruporecoletas.com\/noticias\/recoletas-lanza-una-campana-de-sensibilizacion-ciudadana-sobre-la-importancia-de-la-prevencion-en-el-cuidado-de-la-salud\/#primaryimage","url":"https:\/\/www.gruporecoletas.com\/noticias\/wp-content\/uploads\/2020\/12\/yorecoletas-blog.jpg","contentUrl":"https:\/\/www.gruporecoletas.com\/noticias\/wp-content\/uploads\/2020\/12\/yorecoletas-blog.jpg","width":900,"height":600},{"@type":"BreadcrumbList","@id":"https:\/\/www.gruporecoletas.com\/noticias\/recoletas-lanza-una-campana-de-sensibilizacion-ciudadana-sobre-la-importancia-de-la-prevencion-en-el-cuidado-de-la-salud\/#breadcrumb","itemListElement":[{"@type":"ListItem","position":1,"name":"Portada","item":"https:\/\/www.gruporecoletas.com\/noticias\/"},{"@type":"ListItem","position":2,"name":"Recoletas lanza una campa\u00f1a de sensibilizaci\u00f3n ciudadana sobre la importancia de la prevenci\u00f3n en el cuidado de la salud"}]},{"@type":"WebSite","@id":"https:\/\/www.gruporecoletas.com\/noticias\/#website","url":"https:\/\/www.gruporecoletas.com\/noticias\/","name":"Noticias Grupo Recoletas","description":"Grupo Recoletas","potentialAction":[{"@type":"SearchAction","target":{"@type":"EntryPoint","urlTemplate":"https:\/\/www.gruporecoletas.com\/noticias\/?s={search_term_string}"},"query-input":{"@type":"PropertyValueSpecification","valueRequired":true,"valueName":"search_term_string"}}],"inLanguage":"es"},{"@type":"Person","@id":"https:\/\/www.gruporecoletas.com\/noticias\/#\/schema\/person\/3c6ac429828d1f5e3d3bd99f4da9b02c","name":"Recoletas Red Hospitalaria","url":"https:\/\/www.gruporecoletas.com\/noticias\/author\/comunicacion\/"}]}},"_links":{"self":[{"href":"https:\/\/www.gruporecoletas.com\/noticias\/wp-json\/wp\/v2\/posts\/14333","targetHints":{"allow":["GET"]}}],"collection":[{"href":"https:\/\/www.gruporecoletas.com\/noticias\/wp-json\/wp\/v2\/posts"}],"about":[{"href":"https:\/\/www.gruporecoletas.com\/noticias\/wp-json\/wp\/v2\/types\/post"}],"author":[{"embeddable":true,"href":"https:\/\/www.gruporecoletas.com\/noticias\/wp-json\/wp\/v2\/users\/2"}],"replies":[{"embeddable":true,"href":"https:\/\/www.gruporecoletas.com\/noticias\/wp-json\/wp\/v2\/comments?post=14333"}],"version-history":[{"count":2,"href":"https:\/\/www.gruporecoletas.com\/noticias\/wp-json\/wp\/v2\/posts\/14333\/revisions"}],"predecessor-version":[{"id":14337,"href":"https:\/\/www.gruporecoletas.com\/noticias\/wp-json\/wp\/v2\/posts\/14333\/revisions\/14337"}],"wp:featuredmedia":[{"embeddable":true,"href":"https:\/\/www.gruporecoletas.com\/noticias\/wp-json\/wp\/v2\/media\/14334"}],"wp:attachment":[{"href":"https:\/\/www.gruporecoletas.com\/noticias\/wp-json\/wp\/v2\/media?parent=14333"}],"wp:term":[{"taxonomy":"category","embeddable":true,"href":"https:\/\/www.gruporecoletas.com\/noticias\/wp-json\/wp\/v2\/categories?post=14333"},{"taxonomy":"post_tag","embeddable":true,"href":"https:\/\/www.gruporecoletas.com\/noticias\/wp-json\/wp\/v2\/tags?post=14333"}],"curies":[{"name":"wp","href":"https:\/\/api.w.org\/{rel}","templated":true}]}}