{"id":14346,"date":"2020-12-21T11:48:41","date_gmt":"2020-12-21T10:48:41","guid":{"rendered":"https:\/\/www.gruporecoletas.com\/noticias\/?p=14346"},"modified":"2020-12-21T11:55:05","modified_gmt":"2020-12-21T10:55:05","slug":"recoletas-suma-san-silvestre-principal-patrocinador-carrera","status":"publish","type":"post","link":"https:\/\/www.gruporecoletas.com\/noticias\/recoletas-suma-san-silvestre-principal-patrocinador-carrera\/","title":{"rendered":"Recoletas se suma a la San Silvestre como principal patrocinador de la carrera"},"content":{"rendered":"\n<p>La <a href=\"https:\/\/www.sansilvestrevalladolid.es\/\">vuelta de la <strong>San Silvestre<\/strong><\/a><strong> a la ciudad de Valladolid cuenta con el apoyo de Recoletas Red Hospitalaria<\/strong>, cuyo patrocinio se enmarca en la iniciativa #CuidaTuSalud iniciada recientemente por el grupo hospitalario. Con este lema, se pretende concienciar a la poblaci\u00f3n de la importancia de la prevenci\u00f3n en el buen diagn\u00f3stico y evoluci\u00f3n de la salud y de que contin\u00fae adelante con sus tratamientos y revisiones. En este sentido, Recoletas considera el deporte como una parte imprescindible de la promoci\u00f3n de la salud.<\/p>\n\n\n\n<p>Para Recoletas,<strong> la covid-19 no debe impedir que los pacientes cr\u00f3nicos o los enfermos de ciertas patolog\u00edas sigan recibiendo el tratamiento y la atenci\u00f3n m\u00e9dica<\/strong>, o que dejen de realizar la actividad f\u00edsica que precisan, porque abandonarlos incrementar\u00eda considerablemente los riesgos para su salud y bienestar y las enfermedades podr\u00edan agravarse considerablemente. Esto entronca con la<strong> voluntad de promover un estilo de vida saludable<\/strong> de la Federaci\u00f3n de Atletismo de Castilla y Le\u00f3n y Madison Sports Marketing, organizadores del evento.<\/p>\n\n\n\n<p><strong>Recoletas Red Hospitalaria es uno de los patrocinadores principales de esta nueva edici\u00f3n de la carrera m\u00e1s original<\/strong> y emblem\u00e1tica de la ciudad, que vuelve a nuestra ciudad con el objetivo de recuperar el esp\u00edritu competitivo y festivo de ediciones anteriores. Este a\u00f1o la novedad viene en forma de<strong> convocatoria digital con la posibilidad de correr los 6.500 metros en el recorrido que cada uno prefiera<\/strong> y a escoger entre el 31 de diciembre de 2020 de 17:00 a 20:00 horas o el 1 de enero de 2021 de 10:00 a 13:00 horas en el formato para adultos. De esta manera, se evitar\u00e1n aglomeraciones innecesarias apostando por la seguridad de la carrera y facilitando la participaci\u00f3n a todos lo que deseen recibir al nuevo a\u00f1o participando en un evento \u00fanico y original.<\/p>\n","protected":false},"excerpt":{"rendered":"<p>La vuelta de la San Silvestre a la ciudad de Valladolid cuenta con el apoyo de Recoletas Red Hospitalaria, cuyo patrocinio se enmarca en la iniciativa #CuidaTuSalud iniciada recientemente por el grupo hospitalario. Con este lema, se pretende concienciar a la poblaci\u00f3n de la importancia de la prevenci\u00f3n en el buen diagn\u00f3stico y evoluci\u00f3n de [&hellip;]<\/p>\n","protected":false},"author":2,"featured_media":14347,"comment_status":"closed","ping_status":"closed","sticky":false,"template":"","format":"standard","meta":{"_acf_changed":false,"footnotes":""},"categories":[1],"tags":[1440],"class_list":["post-14346","post","type-post","status-publish","format-standard","has-post-thumbnail","hentry","category-grupo-recoletas","tag-patrocinios"],"acf":[],"yoast_head":"<!-- This site is optimized with the Yoast SEO Premium plugin v27.3 (Yoast SEO v27.3) - https:\/\/yoast.com\/product\/yoast-seo-premium-wordpress\/ -->\n<title>Recoletas se suma a la San Silvestre como principal patrocinador de la carrera - Noticias Grupo Recoletas<\/title>\n<meta name=\"description\" content=\"La vuelta de la San Silvestre a la ciudad de Valladolid cuenta con el apoyo de Recoletas Red Hospitalaria, cuyo patrocinio se enmarca en la iniciativa #CuidaTuSalud iniciada recientemente por el grupo hospitalario.\" \/>\n<meta name=\"robots\" content=\"index, follow, max-snippet:-1, max-image-preview:large, max-video-preview:-1\" \/>\n<link rel=\"canonical\" href=\"https:\/\/www.gruporecoletas.com\/noticias\/recoletas-suma-san-silvestre-principal-patrocinador-carrera\/\" \/>\n<meta property=\"og:locale\" content=\"es_ES\" \/>\n<meta property=\"og:type\" content=\"article\" \/>\n<meta property=\"og:title\" content=\"Recoletas se suma a la San Silvestre como principal patrocinador de la carrera\" \/>\n<meta property=\"og:description\" content=\"La vuelta de la San Silvestre a la ciudad de Valladolid cuenta con el apoyo de Recoletas Red Hospitalaria, cuyo patrocinio se enmarca en la iniciativa #CuidaTuSalud iniciada recientemente por el grupo hospitalario.\" \/>\n<meta property=\"og:url\" content=\"https:\/\/www.gruporecoletas.com\/noticias\/recoletas-suma-san-silvestre-principal-patrocinador-carrera\/\" \/>\n<meta property=\"og:site_name\" content=\"Noticias Grupo Recoletas\" \/>\n<meta property=\"article:publisher\" content=\"https:\/\/www.facebook.com\/GrupoRecoletas\/\" \/>\n<meta property=\"article:published_time\" content=\"2020-12-21T10:48:41+00:00\" \/>\n<meta property=\"article:modified_time\" content=\"2020-12-21T10:55:05+00:00\" \/>\n<meta property=\"og:image\" content=\"https:\/\/www.gruporecoletas.com\/noticias\/wp-content\/uploads\/2020\/12\/san-silvestre-fb.jpg\" \/>\n\t<meta property=\"og:image:width\" content=\"1200\" \/>\n\t<meta property=\"og:image:height\" content=\"628\" \/>\n\t<meta property=\"og:image:type\" content=\"image\/jpeg\" \/>\n<meta name=\"author\" content=\"Recoletas Red Hospitalaria\" \/>\n<meta name=\"twitter:card\" content=\"summary_large_image\" \/>\n<meta name=\"twitter:creator\" content=\"@GrupoRecoletas\" \/>\n<meta name=\"twitter:site\" content=\"@GrupoRecoletas\" \/>\n<meta name=\"twitter:label1\" content=\"Escrito por\" \/>\n\t<meta name=\"twitter:data1\" content=\"Recoletas Red Hospitalaria\" \/>\n\t<meta name=\"twitter:label2\" content=\"Tiempo de lectura\" \/>\n\t<meta name=\"twitter:data2\" content=\"2 minutos\" \/>\n<script type=\"application\/ld+json\" class=\"yoast-schema-graph\">{\"@context\":\"https:\\\/\\\/schema.org\",\"@graph\":[{\"@type\":\"Article\",\"@id\":\"https:\\\/\\\/www.gruporecoletas.com\\\/noticias\\\/recoletas-suma-san-silvestre-principal-patrocinador-carrera\\\/#article\",\"isPartOf\":{\"@id\":\"https:\\\/\\\/www.gruporecoletas.com\\\/noticias\\\/recoletas-suma-san-silvestre-principal-patrocinador-carrera\\\/\"},\"author\":{\"name\":\"Recoletas Red Hospitalaria\",\"@id\":\"https:\\\/\\\/www.gruporecoletas.com\\\/noticias\\\/#\\\/schema\\\/person\\\/3c6ac429828d1f5e3d3bd99f4da9b02c\"},\"headline\":\"Recoletas se suma a la San Silvestre como principal patrocinador de la carrera\",\"datePublished\":\"2020-12-21T10:48:41+00:00\",\"dateModified\":\"2020-12-21T10:55:05+00:00\",\"mainEntityOfPage\":{\"@id\":\"https:\\\/\\\/www.gruporecoletas.com\\\/noticias\\\/recoletas-suma-san-silvestre-principal-patrocinador-carrera\\\/\"},\"wordCount\":323,\"image\":{\"@id\":\"https:\\\/\\\/www.gruporecoletas.com\\\/noticias\\\/recoletas-suma-san-silvestre-principal-patrocinador-carrera\\\/#primaryimage\"},\"thumbnailUrl\":\"https:\\\/\\\/www.gruporecoletas.com\\\/noticias\\\/wp-content\\\/uploads\\\/2020\\\/12\\\/san-silvestre.jpg\",\"keywords\":[\"Patrocinios\"],\"articleSection\":[\"Grupo Recoletas\"],\"inLanguage\":\"es\"},{\"@type\":\"WebPage\",\"@id\":\"https:\\\/\\\/www.gruporecoletas.com\\\/noticias\\\/recoletas-suma-san-silvestre-principal-patrocinador-carrera\\\/\",\"url\":\"https:\\\/\\\/www.gruporecoletas.com\\\/noticias\\\/recoletas-suma-san-silvestre-principal-patrocinador-carrera\\\/\",\"name\":\"Recoletas se suma a la San Silvestre como principal patrocinador de la carrera - Noticias Grupo Recoletas\",\"isPartOf\":{\"@id\":\"https:\\\/\\\/www.gruporecoletas.com\\\/noticias\\\/#website\"},\"primaryImageOfPage\":{\"@id\":\"https:\\\/\\\/www.gruporecoletas.com\\\/noticias\\\/recoletas-suma-san-silvestre-principal-patrocinador-carrera\\\/#primaryimage\"},\"image\":{\"@id\":\"https:\\\/\\\/www.gruporecoletas.com\\\/noticias\\\/recoletas-suma-san-silvestre-principal-patrocinador-carrera\\\/#primaryimage\"},\"thumbnailUrl\":\"https:\\\/\\\/www.gruporecoletas.com\\\/noticias\\\/wp-content\\\/uploads\\\/2020\\\/12\\\/san-silvestre.jpg\",\"datePublished\":\"2020-12-21T10:48:41+00:00\",\"dateModified\":\"2020-12-21T10:55:05+00:00\",\"author\":{\"@id\":\"https:\\\/\\\/www.gruporecoletas.com\\\/noticias\\\/#\\\/schema\\\/person\\\/3c6ac429828d1f5e3d3bd99f4da9b02c\"},\"description\":\"La vuelta de la San Silvestre a la ciudad de Valladolid cuenta con el apoyo de Recoletas Red Hospitalaria, cuyo patrocinio se enmarca en la iniciativa #CuidaTuSalud iniciada recientemente por el grupo hospitalario.\",\"breadcrumb\":{\"@id\":\"https:\\\/\\\/www.gruporecoletas.com\\\/noticias\\\/recoletas-suma-san-silvestre-principal-patrocinador-carrera\\\/#breadcrumb\"},\"inLanguage\":\"es\",\"potentialAction\":[{\"@type\":\"ReadAction\",\"target\":[\"https:\\\/\\\/www.gruporecoletas.com\\\/noticias\\\/recoletas-suma-san-silvestre-principal-patrocinador-carrera\\\/\"]}]},{\"@type\":\"ImageObject\",\"inLanguage\":\"es\",\"@id\":\"https:\\\/\\\/www.gruporecoletas.com\\\/noticias\\\/recoletas-suma-san-silvestre-principal-patrocinador-carrera\\\/#primaryimage\",\"url\":\"https:\\\/\\\/www.gruporecoletas.com\\\/noticias\\\/wp-content\\\/uploads\\\/2020\\\/12\\\/san-silvestre.jpg\",\"contentUrl\":\"https:\\\/\\\/www.gruporecoletas.com\\\/noticias\\\/wp-content\\\/uploads\\\/2020\\\/12\\\/san-silvestre.jpg\",\"width\":900,\"height\":600},{\"@type\":\"BreadcrumbList\",\"@id\":\"https:\\\/\\\/www.gruporecoletas.com\\\/noticias\\\/recoletas-suma-san-silvestre-principal-patrocinador-carrera\\\/#breadcrumb\",\"itemListElement\":[{\"@type\":\"ListItem\",\"position\":1,\"name\":\"Portada\",\"item\":\"https:\\\/\\\/www.gruporecoletas.com\\\/noticias\\\/\"},{\"@type\":\"ListItem\",\"position\":2,\"name\":\"Recoletas se suma a la San Silvestre como principal patrocinador de la carrera\"}]},{\"@type\":\"WebSite\",\"@id\":\"https:\\\/\\\/www.gruporecoletas.com\\\/noticias\\\/#website\",\"url\":\"https:\\\/\\\/www.gruporecoletas.com\\\/noticias\\\/\",\"name\":\"Noticias Grupo Recoletas\",\"description\":\"Grupo Recoletas\",\"potentialAction\":[{\"@type\":\"SearchAction\",\"target\":{\"@type\":\"EntryPoint\",\"urlTemplate\":\"https:\\\/\\\/www.gruporecoletas.com\\\/noticias\\\/?s={search_term_string}\"},\"query-input\":{\"@type\":\"PropertyValueSpecification\",\"valueRequired\":true,\"valueName\":\"search_term_string\"}}],\"inLanguage\":\"es\"},{\"@type\":\"Person\",\"@id\":\"https:\\\/\\\/www.gruporecoletas.com\\\/noticias\\\/#\\\/schema\\\/person\\\/3c6ac429828d1f5e3d3bd99f4da9b02c\",\"name\":\"Recoletas Red Hospitalaria\",\"url\":\"https:\\\/\\\/www.gruporecoletas.com\\\/noticias\\\/author\\\/comunicacion\\\/\"}]}<\/script>\n<!-- \/ Yoast SEO Premium plugin. -->","yoast_head_json":{"title":"Recoletas se suma a la San Silvestre como principal patrocinador de la carrera - Noticias Grupo Recoletas","description":"La vuelta de la San Silvestre a la ciudad de Valladolid cuenta con el apoyo de Recoletas Red Hospitalaria, cuyo patrocinio se enmarca en la iniciativa #CuidaTuSalud iniciada recientemente por el grupo hospitalario.","robots":{"index":"index","follow":"follow","max-snippet":"max-snippet:-1","max-image-preview":"max-image-preview:large","max-video-preview":"max-video-preview:-1"},"canonical":"https:\/\/www.gruporecoletas.com\/noticias\/recoletas-suma-san-silvestre-principal-patrocinador-carrera\/","og_locale":"es_ES","og_type":"article","og_title":"Recoletas se suma a la San Silvestre como principal patrocinador de la carrera","og_description":"La vuelta de la San Silvestre a la ciudad de Valladolid cuenta con el apoyo de Recoletas Red Hospitalaria, cuyo patrocinio se enmarca en la iniciativa #CuidaTuSalud iniciada recientemente por el grupo hospitalario.","og_url":"https:\/\/www.gruporecoletas.com\/noticias\/recoletas-suma-san-silvestre-principal-patrocinador-carrera\/","og_site_name":"Noticias Grupo Recoletas","article_publisher":"https:\/\/www.facebook.com\/GrupoRecoletas\/","article_published_time":"2020-12-21T10:48:41+00:00","article_modified_time":"2020-12-21T10:55:05+00:00","og_image":[{"width":1200,"height":628,"url":"https:\/\/www.gruporecoletas.com\/noticias\/wp-content\/uploads\/2020\/12\/san-silvestre-fb.jpg","type":"image\/jpeg"}],"author":"Recoletas Red Hospitalaria","twitter_card":"summary_large_image","twitter_creator":"@GrupoRecoletas","twitter_site":"@GrupoRecoletas","twitter_misc":{"Escrito por":"Recoletas Red Hospitalaria","Tiempo de lectura":"2 minutos"},"schema":{"@context":"https:\/\/schema.org","@graph":[{"@type":"Article","@id":"https:\/\/www.gruporecoletas.com\/noticias\/recoletas-suma-san-silvestre-principal-patrocinador-carrera\/#article","isPartOf":{"@id":"https:\/\/www.gruporecoletas.com\/noticias\/recoletas-suma-san-silvestre-principal-patrocinador-carrera\/"},"author":{"name":"Recoletas Red Hospitalaria","@id":"https:\/\/www.gruporecoletas.com\/noticias\/#\/schema\/person\/3c6ac429828d1f5e3d3bd99f4da9b02c"},"headline":"Recoletas se suma a la San Silvestre como principal patrocinador de la carrera","datePublished":"2020-12-21T10:48:41+00:00","dateModified":"2020-12-21T10:55:05+00:00","mainEntityOfPage":{"@id":"https:\/\/www.gruporecoletas.com\/noticias\/recoletas-suma-san-silvestre-principal-patrocinador-carrera\/"},"wordCount":323,"image":{"@id":"https:\/\/www.gruporecoletas.com\/noticias\/recoletas-suma-san-silvestre-principal-patrocinador-carrera\/#primaryimage"},"thumbnailUrl":"https:\/\/www.gruporecoletas.com\/noticias\/wp-content\/uploads\/2020\/12\/san-silvestre.jpg","keywords":["Patrocinios"],"articleSection":["Grupo Recoletas"],"inLanguage":"es"},{"@type":"WebPage","@id":"https:\/\/www.gruporecoletas.com\/noticias\/recoletas-suma-san-silvestre-principal-patrocinador-carrera\/","url":"https:\/\/www.gruporecoletas.com\/noticias\/recoletas-suma-san-silvestre-principal-patrocinador-carrera\/","name":"Recoletas se suma a la San Silvestre como principal patrocinador de la carrera - Noticias Grupo Recoletas","isPartOf":{"@id":"https:\/\/www.gruporecoletas.com\/noticias\/#website"},"primaryImageOfPage":{"@id":"https:\/\/www.gruporecoletas.com\/noticias\/recoletas-suma-san-silvestre-principal-patrocinador-carrera\/#primaryimage"},"image":{"@id":"https:\/\/www.gruporecoletas.com\/noticias\/recoletas-suma-san-silvestre-principal-patrocinador-carrera\/#primaryimage"},"thumbnailUrl":"https:\/\/www.gruporecoletas.com\/noticias\/wp-content\/uploads\/2020\/12\/san-silvestre.jpg","datePublished":"2020-12-21T10:48:41+00:00","dateModified":"2020-12-21T10:55:05+00:00","author":{"@id":"https:\/\/www.gruporecoletas.com\/noticias\/#\/schema\/person\/3c6ac429828d1f5e3d3bd99f4da9b02c"},"description":"La vuelta de la San Silvestre a la ciudad de Valladolid cuenta con el apoyo de Recoletas Red Hospitalaria, cuyo patrocinio se enmarca en la iniciativa #CuidaTuSalud iniciada recientemente por el grupo hospitalario.","breadcrumb":{"@id":"https:\/\/www.gruporecoletas.com\/noticias\/recoletas-suma-san-silvestre-principal-patrocinador-carrera\/#breadcrumb"},"inLanguage":"es","potentialAction":[{"@type":"ReadAction","target":["https:\/\/www.gruporecoletas.com\/noticias\/recoletas-suma-san-silvestre-principal-patrocinador-carrera\/"]}]},{"@type":"ImageObject","inLanguage":"es","@id":"https:\/\/www.gruporecoletas.com\/noticias\/recoletas-suma-san-silvestre-principal-patrocinador-carrera\/#primaryimage","url":"https:\/\/www.gruporecoletas.com\/noticias\/wp-content\/uploads\/2020\/12\/san-silvestre.jpg","contentUrl":"https:\/\/www.gruporecoletas.com\/noticias\/wp-content\/uploads\/2020\/12\/san-silvestre.jpg","width":900,"height":600},{"@type":"BreadcrumbList","@id":"https:\/\/www.gruporecoletas.com\/noticias\/recoletas-suma-san-silvestre-principal-patrocinador-carrera\/#breadcrumb","itemListElement":[{"@type":"ListItem","position":1,"name":"Portada","item":"https:\/\/www.gruporecoletas.com\/noticias\/"},{"@type":"ListItem","position":2,"name":"Recoletas se suma a la San Silvestre como principal patrocinador de la carrera"}]},{"@type":"WebSite","@id":"https:\/\/www.gruporecoletas.com\/noticias\/#website","url":"https:\/\/www.gruporecoletas.com\/noticias\/","name":"Noticias Grupo Recoletas","description":"Grupo Recoletas","potentialAction":[{"@type":"SearchAction","target":{"@type":"EntryPoint","urlTemplate":"https:\/\/www.gruporecoletas.com\/noticias\/?s={search_term_string}"},"query-input":{"@type":"PropertyValueSpecification","valueRequired":true,"valueName":"search_term_string"}}],"inLanguage":"es"},{"@type":"Person","@id":"https:\/\/www.gruporecoletas.com\/noticias\/#\/schema\/person\/3c6ac429828d1f5e3d3bd99f4da9b02c","name":"Recoletas Red Hospitalaria","url":"https:\/\/www.gruporecoletas.com\/noticias\/author\/comunicacion\/"}]}},"_links":{"self":[{"href":"https:\/\/www.gruporecoletas.com\/noticias\/wp-json\/wp\/v2\/posts\/14346","targetHints":{"allow":["GET"]}}],"collection":[{"href":"https:\/\/www.gruporecoletas.com\/noticias\/wp-json\/wp\/v2\/posts"}],"about":[{"href":"https:\/\/www.gruporecoletas.com\/noticias\/wp-json\/wp\/v2\/types\/post"}],"author":[{"embeddable":true,"href":"https:\/\/www.gruporecoletas.com\/noticias\/wp-json\/wp\/v2\/users\/2"}],"replies":[{"embeddable":true,"href":"https:\/\/www.gruporecoletas.com\/noticias\/wp-json\/wp\/v2\/comments?post=14346"}],"version-history":[{"count":2,"href":"https:\/\/www.gruporecoletas.com\/noticias\/wp-json\/wp\/v2\/posts\/14346\/revisions"}],"predecessor-version":[{"id":14349,"href":"https:\/\/www.gruporecoletas.com\/noticias\/wp-json\/wp\/v2\/posts\/14346\/revisions\/14349"}],"wp:featuredmedia":[{"embeddable":true,"href":"https:\/\/www.gruporecoletas.com\/noticias\/wp-json\/wp\/v2\/media\/14347"}],"wp:attachment":[{"href":"https:\/\/www.gruporecoletas.com\/noticias\/wp-json\/wp\/v2\/media?parent=14346"}],"wp:term":[{"taxonomy":"category","embeddable":true,"href":"https:\/\/www.gruporecoletas.com\/noticias\/wp-json\/wp\/v2\/categories?post=14346"},{"taxonomy":"post_tag","embeddable":true,"href":"https:\/\/www.gruporecoletas.com\/noticias\/wp-json\/wp\/v2\/tags?post=14346"}],"curies":[{"name":"wp","href":"https:\/\/api.w.org\/{rel}","templated":true}]}}