{"id":14392,"date":"2021-01-04T16:16:27","date_gmt":"2021-01-04T15:16:27","guid":{"rendered":"https:\/\/www.gruporecoletas.com\/noticias\/?p=14392"},"modified":"2021-01-04T16:16:29","modified_gmt":"2021-01-04T15:16:29","slug":"nace-el-primer-nino-de-2021-en-el-hospital-recoletas-burgos","status":"publish","type":"post","link":"https:\/\/www.gruporecoletas.com\/noticias\/nace-el-primer-nino-de-2021-en-el-hospital-recoletas-burgos\/","title":{"rendered":"Nace el primer ni\u00f1o de 2021 en el Hospital Recoletas Burgos"},"content":{"rendered":"\n<p>Pocos minutos despu\u00e9s de escuchar la \u00faltima campanada que nos anunciaba el fin del 2020, Rebeca Hurtado llegaba acompa\u00f1ada de su marido al Servicio de Urgencias del Hospital Recoletas Burgos para dar a luz a su segundo hijo.<\/p>\n\n\n\n<p>&nbsp;A las 1:26h nac\u00eda Diego Mat\u00e9 Hurtado con 3,290 kg de peso y 53 cent\u00edmetros.<\/p>\n\n\n\n<p>Tanto la madre como el beb\u00e9 se encuentran en perfecto estado y permanecen ingresados en la Unidad Materno Infantil del Hospital Recoletas Burgos.<\/p>\n\n\n\n<p>Todo el equipo Recoletas felicitamos a la familia dese\u00e1ndoles salud para este a\u00f1o que acabamos de estrenar.<\/p>\n","protected":false},"excerpt":{"rendered":"<p>Pocos minutos despu\u00e9s de escuchar la \u00faltima campanada que nos anunciaba el fin del 2020, Rebeca Hurtado llegaba acompa\u00f1ada de su marido al Servicio de Urgencias del Hospital Recoletas Burgos para dar a luz a su segundo hijo. &nbsp;A las 1:26h nac\u00eda Diego Mat\u00e9 Hurtado con 3,290 kg de peso y 53 cent\u00edmetros. Tanto la [&hellip;]<\/p>\n","protected":false},"author":2,"featured_media":14393,"comment_status":"closed","ping_status":"closed","sticky":false,"template":"","format":"standard","meta":{"_acf_changed":false,"footnotes":""},"categories":[10],"tags":[],"class_list":["post-14392","post","type-post","status-publish","format-standard","has-post-thumbnail","hentry","category-burgos"],"acf":[],"yoast_head":"<!-- This site is optimized with the Yoast SEO Premium plugin v27.3 (Yoast SEO v27.3) - https:\/\/yoast.com\/product\/yoast-seo-premium-wordpress\/ -->\n<title>Nace el primer ni\u00f1o de 2021 en el Hospital Recoletas Burgos - Noticias Grupo Recoletas<\/title>\n<meta name=\"robots\" content=\"index, follow, max-snippet:-1, max-image-preview:large, max-video-preview:-1\" \/>\n<link rel=\"canonical\" href=\"https:\/\/www.gruporecoletas.com\/noticias\/nace-el-primer-nino-de-2021-en-el-hospital-recoletas-burgos\/\" \/>\n<meta property=\"og:locale\" content=\"es_ES\" \/>\n<meta property=\"og:type\" content=\"article\" \/>\n<meta property=\"og:title\" content=\"Nace el primer ni\u00f1o de 2021 en el Hospital Recoletas Burgos\" \/>\n<meta property=\"og:description\" content=\"Pocos minutos despu\u00e9s de escuchar la \u00faltima campanada que nos anunciaba el fin del 2020, Rebeca Hurtado llegaba acompa\u00f1ada de su marido al Servicio de Urgencias del Hospital Recoletas Burgos para dar a luz a su segundo hijo. &nbsp;A las 1:26h nac\u00eda Diego Mat\u00e9 Hurtado con 3,290 kg de peso y 53 cent\u00edmetros. Tanto la [&hellip;]\" \/>\n<meta property=\"og:url\" content=\"https:\/\/www.gruporecoletas.com\/noticias\/nace-el-primer-nino-de-2021-en-el-hospital-recoletas-burgos\/\" \/>\n<meta property=\"og:site_name\" content=\"Noticias Grupo Recoletas\" \/>\n<meta property=\"article:publisher\" content=\"https:\/\/www.facebook.com\/GrupoRecoletas\/\" \/>\n<meta property=\"article:published_time\" content=\"2021-01-04T15:16:27+00:00\" \/>\n<meta property=\"article:modified_time\" content=\"2021-01-04T15:16:29+00:00\" \/>\n<meta property=\"og:image\" content=\"https:\/\/www.gruporecoletas.com\/noticias\/wp-content\/uploads\/2021\/01\/umi-burgos.jpg\" \/>\n\t<meta property=\"og:image:width\" content=\"900\" \/>\n\t<meta property=\"og:image:height\" content=\"600\" \/>\n\t<meta property=\"og:image:type\" content=\"image\/jpeg\" \/>\n<meta name=\"author\" content=\"Recoletas Red Hospitalaria\" \/>\n<meta name=\"twitter:card\" content=\"summary_large_image\" \/>\n<meta name=\"twitter:creator\" content=\"@GrupoRecoletas\" \/>\n<meta name=\"twitter:site\" content=\"@GrupoRecoletas\" \/>\n<meta name=\"twitter:label1\" content=\"Escrito por\" \/>\n\t<meta name=\"twitter:data1\" content=\"Recoletas Red Hospitalaria\" \/>\n<script type=\"application\/ld+json\" class=\"yoast-schema-graph\">{\"@context\":\"https:\\\/\\\/schema.org\",\"@graph\":[{\"@type\":\"Article\",\"@id\":\"https:\\\/\\\/www.gruporecoletas.com\\\/noticias\\\/nace-el-primer-nino-de-2021-en-el-hospital-recoletas-burgos\\\/#article\",\"isPartOf\":{\"@id\":\"https:\\\/\\\/www.gruporecoletas.com\\\/noticias\\\/nace-el-primer-nino-de-2021-en-el-hospital-recoletas-burgos\\\/\"},\"author\":{\"name\":\"Recoletas Red Hospitalaria\",\"@id\":\"https:\\\/\\\/www.gruporecoletas.com\\\/noticias\\\/#\\\/schema\\\/person\\\/3c6ac429828d1f5e3d3bd99f4da9b02c\"},\"headline\":\"Nace el primer ni\u00f1o de 2021 en el Hospital Recoletas Burgos\",\"datePublished\":\"2021-01-04T15:16:27+00:00\",\"dateModified\":\"2021-01-04T15:16:29+00:00\",\"mainEntityOfPage\":{\"@id\":\"https:\\\/\\\/www.gruporecoletas.com\\\/noticias\\\/nace-el-primer-nino-de-2021-en-el-hospital-recoletas-burgos\\\/\"},\"wordCount\":108,\"image\":{\"@id\":\"https:\\\/\\\/www.gruporecoletas.com\\\/noticias\\\/nace-el-primer-nino-de-2021-en-el-hospital-recoletas-burgos\\\/#primaryimage\"},\"thumbnailUrl\":\"https:\\\/\\\/www.gruporecoletas.com\\\/noticias\\\/wp-content\\\/uploads\\\/2021\\\/01\\\/umi-burgos.jpg\",\"articleSection\":[\"Burgos\"],\"inLanguage\":\"es\"},{\"@type\":\"WebPage\",\"@id\":\"https:\\\/\\\/www.gruporecoletas.com\\\/noticias\\\/nace-el-primer-nino-de-2021-en-el-hospital-recoletas-burgos\\\/\",\"url\":\"https:\\\/\\\/www.gruporecoletas.com\\\/noticias\\\/nace-el-primer-nino-de-2021-en-el-hospital-recoletas-burgos\\\/\",\"name\":\"Nace el primer ni\u00f1o de 2021 en el Hospital Recoletas Burgos - Noticias Grupo Recoletas\",\"isPartOf\":{\"@id\":\"https:\\\/\\\/www.gruporecoletas.com\\\/noticias\\\/#website\"},\"primaryImageOfPage\":{\"@id\":\"https:\\\/\\\/www.gruporecoletas.com\\\/noticias\\\/nace-el-primer-nino-de-2021-en-el-hospital-recoletas-burgos\\\/#primaryimage\"},\"image\":{\"@id\":\"https:\\\/\\\/www.gruporecoletas.com\\\/noticias\\\/nace-el-primer-nino-de-2021-en-el-hospital-recoletas-burgos\\\/#primaryimage\"},\"thumbnailUrl\":\"https:\\\/\\\/www.gruporecoletas.com\\\/noticias\\\/wp-content\\\/uploads\\\/2021\\\/01\\\/umi-burgos.jpg\",\"datePublished\":\"2021-01-04T15:16:27+00:00\",\"dateModified\":\"2021-01-04T15:16:29+00:00\",\"author\":{\"@id\":\"https:\\\/\\\/www.gruporecoletas.com\\\/noticias\\\/#\\\/schema\\\/person\\\/3c6ac429828d1f5e3d3bd99f4da9b02c\"},\"breadcrumb\":{\"@id\":\"https:\\\/\\\/www.gruporecoletas.com\\\/noticias\\\/nace-el-primer-nino-de-2021-en-el-hospital-recoletas-burgos\\\/#breadcrumb\"},\"inLanguage\":\"es\",\"potentialAction\":[{\"@type\":\"ReadAction\",\"target\":[\"https:\\\/\\\/www.gruporecoletas.com\\\/noticias\\\/nace-el-primer-nino-de-2021-en-el-hospital-recoletas-burgos\\\/\"]}]},{\"@type\":\"ImageObject\",\"inLanguage\":\"es\",\"@id\":\"https:\\\/\\\/www.gruporecoletas.com\\\/noticias\\\/nace-el-primer-nino-de-2021-en-el-hospital-recoletas-burgos\\\/#primaryimage\",\"url\":\"https:\\\/\\\/www.gruporecoletas.com\\\/noticias\\\/wp-content\\\/uploads\\\/2021\\\/01\\\/umi-burgos.jpg\",\"contentUrl\":\"https:\\\/\\\/www.gruporecoletas.com\\\/noticias\\\/wp-content\\\/uploads\\\/2021\\\/01\\\/umi-burgos.jpg\",\"width\":900,\"height\":600},{\"@type\":\"BreadcrumbList\",\"@id\":\"https:\\\/\\\/www.gruporecoletas.com\\\/noticias\\\/nace-el-primer-nino-de-2021-en-el-hospital-recoletas-burgos\\\/#breadcrumb\",\"itemListElement\":[{\"@type\":\"ListItem\",\"position\":1,\"name\":\"Portada\",\"item\":\"https:\\\/\\\/www.gruporecoletas.com\\\/noticias\\\/\"},{\"@type\":\"ListItem\",\"position\":2,\"name\":\"Nace el primer ni\u00f1o de 2021 en el Hospital Recoletas Burgos\"}]},{\"@type\":\"WebSite\",\"@id\":\"https:\\\/\\\/www.gruporecoletas.com\\\/noticias\\\/#website\",\"url\":\"https:\\\/\\\/www.gruporecoletas.com\\\/noticias\\\/\",\"name\":\"Noticias Grupo Recoletas\",\"description\":\"Grupo Recoletas\",\"potentialAction\":[{\"@type\":\"SearchAction\",\"target\":{\"@type\":\"EntryPoint\",\"urlTemplate\":\"https:\\\/\\\/www.gruporecoletas.com\\\/noticias\\\/?s={search_term_string}\"},\"query-input\":{\"@type\":\"PropertyValueSpecification\",\"valueRequired\":true,\"valueName\":\"search_term_string\"}}],\"inLanguage\":\"es\"},{\"@type\":\"Person\",\"@id\":\"https:\\\/\\\/www.gruporecoletas.com\\\/noticias\\\/#\\\/schema\\\/person\\\/3c6ac429828d1f5e3d3bd99f4da9b02c\",\"name\":\"Recoletas Red Hospitalaria\",\"url\":\"https:\\\/\\\/www.gruporecoletas.com\\\/noticias\\\/author\\\/comunicacion\\\/\"}]}<\/script>\n<!-- \/ Yoast SEO Premium plugin. -->","yoast_head_json":{"title":"Nace el primer ni\u00f1o de 2021 en el Hospital Recoletas Burgos - Noticias Grupo Recoletas","robots":{"index":"index","follow":"follow","max-snippet":"max-snippet:-1","max-image-preview":"max-image-preview:large","max-video-preview":"max-video-preview:-1"},"canonical":"https:\/\/www.gruporecoletas.com\/noticias\/nace-el-primer-nino-de-2021-en-el-hospital-recoletas-burgos\/","og_locale":"es_ES","og_type":"article","og_title":"Nace el primer ni\u00f1o de 2021 en el Hospital Recoletas Burgos","og_description":"Pocos minutos despu\u00e9s de escuchar la \u00faltima campanada que nos anunciaba el fin del 2020, Rebeca Hurtado llegaba acompa\u00f1ada de su marido al Servicio de Urgencias del Hospital Recoletas Burgos para dar a luz a su segundo hijo. &nbsp;A las 1:26h nac\u00eda Diego Mat\u00e9 Hurtado con 3,290 kg de peso y 53 cent\u00edmetros. Tanto la [&hellip;]","og_url":"https:\/\/www.gruporecoletas.com\/noticias\/nace-el-primer-nino-de-2021-en-el-hospital-recoletas-burgos\/","og_site_name":"Noticias Grupo Recoletas","article_publisher":"https:\/\/www.facebook.com\/GrupoRecoletas\/","article_published_time":"2021-01-04T15:16:27+00:00","article_modified_time":"2021-01-04T15:16:29+00:00","og_image":[{"width":900,"height":600,"url":"https:\/\/www.gruporecoletas.com\/noticias\/wp-content\/uploads\/2021\/01\/umi-burgos.jpg","type":"image\/jpeg"}],"author":"Recoletas Red Hospitalaria","twitter_card":"summary_large_image","twitter_creator":"@GrupoRecoletas","twitter_site":"@GrupoRecoletas","twitter_misc":{"Escrito por":"Recoletas Red Hospitalaria"},"schema":{"@context":"https:\/\/schema.org","@graph":[{"@type":"Article","@id":"https:\/\/www.gruporecoletas.com\/noticias\/nace-el-primer-nino-de-2021-en-el-hospital-recoletas-burgos\/#article","isPartOf":{"@id":"https:\/\/www.gruporecoletas.com\/noticias\/nace-el-primer-nino-de-2021-en-el-hospital-recoletas-burgos\/"},"author":{"name":"Recoletas Red Hospitalaria","@id":"https:\/\/www.gruporecoletas.com\/noticias\/#\/schema\/person\/3c6ac429828d1f5e3d3bd99f4da9b02c"},"headline":"Nace el primer ni\u00f1o de 2021 en el Hospital Recoletas Burgos","datePublished":"2021-01-04T15:16:27+00:00","dateModified":"2021-01-04T15:16:29+00:00","mainEntityOfPage":{"@id":"https:\/\/www.gruporecoletas.com\/noticias\/nace-el-primer-nino-de-2021-en-el-hospital-recoletas-burgos\/"},"wordCount":108,"image":{"@id":"https:\/\/www.gruporecoletas.com\/noticias\/nace-el-primer-nino-de-2021-en-el-hospital-recoletas-burgos\/#primaryimage"},"thumbnailUrl":"https:\/\/www.gruporecoletas.com\/noticias\/wp-content\/uploads\/2021\/01\/umi-burgos.jpg","articleSection":["Burgos"],"inLanguage":"es"},{"@type":"WebPage","@id":"https:\/\/www.gruporecoletas.com\/noticias\/nace-el-primer-nino-de-2021-en-el-hospital-recoletas-burgos\/","url":"https:\/\/www.gruporecoletas.com\/noticias\/nace-el-primer-nino-de-2021-en-el-hospital-recoletas-burgos\/","name":"Nace el primer ni\u00f1o de 2021 en el Hospital Recoletas Burgos - Noticias Grupo Recoletas","isPartOf":{"@id":"https:\/\/www.gruporecoletas.com\/noticias\/#website"},"primaryImageOfPage":{"@id":"https:\/\/www.gruporecoletas.com\/noticias\/nace-el-primer-nino-de-2021-en-el-hospital-recoletas-burgos\/#primaryimage"},"image":{"@id":"https:\/\/www.gruporecoletas.com\/noticias\/nace-el-primer-nino-de-2021-en-el-hospital-recoletas-burgos\/#primaryimage"},"thumbnailUrl":"https:\/\/www.gruporecoletas.com\/noticias\/wp-content\/uploads\/2021\/01\/umi-burgos.jpg","datePublished":"2021-01-04T15:16:27+00:00","dateModified":"2021-01-04T15:16:29+00:00","author":{"@id":"https:\/\/www.gruporecoletas.com\/noticias\/#\/schema\/person\/3c6ac429828d1f5e3d3bd99f4da9b02c"},"breadcrumb":{"@id":"https:\/\/www.gruporecoletas.com\/noticias\/nace-el-primer-nino-de-2021-en-el-hospital-recoletas-burgos\/#breadcrumb"},"inLanguage":"es","potentialAction":[{"@type":"ReadAction","target":["https:\/\/www.gruporecoletas.com\/noticias\/nace-el-primer-nino-de-2021-en-el-hospital-recoletas-burgos\/"]}]},{"@type":"ImageObject","inLanguage":"es","@id":"https:\/\/www.gruporecoletas.com\/noticias\/nace-el-primer-nino-de-2021-en-el-hospital-recoletas-burgos\/#primaryimage","url":"https:\/\/www.gruporecoletas.com\/noticias\/wp-content\/uploads\/2021\/01\/umi-burgos.jpg","contentUrl":"https:\/\/www.gruporecoletas.com\/noticias\/wp-content\/uploads\/2021\/01\/umi-burgos.jpg","width":900,"height":600},{"@type":"BreadcrumbList","@id":"https:\/\/www.gruporecoletas.com\/noticias\/nace-el-primer-nino-de-2021-en-el-hospital-recoletas-burgos\/#breadcrumb","itemListElement":[{"@type":"ListItem","position":1,"name":"Portada","item":"https:\/\/www.gruporecoletas.com\/noticias\/"},{"@type":"ListItem","position":2,"name":"Nace el primer ni\u00f1o de 2021 en el Hospital Recoletas Burgos"}]},{"@type":"WebSite","@id":"https:\/\/www.gruporecoletas.com\/noticias\/#website","url":"https:\/\/www.gruporecoletas.com\/noticias\/","name":"Noticias Grupo Recoletas","description":"Grupo Recoletas","potentialAction":[{"@type":"SearchAction","target":{"@type":"EntryPoint","urlTemplate":"https:\/\/www.gruporecoletas.com\/noticias\/?s={search_term_string}"},"query-input":{"@type":"PropertyValueSpecification","valueRequired":true,"valueName":"search_term_string"}}],"inLanguage":"es"},{"@type":"Person","@id":"https:\/\/www.gruporecoletas.com\/noticias\/#\/schema\/person\/3c6ac429828d1f5e3d3bd99f4da9b02c","name":"Recoletas Red Hospitalaria","url":"https:\/\/www.gruporecoletas.com\/noticias\/author\/comunicacion\/"}]}},"_links":{"self":[{"href":"https:\/\/www.gruporecoletas.com\/noticias\/wp-json\/wp\/v2\/posts\/14392","targetHints":{"allow":["GET"]}}],"collection":[{"href":"https:\/\/www.gruporecoletas.com\/noticias\/wp-json\/wp\/v2\/posts"}],"about":[{"href":"https:\/\/www.gruporecoletas.com\/noticias\/wp-json\/wp\/v2\/types\/post"}],"author":[{"embeddable":true,"href":"https:\/\/www.gruporecoletas.com\/noticias\/wp-json\/wp\/v2\/users\/2"}],"replies":[{"embeddable":true,"href":"https:\/\/www.gruporecoletas.com\/noticias\/wp-json\/wp\/v2\/comments?post=14392"}],"version-history":[{"count":1,"href":"https:\/\/www.gruporecoletas.com\/noticias\/wp-json\/wp\/v2\/posts\/14392\/revisions"}],"predecessor-version":[{"id":14394,"href":"https:\/\/www.gruporecoletas.com\/noticias\/wp-json\/wp\/v2\/posts\/14392\/revisions\/14394"}],"wp:featuredmedia":[{"embeddable":true,"href":"https:\/\/www.gruporecoletas.com\/noticias\/wp-json\/wp\/v2\/media\/14393"}],"wp:attachment":[{"href":"https:\/\/www.gruporecoletas.com\/noticias\/wp-json\/wp\/v2\/media?parent=14392"}],"wp:term":[{"taxonomy":"category","embeddable":true,"href":"https:\/\/www.gruporecoletas.com\/noticias\/wp-json\/wp\/v2\/categories?post=14392"},{"taxonomy":"post_tag","embeddable":true,"href":"https:\/\/www.gruporecoletas.com\/noticias\/wp-json\/wp\/v2\/tags?post=14392"}],"curies":[{"name":"wp","href":"https:\/\/api.w.org\/{rel}","templated":true}]}}