{"id":14402,"date":"2021-01-12T09:57:43","date_gmt":"2021-01-12T08:57:43","guid":{"rendered":"https:\/\/www.gruporecoletas.com\/noticias\/?p=14402"},"modified":"2021-01-12T09:58:24","modified_gmt":"2021-01-12T08:58:24","slug":"recoletas-calzadas-se-afianza-en-la-rehabilitacion-y-fisioterapia","status":"publish","type":"post","link":"https:\/\/www.gruporecoletas.com\/noticias\/recoletas-calzadas-se-afianza-en-la-rehabilitacion-y-fisioterapia\/","title":{"rendered":"Recoletas Calzadas se afianza en la Rehabilitaci\u00f3n y Fisioterapia"},"content":{"rendered":"\n<p>El pasado mes de septiembre, el <a href=\"https:\/\/www.gruporecoletas.com\/centros-medicos\/centro-medico-recoletas-calzadas\/\">Centro M\u00e9dico Recoletas Calzadas<\/a> inauguraba las nuevas instalaciones de Rehabilitaci\u00f3n y Fisioterapia. Un <strong>espacio amplio y acogedor que cuenta con 245 metros cuadrados, equipado con todo tipo de equipos<\/strong> de electroterapia y mecanoterapia. Desde su puesta en marcha, se ha modificado el horario del Centro ampli\u00e1ndose desde las 8:00h hasta las 21:00h, logrando as\u00ed dar un <strong>servicio de forma ininterrumpida<\/strong>.<\/p>\n\n\n\n<p>La inversi\u00f3n en esta actuaci\u00f3n ha alcanzado los 144.072,12 euros, lo que ha supuesto un esfuerzo para el Grupo Recoletas que redundar\u00e1 en la <strong>calidad asistencial a la poblaci\u00f3n burgalesa<\/strong>. Y es que 11.294 personas han sido tratadas de diferentes patolog\u00edas, con una media de m\u00e1s de 200 pacientes diarios, por un equipo compuesto por diez profesionales que utilizan diferentes t\u00e9cnicas en funci\u00f3n de las caracter\u00edsticas de cada caso particular y las necesidades del paciente.<\/p>\n\n\n\n<p>El Servicio de Rehabilitacion y Fisioterapia del <a href=\"https:\/\/www.gruporecoletas.com\/centros-medicos\/centro-medico-recoletas-calzadas\/\">Centro M\u00e9dico Recoletas Calzadas<\/a>&nbsp; lleva <strong>m\u00e1s de una d\u00e9cada tratando todo tipo de patolog\u00edas<\/strong> con un \u00fanico objetivo: la recuperaci\u00f3n de sus pacientes.<\/p>\n\n\n\n<p>\u00abLa fisioterapia cada vez ocupa un lugar m\u00e1s importante en nuestras vidas, ya que es <strong>fundamental para favorecer una mayor participaci\u00f3n en la vida social<\/strong>,&nbsp; ayudar a las personas con discapacidad a alcanzar la mayor independencia posible y fundamentalmente a <strong>mejorar la calidad de vida de los pacientes y sus familiares<\/strong>\u201d, tal y como indica&nbsp; Esther Oca, Supervisora del equipo de rehabilitaci\u00f3n del Centro.<\/p>\n\n\n\n<h4 class=\"wp-block-heading\"><u>La Rehabilitaci\u00f3n en tiempos de Covid<\/u><\/h4>\n\n\n\n<p>Desde que comenzar\u00e1 a expandirse el Covid-19 por nuestro pa\u00eds, son muchas las personas contagiadas que tras un largo ingreso hospitalario han sufrido y sufren diferentes secuelas. Entre ellas, se encuentran los pacientes que tienen <strong>p\u00e9rdida de movilidad funcional y\/o respiratoria o par\u00e1lisis faciales<\/strong>. Todas son tratadas en este Servicio que cuenta adem\u00e1s con otras terapias como la <strong>Fisioterapia Traumatol\u00f3gica<\/strong>, que trata fracturas de todo tipo, contusiones, luxaciones, esguinces, roturas fibrilares musculares o tendinosas, lesiones nerviosas perif\u00e9ricas, lesiones de menisco, contracturas, tendinitis, patolog\u00edas de la columna vertebral (cervicalgias, dorsalgias, lumbalgias, ciatalgias, hernias discales, etc.), disfunciones de la ATM (disfunci\u00f3n temporomandibular) o recuperaci\u00f3n pre y post-quir\u00fargica.<\/p>\n\n\n\n<p>La <strong>fisioterapia reumatol\u00f3gica<\/strong> para pacientes con artrosis, artritis, osteoporosis, fibromialgia; <strong>Fisioterapia Neurol\u00f3gica<\/strong>: hemiplej\u00edas, esclerosis m\u00faltiple, parkinson, neuralgias, par\u00e1lisis faciales; <strong>Fisioterapia geri\u00e1trica<\/strong> para personas con p\u00e9rdida de la movilidad funcional; la <strong>Fisioterapia pedi\u00e1trica<\/strong> para menores con retrasos psicomotores, tort\u00edcolis cong\u00e9nita, displasia de cadera, par\u00e1lisis cerebral o incluso <strong>Fisioterapia respiratoria<\/strong>: Cirug\u00eda tor\u00e1cica, enfermedades de bronquios, pulm\u00f3n o pleura. Todas estas terapias se llevan a cabo con las medidas de seguridad que se han tomado en el Centro M\u00e9dico y que permiten a los usuarios recibir asistencia peri\u00f3dica. <strong><em>&nbsp;<\/em><\/strong><\/p>\n","protected":false},"excerpt":{"rendered":"<p>El pasado mes de septiembre, el Centro M\u00e9dico Recoletas Calzadas inauguraba las nuevas instalaciones de Rehabilitaci\u00f3n y Fisioterapia. Un espacio amplio y acogedor que cuenta con 245 metros cuadrados, equipado con todo tipo de equipos de electroterapia y mecanoterapia. Desde su puesta en marcha, se ha modificado el horario del Centro ampli\u00e1ndose desde las 8:00h [&hellip;]<\/p>\n","protected":false},"author":2,"featured_media":14403,"comment_status":"closed","ping_status":"closed","sticky":false,"template":"","format":"standard","meta":{"_acf_changed":false,"footnotes":""},"categories":[10,31],"tags":[],"class_list":["post-14402","post","type-post","status-publish","format-standard","has-post-thumbnail","hentry","category-burgos","category-hrbu"],"acf":[],"yoast_head":"<!-- This site is optimized with the Yoast SEO Premium plugin v27.3 (Yoast SEO v27.3) - https:\/\/yoast.com\/product\/yoast-seo-premium-wordpress\/ -->\n<title>Recoletas Calzadas se afianza en la Rehabilitaci\u00f3n y Fisioterapia - Noticias Grupo Recoletas<\/title>\n<meta name=\"description\" content=\"Un espacio amplio y acogedor que cuenta con 245 metros cuadrados, equipado con todo tipo de equipos de electroterapia y mecanoterapia. Desde su puesta en marcha, se ha modificado el horario del Centro ampli\u00e1ndose desde las 8:00h hasta las 21:00h, logrando as\u00ed dar un servicio de forma ininterrumpida.\" \/>\n<meta name=\"robots\" content=\"index, follow, max-snippet:-1, max-image-preview:large, max-video-preview:-1\" \/>\n<link rel=\"canonical\" href=\"https:\/\/www.gruporecoletas.com\/noticias\/recoletas-calzadas-se-afianza-en-la-rehabilitacion-y-fisioterapia\/\" \/>\n<meta property=\"og:locale\" content=\"es_ES\" \/>\n<meta property=\"og:type\" content=\"article\" \/>\n<meta property=\"og:title\" content=\"Recoletas Calzadas se afianza en la Rehabilitaci\u00f3n y Fisioterapia\" \/>\n<meta property=\"og:description\" content=\"Un espacio amplio y acogedor que cuenta con 245 metros cuadrados, equipado con todo tipo de equipos de electroterapia y mecanoterapia. Desde su puesta en marcha, se ha modificado el horario del Centro ampli\u00e1ndose desde las 8:00h hasta las 21:00h, logrando as\u00ed dar un servicio de forma ininterrumpida.\" \/>\n<meta property=\"og:url\" content=\"https:\/\/www.gruporecoletas.com\/noticias\/recoletas-calzadas-se-afianza-en-la-rehabilitacion-y-fisioterapia\/\" \/>\n<meta property=\"og:site_name\" content=\"Noticias Grupo Recoletas\" \/>\n<meta property=\"article:publisher\" content=\"https:\/\/www.facebook.com\/GrupoRecoletas\/\" \/>\n<meta property=\"article:published_time\" content=\"2021-01-12T08:57:43+00:00\" \/>\n<meta property=\"article:modified_time\" content=\"2021-01-12T08:58:24+00:00\" \/>\n<meta property=\"og:image\" content=\"https:\/\/www.gruporecoletas.com\/noticias\/wp-content\/uploads\/2021\/01\/fisio-calzadas.jpg\" \/>\n\t<meta property=\"og:image:width\" content=\"900\" \/>\n\t<meta property=\"og:image:height\" content=\"600\" \/>\n\t<meta property=\"og:image:type\" content=\"image\/jpeg\" \/>\n<meta name=\"author\" content=\"Recoletas Red Hospitalaria\" \/>\n<meta name=\"twitter:card\" content=\"summary_large_image\" \/>\n<meta name=\"twitter:creator\" content=\"@GrupoRecoletas\" \/>\n<meta name=\"twitter:site\" content=\"@GrupoRecoletas\" \/>\n<meta name=\"twitter:label1\" content=\"Escrito por\" \/>\n\t<meta name=\"twitter:data1\" content=\"Recoletas Red Hospitalaria\" \/>\n\t<meta name=\"twitter:label2\" content=\"Tiempo de lectura\" \/>\n\t<meta name=\"twitter:data2\" content=\"2 minutos\" \/>\n<script type=\"application\/ld+json\" class=\"yoast-schema-graph\">{\"@context\":\"https:\\\/\\\/schema.org\",\"@graph\":[{\"@type\":\"Article\",\"@id\":\"https:\\\/\\\/www.gruporecoletas.com\\\/noticias\\\/recoletas-calzadas-se-afianza-en-la-rehabilitacion-y-fisioterapia\\\/#article\",\"isPartOf\":{\"@id\":\"https:\\\/\\\/www.gruporecoletas.com\\\/noticias\\\/recoletas-calzadas-se-afianza-en-la-rehabilitacion-y-fisioterapia\\\/\"},\"author\":{\"name\":\"Recoletas Red Hospitalaria\",\"@id\":\"https:\\\/\\\/www.gruporecoletas.com\\\/noticias\\\/#\\\/schema\\\/person\\\/3c6ac429828d1f5e3d3bd99f4da9b02c\"},\"headline\":\"Recoletas Calzadas se afianza en la Rehabilitaci\u00f3n y Fisioterapia\",\"datePublished\":\"2021-01-12T08:57:43+00:00\",\"dateModified\":\"2021-01-12T08:58:24+00:00\",\"mainEntityOfPage\":{\"@id\":\"https:\\\/\\\/www.gruporecoletas.com\\\/noticias\\\/recoletas-calzadas-se-afianza-en-la-rehabilitacion-y-fisioterapia\\\/\"},\"wordCount\":488,\"image\":{\"@id\":\"https:\\\/\\\/www.gruporecoletas.com\\\/noticias\\\/recoletas-calzadas-se-afianza-en-la-rehabilitacion-y-fisioterapia\\\/#primaryimage\"},\"thumbnailUrl\":\"https:\\\/\\\/www.gruporecoletas.com\\\/noticias\\\/wp-content\\\/uploads\\\/2021\\\/01\\\/fisio-calzadas.jpg\",\"articleSection\":[\"Burgos\",\"HRBU\"],\"inLanguage\":\"es\"},{\"@type\":\"WebPage\",\"@id\":\"https:\\\/\\\/www.gruporecoletas.com\\\/noticias\\\/recoletas-calzadas-se-afianza-en-la-rehabilitacion-y-fisioterapia\\\/\",\"url\":\"https:\\\/\\\/www.gruporecoletas.com\\\/noticias\\\/recoletas-calzadas-se-afianza-en-la-rehabilitacion-y-fisioterapia\\\/\",\"name\":\"Recoletas Calzadas se afianza en la Rehabilitaci\u00f3n y Fisioterapia - Noticias Grupo Recoletas\",\"isPartOf\":{\"@id\":\"https:\\\/\\\/www.gruporecoletas.com\\\/noticias\\\/#website\"},\"primaryImageOfPage\":{\"@id\":\"https:\\\/\\\/www.gruporecoletas.com\\\/noticias\\\/recoletas-calzadas-se-afianza-en-la-rehabilitacion-y-fisioterapia\\\/#primaryimage\"},\"image\":{\"@id\":\"https:\\\/\\\/www.gruporecoletas.com\\\/noticias\\\/recoletas-calzadas-se-afianza-en-la-rehabilitacion-y-fisioterapia\\\/#primaryimage\"},\"thumbnailUrl\":\"https:\\\/\\\/www.gruporecoletas.com\\\/noticias\\\/wp-content\\\/uploads\\\/2021\\\/01\\\/fisio-calzadas.jpg\",\"datePublished\":\"2021-01-12T08:57:43+00:00\",\"dateModified\":\"2021-01-12T08:58:24+00:00\",\"author\":{\"@id\":\"https:\\\/\\\/www.gruporecoletas.com\\\/noticias\\\/#\\\/schema\\\/person\\\/3c6ac429828d1f5e3d3bd99f4da9b02c\"},\"description\":\"Un espacio amplio y acogedor que cuenta con 245 metros cuadrados, equipado con todo tipo de equipos de electroterapia y mecanoterapia. Desde su puesta en marcha, se ha modificado el horario del Centro ampli\u00e1ndose desde las 8:00h hasta las 21:00h, logrando as\u00ed dar un servicio de forma ininterrumpida.\",\"breadcrumb\":{\"@id\":\"https:\\\/\\\/www.gruporecoletas.com\\\/noticias\\\/recoletas-calzadas-se-afianza-en-la-rehabilitacion-y-fisioterapia\\\/#breadcrumb\"},\"inLanguage\":\"es\",\"potentialAction\":[{\"@type\":\"ReadAction\",\"target\":[\"https:\\\/\\\/www.gruporecoletas.com\\\/noticias\\\/recoletas-calzadas-se-afianza-en-la-rehabilitacion-y-fisioterapia\\\/\"]}]},{\"@type\":\"ImageObject\",\"inLanguage\":\"es\",\"@id\":\"https:\\\/\\\/www.gruporecoletas.com\\\/noticias\\\/recoletas-calzadas-se-afianza-en-la-rehabilitacion-y-fisioterapia\\\/#primaryimage\",\"url\":\"https:\\\/\\\/www.gruporecoletas.com\\\/noticias\\\/wp-content\\\/uploads\\\/2021\\\/01\\\/fisio-calzadas.jpg\",\"contentUrl\":\"https:\\\/\\\/www.gruporecoletas.com\\\/noticias\\\/wp-content\\\/uploads\\\/2021\\\/01\\\/fisio-calzadas.jpg\",\"width\":900,\"height\":600},{\"@type\":\"BreadcrumbList\",\"@id\":\"https:\\\/\\\/www.gruporecoletas.com\\\/noticias\\\/recoletas-calzadas-se-afianza-en-la-rehabilitacion-y-fisioterapia\\\/#breadcrumb\",\"itemListElement\":[{\"@type\":\"ListItem\",\"position\":1,\"name\":\"Portada\",\"item\":\"https:\\\/\\\/www.gruporecoletas.com\\\/noticias\\\/\"},{\"@type\":\"ListItem\",\"position\":2,\"name\":\"Recoletas Calzadas se afianza en la Rehabilitaci\u00f3n y Fisioterapia\"}]},{\"@type\":\"WebSite\",\"@id\":\"https:\\\/\\\/www.gruporecoletas.com\\\/noticias\\\/#website\",\"url\":\"https:\\\/\\\/www.gruporecoletas.com\\\/noticias\\\/\",\"name\":\"Noticias Grupo Recoletas\",\"description\":\"Grupo Recoletas\",\"potentialAction\":[{\"@type\":\"SearchAction\",\"target\":{\"@type\":\"EntryPoint\",\"urlTemplate\":\"https:\\\/\\\/www.gruporecoletas.com\\\/noticias\\\/?s={search_term_string}\"},\"query-input\":{\"@type\":\"PropertyValueSpecification\",\"valueRequired\":true,\"valueName\":\"search_term_string\"}}],\"inLanguage\":\"es\"},{\"@type\":\"Person\",\"@id\":\"https:\\\/\\\/www.gruporecoletas.com\\\/noticias\\\/#\\\/schema\\\/person\\\/3c6ac429828d1f5e3d3bd99f4da9b02c\",\"name\":\"Recoletas Red Hospitalaria\",\"url\":\"https:\\\/\\\/www.gruporecoletas.com\\\/noticias\\\/author\\\/comunicacion\\\/\"}]}<\/script>\n<!-- \/ Yoast SEO Premium plugin. -->","yoast_head_json":{"title":"Recoletas Calzadas se afianza en la Rehabilitaci\u00f3n y Fisioterapia - Noticias Grupo Recoletas","description":"Un espacio amplio y acogedor que cuenta con 245 metros cuadrados, equipado con todo tipo de equipos de electroterapia y mecanoterapia. Desde su puesta en marcha, se ha modificado el horario del Centro ampli\u00e1ndose desde las 8:00h hasta las 21:00h, logrando as\u00ed dar un servicio de forma ininterrumpida.","robots":{"index":"index","follow":"follow","max-snippet":"max-snippet:-1","max-image-preview":"max-image-preview:large","max-video-preview":"max-video-preview:-1"},"canonical":"https:\/\/www.gruporecoletas.com\/noticias\/recoletas-calzadas-se-afianza-en-la-rehabilitacion-y-fisioterapia\/","og_locale":"es_ES","og_type":"article","og_title":"Recoletas Calzadas se afianza en la Rehabilitaci\u00f3n y Fisioterapia","og_description":"Un espacio amplio y acogedor que cuenta con 245 metros cuadrados, equipado con todo tipo de equipos de electroterapia y mecanoterapia. Desde su puesta en marcha, se ha modificado el horario del Centro ampli\u00e1ndose desde las 8:00h hasta las 21:00h, logrando as\u00ed dar un servicio de forma ininterrumpida.","og_url":"https:\/\/www.gruporecoletas.com\/noticias\/recoletas-calzadas-se-afianza-en-la-rehabilitacion-y-fisioterapia\/","og_site_name":"Noticias Grupo Recoletas","article_publisher":"https:\/\/www.facebook.com\/GrupoRecoletas\/","article_published_time":"2021-01-12T08:57:43+00:00","article_modified_time":"2021-01-12T08:58:24+00:00","og_image":[{"width":900,"height":600,"url":"https:\/\/www.gruporecoletas.com\/noticias\/wp-content\/uploads\/2021\/01\/fisio-calzadas.jpg","type":"image\/jpeg"}],"author":"Recoletas Red Hospitalaria","twitter_card":"summary_large_image","twitter_creator":"@GrupoRecoletas","twitter_site":"@GrupoRecoletas","twitter_misc":{"Escrito por":"Recoletas Red Hospitalaria","Tiempo de lectura":"2 minutos"},"schema":{"@context":"https:\/\/schema.org","@graph":[{"@type":"Article","@id":"https:\/\/www.gruporecoletas.com\/noticias\/recoletas-calzadas-se-afianza-en-la-rehabilitacion-y-fisioterapia\/#article","isPartOf":{"@id":"https:\/\/www.gruporecoletas.com\/noticias\/recoletas-calzadas-se-afianza-en-la-rehabilitacion-y-fisioterapia\/"},"author":{"name":"Recoletas Red Hospitalaria","@id":"https:\/\/www.gruporecoletas.com\/noticias\/#\/schema\/person\/3c6ac429828d1f5e3d3bd99f4da9b02c"},"headline":"Recoletas Calzadas se afianza en la Rehabilitaci\u00f3n y Fisioterapia","datePublished":"2021-01-12T08:57:43+00:00","dateModified":"2021-01-12T08:58:24+00:00","mainEntityOfPage":{"@id":"https:\/\/www.gruporecoletas.com\/noticias\/recoletas-calzadas-se-afianza-en-la-rehabilitacion-y-fisioterapia\/"},"wordCount":488,"image":{"@id":"https:\/\/www.gruporecoletas.com\/noticias\/recoletas-calzadas-se-afianza-en-la-rehabilitacion-y-fisioterapia\/#primaryimage"},"thumbnailUrl":"https:\/\/www.gruporecoletas.com\/noticias\/wp-content\/uploads\/2021\/01\/fisio-calzadas.jpg","articleSection":["Burgos","HRBU"],"inLanguage":"es"},{"@type":"WebPage","@id":"https:\/\/www.gruporecoletas.com\/noticias\/recoletas-calzadas-se-afianza-en-la-rehabilitacion-y-fisioterapia\/","url":"https:\/\/www.gruporecoletas.com\/noticias\/recoletas-calzadas-se-afianza-en-la-rehabilitacion-y-fisioterapia\/","name":"Recoletas Calzadas se afianza en la Rehabilitaci\u00f3n y Fisioterapia - Noticias Grupo Recoletas","isPartOf":{"@id":"https:\/\/www.gruporecoletas.com\/noticias\/#website"},"primaryImageOfPage":{"@id":"https:\/\/www.gruporecoletas.com\/noticias\/recoletas-calzadas-se-afianza-en-la-rehabilitacion-y-fisioterapia\/#primaryimage"},"image":{"@id":"https:\/\/www.gruporecoletas.com\/noticias\/recoletas-calzadas-se-afianza-en-la-rehabilitacion-y-fisioterapia\/#primaryimage"},"thumbnailUrl":"https:\/\/www.gruporecoletas.com\/noticias\/wp-content\/uploads\/2021\/01\/fisio-calzadas.jpg","datePublished":"2021-01-12T08:57:43+00:00","dateModified":"2021-01-12T08:58:24+00:00","author":{"@id":"https:\/\/www.gruporecoletas.com\/noticias\/#\/schema\/person\/3c6ac429828d1f5e3d3bd99f4da9b02c"},"description":"Un espacio amplio y acogedor que cuenta con 245 metros cuadrados, equipado con todo tipo de equipos de electroterapia y mecanoterapia. Desde su puesta en marcha, se ha modificado el horario del Centro ampli\u00e1ndose desde las 8:00h hasta las 21:00h, logrando as\u00ed dar un servicio de forma ininterrumpida.","breadcrumb":{"@id":"https:\/\/www.gruporecoletas.com\/noticias\/recoletas-calzadas-se-afianza-en-la-rehabilitacion-y-fisioterapia\/#breadcrumb"},"inLanguage":"es","potentialAction":[{"@type":"ReadAction","target":["https:\/\/www.gruporecoletas.com\/noticias\/recoletas-calzadas-se-afianza-en-la-rehabilitacion-y-fisioterapia\/"]}]},{"@type":"ImageObject","inLanguage":"es","@id":"https:\/\/www.gruporecoletas.com\/noticias\/recoletas-calzadas-se-afianza-en-la-rehabilitacion-y-fisioterapia\/#primaryimage","url":"https:\/\/www.gruporecoletas.com\/noticias\/wp-content\/uploads\/2021\/01\/fisio-calzadas.jpg","contentUrl":"https:\/\/www.gruporecoletas.com\/noticias\/wp-content\/uploads\/2021\/01\/fisio-calzadas.jpg","width":900,"height":600},{"@type":"BreadcrumbList","@id":"https:\/\/www.gruporecoletas.com\/noticias\/recoletas-calzadas-se-afianza-en-la-rehabilitacion-y-fisioterapia\/#breadcrumb","itemListElement":[{"@type":"ListItem","position":1,"name":"Portada","item":"https:\/\/www.gruporecoletas.com\/noticias\/"},{"@type":"ListItem","position":2,"name":"Recoletas Calzadas se afianza en la Rehabilitaci\u00f3n y Fisioterapia"}]},{"@type":"WebSite","@id":"https:\/\/www.gruporecoletas.com\/noticias\/#website","url":"https:\/\/www.gruporecoletas.com\/noticias\/","name":"Noticias Grupo Recoletas","description":"Grupo Recoletas","potentialAction":[{"@type":"SearchAction","target":{"@type":"EntryPoint","urlTemplate":"https:\/\/www.gruporecoletas.com\/noticias\/?s={search_term_string}"},"query-input":{"@type":"PropertyValueSpecification","valueRequired":true,"valueName":"search_term_string"}}],"inLanguage":"es"},{"@type":"Person","@id":"https:\/\/www.gruporecoletas.com\/noticias\/#\/schema\/person\/3c6ac429828d1f5e3d3bd99f4da9b02c","name":"Recoletas Red Hospitalaria","url":"https:\/\/www.gruporecoletas.com\/noticias\/author\/comunicacion\/"}]}},"_links":{"self":[{"href":"https:\/\/www.gruporecoletas.com\/noticias\/wp-json\/wp\/v2\/posts\/14402","targetHints":{"allow":["GET"]}}],"collection":[{"href":"https:\/\/www.gruporecoletas.com\/noticias\/wp-json\/wp\/v2\/posts"}],"about":[{"href":"https:\/\/www.gruporecoletas.com\/noticias\/wp-json\/wp\/v2\/types\/post"}],"author":[{"embeddable":true,"href":"https:\/\/www.gruporecoletas.com\/noticias\/wp-json\/wp\/v2\/users\/2"}],"replies":[{"embeddable":true,"href":"https:\/\/www.gruporecoletas.com\/noticias\/wp-json\/wp\/v2\/comments?post=14402"}],"version-history":[{"count":2,"href":"https:\/\/www.gruporecoletas.com\/noticias\/wp-json\/wp\/v2\/posts\/14402\/revisions"}],"predecessor-version":[{"id":14405,"href":"https:\/\/www.gruporecoletas.com\/noticias\/wp-json\/wp\/v2\/posts\/14402\/revisions\/14405"}],"wp:featuredmedia":[{"embeddable":true,"href":"https:\/\/www.gruporecoletas.com\/noticias\/wp-json\/wp\/v2\/media\/14403"}],"wp:attachment":[{"href":"https:\/\/www.gruporecoletas.com\/noticias\/wp-json\/wp\/v2\/media?parent=14402"}],"wp:term":[{"taxonomy":"category","embeddable":true,"href":"https:\/\/www.gruporecoletas.com\/noticias\/wp-json\/wp\/v2\/categories?post=14402"},{"taxonomy":"post_tag","embeddable":true,"href":"https:\/\/www.gruporecoletas.com\/noticias\/wp-json\/wp\/v2\/tags?post=14402"}],"curies":[{"name":"wp","href":"https:\/\/api.w.org\/{rel}","templated":true}]}}