{"id":14414,"date":"2021-01-20T10:47:32","date_gmt":"2021-01-20T09:47:32","guid":{"rendered":"https:\/\/www.gruporecoletas.com\/noticias\/?p=14414"},"modified":"2021-01-20T10:47:34","modified_gmt":"2021-01-20T09:47:34","slug":"recoletas-burgos-hace-un-balance-positivo-del-2020-en-tiempos-complicados","status":"publish","type":"post","link":"https:\/\/www.gruporecoletas.com\/noticias\/recoletas-burgos-hace-un-balance-positivo-del-2020-en-tiempos-complicados\/","title":{"rendered":"Recoletas Burgos hace un balance positivo del 2020 en tiempos complicados"},"content":{"rendered":"\n<p>\u201cHacer balance de la gesti\u00f3n sanitaria 2020 resulta francamente complicado  teniendo en cuenta que hemos vivido una de las <strong>crisis sanitarias m\u00e1s importantes de los \u00faltimos tiempos<\/strong>\u201d. A\u00fan as\u00ed, la gerente del Hospital Recoletas Burgos, Pilar G\u00f3mez ha querido resaltar la implantaci\u00f3n de <strong>grandes avances que han permitido poder atender a la poblaci\u00f3n burgalesa en las mejores condiciones<\/strong>.<\/p>\n\n\n\n<p>A lo largo del a\u00f1o han pasado por el Hospital Recoletas <strong>m\u00e1s de 250.000 pacientes<\/strong> \u2013consultas, pruebas, ingresos, intervenciones quir\u00fargicas, etc &#8211; \u00a0y se han realizado <strong>m\u00e1s de 7.000 pruebas Covid<\/strong> ( PCR, serolog\u00eda y ant\u00edgenos).<\/p>\n\n\n\n<p>Durante 2020 se ha hecho una <strong>importante inversi\u00f3n por mejorar las condiciones de seguridad y ayudar as\u00ed a los pacientes a recuperar la normalidad de su asistencia sanitaria,<\/strong> garantizando la continuidad de sus tratamientos m\u00e9dicos y revisiones. Para ello, se han adoptado medidas de securizaci\u00f3n como la instalaci\u00f3n de l\u00e1mparas germicidas de irradiaci\u00f3n ultravioleta capaces de eliminar, en tan solo unos minutos, cualquier tipo de virus, bacteria o microorganismo de los quir\u00f3fanos y cualquier estancia del hospital, as\u00ed como la instalaci\u00f3n de \u00a0equipos de purificaci\u00f3n del aire para la eliminaci\u00f3n de pat\u00f3genos en elambiente. A ello, se suma la <strong>instalaci\u00f3n de una carpa en los exteriores del hospital para que los pacientes puedan esperar a entrar antes de su cita<\/strong>, se han revisado los circuitos de pacientes, habilitado nuevas salas de espera y adquirido Equipos de Protecci\u00f3n Individual para todo el personal sanitario.<\/p>\n\n\n\n<h4 class=\"wp-block-heading\"><strong>Nuevos proyectos en funcionamiento<\/strong><\/h4>\n\n\n\n<p>Al inicio de la pandemia se puso en marcha el <strong>Centro Coordinador del COVID<\/strong> que sigue actualmente en funcionamiento. Est\u00e1 compuesto por un equipo multidisciplinar que hace <strong>seguimiento telef\u00f3nico a todos los pacientes positivos<\/strong> que est\u00e1n en sus domicilios y no precisan estar hospitalizados y adem\u00e1s se da respuesta a todas las dudas e inquietudes que los usuarios tienen en relaci\u00f3n al Covid-19.<\/p>\n\n\n\n<p>Asimismo, <strong>se ha implantado un call center<\/strong> que ha supuesto adem\u00e1s de la contrataci\u00f3n de personal, una mejora importante para la gesti\u00f3n de citas.<\/p>\n\n\n\n<p>En lo que a obras se refiere, se ha <strong>reformado el Hospital de d\u00eda para mayor confort a los pacientes oncol\u00f3gicos<\/strong> y se ha puesto en marcha la cafeter\u00eda del hospital para dar una mayor comodidad tanto a pacientes como a sus acompa\u00f1antes.<\/p>\n\n\n\n<p>La \u00faltima actuaci\u00f3n ha sido la redacci\u00f3n del proyecto de una <strong>nueva Unidad de Cuidados Intensivos<\/strong> que ver\u00e1 la luz durante el presente ejercicio. Sin duda, ser\u00e1 el proyecto de mayor importancia que se va a acometer porque \u201csi algo nos ha dejado claro esta pandemia es que la importancia y necesidad de las UCIS, es crucial\u201d ha informado la Gerente del Hospital.<\/p>\n\n\n\n<p>El hospital puso en marcha la actual UCI en el a\u00f1o 2015 con 7 puestos y se ha valorado la necesidad de hacer una de mayor tama\u00f1o para dar capacidad a la demanda existente y adem\u00e1s servir\u00e1 de apoyo al resto de servicios del hospital.<\/p>\n\n\n\n<p>Recoletas dispone de un <strong>equipo humano compuesto por m\u00e1s de 250 personas<\/strong>. Durante 2020 m\u00e1s de 60.000 pacientes han pasado por las consultas externas y m\u00e1s de 22.000 por el Servicio de Urgencias. Recoletas Burgos da atenci\u00f3n a 33 especialidades m\u00e9dicas y quir\u00fargicas, cubiertas por m\u00e1s de 100 profesionales y durante el pasado ejercicio, se han incorporado 14 m\u00e9dicos a la cartera de servicios.<\/p>\n","protected":false},"excerpt":{"rendered":"<p>\u201cHacer balance de la gesti\u00f3n sanitaria 2020 resulta francamente complicado teniendo en cuenta que hemos vivido una de las crisis sanitarias m\u00e1s importantes de los \u00faltimos tiempos\u201d. A\u00fan as\u00ed, la gerente del Hospital Recoletas Burgos, Pilar G\u00f3mez ha querido resaltar la implantaci\u00f3n de grandes avances que han permitido poder atender a la poblaci\u00f3n burgalesa en [&hellip;]<\/p>\n","protected":false},"author":2,"featured_media":14415,"comment_status":"closed","ping_status":"closed","sticky":false,"template":"","format":"standard","meta":{"_acf_changed":false,"footnotes":""},"categories":[10],"tags":[],"class_list":["post-14414","post","type-post","status-publish","format-standard","has-post-thumbnail","hentry","category-burgos"],"acf":[],"yoast_head":"<!-- This site is optimized with the Yoast SEO Premium plugin v27.3 (Yoast SEO v27.3) - https:\/\/yoast.com\/product\/yoast-seo-premium-wordpress\/ -->\n<title>Recoletas Burgos hace un balance positivo del 2020 en tiempos complicados - Noticias Grupo Recoletas<\/title>\n<meta name=\"robots\" content=\"index, follow, max-snippet:-1, max-image-preview:large, max-video-preview:-1\" \/>\n<link rel=\"canonical\" href=\"https:\/\/www.gruporecoletas.com\/noticias\/recoletas-burgos-hace-un-balance-positivo-del-2020-en-tiempos-complicados\/\" \/>\n<meta property=\"og:locale\" content=\"es_ES\" \/>\n<meta property=\"og:type\" content=\"article\" \/>\n<meta property=\"og:title\" content=\"Recoletas Burgos hace un balance positivo del 2020 en tiempos complicados\" \/>\n<meta property=\"og:description\" content=\"\u201cHacer balance de la gesti\u00f3n sanitaria 2020 resulta francamente complicado teniendo en cuenta que hemos vivido una de las crisis sanitarias m\u00e1s importantes de los \u00faltimos tiempos\u201d. A\u00fan as\u00ed, la gerente del Hospital Recoletas Burgos, Pilar G\u00f3mez ha querido resaltar la implantaci\u00f3n de grandes avances que han permitido poder atender a la poblaci\u00f3n burgalesa en [&hellip;]\" \/>\n<meta property=\"og:url\" content=\"https:\/\/www.gruporecoletas.com\/noticias\/recoletas-burgos-hace-un-balance-positivo-del-2020-en-tiempos-complicados\/\" \/>\n<meta property=\"og:site_name\" content=\"Noticias Grupo Recoletas\" \/>\n<meta property=\"article:publisher\" content=\"https:\/\/www.facebook.com\/GrupoRecoletas\/\" \/>\n<meta property=\"article:published_time\" content=\"2021-01-20T09:47:32+00:00\" \/>\n<meta property=\"article:modified_time\" content=\"2021-01-20T09:47:34+00:00\" \/>\n<meta property=\"og:image\" content=\"https:\/\/www.gruporecoletas.com\/noticias\/wp-content\/uploads\/2021\/01\/balance-hrb.jpg\" \/>\n\t<meta property=\"og:image:width\" content=\"900\" \/>\n\t<meta property=\"og:image:height\" content=\"600\" \/>\n\t<meta property=\"og:image:type\" content=\"image\/jpeg\" \/>\n<meta name=\"author\" content=\"Recoletas Red Hospitalaria\" \/>\n<meta name=\"twitter:card\" content=\"summary_large_image\" \/>\n<meta name=\"twitter:creator\" content=\"@GrupoRecoletas\" \/>\n<meta name=\"twitter:site\" content=\"@GrupoRecoletas\" \/>\n<meta name=\"twitter:label1\" content=\"Escrito por\" \/>\n\t<meta name=\"twitter:data1\" content=\"Recoletas Red Hospitalaria\" \/>\n\t<meta name=\"twitter:label2\" content=\"Tiempo de lectura\" \/>\n\t<meta name=\"twitter:data2\" content=\"3 minutos\" \/>\n<script type=\"application\/ld+json\" class=\"yoast-schema-graph\">{\"@context\":\"https:\\\/\\\/schema.org\",\"@graph\":[{\"@type\":\"Article\",\"@id\":\"https:\\\/\\\/www.gruporecoletas.com\\\/noticias\\\/recoletas-burgos-hace-un-balance-positivo-del-2020-en-tiempos-complicados\\\/#article\",\"isPartOf\":{\"@id\":\"https:\\\/\\\/www.gruporecoletas.com\\\/noticias\\\/recoletas-burgos-hace-un-balance-positivo-del-2020-en-tiempos-complicados\\\/\"},\"author\":{\"name\":\"Recoletas Red Hospitalaria\",\"@id\":\"https:\\\/\\\/www.gruporecoletas.com\\\/noticias\\\/#\\\/schema\\\/person\\\/3c6ac429828d1f5e3d3bd99f4da9b02c\"},\"headline\":\"Recoletas Burgos hace un balance positivo del 2020 en tiempos complicados\",\"datePublished\":\"2021-01-20T09:47:32+00:00\",\"dateModified\":\"2021-01-20T09:47:34+00:00\",\"mainEntityOfPage\":{\"@id\":\"https:\\\/\\\/www.gruporecoletas.com\\\/noticias\\\/recoletas-burgos-hace-un-balance-positivo-del-2020-en-tiempos-complicados\\\/\"},\"wordCount\":588,\"image\":{\"@id\":\"https:\\\/\\\/www.gruporecoletas.com\\\/noticias\\\/recoletas-burgos-hace-un-balance-positivo-del-2020-en-tiempos-complicados\\\/#primaryimage\"},\"thumbnailUrl\":\"https:\\\/\\\/www.gruporecoletas.com\\\/noticias\\\/wp-content\\\/uploads\\\/2021\\\/01\\\/balance-hrb.jpg\",\"articleSection\":[\"Burgos\"],\"inLanguage\":\"es\"},{\"@type\":\"WebPage\",\"@id\":\"https:\\\/\\\/www.gruporecoletas.com\\\/noticias\\\/recoletas-burgos-hace-un-balance-positivo-del-2020-en-tiempos-complicados\\\/\",\"url\":\"https:\\\/\\\/www.gruporecoletas.com\\\/noticias\\\/recoletas-burgos-hace-un-balance-positivo-del-2020-en-tiempos-complicados\\\/\",\"name\":\"Recoletas Burgos hace un balance positivo del 2020 en tiempos complicados - Noticias Grupo Recoletas\",\"isPartOf\":{\"@id\":\"https:\\\/\\\/www.gruporecoletas.com\\\/noticias\\\/#website\"},\"primaryImageOfPage\":{\"@id\":\"https:\\\/\\\/www.gruporecoletas.com\\\/noticias\\\/recoletas-burgos-hace-un-balance-positivo-del-2020-en-tiempos-complicados\\\/#primaryimage\"},\"image\":{\"@id\":\"https:\\\/\\\/www.gruporecoletas.com\\\/noticias\\\/recoletas-burgos-hace-un-balance-positivo-del-2020-en-tiempos-complicados\\\/#primaryimage\"},\"thumbnailUrl\":\"https:\\\/\\\/www.gruporecoletas.com\\\/noticias\\\/wp-content\\\/uploads\\\/2021\\\/01\\\/balance-hrb.jpg\",\"datePublished\":\"2021-01-20T09:47:32+00:00\",\"dateModified\":\"2021-01-20T09:47:34+00:00\",\"author\":{\"@id\":\"https:\\\/\\\/www.gruporecoletas.com\\\/noticias\\\/#\\\/schema\\\/person\\\/3c6ac429828d1f5e3d3bd99f4da9b02c\"},\"breadcrumb\":{\"@id\":\"https:\\\/\\\/www.gruporecoletas.com\\\/noticias\\\/recoletas-burgos-hace-un-balance-positivo-del-2020-en-tiempos-complicados\\\/#breadcrumb\"},\"inLanguage\":\"es\",\"potentialAction\":[{\"@type\":\"ReadAction\",\"target\":[\"https:\\\/\\\/www.gruporecoletas.com\\\/noticias\\\/recoletas-burgos-hace-un-balance-positivo-del-2020-en-tiempos-complicados\\\/\"]}]},{\"@type\":\"ImageObject\",\"inLanguage\":\"es\",\"@id\":\"https:\\\/\\\/www.gruporecoletas.com\\\/noticias\\\/recoletas-burgos-hace-un-balance-positivo-del-2020-en-tiempos-complicados\\\/#primaryimage\",\"url\":\"https:\\\/\\\/www.gruporecoletas.com\\\/noticias\\\/wp-content\\\/uploads\\\/2021\\\/01\\\/balance-hrb.jpg\",\"contentUrl\":\"https:\\\/\\\/www.gruporecoletas.com\\\/noticias\\\/wp-content\\\/uploads\\\/2021\\\/01\\\/balance-hrb.jpg\",\"width\":900,\"height\":600},{\"@type\":\"BreadcrumbList\",\"@id\":\"https:\\\/\\\/www.gruporecoletas.com\\\/noticias\\\/recoletas-burgos-hace-un-balance-positivo-del-2020-en-tiempos-complicados\\\/#breadcrumb\",\"itemListElement\":[{\"@type\":\"ListItem\",\"position\":1,\"name\":\"Portada\",\"item\":\"https:\\\/\\\/www.gruporecoletas.com\\\/noticias\\\/\"},{\"@type\":\"ListItem\",\"position\":2,\"name\":\"Recoletas Burgos hace un balance positivo del 2020 en tiempos complicados\"}]},{\"@type\":\"WebSite\",\"@id\":\"https:\\\/\\\/www.gruporecoletas.com\\\/noticias\\\/#website\",\"url\":\"https:\\\/\\\/www.gruporecoletas.com\\\/noticias\\\/\",\"name\":\"Noticias Grupo Recoletas\",\"description\":\"Grupo Recoletas\",\"potentialAction\":[{\"@type\":\"SearchAction\",\"target\":{\"@type\":\"EntryPoint\",\"urlTemplate\":\"https:\\\/\\\/www.gruporecoletas.com\\\/noticias\\\/?s={search_term_string}\"},\"query-input\":{\"@type\":\"PropertyValueSpecification\",\"valueRequired\":true,\"valueName\":\"search_term_string\"}}],\"inLanguage\":\"es\"},{\"@type\":\"Person\",\"@id\":\"https:\\\/\\\/www.gruporecoletas.com\\\/noticias\\\/#\\\/schema\\\/person\\\/3c6ac429828d1f5e3d3bd99f4da9b02c\",\"name\":\"Recoletas Red Hospitalaria\",\"url\":\"https:\\\/\\\/www.gruporecoletas.com\\\/noticias\\\/author\\\/comunicacion\\\/\"}]}<\/script>\n<!-- \/ Yoast SEO Premium plugin. -->","yoast_head_json":{"title":"Recoletas Burgos hace un balance positivo del 2020 en tiempos complicados - Noticias Grupo Recoletas","robots":{"index":"index","follow":"follow","max-snippet":"max-snippet:-1","max-image-preview":"max-image-preview:large","max-video-preview":"max-video-preview:-1"},"canonical":"https:\/\/www.gruporecoletas.com\/noticias\/recoletas-burgos-hace-un-balance-positivo-del-2020-en-tiempos-complicados\/","og_locale":"es_ES","og_type":"article","og_title":"Recoletas Burgos hace un balance positivo del 2020 en tiempos complicados","og_description":"\u201cHacer balance de la gesti\u00f3n sanitaria 2020 resulta francamente complicado teniendo en cuenta que hemos vivido una de las crisis sanitarias m\u00e1s importantes de los \u00faltimos tiempos\u201d. A\u00fan as\u00ed, la gerente del Hospital Recoletas Burgos, Pilar G\u00f3mez ha querido resaltar la implantaci\u00f3n de grandes avances que han permitido poder atender a la poblaci\u00f3n burgalesa en [&hellip;]","og_url":"https:\/\/www.gruporecoletas.com\/noticias\/recoletas-burgos-hace-un-balance-positivo-del-2020-en-tiempos-complicados\/","og_site_name":"Noticias Grupo Recoletas","article_publisher":"https:\/\/www.facebook.com\/GrupoRecoletas\/","article_published_time":"2021-01-20T09:47:32+00:00","article_modified_time":"2021-01-20T09:47:34+00:00","og_image":[{"width":900,"height":600,"url":"https:\/\/www.gruporecoletas.com\/noticias\/wp-content\/uploads\/2021\/01\/balance-hrb.jpg","type":"image\/jpeg"}],"author":"Recoletas Red Hospitalaria","twitter_card":"summary_large_image","twitter_creator":"@GrupoRecoletas","twitter_site":"@GrupoRecoletas","twitter_misc":{"Escrito por":"Recoletas Red Hospitalaria","Tiempo de lectura":"3 minutos"},"schema":{"@context":"https:\/\/schema.org","@graph":[{"@type":"Article","@id":"https:\/\/www.gruporecoletas.com\/noticias\/recoletas-burgos-hace-un-balance-positivo-del-2020-en-tiempos-complicados\/#article","isPartOf":{"@id":"https:\/\/www.gruporecoletas.com\/noticias\/recoletas-burgos-hace-un-balance-positivo-del-2020-en-tiempos-complicados\/"},"author":{"name":"Recoletas Red Hospitalaria","@id":"https:\/\/www.gruporecoletas.com\/noticias\/#\/schema\/person\/3c6ac429828d1f5e3d3bd99f4da9b02c"},"headline":"Recoletas Burgos hace un balance positivo del 2020 en tiempos complicados","datePublished":"2021-01-20T09:47:32+00:00","dateModified":"2021-01-20T09:47:34+00:00","mainEntityOfPage":{"@id":"https:\/\/www.gruporecoletas.com\/noticias\/recoletas-burgos-hace-un-balance-positivo-del-2020-en-tiempos-complicados\/"},"wordCount":588,"image":{"@id":"https:\/\/www.gruporecoletas.com\/noticias\/recoletas-burgos-hace-un-balance-positivo-del-2020-en-tiempos-complicados\/#primaryimage"},"thumbnailUrl":"https:\/\/www.gruporecoletas.com\/noticias\/wp-content\/uploads\/2021\/01\/balance-hrb.jpg","articleSection":["Burgos"],"inLanguage":"es"},{"@type":"WebPage","@id":"https:\/\/www.gruporecoletas.com\/noticias\/recoletas-burgos-hace-un-balance-positivo-del-2020-en-tiempos-complicados\/","url":"https:\/\/www.gruporecoletas.com\/noticias\/recoletas-burgos-hace-un-balance-positivo-del-2020-en-tiempos-complicados\/","name":"Recoletas Burgos hace un balance positivo del 2020 en tiempos complicados - Noticias Grupo Recoletas","isPartOf":{"@id":"https:\/\/www.gruporecoletas.com\/noticias\/#website"},"primaryImageOfPage":{"@id":"https:\/\/www.gruporecoletas.com\/noticias\/recoletas-burgos-hace-un-balance-positivo-del-2020-en-tiempos-complicados\/#primaryimage"},"image":{"@id":"https:\/\/www.gruporecoletas.com\/noticias\/recoletas-burgos-hace-un-balance-positivo-del-2020-en-tiempos-complicados\/#primaryimage"},"thumbnailUrl":"https:\/\/www.gruporecoletas.com\/noticias\/wp-content\/uploads\/2021\/01\/balance-hrb.jpg","datePublished":"2021-01-20T09:47:32+00:00","dateModified":"2021-01-20T09:47:34+00:00","author":{"@id":"https:\/\/www.gruporecoletas.com\/noticias\/#\/schema\/person\/3c6ac429828d1f5e3d3bd99f4da9b02c"},"breadcrumb":{"@id":"https:\/\/www.gruporecoletas.com\/noticias\/recoletas-burgos-hace-un-balance-positivo-del-2020-en-tiempos-complicados\/#breadcrumb"},"inLanguage":"es","potentialAction":[{"@type":"ReadAction","target":["https:\/\/www.gruporecoletas.com\/noticias\/recoletas-burgos-hace-un-balance-positivo-del-2020-en-tiempos-complicados\/"]}]},{"@type":"ImageObject","inLanguage":"es","@id":"https:\/\/www.gruporecoletas.com\/noticias\/recoletas-burgos-hace-un-balance-positivo-del-2020-en-tiempos-complicados\/#primaryimage","url":"https:\/\/www.gruporecoletas.com\/noticias\/wp-content\/uploads\/2021\/01\/balance-hrb.jpg","contentUrl":"https:\/\/www.gruporecoletas.com\/noticias\/wp-content\/uploads\/2021\/01\/balance-hrb.jpg","width":900,"height":600},{"@type":"BreadcrumbList","@id":"https:\/\/www.gruporecoletas.com\/noticias\/recoletas-burgos-hace-un-balance-positivo-del-2020-en-tiempos-complicados\/#breadcrumb","itemListElement":[{"@type":"ListItem","position":1,"name":"Portada","item":"https:\/\/www.gruporecoletas.com\/noticias\/"},{"@type":"ListItem","position":2,"name":"Recoletas Burgos hace un balance positivo del 2020 en tiempos complicados"}]},{"@type":"WebSite","@id":"https:\/\/www.gruporecoletas.com\/noticias\/#website","url":"https:\/\/www.gruporecoletas.com\/noticias\/","name":"Noticias Grupo Recoletas","description":"Grupo Recoletas","potentialAction":[{"@type":"SearchAction","target":{"@type":"EntryPoint","urlTemplate":"https:\/\/www.gruporecoletas.com\/noticias\/?s={search_term_string}"},"query-input":{"@type":"PropertyValueSpecification","valueRequired":true,"valueName":"search_term_string"}}],"inLanguage":"es"},{"@type":"Person","@id":"https:\/\/www.gruporecoletas.com\/noticias\/#\/schema\/person\/3c6ac429828d1f5e3d3bd99f4da9b02c","name":"Recoletas Red Hospitalaria","url":"https:\/\/www.gruporecoletas.com\/noticias\/author\/comunicacion\/"}]}},"_links":{"self":[{"href":"https:\/\/www.gruporecoletas.com\/noticias\/wp-json\/wp\/v2\/posts\/14414","targetHints":{"allow":["GET"]}}],"collection":[{"href":"https:\/\/www.gruporecoletas.com\/noticias\/wp-json\/wp\/v2\/posts"}],"about":[{"href":"https:\/\/www.gruporecoletas.com\/noticias\/wp-json\/wp\/v2\/types\/post"}],"author":[{"embeddable":true,"href":"https:\/\/www.gruporecoletas.com\/noticias\/wp-json\/wp\/v2\/users\/2"}],"replies":[{"embeddable":true,"href":"https:\/\/www.gruporecoletas.com\/noticias\/wp-json\/wp\/v2\/comments?post=14414"}],"version-history":[{"count":1,"href":"https:\/\/www.gruporecoletas.com\/noticias\/wp-json\/wp\/v2\/posts\/14414\/revisions"}],"predecessor-version":[{"id":14416,"href":"https:\/\/www.gruporecoletas.com\/noticias\/wp-json\/wp\/v2\/posts\/14414\/revisions\/14416"}],"wp:featuredmedia":[{"embeddable":true,"href":"https:\/\/www.gruporecoletas.com\/noticias\/wp-json\/wp\/v2\/media\/14415"}],"wp:attachment":[{"href":"https:\/\/www.gruporecoletas.com\/noticias\/wp-json\/wp\/v2\/media?parent=14414"}],"wp:term":[{"taxonomy":"category","embeddable":true,"href":"https:\/\/www.gruporecoletas.com\/noticias\/wp-json\/wp\/v2\/categories?post=14414"},{"taxonomy":"post_tag","embeddable":true,"href":"https:\/\/www.gruporecoletas.com\/noticias\/wp-json\/wp\/v2\/tags?post=14414"}],"curies":[{"name":"wp","href":"https:\/\/api.w.org\/{rel}","templated":true}]}}