{"id":14430,"date":"2021-01-21T14:33:01","date_gmt":"2021-01-21T13:33:01","guid":{"rendered":"https:\/\/www.gruporecoletas.com\/noticias\/?p=14430"},"modified":"2021-01-21T14:33:02","modified_gmt":"2021-01-21T13:33:02","slug":"recoletas-cuenca-amplio-en-2020-sus-servicios-con-las-especialidades-de-cirugia-plastica-y-estetica-cirugia-digestiva-anestesiologia-y-nutricion","status":"publish","type":"post","link":"https:\/\/www.gruporecoletas.com\/noticias\/recoletas-cuenca-amplio-en-2020-sus-servicios-con-las-especialidades-de-cirugia-plastica-y-estetica-cirugia-digestiva-anestesiologia-y-nutricion\/","title":{"rendered":"Recoletas Cuenca ampli\u00f3 en 2020 sus servicios con las especialidades de Cirug\u00eda Pl\u00e1stica y Est\u00e9tica, Cirug\u00eda Digestiva, Anestesiolog\u00eda y Nutrici\u00f3n"},"content":{"rendered":"\n<p>\u201cHacer balance de la gesti\u00f3n sanitaria 2020 resulta francamente complicado teniendo en cuenta que hemos vivido una de las crisis sanitarias m\u00e1s importantes de los \u00faltimos tiempos\u201d. A\u00fan as\u00ed, el gerente del Hospital Recoletas Cuenca, Javier Montero, ha querido resaltar la implantaci\u00f3n de <strong>grandes avances que han permitido poder atender a la poblaci\u00f3n conquense<\/strong> en las mejores condiciones.<\/p>\n\n\n\n<p>A lo largo del a\u00f1o <strong>han pasado por el Hospital Recoletas cerca de 76.000 pacientes<\/strong> entre consultas, pruebas, ingresos, intervenciones quir\u00fargicas, etc &#8211; y se han realizado casi <strong>1.800 pruebas Covid<\/strong> ( PCR, serolog\u00eda y ant\u00edgenos).<\/p>\n\n\n\n<p>Montero destac\u00f3 que durante 2020 se ha hecho una importante inversi\u00f3n por<strong> mejorar las condiciones de seguridad y ayudar as\u00ed a los pacientes a recuperar la normalidad<\/strong> de su asistencia sanitaria, garantizando la continuidad de sus tratamientos m\u00e9dicos y revisiones.<\/p>\n\n\n\n<p>Para ello, se han adoptado <strong>medidas de securizaci\u00f3n<\/strong> como la instalaci\u00f3n de l\u00e1mparas germicidas de irradiaci\u00f3n ultravioleta capaces de eliminar, en tan solo unos minutos, cualquier tipo de virus, bacteria o microorganismo de los quir\u00f3fanos y cualquier estancia del hospital, as\u00ed como la instalaci\u00f3n de\u00a0 equipos de purificaci\u00f3n del aire para la eliminaci\u00f3n de pat\u00f3genos en el ambiente. Se han habilitado tambi\u00e9n nuevas salas de espera y adquirido Equipos de Protecci\u00f3n Individual para todo el personal sanitario.<\/p>\n\n\n\n<h4 class=\"wp-block-heading\"><strong>Nuevos servicios en funcionamiento<\/strong><\/h4>\n\n\n\n<p>A pesar de las dificultades derivadas de la COVID, continu\u00f3 explicando el gerente Javier Montero, en 2020 en Recoletas Cuenca se ha <strong>puesto en marcha el servicio de Cirug\u00eda Pl\u00e1stica y Est\u00e9tica, Nutrici\u00f3n, Cirug\u00eda Digestiva y Anestesiolog\u00eda<\/strong> y se han potenciado los de Urolog\u00eda y Laserterapia Dermatol\u00f3gica, Traumatolog\u00eda y Neurocirug\u00eda, Ginecolog\u00eda y oftalmolog\u00eda de Oftalmolog\u00eda.<\/p>\n\n\n\n<p>En lo que a obras se refiere, durante el a\u00f1o pasado se han llevado a cabo <strong>trabajos de mejora en el exterior del recinto hospitalario<\/strong>, que ya est\u00e1n pr\u00e1cticamente acabados a falta de unos detalles y que han consistido en la sustituci\u00f3n de la marquesina sobre el acceso principal al recinto; la adecuaci\u00f3n de una peque\u00f1a plaza peatonal ,en la que adem\u00e1s de las labores propias de asfaltado se ha procedido a la retirada de unos maceteros que obstaculizaban la libre circulaci\u00f3n de peatones y veh\u00edculos de emergencia, y el acondicionamiento de un peque\u00f1o espacio, en el lateral del edificio, que se encontraba en estado de abandono, y que hoy presume de c\u00e9sped\u00a0 y dos magnolios. \u00a0Tambi\u00e9n durante 2020 se ha <strong>reformado la cafeter\u00eda<\/strong>, que abrir\u00e1 al p\u00fablico en cuanto lo permitan las autoridades sanitarias.<\/p>\n\n\n\n<p>Recoletas Cuenca da atenci\u00f3n a <strong>una treintena de especialidades m\u00e9dicas y quir\u00fargicas, cubiertas por m\u00e1s de 50 profesionales<\/strong> y durante el pasado ejercicio, se han incorporado 5 m\u00e9dicos a la cartera de servicios.<\/p>\n","protected":false},"excerpt":{"rendered":"<p>\u201cHacer balance de la gesti\u00f3n sanitaria 2020 resulta francamente complicado teniendo en cuenta que hemos vivido una de las crisis sanitarias m\u00e1s importantes de los \u00faltimos tiempos\u201d. A\u00fan as\u00ed, el gerente del Hospital Recoletas Cuenca, Javier Montero, ha querido resaltar la implantaci\u00f3n de grandes avances que han permitido poder atender a la poblaci\u00f3n conquense en [&hellip;]<\/p>\n","protected":false},"author":2,"featured_media":14431,"comment_status":"closed","ping_status":"closed","sticky":false,"template":"","format":"standard","meta":{"_acf_changed":false,"footnotes":""},"categories":[6],"tags":[],"class_list":["post-14430","post","type-post","status-publish","format-standard","has-post-thumbnail","hentry","category-cuenca"],"acf":[],"yoast_head":"<!-- This site is optimized with the Yoast SEO Premium plugin v27.3 (Yoast SEO v27.3) - https:\/\/yoast.com\/product\/yoast-seo-premium-wordpress\/ -->\n<title>Recoletas Cuenca ampli\u00f3 en 2020 sus servicios con las especialidades de Cirug\u00eda Pl\u00e1stica y Est\u00e9tica, Cirug\u00eda Digestiva, Anestesiolog\u00eda y Nutrici\u00f3n - Noticias Grupo Recoletas<\/title>\n<meta name=\"robots\" content=\"index, follow, max-snippet:-1, max-image-preview:large, max-video-preview:-1\" \/>\n<link rel=\"canonical\" href=\"https:\/\/www.gruporecoletas.com\/noticias\/recoletas-cuenca-amplio-en-2020-sus-servicios-con-las-especialidades-de-cirugia-plastica-y-estetica-cirugia-digestiva-anestesiologia-y-nutricion\/\" \/>\n<meta property=\"og:locale\" content=\"es_ES\" \/>\n<meta property=\"og:type\" content=\"article\" \/>\n<meta property=\"og:title\" content=\"Recoletas Cuenca ampli\u00f3 en 2020 sus servicios con las especialidades de Cirug\u00eda Pl\u00e1stica y Est\u00e9tica, Cirug\u00eda Digestiva, Anestesiolog\u00eda y Nutrici\u00f3n\" \/>\n<meta property=\"og:description\" content=\"\u201cHacer balance de la gesti\u00f3n sanitaria 2020 resulta francamente complicado teniendo en cuenta que hemos vivido una de las crisis sanitarias m\u00e1s importantes de los \u00faltimos tiempos\u201d. A\u00fan as\u00ed, el gerente del Hospital Recoletas Cuenca, Javier Montero, ha querido resaltar la implantaci\u00f3n de grandes avances que han permitido poder atender a la poblaci\u00f3n conquense en [&hellip;]\" \/>\n<meta property=\"og:url\" content=\"https:\/\/www.gruporecoletas.com\/noticias\/recoletas-cuenca-amplio-en-2020-sus-servicios-con-las-especialidades-de-cirugia-plastica-y-estetica-cirugia-digestiva-anestesiologia-y-nutricion\/\" \/>\n<meta property=\"og:site_name\" content=\"Noticias Grupo Recoletas\" \/>\n<meta property=\"article:publisher\" content=\"https:\/\/www.facebook.com\/GrupoRecoletas\/\" \/>\n<meta property=\"article:published_time\" content=\"2021-01-21T13:33:01+00:00\" \/>\n<meta property=\"article:modified_time\" content=\"2021-01-21T13:33:02+00:00\" \/>\n<meta property=\"og:image\" content=\"https:\/\/www.gruporecoletas.com\/noticias\/wp-content\/uploads\/2021\/01\/balance-hrc.jpg\" \/>\n\t<meta property=\"og:image:width\" content=\"900\" \/>\n\t<meta property=\"og:image:height\" content=\"600\" \/>\n\t<meta property=\"og:image:type\" content=\"image\/jpeg\" \/>\n<meta name=\"author\" content=\"Recoletas Red Hospitalaria\" \/>\n<meta name=\"twitter:card\" content=\"summary_large_image\" \/>\n<meta name=\"twitter:creator\" content=\"@GrupoRecoletas\" \/>\n<meta name=\"twitter:site\" content=\"@GrupoRecoletas\" \/>\n<meta name=\"twitter:label1\" content=\"Escrito por\" \/>\n\t<meta name=\"twitter:data1\" content=\"Recoletas Red Hospitalaria\" \/>\n\t<meta name=\"twitter:label2\" content=\"Tiempo de lectura\" \/>\n\t<meta name=\"twitter:data2\" content=\"2 minutos\" \/>\n<script type=\"application\/ld+json\" class=\"yoast-schema-graph\">{\"@context\":\"https:\\\/\\\/schema.org\",\"@graph\":[{\"@type\":\"Article\",\"@id\":\"https:\\\/\\\/www.gruporecoletas.com\\\/noticias\\\/recoletas-cuenca-amplio-en-2020-sus-servicios-con-las-especialidades-de-cirugia-plastica-y-estetica-cirugia-digestiva-anestesiologia-y-nutricion\\\/#article\",\"isPartOf\":{\"@id\":\"https:\\\/\\\/www.gruporecoletas.com\\\/noticias\\\/recoletas-cuenca-amplio-en-2020-sus-servicios-con-las-especialidades-de-cirugia-plastica-y-estetica-cirugia-digestiva-anestesiologia-y-nutricion\\\/\"},\"author\":{\"name\":\"Recoletas Red Hospitalaria\",\"@id\":\"https:\\\/\\\/www.gruporecoletas.com\\\/noticias\\\/#\\\/schema\\\/person\\\/3c6ac429828d1f5e3d3bd99f4da9b02c\"},\"headline\":\"Recoletas Cuenca ampli\u00f3 en 2020 sus servicios con las especialidades de Cirug\u00eda Pl\u00e1stica y Est\u00e9tica, Cirug\u00eda Digestiva, Anestesiolog\u00eda y Nutrici\u00f3n\",\"datePublished\":\"2021-01-21T13:33:01+00:00\",\"dateModified\":\"2021-01-21T13:33:02+00:00\",\"mainEntityOfPage\":{\"@id\":\"https:\\\/\\\/www.gruporecoletas.com\\\/noticias\\\/recoletas-cuenca-amplio-en-2020-sus-servicios-con-las-especialidades-de-cirugia-plastica-y-estetica-cirugia-digestiva-anestesiologia-y-nutricion\\\/\"},\"wordCount\":508,\"image\":{\"@id\":\"https:\\\/\\\/www.gruporecoletas.com\\\/noticias\\\/recoletas-cuenca-amplio-en-2020-sus-servicios-con-las-especialidades-de-cirugia-plastica-y-estetica-cirugia-digestiva-anestesiologia-y-nutricion\\\/#primaryimage\"},\"thumbnailUrl\":\"https:\\\/\\\/www.gruporecoletas.com\\\/noticias\\\/wp-content\\\/uploads\\\/2021\\\/01\\\/balance-hrc.jpg\",\"articleSection\":[\"Cuenca\"],\"inLanguage\":\"es\"},{\"@type\":\"WebPage\",\"@id\":\"https:\\\/\\\/www.gruporecoletas.com\\\/noticias\\\/recoletas-cuenca-amplio-en-2020-sus-servicios-con-las-especialidades-de-cirugia-plastica-y-estetica-cirugia-digestiva-anestesiologia-y-nutricion\\\/\",\"url\":\"https:\\\/\\\/www.gruporecoletas.com\\\/noticias\\\/recoletas-cuenca-amplio-en-2020-sus-servicios-con-las-especialidades-de-cirugia-plastica-y-estetica-cirugia-digestiva-anestesiologia-y-nutricion\\\/\",\"name\":\"Recoletas Cuenca ampli\u00f3 en 2020 sus servicios con las especialidades de Cirug\u00eda Pl\u00e1stica y Est\u00e9tica, Cirug\u00eda Digestiva, Anestesiolog\u00eda y Nutrici\u00f3n - Noticias Grupo Recoletas\",\"isPartOf\":{\"@id\":\"https:\\\/\\\/www.gruporecoletas.com\\\/noticias\\\/#website\"},\"primaryImageOfPage\":{\"@id\":\"https:\\\/\\\/www.gruporecoletas.com\\\/noticias\\\/recoletas-cuenca-amplio-en-2020-sus-servicios-con-las-especialidades-de-cirugia-plastica-y-estetica-cirugia-digestiva-anestesiologia-y-nutricion\\\/#primaryimage\"},\"image\":{\"@id\":\"https:\\\/\\\/www.gruporecoletas.com\\\/noticias\\\/recoletas-cuenca-amplio-en-2020-sus-servicios-con-las-especialidades-de-cirugia-plastica-y-estetica-cirugia-digestiva-anestesiologia-y-nutricion\\\/#primaryimage\"},\"thumbnailUrl\":\"https:\\\/\\\/www.gruporecoletas.com\\\/noticias\\\/wp-content\\\/uploads\\\/2021\\\/01\\\/balance-hrc.jpg\",\"datePublished\":\"2021-01-21T13:33:01+00:00\",\"dateModified\":\"2021-01-21T13:33:02+00:00\",\"author\":{\"@id\":\"https:\\\/\\\/www.gruporecoletas.com\\\/noticias\\\/#\\\/schema\\\/person\\\/3c6ac429828d1f5e3d3bd99f4da9b02c\"},\"breadcrumb\":{\"@id\":\"https:\\\/\\\/www.gruporecoletas.com\\\/noticias\\\/recoletas-cuenca-amplio-en-2020-sus-servicios-con-las-especialidades-de-cirugia-plastica-y-estetica-cirugia-digestiva-anestesiologia-y-nutricion\\\/#breadcrumb\"},\"inLanguage\":\"es\",\"potentialAction\":[{\"@type\":\"ReadAction\",\"target\":[\"https:\\\/\\\/www.gruporecoletas.com\\\/noticias\\\/recoletas-cuenca-amplio-en-2020-sus-servicios-con-las-especialidades-de-cirugia-plastica-y-estetica-cirugia-digestiva-anestesiologia-y-nutricion\\\/\"]}]},{\"@type\":\"ImageObject\",\"inLanguage\":\"es\",\"@id\":\"https:\\\/\\\/www.gruporecoletas.com\\\/noticias\\\/recoletas-cuenca-amplio-en-2020-sus-servicios-con-las-especialidades-de-cirugia-plastica-y-estetica-cirugia-digestiva-anestesiologia-y-nutricion\\\/#primaryimage\",\"url\":\"https:\\\/\\\/www.gruporecoletas.com\\\/noticias\\\/wp-content\\\/uploads\\\/2021\\\/01\\\/balance-hrc.jpg\",\"contentUrl\":\"https:\\\/\\\/www.gruporecoletas.com\\\/noticias\\\/wp-content\\\/uploads\\\/2021\\\/01\\\/balance-hrc.jpg\",\"width\":900,\"height\":600},{\"@type\":\"BreadcrumbList\",\"@id\":\"https:\\\/\\\/www.gruporecoletas.com\\\/noticias\\\/recoletas-cuenca-amplio-en-2020-sus-servicios-con-las-especialidades-de-cirugia-plastica-y-estetica-cirugia-digestiva-anestesiologia-y-nutricion\\\/#breadcrumb\",\"itemListElement\":[{\"@type\":\"ListItem\",\"position\":1,\"name\":\"Portada\",\"item\":\"https:\\\/\\\/www.gruporecoletas.com\\\/noticias\\\/\"},{\"@type\":\"ListItem\",\"position\":2,\"name\":\"Recoletas Cuenca ampli\u00f3 en 2020 sus servicios con las especialidades de Cirug\u00eda Pl\u00e1stica y Est\u00e9tica, Cirug\u00eda Digestiva, Anestesiolog\u00eda y Nutrici\u00f3n\"}]},{\"@type\":\"WebSite\",\"@id\":\"https:\\\/\\\/www.gruporecoletas.com\\\/noticias\\\/#website\",\"url\":\"https:\\\/\\\/www.gruporecoletas.com\\\/noticias\\\/\",\"name\":\"Noticias Grupo Recoletas\",\"description\":\"Grupo Recoletas\",\"potentialAction\":[{\"@type\":\"SearchAction\",\"target\":{\"@type\":\"EntryPoint\",\"urlTemplate\":\"https:\\\/\\\/www.gruporecoletas.com\\\/noticias\\\/?s={search_term_string}\"},\"query-input\":{\"@type\":\"PropertyValueSpecification\",\"valueRequired\":true,\"valueName\":\"search_term_string\"}}],\"inLanguage\":\"es\"},{\"@type\":\"Person\",\"@id\":\"https:\\\/\\\/www.gruporecoletas.com\\\/noticias\\\/#\\\/schema\\\/person\\\/3c6ac429828d1f5e3d3bd99f4da9b02c\",\"name\":\"Recoletas Red Hospitalaria\",\"url\":\"https:\\\/\\\/www.gruporecoletas.com\\\/noticias\\\/author\\\/comunicacion\\\/\"}]}<\/script>\n<!-- \/ Yoast SEO Premium plugin. -->","yoast_head_json":{"title":"Recoletas Cuenca ampli\u00f3 en 2020 sus servicios con las especialidades de Cirug\u00eda Pl\u00e1stica y Est\u00e9tica, Cirug\u00eda Digestiva, Anestesiolog\u00eda y Nutrici\u00f3n - Noticias Grupo Recoletas","robots":{"index":"index","follow":"follow","max-snippet":"max-snippet:-1","max-image-preview":"max-image-preview:large","max-video-preview":"max-video-preview:-1"},"canonical":"https:\/\/www.gruporecoletas.com\/noticias\/recoletas-cuenca-amplio-en-2020-sus-servicios-con-las-especialidades-de-cirugia-plastica-y-estetica-cirugia-digestiva-anestesiologia-y-nutricion\/","og_locale":"es_ES","og_type":"article","og_title":"Recoletas Cuenca ampli\u00f3 en 2020 sus servicios con las especialidades de Cirug\u00eda Pl\u00e1stica y Est\u00e9tica, Cirug\u00eda Digestiva, Anestesiolog\u00eda y Nutrici\u00f3n","og_description":"\u201cHacer balance de la gesti\u00f3n sanitaria 2020 resulta francamente complicado teniendo en cuenta que hemos vivido una de las crisis sanitarias m\u00e1s importantes de los \u00faltimos tiempos\u201d. A\u00fan as\u00ed, el gerente del Hospital Recoletas Cuenca, Javier Montero, ha querido resaltar la implantaci\u00f3n de grandes avances que han permitido poder atender a la poblaci\u00f3n conquense en [&hellip;]","og_url":"https:\/\/www.gruporecoletas.com\/noticias\/recoletas-cuenca-amplio-en-2020-sus-servicios-con-las-especialidades-de-cirugia-plastica-y-estetica-cirugia-digestiva-anestesiologia-y-nutricion\/","og_site_name":"Noticias Grupo Recoletas","article_publisher":"https:\/\/www.facebook.com\/GrupoRecoletas\/","article_published_time":"2021-01-21T13:33:01+00:00","article_modified_time":"2021-01-21T13:33:02+00:00","og_image":[{"width":900,"height":600,"url":"https:\/\/www.gruporecoletas.com\/noticias\/wp-content\/uploads\/2021\/01\/balance-hrc.jpg","type":"image\/jpeg"}],"author":"Recoletas Red Hospitalaria","twitter_card":"summary_large_image","twitter_creator":"@GrupoRecoletas","twitter_site":"@GrupoRecoletas","twitter_misc":{"Escrito por":"Recoletas Red Hospitalaria","Tiempo de lectura":"2 minutos"},"schema":{"@context":"https:\/\/schema.org","@graph":[{"@type":"Article","@id":"https:\/\/www.gruporecoletas.com\/noticias\/recoletas-cuenca-amplio-en-2020-sus-servicios-con-las-especialidades-de-cirugia-plastica-y-estetica-cirugia-digestiva-anestesiologia-y-nutricion\/#article","isPartOf":{"@id":"https:\/\/www.gruporecoletas.com\/noticias\/recoletas-cuenca-amplio-en-2020-sus-servicios-con-las-especialidades-de-cirugia-plastica-y-estetica-cirugia-digestiva-anestesiologia-y-nutricion\/"},"author":{"name":"Recoletas Red Hospitalaria","@id":"https:\/\/www.gruporecoletas.com\/noticias\/#\/schema\/person\/3c6ac429828d1f5e3d3bd99f4da9b02c"},"headline":"Recoletas Cuenca ampli\u00f3 en 2020 sus servicios con las especialidades de Cirug\u00eda Pl\u00e1stica y Est\u00e9tica, Cirug\u00eda Digestiva, Anestesiolog\u00eda y Nutrici\u00f3n","datePublished":"2021-01-21T13:33:01+00:00","dateModified":"2021-01-21T13:33:02+00:00","mainEntityOfPage":{"@id":"https:\/\/www.gruporecoletas.com\/noticias\/recoletas-cuenca-amplio-en-2020-sus-servicios-con-las-especialidades-de-cirugia-plastica-y-estetica-cirugia-digestiva-anestesiologia-y-nutricion\/"},"wordCount":508,"image":{"@id":"https:\/\/www.gruporecoletas.com\/noticias\/recoletas-cuenca-amplio-en-2020-sus-servicios-con-las-especialidades-de-cirugia-plastica-y-estetica-cirugia-digestiva-anestesiologia-y-nutricion\/#primaryimage"},"thumbnailUrl":"https:\/\/www.gruporecoletas.com\/noticias\/wp-content\/uploads\/2021\/01\/balance-hrc.jpg","articleSection":["Cuenca"],"inLanguage":"es"},{"@type":"WebPage","@id":"https:\/\/www.gruporecoletas.com\/noticias\/recoletas-cuenca-amplio-en-2020-sus-servicios-con-las-especialidades-de-cirugia-plastica-y-estetica-cirugia-digestiva-anestesiologia-y-nutricion\/","url":"https:\/\/www.gruporecoletas.com\/noticias\/recoletas-cuenca-amplio-en-2020-sus-servicios-con-las-especialidades-de-cirugia-plastica-y-estetica-cirugia-digestiva-anestesiologia-y-nutricion\/","name":"Recoletas Cuenca ampli\u00f3 en 2020 sus servicios con las especialidades de Cirug\u00eda Pl\u00e1stica y Est\u00e9tica, Cirug\u00eda Digestiva, Anestesiolog\u00eda y Nutrici\u00f3n - Noticias Grupo Recoletas","isPartOf":{"@id":"https:\/\/www.gruporecoletas.com\/noticias\/#website"},"primaryImageOfPage":{"@id":"https:\/\/www.gruporecoletas.com\/noticias\/recoletas-cuenca-amplio-en-2020-sus-servicios-con-las-especialidades-de-cirugia-plastica-y-estetica-cirugia-digestiva-anestesiologia-y-nutricion\/#primaryimage"},"image":{"@id":"https:\/\/www.gruporecoletas.com\/noticias\/recoletas-cuenca-amplio-en-2020-sus-servicios-con-las-especialidades-de-cirugia-plastica-y-estetica-cirugia-digestiva-anestesiologia-y-nutricion\/#primaryimage"},"thumbnailUrl":"https:\/\/www.gruporecoletas.com\/noticias\/wp-content\/uploads\/2021\/01\/balance-hrc.jpg","datePublished":"2021-01-21T13:33:01+00:00","dateModified":"2021-01-21T13:33:02+00:00","author":{"@id":"https:\/\/www.gruporecoletas.com\/noticias\/#\/schema\/person\/3c6ac429828d1f5e3d3bd99f4da9b02c"},"breadcrumb":{"@id":"https:\/\/www.gruporecoletas.com\/noticias\/recoletas-cuenca-amplio-en-2020-sus-servicios-con-las-especialidades-de-cirugia-plastica-y-estetica-cirugia-digestiva-anestesiologia-y-nutricion\/#breadcrumb"},"inLanguage":"es","potentialAction":[{"@type":"ReadAction","target":["https:\/\/www.gruporecoletas.com\/noticias\/recoletas-cuenca-amplio-en-2020-sus-servicios-con-las-especialidades-de-cirugia-plastica-y-estetica-cirugia-digestiva-anestesiologia-y-nutricion\/"]}]},{"@type":"ImageObject","inLanguage":"es","@id":"https:\/\/www.gruporecoletas.com\/noticias\/recoletas-cuenca-amplio-en-2020-sus-servicios-con-las-especialidades-de-cirugia-plastica-y-estetica-cirugia-digestiva-anestesiologia-y-nutricion\/#primaryimage","url":"https:\/\/www.gruporecoletas.com\/noticias\/wp-content\/uploads\/2021\/01\/balance-hrc.jpg","contentUrl":"https:\/\/www.gruporecoletas.com\/noticias\/wp-content\/uploads\/2021\/01\/balance-hrc.jpg","width":900,"height":600},{"@type":"BreadcrumbList","@id":"https:\/\/www.gruporecoletas.com\/noticias\/recoletas-cuenca-amplio-en-2020-sus-servicios-con-las-especialidades-de-cirugia-plastica-y-estetica-cirugia-digestiva-anestesiologia-y-nutricion\/#breadcrumb","itemListElement":[{"@type":"ListItem","position":1,"name":"Portada","item":"https:\/\/www.gruporecoletas.com\/noticias\/"},{"@type":"ListItem","position":2,"name":"Recoletas Cuenca ampli\u00f3 en 2020 sus servicios con las especialidades de Cirug\u00eda Pl\u00e1stica y Est\u00e9tica, Cirug\u00eda Digestiva, Anestesiolog\u00eda y Nutrici\u00f3n"}]},{"@type":"WebSite","@id":"https:\/\/www.gruporecoletas.com\/noticias\/#website","url":"https:\/\/www.gruporecoletas.com\/noticias\/","name":"Noticias Grupo Recoletas","description":"Grupo Recoletas","potentialAction":[{"@type":"SearchAction","target":{"@type":"EntryPoint","urlTemplate":"https:\/\/www.gruporecoletas.com\/noticias\/?s={search_term_string}"},"query-input":{"@type":"PropertyValueSpecification","valueRequired":true,"valueName":"search_term_string"}}],"inLanguage":"es"},{"@type":"Person","@id":"https:\/\/www.gruporecoletas.com\/noticias\/#\/schema\/person\/3c6ac429828d1f5e3d3bd99f4da9b02c","name":"Recoletas Red Hospitalaria","url":"https:\/\/www.gruporecoletas.com\/noticias\/author\/comunicacion\/"}]}},"_links":{"self":[{"href":"https:\/\/www.gruporecoletas.com\/noticias\/wp-json\/wp\/v2\/posts\/14430","targetHints":{"allow":["GET"]}}],"collection":[{"href":"https:\/\/www.gruporecoletas.com\/noticias\/wp-json\/wp\/v2\/posts"}],"about":[{"href":"https:\/\/www.gruporecoletas.com\/noticias\/wp-json\/wp\/v2\/types\/post"}],"author":[{"embeddable":true,"href":"https:\/\/www.gruporecoletas.com\/noticias\/wp-json\/wp\/v2\/users\/2"}],"replies":[{"embeddable":true,"href":"https:\/\/www.gruporecoletas.com\/noticias\/wp-json\/wp\/v2\/comments?post=14430"}],"version-history":[{"count":1,"href":"https:\/\/www.gruporecoletas.com\/noticias\/wp-json\/wp\/v2\/posts\/14430\/revisions"}],"predecessor-version":[{"id":14432,"href":"https:\/\/www.gruporecoletas.com\/noticias\/wp-json\/wp\/v2\/posts\/14430\/revisions\/14432"}],"wp:featuredmedia":[{"embeddable":true,"href":"https:\/\/www.gruporecoletas.com\/noticias\/wp-json\/wp\/v2\/media\/14431"}],"wp:attachment":[{"href":"https:\/\/www.gruporecoletas.com\/noticias\/wp-json\/wp\/v2\/media?parent=14430"}],"wp:term":[{"taxonomy":"category","embeddable":true,"href":"https:\/\/www.gruporecoletas.com\/noticias\/wp-json\/wp\/v2\/categories?post=14430"},{"taxonomy":"post_tag","embeddable":true,"href":"https:\/\/www.gruporecoletas.com\/noticias\/wp-json\/wp\/v2\/tags?post=14430"}],"curies":[{"name":"wp","href":"https:\/\/api.w.org\/{rel}","templated":true}]}}