{"id":14507,"date":"2021-03-08T09:10:18","date_gmt":"2021-03-08T08:10:18","guid":{"rendered":"https:\/\/www.gruporecoletas.com\/noticias\/?p=14507"},"modified":"2021-03-08T09:10:20","modified_gmt":"2021-03-08T08:10:20","slug":"recoletas-celebra-el-dia-de-la-mujer-reconociendo-a-las-mujeres-que-trabajan-en-la-empresa-y-a-las-pacientes","status":"publish","type":"post","link":"https:\/\/www.gruporecoletas.com\/noticias\/recoletas-celebra-el-dia-de-la-mujer-reconociendo-a-las-mujeres-que-trabajan-en-la-empresa-y-a-las-pacientes\/","title":{"rendered":"Recoletas celebra el D\u00eda de la Mujer reconociendo a las mujeres que trabajan en la empresa y a las pacientes"},"content":{"rendered":"\n<p>Hoy 8 de marzo se celebra el D\u00eda Internacional de la Mujer y Recoletas Red Hospitalaria quiere aprovechar este d\u00eda para <strong>poner en valor al conjunto de las mujeres que forman parte de su grupo hospitalario<\/strong>.<\/p>\n\n\n\n<p>En Recoletas<strong> el 80% del conjunto de su plantilla son mujeres<\/strong>, alrededor de mil. \u00a0De ellas, casi la mitad tienen entre 30 y 50 a\u00f1os. La presencia de las mujeres se afianza en los servicios de Enfermer\u00eda, Auxiliar de Enfermer\u00eda, Medicina y Administraci\u00f3n.<\/p>\n\n\n\n<p>Adem\u00e1s, es destacable la <strong>presencia de mujeres en los \u00f3rganos de decisi\u00f3n y puestos de direcci\u00f3n de la compa\u00f1\u00eda<\/strong>: Operaciones, Recursos Humanos, Asesor\u00eda Jur\u00eddica, Calidad, Compras y Relaciones con el Exterior, entre otras.<\/p>\n\n\n\n<p><em>\u201cMuchas de ellas han hecho su carrera profesional en esta empresa, comenzaron hace a\u00f1os en un puesto determinado y con el tiempo y <strong>gracias al trabajo bien hecho y a su talento han ido escalando posiciones hasta desempe\u00f1ar hoy en d\u00eda puestos de responsabilidad<\/strong>\u201d.<\/em><\/p>\n\n\n\n<p>Es el caso por ejemplo de las <strong>mujeres que dirigen los hospitales<\/strong> <strong>Recoletas <\/strong>Campo Grande y Felipe II en Valladolid, el Hospital Recoletas Burgos, el Hospital Recoletas Palencia y la Cl\u00ednica Ponferrada. \u00a0<\/p>\n\n\n\n<p>Tambi\u00e9n algunas de las <strong>direcciones m\u00e9dicas y de servicio est\u00e1n ocupadas por mujeres<\/strong>. La direcci\u00f3n m\u00e9dica del Hospital Campo Grande de Valladolid, del Hospital Recoletas Segovia, del Hospital Recoletas Palencia, etc.<\/p>\n\n\n\n<p>Estos datos consolidan a Recoletas como una <strong>compa\u00f1\u00eda que apoya en\u00e9rgicamente la diversidad con pol\u00edticas de desarrollo profesional<\/strong> para la mujer.<\/p>\n\n\n\n<p>Por otra parte, Recoletas destaca que tambi\u00e9n son muchas pacientes femeninas las que diariamente acuden a los hospitales y centros m\u00e9dicos Recoletas. Seg\u00fan los \u00faltimos datos de la compa\u00f1\u00eda, <strong>un 57% de sus pacientes son mujeres. Tambi\u00e9n a ellas se las quiere felicitar en este d\u00eda<\/strong> y agradecer la confianza que depositan en la prestaci\u00f3n sanitaria que ofrece este grupo hospitalario.<\/p>\n\n\n\n<p>Una oferta sanitaria que en los \u00faltimos meses Recoletas ha mejorado con la apertura de una <strong>cl\u00ednica de reproducci\u00f3n asistida en Valladolid, <a href=\"https:\/\/www.vidarecoletas.com\/\">Vida Recoletas<\/a>, desde la que se fomenta la natalidad a todos los modelos de familia<\/strong> y entre ellos, a las mujeres que desean ser madres en solitario.<\/p>\n\n\n\n<p>La colaboraci\u00f3n con RED Madre, una fundaci\u00f3n creada en 2007 con el prop\u00f3sito de apoyar y asesorar a la mujer embarazada con dificultades econ\u00f3micas y con la Asociaci\u00f3n Madres Solteras por Elecci\u00f3n, una ONG sin \u00e1nimo de lucro de car\u00e1cter estatal y creada por personas sin pareja que han optado libremente por formar una familia monoparental son tambi\u00e9n otros ejemplos de la <strong>apuesta decidida de Recoletas por mejorar la calidad de vida de las mujeres<\/strong>.<\/p>\n\n\n\n<p>Para todas ellas, mujeres empleadas y mujeres pacientes, el Grupo <strong>Recoletas ha editado el video \u201cYo mujer. Yo Recoletas\u201d, que hoy se presenta <\/strong>y con el que se quiere hacer llegar al conjunto de la poblaci\u00f3n la vital importancia de las mujeres en nuestra sociedad.<\/p>\n","protected":false},"excerpt":{"rendered":"<p>Hoy 8 de marzo se celebra el D\u00eda Internacional de la Mujer y Recoletas Red Hospitalaria quiere aprovechar este d\u00eda para poner en valor al conjunto de las mujeres que forman parte de su grupo hospitalario. En Recoletas el 80% del conjunto de su plantilla son mujeres, alrededor de mil. \u00a0De ellas, casi la mitad [&hellip;]<\/p>\n","protected":false},"author":2,"featured_media":14508,"comment_status":"closed","ping_status":"closed","sticky":false,"template":"","format":"standard","meta":{"_acf_changed":false,"footnotes":""},"categories":[1],"tags":[],"class_list":["post-14507","post","type-post","status-publish","format-standard","has-post-thumbnail","hentry","category-grupo-recoletas"],"acf":[],"yoast_head":"<!-- This site is optimized with the Yoast SEO Premium plugin v27.3 (Yoast SEO v27.3) - https:\/\/yoast.com\/product\/yoast-seo-premium-wordpress\/ -->\n<title>Recoletas celebra el D\u00eda de la Mujer reconociendo a las mujeres que trabajan en la empresa y a las pacientes - Noticias Grupo Recoletas<\/title>\n<meta name=\"robots\" content=\"index, follow, max-snippet:-1, max-image-preview:large, max-video-preview:-1\" \/>\n<link rel=\"canonical\" href=\"https:\/\/www.gruporecoletas.com\/noticias\/recoletas-celebra-el-dia-de-la-mujer-reconociendo-a-las-mujeres-que-trabajan-en-la-empresa-y-a-las-pacientes\/\" \/>\n<meta property=\"og:locale\" content=\"es_ES\" \/>\n<meta property=\"og:type\" content=\"article\" \/>\n<meta property=\"og:title\" content=\"Recoletas celebra el D\u00eda de la Mujer reconociendo a las mujeres que trabajan en la empresa y a las pacientes\" \/>\n<meta property=\"og:description\" content=\"Hoy 8 de marzo se celebra el D\u00eda Internacional de la Mujer y Recoletas Red Hospitalaria quiere aprovechar este d\u00eda para poner en valor al conjunto de las mujeres que forman parte de su grupo hospitalario. En Recoletas el 80% del conjunto de su plantilla son mujeres, alrededor de mil. \u00a0De ellas, casi la mitad [&hellip;]\" \/>\n<meta property=\"og:url\" content=\"https:\/\/www.gruporecoletas.com\/noticias\/recoletas-celebra-el-dia-de-la-mujer-reconociendo-a-las-mujeres-que-trabajan-en-la-empresa-y-a-las-pacientes\/\" \/>\n<meta property=\"og:site_name\" content=\"Noticias Grupo Recoletas\" \/>\n<meta property=\"article:publisher\" content=\"https:\/\/www.facebook.com\/GrupoRecoletas\/\" \/>\n<meta property=\"article:published_time\" content=\"2021-03-08T08:10:18+00:00\" \/>\n<meta property=\"article:modified_time\" content=\"2021-03-08T08:10:20+00:00\" \/>\n<meta property=\"og:image\" content=\"https:\/\/www.gruporecoletas.com\/noticias\/wp-content\/uploads\/2021\/03\/dia-mujer-blog.jpg\" \/>\n\t<meta property=\"og:image:width\" content=\"900\" \/>\n\t<meta property=\"og:image:height\" content=\"600\" \/>\n\t<meta property=\"og:image:type\" content=\"image\/jpeg\" \/>\n<meta name=\"author\" content=\"Recoletas Red Hospitalaria\" \/>\n<meta name=\"twitter:card\" content=\"summary_large_image\" \/>\n<meta name=\"twitter:creator\" content=\"@GrupoRecoletas\" \/>\n<meta name=\"twitter:site\" content=\"@GrupoRecoletas\" \/>\n<meta name=\"twitter:label1\" content=\"Escrito por\" \/>\n\t<meta name=\"twitter:data1\" content=\"Recoletas Red Hospitalaria\" \/>\n\t<meta name=\"twitter:label2\" content=\"Tiempo de lectura\" \/>\n\t<meta name=\"twitter:data2\" content=\"3 minutos\" \/>\n<script type=\"application\/ld+json\" class=\"yoast-schema-graph\">{\"@context\":\"https:\\\/\\\/schema.org\",\"@graph\":[{\"@type\":\"Article\",\"@id\":\"https:\\\/\\\/www.gruporecoletas.com\\\/noticias\\\/recoletas-celebra-el-dia-de-la-mujer-reconociendo-a-las-mujeres-que-trabajan-en-la-empresa-y-a-las-pacientes\\\/#article\",\"isPartOf\":{\"@id\":\"https:\\\/\\\/www.gruporecoletas.com\\\/noticias\\\/recoletas-celebra-el-dia-de-la-mujer-reconociendo-a-las-mujeres-que-trabajan-en-la-empresa-y-a-las-pacientes\\\/\"},\"author\":{\"name\":\"Recoletas Red Hospitalaria\",\"@id\":\"https:\\\/\\\/www.gruporecoletas.com\\\/noticias\\\/#\\\/schema\\\/person\\\/3c6ac429828d1f5e3d3bd99f4da9b02c\"},\"headline\":\"Recoletas celebra el D\u00eda de la Mujer reconociendo a las mujeres que trabajan en la empresa y a las pacientes\",\"datePublished\":\"2021-03-08T08:10:18+00:00\",\"dateModified\":\"2021-03-08T08:10:20+00:00\",\"mainEntityOfPage\":{\"@id\":\"https:\\\/\\\/www.gruporecoletas.com\\\/noticias\\\/recoletas-celebra-el-dia-de-la-mujer-reconociendo-a-las-mujeres-que-trabajan-en-la-empresa-y-a-las-pacientes\\\/\"},\"wordCount\":527,\"image\":{\"@id\":\"https:\\\/\\\/www.gruporecoletas.com\\\/noticias\\\/recoletas-celebra-el-dia-de-la-mujer-reconociendo-a-las-mujeres-que-trabajan-en-la-empresa-y-a-las-pacientes\\\/#primaryimage\"},\"thumbnailUrl\":\"https:\\\/\\\/www.gruporecoletas.com\\\/noticias\\\/wp-content\\\/uploads\\\/2021\\\/03\\\/dia-mujer-blog.jpg\",\"articleSection\":[\"Grupo Recoletas\"],\"inLanguage\":\"es\"},{\"@type\":\"WebPage\",\"@id\":\"https:\\\/\\\/www.gruporecoletas.com\\\/noticias\\\/recoletas-celebra-el-dia-de-la-mujer-reconociendo-a-las-mujeres-que-trabajan-en-la-empresa-y-a-las-pacientes\\\/\",\"url\":\"https:\\\/\\\/www.gruporecoletas.com\\\/noticias\\\/recoletas-celebra-el-dia-de-la-mujer-reconociendo-a-las-mujeres-que-trabajan-en-la-empresa-y-a-las-pacientes\\\/\",\"name\":\"Recoletas celebra el D\u00eda de la Mujer reconociendo a las mujeres que trabajan en la empresa y a las pacientes - Noticias Grupo Recoletas\",\"isPartOf\":{\"@id\":\"https:\\\/\\\/www.gruporecoletas.com\\\/noticias\\\/#website\"},\"primaryImageOfPage\":{\"@id\":\"https:\\\/\\\/www.gruporecoletas.com\\\/noticias\\\/recoletas-celebra-el-dia-de-la-mujer-reconociendo-a-las-mujeres-que-trabajan-en-la-empresa-y-a-las-pacientes\\\/#primaryimage\"},\"image\":{\"@id\":\"https:\\\/\\\/www.gruporecoletas.com\\\/noticias\\\/recoletas-celebra-el-dia-de-la-mujer-reconociendo-a-las-mujeres-que-trabajan-en-la-empresa-y-a-las-pacientes\\\/#primaryimage\"},\"thumbnailUrl\":\"https:\\\/\\\/www.gruporecoletas.com\\\/noticias\\\/wp-content\\\/uploads\\\/2021\\\/03\\\/dia-mujer-blog.jpg\",\"datePublished\":\"2021-03-08T08:10:18+00:00\",\"dateModified\":\"2021-03-08T08:10:20+00:00\",\"author\":{\"@id\":\"https:\\\/\\\/www.gruporecoletas.com\\\/noticias\\\/#\\\/schema\\\/person\\\/3c6ac429828d1f5e3d3bd99f4da9b02c\"},\"breadcrumb\":{\"@id\":\"https:\\\/\\\/www.gruporecoletas.com\\\/noticias\\\/recoletas-celebra-el-dia-de-la-mujer-reconociendo-a-las-mujeres-que-trabajan-en-la-empresa-y-a-las-pacientes\\\/#breadcrumb\"},\"inLanguage\":\"es\",\"potentialAction\":[{\"@type\":\"ReadAction\",\"target\":[\"https:\\\/\\\/www.gruporecoletas.com\\\/noticias\\\/recoletas-celebra-el-dia-de-la-mujer-reconociendo-a-las-mujeres-que-trabajan-en-la-empresa-y-a-las-pacientes\\\/\"]}]},{\"@type\":\"ImageObject\",\"inLanguage\":\"es\",\"@id\":\"https:\\\/\\\/www.gruporecoletas.com\\\/noticias\\\/recoletas-celebra-el-dia-de-la-mujer-reconociendo-a-las-mujeres-que-trabajan-en-la-empresa-y-a-las-pacientes\\\/#primaryimage\",\"url\":\"https:\\\/\\\/www.gruporecoletas.com\\\/noticias\\\/wp-content\\\/uploads\\\/2021\\\/03\\\/dia-mujer-blog.jpg\",\"contentUrl\":\"https:\\\/\\\/www.gruporecoletas.com\\\/noticias\\\/wp-content\\\/uploads\\\/2021\\\/03\\\/dia-mujer-blog.jpg\",\"width\":900,\"height\":600},{\"@type\":\"BreadcrumbList\",\"@id\":\"https:\\\/\\\/www.gruporecoletas.com\\\/noticias\\\/recoletas-celebra-el-dia-de-la-mujer-reconociendo-a-las-mujeres-que-trabajan-en-la-empresa-y-a-las-pacientes\\\/#breadcrumb\",\"itemListElement\":[{\"@type\":\"ListItem\",\"position\":1,\"name\":\"Portada\",\"item\":\"https:\\\/\\\/www.gruporecoletas.com\\\/noticias\\\/\"},{\"@type\":\"ListItem\",\"position\":2,\"name\":\"Recoletas celebra el D\u00eda de la Mujer reconociendo a las mujeres que trabajan en la empresa y a las pacientes\"}]},{\"@type\":\"WebSite\",\"@id\":\"https:\\\/\\\/www.gruporecoletas.com\\\/noticias\\\/#website\",\"url\":\"https:\\\/\\\/www.gruporecoletas.com\\\/noticias\\\/\",\"name\":\"Noticias Grupo Recoletas\",\"description\":\"Grupo Recoletas\",\"potentialAction\":[{\"@type\":\"SearchAction\",\"target\":{\"@type\":\"EntryPoint\",\"urlTemplate\":\"https:\\\/\\\/www.gruporecoletas.com\\\/noticias\\\/?s={search_term_string}\"},\"query-input\":{\"@type\":\"PropertyValueSpecification\",\"valueRequired\":true,\"valueName\":\"search_term_string\"}}],\"inLanguage\":\"es\"},{\"@type\":\"Person\",\"@id\":\"https:\\\/\\\/www.gruporecoletas.com\\\/noticias\\\/#\\\/schema\\\/person\\\/3c6ac429828d1f5e3d3bd99f4da9b02c\",\"name\":\"Recoletas Red Hospitalaria\",\"url\":\"https:\\\/\\\/www.gruporecoletas.com\\\/noticias\\\/author\\\/comunicacion\\\/\"}]}<\/script>\n<!-- \/ Yoast SEO Premium plugin. -->","yoast_head_json":{"title":"Recoletas celebra el D\u00eda de la Mujer reconociendo a las mujeres que trabajan en la empresa y a las pacientes - Noticias Grupo Recoletas","robots":{"index":"index","follow":"follow","max-snippet":"max-snippet:-1","max-image-preview":"max-image-preview:large","max-video-preview":"max-video-preview:-1"},"canonical":"https:\/\/www.gruporecoletas.com\/noticias\/recoletas-celebra-el-dia-de-la-mujer-reconociendo-a-las-mujeres-que-trabajan-en-la-empresa-y-a-las-pacientes\/","og_locale":"es_ES","og_type":"article","og_title":"Recoletas celebra el D\u00eda de la Mujer reconociendo a las mujeres que trabajan en la empresa y a las pacientes","og_description":"Hoy 8 de marzo se celebra el D\u00eda Internacional de la Mujer y Recoletas Red Hospitalaria quiere aprovechar este d\u00eda para poner en valor al conjunto de las mujeres que forman parte de su grupo hospitalario. En Recoletas el 80% del conjunto de su plantilla son mujeres, alrededor de mil. \u00a0De ellas, casi la mitad [&hellip;]","og_url":"https:\/\/www.gruporecoletas.com\/noticias\/recoletas-celebra-el-dia-de-la-mujer-reconociendo-a-las-mujeres-que-trabajan-en-la-empresa-y-a-las-pacientes\/","og_site_name":"Noticias Grupo Recoletas","article_publisher":"https:\/\/www.facebook.com\/GrupoRecoletas\/","article_published_time":"2021-03-08T08:10:18+00:00","article_modified_time":"2021-03-08T08:10:20+00:00","og_image":[{"width":900,"height":600,"url":"https:\/\/www.gruporecoletas.com\/noticias\/wp-content\/uploads\/2021\/03\/dia-mujer-blog.jpg","type":"image\/jpeg"}],"author":"Recoletas Red Hospitalaria","twitter_card":"summary_large_image","twitter_creator":"@GrupoRecoletas","twitter_site":"@GrupoRecoletas","twitter_misc":{"Escrito por":"Recoletas Red Hospitalaria","Tiempo de lectura":"3 minutos"},"schema":{"@context":"https:\/\/schema.org","@graph":[{"@type":"Article","@id":"https:\/\/www.gruporecoletas.com\/noticias\/recoletas-celebra-el-dia-de-la-mujer-reconociendo-a-las-mujeres-que-trabajan-en-la-empresa-y-a-las-pacientes\/#article","isPartOf":{"@id":"https:\/\/www.gruporecoletas.com\/noticias\/recoletas-celebra-el-dia-de-la-mujer-reconociendo-a-las-mujeres-que-trabajan-en-la-empresa-y-a-las-pacientes\/"},"author":{"name":"Recoletas Red Hospitalaria","@id":"https:\/\/www.gruporecoletas.com\/noticias\/#\/schema\/person\/3c6ac429828d1f5e3d3bd99f4da9b02c"},"headline":"Recoletas celebra el D\u00eda de la Mujer reconociendo a las mujeres que trabajan en la empresa y a las pacientes","datePublished":"2021-03-08T08:10:18+00:00","dateModified":"2021-03-08T08:10:20+00:00","mainEntityOfPage":{"@id":"https:\/\/www.gruporecoletas.com\/noticias\/recoletas-celebra-el-dia-de-la-mujer-reconociendo-a-las-mujeres-que-trabajan-en-la-empresa-y-a-las-pacientes\/"},"wordCount":527,"image":{"@id":"https:\/\/www.gruporecoletas.com\/noticias\/recoletas-celebra-el-dia-de-la-mujer-reconociendo-a-las-mujeres-que-trabajan-en-la-empresa-y-a-las-pacientes\/#primaryimage"},"thumbnailUrl":"https:\/\/www.gruporecoletas.com\/noticias\/wp-content\/uploads\/2021\/03\/dia-mujer-blog.jpg","articleSection":["Grupo Recoletas"],"inLanguage":"es"},{"@type":"WebPage","@id":"https:\/\/www.gruporecoletas.com\/noticias\/recoletas-celebra-el-dia-de-la-mujer-reconociendo-a-las-mujeres-que-trabajan-en-la-empresa-y-a-las-pacientes\/","url":"https:\/\/www.gruporecoletas.com\/noticias\/recoletas-celebra-el-dia-de-la-mujer-reconociendo-a-las-mujeres-que-trabajan-en-la-empresa-y-a-las-pacientes\/","name":"Recoletas celebra el D\u00eda de la Mujer reconociendo a las mujeres que trabajan en la empresa y a las pacientes - Noticias Grupo Recoletas","isPartOf":{"@id":"https:\/\/www.gruporecoletas.com\/noticias\/#website"},"primaryImageOfPage":{"@id":"https:\/\/www.gruporecoletas.com\/noticias\/recoletas-celebra-el-dia-de-la-mujer-reconociendo-a-las-mujeres-que-trabajan-en-la-empresa-y-a-las-pacientes\/#primaryimage"},"image":{"@id":"https:\/\/www.gruporecoletas.com\/noticias\/recoletas-celebra-el-dia-de-la-mujer-reconociendo-a-las-mujeres-que-trabajan-en-la-empresa-y-a-las-pacientes\/#primaryimage"},"thumbnailUrl":"https:\/\/www.gruporecoletas.com\/noticias\/wp-content\/uploads\/2021\/03\/dia-mujer-blog.jpg","datePublished":"2021-03-08T08:10:18+00:00","dateModified":"2021-03-08T08:10:20+00:00","author":{"@id":"https:\/\/www.gruporecoletas.com\/noticias\/#\/schema\/person\/3c6ac429828d1f5e3d3bd99f4da9b02c"},"breadcrumb":{"@id":"https:\/\/www.gruporecoletas.com\/noticias\/recoletas-celebra-el-dia-de-la-mujer-reconociendo-a-las-mujeres-que-trabajan-en-la-empresa-y-a-las-pacientes\/#breadcrumb"},"inLanguage":"es","potentialAction":[{"@type":"ReadAction","target":["https:\/\/www.gruporecoletas.com\/noticias\/recoletas-celebra-el-dia-de-la-mujer-reconociendo-a-las-mujeres-que-trabajan-en-la-empresa-y-a-las-pacientes\/"]}]},{"@type":"ImageObject","inLanguage":"es","@id":"https:\/\/www.gruporecoletas.com\/noticias\/recoletas-celebra-el-dia-de-la-mujer-reconociendo-a-las-mujeres-que-trabajan-en-la-empresa-y-a-las-pacientes\/#primaryimage","url":"https:\/\/www.gruporecoletas.com\/noticias\/wp-content\/uploads\/2021\/03\/dia-mujer-blog.jpg","contentUrl":"https:\/\/www.gruporecoletas.com\/noticias\/wp-content\/uploads\/2021\/03\/dia-mujer-blog.jpg","width":900,"height":600},{"@type":"BreadcrumbList","@id":"https:\/\/www.gruporecoletas.com\/noticias\/recoletas-celebra-el-dia-de-la-mujer-reconociendo-a-las-mujeres-que-trabajan-en-la-empresa-y-a-las-pacientes\/#breadcrumb","itemListElement":[{"@type":"ListItem","position":1,"name":"Portada","item":"https:\/\/www.gruporecoletas.com\/noticias\/"},{"@type":"ListItem","position":2,"name":"Recoletas celebra el D\u00eda de la Mujer reconociendo a las mujeres que trabajan en la empresa y a las pacientes"}]},{"@type":"WebSite","@id":"https:\/\/www.gruporecoletas.com\/noticias\/#website","url":"https:\/\/www.gruporecoletas.com\/noticias\/","name":"Noticias Grupo Recoletas","description":"Grupo Recoletas","potentialAction":[{"@type":"SearchAction","target":{"@type":"EntryPoint","urlTemplate":"https:\/\/www.gruporecoletas.com\/noticias\/?s={search_term_string}"},"query-input":{"@type":"PropertyValueSpecification","valueRequired":true,"valueName":"search_term_string"}}],"inLanguage":"es"},{"@type":"Person","@id":"https:\/\/www.gruporecoletas.com\/noticias\/#\/schema\/person\/3c6ac429828d1f5e3d3bd99f4da9b02c","name":"Recoletas Red Hospitalaria","url":"https:\/\/www.gruporecoletas.com\/noticias\/author\/comunicacion\/"}]}},"_links":{"self":[{"href":"https:\/\/www.gruporecoletas.com\/noticias\/wp-json\/wp\/v2\/posts\/14507","targetHints":{"allow":["GET"]}}],"collection":[{"href":"https:\/\/www.gruporecoletas.com\/noticias\/wp-json\/wp\/v2\/posts"}],"about":[{"href":"https:\/\/www.gruporecoletas.com\/noticias\/wp-json\/wp\/v2\/types\/post"}],"author":[{"embeddable":true,"href":"https:\/\/www.gruporecoletas.com\/noticias\/wp-json\/wp\/v2\/users\/2"}],"replies":[{"embeddable":true,"href":"https:\/\/www.gruporecoletas.com\/noticias\/wp-json\/wp\/v2\/comments?post=14507"}],"version-history":[{"count":1,"href":"https:\/\/www.gruporecoletas.com\/noticias\/wp-json\/wp\/v2\/posts\/14507\/revisions"}],"predecessor-version":[{"id":14509,"href":"https:\/\/www.gruporecoletas.com\/noticias\/wp-json\/wp\/v2\/posts\/14507\/revisions\/14509"}],"wp:featuredmedia":[{"embeddable":true,"href":"https:\/\/www.gruporecoletas.com\/noticias\/wp-json\/wp\/v2\/media\/14508"}],"wp:attachment":[{"href":"https:\/\/www.gruporecoletas.com\/noticias\/wp-json\/wp\/v2\/media?parent=14507"}],"wp:term":[{"taxonomy":"category","embeddable":true,"href":"https:\/\/www.gruporecoletas.com\/noticias\/wp-json\/wp\/v2\/categories?post=14507"},{"taxonomy":"post_tag","embeddable":true,"href":"https:\/\/www.gruporecoletas.com\/noticias\/wp-json\/wp\/v2\/tags?post=14507"}],"curies":[{"name":"wp","href":"https:\/\/api.w.org\/{rel}","templated":true}]}}