{"id":14536,"date":"2021-03-25T10:40:23","date_gmt":"2021-03-25T09:40:23","guid":{"rendered":"https:\/\/www.gruporecoletas.com\/noticias\/?p=14536"},"modified":"2021-03-25T10:40:49","modified_gmt":"2021-03-25T09:40:49","slug":"secuelas-covid-19","status":"publish","type":"post","link":"https:\/\/www.gruporecoletas.com\/noticias\/secuelas-covid-19\/","title":{"rendered":"\u00bfQu\u00e9 secuelas deja la COVID-19?"},"content":{"rendered":"\n<p>La COVID-19 ha sido, y sigue siendo, un grave problema de salud a todos los niveles. Sin embargo, ahora que ya hace m\u00e1s de un a\u00f1o del inicio de la enfermedad, <strong>muchos m\u00e9dicos y cient\u00edficos se est\u00e1n centrando en averiguar cu\u00e1les son las secuelas de la COVID-19. <\/strong>La magnitud total de las secuelas del coronavirus todav\u00eda se desconoce. Pero ya hay algunos datos que nos pueden ayudar a hacernos una idea al respecto. Desde <a href=\"https:\/\/www.gruporecoletas.com\/\" target=\"_blank\" rel=\"noreferrer noopener\">Recoletas Red Hospitalaria<\/a>, hemos recopilado algunos de estos datos para ayudarte a conocer estas secuelas.&nbsp;<\/p>\n\n\n\n<h2 class=\"wp-block-heading\">\u00bfC\u00f3mo afectan las secuelas del coronavirus?<\/h2>\n\n\n\n<p>La COVID-19 ha afectado de formas diferentes a los distintos grupos de poblaci\u00f3n. Por ejemplo, es mucho m\u00e1s frecuente que la enfermedad afecte de forma m\u00e1s dr\u00e1stica a las personas mayores que a los ni\u00f1os.&nbsp;<\/p>\n\n\n\n<p>Sin embargo, las secuelas no distinguen edades. De hecho, se est\u00e1n encontrando secuelas de COVID-19 incluso en asintom\u00e1ticos, por lo que <strong>las secuelas de esta enfermedad pueden aparecer tanto en ni\u00f1os como en personas mayores.&nbsp;<\/strong><\/p>\n\n\n\n<h3 class=\"wp-block-heading\">Tipos de secuelas de la COVID-19<\/h3>\n\n\n\n<p>La enfermedad ha afectado de diferentes formas a las personas que la han contra\u00eddo. La mayor\u00eda de los contagiados por el virus han pasado la enfermedad sin apenas s\u00edntomas o con s\u00edntomas muy leves. De hecho, como ya sabemos, ha habido personas que no han experimentado ning\u00fan s\u00edntoma.<\/p>\n\n\n\n<p>Por otro lado, <strong>muchos han tenido problemas m\u00e1s graves e, incluso, han requerido hospitalizaci\u00f3n, tratamientos farmacol\u00f3gicos o ingresos en la UCI.&nbsp;<\/strong><\/p>\n\n\n\n<p>Las secuelas de la COVID-19 son m\u00e1s evidentes en las personas que han pasado por un proceso de la enfermedad m\u00e1s grave. Muchas de ellas, incluso han necesitado rehabilitaci\u00f3n una vez que se han recuperado.&nbsp;<\/p>\n\n\n\n<p>Pero, <strong>\u00bfqu\u00e9 clase de secuelas produce el coronavirus?&nbsp;<\/strong><\/p>\n\n\n\n<ul class=\"wp-block-list\"><li><strong>Secuelas pulmonares. <\/strong>Quiz\u00e1s las m\u00e1s evidentes, teniendo en cuenta que uno de los s\u00edntomas m\u00e1s conocidos de la COVID-19 es la neumon\u00eda. Algunos pacientes que han sufrido la enfermedad han tenido que recibir seguimiento para valorar si han quedado secuelas de fibrosis pulmonar. Y, seg\u00fan varios estudios, las personas que no han tenido s\u00edntomas durante la enfermedad tambi\u00e9n pueden presentar secuelas pulmonares.&nbsp;<\/li><li><strong>Secuelas neurol\u00f3gicas.<\/strong> Debido a la inflamaci\u00f3n que produce el coronavirus en todo el cuerpo, el flujo de sangre al cerebro se disminuye y esto puede provocar delirios o s\u00edndrome confusional agudo. Al momento de abandonar el hospital, muchos pacientes tienen problemas de memoria y cognitivos.&nbsp;<\/li><\/ul>\n\n\n\n<ul class=\"wp-block-list\"><li><strong>Secuelas musculares. <\/strong>Los d\u00edas en la Unidad de Cuidados Intensivos producen una gran p\u00e9rdida de masa muscular, y esto genera una debilidad evidente una vez que el paciente se ha recuperado de la enfermedad. Muchas personas tienen dificultad para llevar a cabo sus actividades habituales, incluso un a\u00f1o despu\u00e9s de haber pasado por la UCI.&nbsp;<\/li><li><strong>Secuelas mentales.<\/strong> Algunos pacientes, una vez que han superado la enfermedad, desarrollan fobias, depresi\u00f3n o ansiedad. Algunos de estos problemas incluyen estados alterados de conciencia, recuerdos traum\u00e1ticos asociados a la enfermedad y la hospitalizaci\u00f3n, fatiga, insomnio, irritabilidad\u2026&nbsp;<\/li><\/ul>\n\n\n\n<p>Los tipos de secuelas son muy variados. Sin embargo, es importante destacar que<strong> las secuelas f\u00edsicas son m\u00e1s graves en las personas que han sufrido una enfermedad por coronavirus m\u00e1s aguda<\/strong> y en quienes han pasado por la UCI.&nbsp;<\/p>\n\n\n\n<p>Pero nos gustar\u00eda resaltar que no solamente quienes han sufrido s\u00edntomas graves durante la enfermedad pueden experimentar secuelas.<\/p>\n\n\n\n<p>En Recoletas hemos creado un <a href=\"https:\/\/www.gruporecoletas.com\/noticias\/el-hospital-recoletas-campo-grande-pone-en-marcha-un-programa-de-seguimiento-post-covid-19-para-descartar-posibles-secuelas\/\" target=\"_blank\" rel=\"noreferrer noopener\">programa de seguimiento post-covid<\/a>, con el que analizamos la situaci\u00f3n de cada paciente despu\u00e9s de haber superado la enfermedad y, as\u00ed, poder descartar cualquier s\u00edntoma que pueda provocar las secuelas mencionadas.&nbsp;<\/p>\n\n\n\n<h2 class=\"wp-block-heading\">Consejos para hacer frente a las secuelas del coronavirus<\/h2>\n\n\n\n<p><strong>Las secuelas de la COVID-19, <\/strong>como hemos visto, pueden afectar a cualquier persona que haya sido contagiada. Por eso, quienes son asintom\u00e1ticos no deben pensar que no sufrir\u00e1n ninguna consecuencia f\u00edsica o mental debido a este virus.&nbsp;<\/p>\n\n\n\n<p>Algunos consejos que queremos darte desde Recoletas Red Hospitalaria para hacer frente a las secuelas del coronavirus son los siguientes:&nbsp;<\/p>\n\n\n\n<ul class=\"wp-block-list\"><li><strong>Sigue la rehabilitaci\u00f3n o medicaci\u00f3n<\/strong> indicada por tu doctor, especialmente si has estado ingresado o en la UCI.&nbsp;<\/li><li><strong>Acude a buscar ayuda psicol\u00f3gica <\/strong>si algunas de tus secuelas son mentales. Un psic\u00f3logo o psiquiatra te podr\u00e1 ayudar a hacer frente a estas secuelas.&nbsp;<\/li><li><strong>Ten paciencia.<\/strong> Las secuelas de la COVID-19 pueden durar durante meses, o puede que a\u00f1os. Por eso, es importante que seas paciente y permitas que la recuperaci\u00f3n siga su curso.&nbsp;<\/li><\/ul>\n\n\n\n<p>Por \u00faltimo, si has pasado por el contagio o la enfermedad y sientes cualquier s\u00edntoma extra\u00f1o, <strong>acude al especialista para determinar si se trata de una secuela de la enfermedad. \u00a1Estamos a tu lado!<\/strong><\/p>\n","protected":false},"excerpt":{"rendered":"<p>La COVID-19 ha sido, y sigue siendo, un grave problema de salud a todos los niveles. Sin embargo, ahora que ya hace m\u00e1s de un a\u00f1o del inicio de la enfermedad, muchos m\u00e9dicos y cient\u00edficos se est\u00e1n centrando en averiguar cu\u00e1les son las secuelas de la COVID-19. La magnitud total de las secuelas del coronavirus [&hellip;]<\/p>\n","protected":false},"author":2,"featured_media":14537,"comment_status":"closed","ping_status":"closed","sticky":false,"template":"","format":"standard","meta":{"_acf_changed":false,"footnotes":""},"categories":[49],"tags":[3096,2621],"class_list":["post-14536","post","type-post","status-publish","format-standard","has-post-thumbnail","hentry","category-medicina-general","tag-coronavirus","tag-covid-19"],"acf":[],"yoast_head":"<!-- This site is optimized with the Yoast SEO Premium plugin v27.3 (Yoast SEO v27.3) - https:\/\/yoast.com\/product\/yoast-seo-premium-wordpress\/ -->\n<title>\u00bfQu\u00e9 secuelas deja la COVID-19? - Recoletas<\/title>\n<meta name=\"description\" content=\"La magnitud total de las secuelas que deja la COVID-19 todav\u00eda se desconoce. Pero ya hay algunos datos que nos pueden ayudar a hacernos una idea al respecto y, en este post, lo abordamos.\" \/>\n<meta name=\"robots\" content=\"index, follow, max-snippet:-1, max-image-preview:large, max-video-preview:-1\" \/>\n<link rel=\"canonical\" href=\"https:\/\/www.gruporecoletas.com\/noticias\/secuelas-covid-19\/\" \/>\n<meta property=\"og:locale\" content=\"es_ES\" \/>\n<meta property=\"og:type\" content=\"article\" \/>\n<meta property=\"og:title\" content=\"\u00bfQu\u00e9 secuelas deja la COVID-19?\" \/>\n<meta property=\"og:description\" content=\"La magnitud total de las secuelas que deja la COVID-19 todav\u00eda se desconoce. Pero ya hay algunos datos que nos pueden ayudar a hacernos una idea al respecto y, en este post, lo abordamos.\" \/>\n<meta property=\"og:url\" content=\"https:\/\/www.gruporecoletas.com\/noticias\/secuelas-covid-19\/\" \/>\n<meta property=\"og:site_name\" content=\"Noticias Grupo Recoletas\" \/>\n<meta property=\"article:publisher\" content=\"https:\/\/www.facebook.com\/GrupoRecoletas\/\" \/>\n<meta property=\"article:published_time\" content=\"2021-03-25T09:40:23+00:00\" \/>\n<meta property=\"article:modified_time\" content=\"2021-03-25T09:40:49+00:00\" \/>\n<meta property=\"og:image\" content=\"https:\/\/www.gruporecoletas.com\/noticias\/wp-content\/uploads\/2021\/03\/secuelas-covid-19.png\" \/>\n\t<meta property=\"og:image:width\" content=\"800\" \/>\n\t<meta property=\"og:image:height\" content=\"530\" \/>\n\t<meta property=\"og:image:type\" content=\"image\/png\" \/>\n<meta name=\"author\" content=\"Recoletas Red Hospitalaria\" \/>\n<meta name=\"twitter:card\" content=\"summary_large_image\" \/>\n<meta name=\"twitter:creator\" content=\"@GrupoRecoletas\" \/>\n<meta name=\"twitter:site\" content=\"@GrupoRecoletas\" \/>\n<meta name=\"twitter:label1\" content=\"Escrito por\" \/>\n\t<meta name=\"twitter:data1\" content=\"Recoletas Red Hospitalaria\" \/>\n\t<meta name=\"twitter:label2\" content=\"Tiempo de lectura\" \/>\n\t<meta name=\"twitter:data2\" content=\"4 minutos\" \/>\n<script type=\"application\/ld+json\" class=\"yoast-schema-graph\">{\"@context\":\"https:\\\/\\\/schema.org\",\"@graph\":[{\"@type\":\"Article\",\"@id\":\"https:\\\/\\\/www.gruporecoletas.com\\\/noticias\\\/secuelas-covid-19\\\/#article\",\"isPartOf\":{\"@id\":\"https:\\\/\\\/www.gruporecoletas.com\\\/noticias\\\/secuelas-covid-19\\\/\"},\"author\":{\"name\":\"Recoletas Red Hospitalaria\",\"@id\":\"https:\\\/\\\/www.gruporecoletas.com\\\/noticias\\\/#\\\/schema\\\/person\\\/3c6ac429828d1f5e3d3bd99f4da9b02c\"},\"headline\":\"\u00bfQu\u00e9 secuelas deja la COVID-19?\",\"datePublished\":\"2021-03-25T09:40:23+00:00\",\"dateModified\":\"2021-03-25T09:40:49+00:00\",\"mainEntityOfPage\":{\"@id\":\"https:\\\/\\\/www.gruporecoletas.com\\\/noticias\\\/secuelas-covid-19\\\/\"},\"wordCount\":835,\"image\":{\"@id\":\"https:\\\/\\\/www.gruporecoletas.com\\\/noticias\\\/secuelas-covid-19\\\/#primaryimage\"},\"thumbnailUrl\":\"https:\\\/\\\/www.gruporecoletas.com\\\/noticias\\\/wp-content\\\/uploads\\\/2021\\\/03\\\/secuelas-covid-19.png\",\"keywords\":[\"coronavirus\",\"covid-19\"],\"articleSection\":[\"Medicina General\"],\"inLanguage\":\"es\"},{\"@type\":\"WebPage\",\"@id\":\"https:\\\/\\\/www.gruporecoletas.com\\\/noticias\\\/secuelas-covid-19\\\/\",\"url\":\"https:\\\/\\\/www.gruporecoletas.com\\\/noticias\\\/secuelas-covid-19\\\/\",\"name\":\"\u00bfQu\u00e9 secuelas deja la COVID-19? - Recoletas\",\"isPartOf\":{\"@id\":\"https:\\\/\\\/www.gruporecoletas.com\\\/noticias\\\/#website\"},\"primaryImageOfPage\":{\"@id\":\"https:\\\/\\\/www.gruporecoletas.com\\\/noticias\\\/secuelas-covid-19\\\/#primaryimage\"},\"image\":{\"@id\":\"https:\\\/\\\/www.gruporecoletas.com\\\/noticias\\\/secuelas-covid-19\\\/#primaryimage\"},\"thumbnailUrl\":\"https:\\\/\\\/www.gruporecoletas.com\\\/noticias\\\/wp-content\\\/uploads\\\/2021\\\/03\\\/secuelas-covid-19.png\",\"datePublished\":\"2021-03-25T09:40:23+00:00\",\"dateModified\":\"2021-03-25T09:40:49+00:00\",\"author\":{\"@id\":\"https:\\\/\\\/www.gruporecoletas.com\\\/noticias\\\/#\\\/schema\\\/person\\\/3c6ac429828d1f5e3d3bd99f4da9b02c\"},\"description\":\"La magnitud total de las secuelas que deja la COVID-19 todav\u00eda se desconoce. Pero ya hay algunos datos que nos pueden ayudar a hacernos una idea al respecto y, en este post, lo abordamos.\",\"breadcrumb\":{\"@id\":\"https:\\\/\\\/www.gruporecoletas.com\\\/noticias\\\/secuelas-covid-19\\\/#breadcrumb\"},\"inLanguage\":\"es\",\"potentialAction\":[{\"@type\":\"ReadAction\",\"target\":[\"https:\\\/\\\/www.gruporecoletas.com\\\/noticias\\\/secuelas-covid-19\\\/\"]}]},{\"@type\":\"ImageObject\",\"inLanguage\":\"es\",\"@id\":\"https:\\\/\\\/www.gruporecoletas.com\\\/noticias\\\/secuelas-covid-19\\\/#primaryimage\",\"url\":\"https:\\\/\\\/www.gruporecoletas.com\\\/noticias\\\/wp-content\\\/uploads\\\/2021\\\/03\\\/secuelas-covid-19.png\",\"contentUrl\":\"https:\\\/\\\/www.gruporecoletas.com\\\/noticias\\\/wp-content\\\/uploads\\\/2021\\\/03\\\/secuelas-covid-19.png\",\"width\":800,\"height\":530},{\"@type\":\"BreadcrumbList\",\"@id\":\"https:\\\/\\\/www.gruporecoletas.com\\\/noticias\\\/secuelas-covid-19\\\/#breadcrumb\",\"itemListElement\":[{\"@type\":\"ListItem\",\"position\":1,\"name\":\"Portada\",\"item\":\"https:\\\/\\\/www.gruporecoletas.com\\\/noticias\\\/\"},{\"@type\":\"ListItem\",\"position\":2,\"name\":\"\u00bfQu\u00e9 secuelas deja la COVID-19?\"}]},{\"@type\":\"WebSite\",\"@id\":\"https:\\\/\\\/www.gruporecoletas.com\\\/noticias\\\/#website\",\"url\":\"https:\\\/\\\/www.gruporecoletas.com\\\/noticias\\\/\",\"name\":\"Noticias Grupo Recoletas\",\"description\":\"Grupo Recoletas\",\"potentialAction\":[{\"@type\":\"SearchAction\",\"target\":{\"@type\":\"EntryPoint\",\"urlTemplate\":\"https:\\\/\\\/www.gruporecoletas.com\\\/noticias\\\/?s={search_term_string}\"},\"query-input\":{\"@type\":\"PropertyValueSpecification\",\"valueRequired\":true,\"valueName\":\"search_term_string\"}}],\"inLanguage\":\"es\"},{\"@type\":\"Person\",\"@id\":\"https:\\\/\\\/www.gruporecoletas.com\\\/noticias\\\/#\\\/schema\\\/person\\\/3c6ac429828d1f5e3d3bd99f4da9b02c\",\"name\":\"Recoletas Red Hospitalaria\",\"url\":\"https:\\\/\\\/www.gruporecoletas.com\\\/noticias\\\/author\\\/comunicacion\\\/\"}]}<\/script>\n<!-- \/ Yoast SEO Premium plugin. -->","yoast_head_json":{"title":"\u00bfQu\u00e9 secuelas deja la COVID-19? - Recoletas","description":"La magnitud total de las secuelas que deja la COVID-19 todav\u00eda se desconoce. Pero ya hay algunos datos que nos pueden ayudar a hacernos una idea al respecto y, en este post, lo abordamos.","robots":{"index":"index","follow":"follow","max-snippet":"max-snippet:-1","max-image-preview":"max-image-preview:large","max-video-preview":"max-video-preview:-1"},"canonical":"https:\/\/www.gruporecoletas.com\/noticias\/secuelas-covid-19\/","og_locale":"es_ES","og_type":"article","og_title":"\u00bfQu\u00e9 secuelas deja la COVID-19?","og_description":"La magnitud total de las secuelas que deja la COVID-19 todav\u00eda se desconoce. Pero ya hay algunos datos que nos pueden ayudar a hacernos una idea al respecto y, en este post, lo abordamos.","og_url":"https:\/\/www.gruporecoletas.com\/noticias\/secuelas-covid-19\/","og_site_name":"Noticias Grupo Recoletas","article_publisher":"https:\/\/www.facebook.com\/GrupoRecoletas\/","article_published_time":"2021-03-25T09:40:23+00:00","article_modified_time":"2021-03-25T09:40:49+00:00","og_image":[{"width":800,"height":530,"url":"https:\/\/www.gruporecoletas.com\/noticias\/wp-content\/uploads\/2021\/03\/secuelas-covid-19.png","type":"image\/png"}],"author":"Recoletas Red Hospitalaria","twitter_card":"summary_large_image","twitter_creator":"@GrupoRecoletas","twitter_site":"@GrupoRecoletas","twitter_misc":{"Escrito por":"Recoletas Red Hospitalaria","Tiempo de lectura":"4 minutos"},"schema":{"@context":"https:\/\/schema.org","@graph":[{"@type":"Article","@id":"https:\/\/www.gruporecoletas.com\/noticias\/secuelas-covid-19\/#article","isPartOf":{"@id":"https:\/\/www.gruporecoletas.com\/noticias\/secuelas-covid-19\/"},"author":{"name":"Recoletas Red Hospitalaria","@id":"https:\/\/www.gruporecoletas.com\/noticias\/#\/schema\/person\/3c6ac429828d1f5e3d3bd99f4da9b02c"},"headline":"\u00bfQu\u00e9 secuelas deja la COVID-19?","datePublished":"2021-03-25T09:40:23+00:00","dateModified":"2021-03-25T09:40:49+00:00","mainEntityOfPage":{"@id":"https:\/\/www.gruporecoletas.com\/noticias\/secuelas-covid-19\/"},"wordCount":835,"image":{"@id":"https:\/\/www.gruporecoletas.com\/noticias\/secuelas-covid-19\/#primaryimage"},"thumbnailUrl":"https:\/\/www.gruporecoletas.com\/noticias\/wp-content\/uploads\/2021\/03\/secuelas-covid-19.png","keywords":["coronavirus","covid-19"],"articleSection":["Medicina General"],"inLanguage":"es"},{"@type":"WebPage","@id":"https:\/\/www.gruporecoletas.com\/noticias\/secuelas-covid-19\/","url":"https:\/\/www.gruporecoletas.com\/noticias\/secuelas-covid-19\/","name":"\u00bfQu\u00e9 secuelas deja la COVID-19? - Recoletas","isPartOf":{"@id":"https:\/\/www.gruporecoletas.com\/noticias\/#website"},"primaryImageOfPage":{"@id":"https:\/\/www.gruporecoletas.com\/noticias\/secuelas-covid-19\/#primaryimage"},"image":{"@id":"https:\/\/www.gruporecoletas.com\/noticias\/secuelas-covid-19\/#primaryimage"},"thumbnailUrl":"https:\/\/www.gruporecoletas.com\/noticias\/wp-content\/uploads\/2021\/03\/secuelas-covid-19.png","datePublished":"2021-03-25T09:40:23+00:00","dateModified":"2021-03-25T09:40:49+00:00","author":{"@id":"https:\/\/www.gruporecoletas.com\/noticias\/#\/schema\/person\/3c6ac429828d1f5e3d3bd99f4da9b02c"},"description":"La magnitud total de las secuelas que deja la COVID-19 todav\u00eda se desconoce. Pero ya hay algunos datos que nos pueden ayudar a hacernos una idea al respecto y, en este post, lo abordamos.","breadcrumb":{"@id":"https:\/\/www.gruporecoletas.com\/noticias\/secuelas-covid-19\/#breadcrumb"},"inLanguage":"es","potentialAction":[{"@type":"ReadAction","target":["https:\/\/www.gruporecoletas.com\/noticias\/secuelas-covid-19\/"]}]},{"@type":"ImageObject","inLanguage":"es","@id":"https:\/\/www.gruporecoletas.com\/noticias\/secuelas-covid-19\/#primaryimage","url":"https:\/\/www.gruporecoletas.com\/noticias\/wp-content\/uploads\/2021\/03\/secuelas-covid-19.png","contentUrl":"https:\/\/www.gruporecoletas.com\/noticias\/wp-content\/uploads\/2021\/03\/secuelas-covid-19.png","width":800,"height":530},{"@type":"BreadcrumbList","@id":"https:\/\/www.gruporecoletas.com\/noticias\/secuelas-covid-19\/#breadcrumb","itemListElement":[{"@type":"ListItem","position":1,"name":"Portada","item":"https:\/\/www.gruporecoletas.com\/noticias\/"},{"@type":"ListItem","position":2,"name":"\u00bfQu\u00e9 secuelas deja la COVID-19?"}]},{"@type":"WebSite","@id":"https:\/\/www.gruporecoletas.com\/noticias\/#website","url":"https:\/\/www.gruporecoletas.com\/noticias\/","name":"Noticias Grupo Recoletas","description":"Grupo Recoletas","potentialAction":[{"@type":"SearchAction","target":{"@type":"EntryPoint","urlTemplate":"https:\/\/www.gruporecoletas.com\/noticias\/?s={search_term_string}"},"query-input":{"@type":"PropertyValueSpecification","valueRequired":true,"valueName":"search_term_string"}}],"inLanguage":"es"},{"@type":"Person","@id":"https:\/\/www.gruporecoletas.com\/noticias\/#\/schema\/person\/3c6ac429828d1f5e3d3bd99f4da9b02c","name":"Recoletas Red Hospitalaria","url":"https:\/\/www.gruporecoletas.com\/noticias\/author\/comunicacion\/"}]}},"_links":{"self":[{"href":"https:\/\/www.gruporecoletas.com\/noticias\/wp-json\/wp\/v2\/posts\/14536","targetHints":{"allow":["GET"]}}],"collection":[{"href":"https:\/\/www.gruporecoletas.com\/noticias\/wp-json\/wp\/v2\/posts"}],"about":[{"href":"https:\/\/www.gruporecoletas.com\/noticias\/wp-json\/wp\/v2\/types\/post"}],"author":[{"embeddable":true,"href":"https:\/\/www.gruporecoletas.com\/noticias\/wp-json\/wp\/v2\/users\/2"}],"replies":[{"embeddable":true,"href":"https:\/\/www.gruporecoletas.com\/noticias\/wp-json\/wp\/v2\/comments?post=14536"}],"version-history":[{"count":2,"href":"https:\/\/www.gruporecoletas.com\/noticias\/wp-json\/wp\/v2\/posts\/14536\/revisions"}],"predecessor-version":[{"id":14540,"href":"https:\/\/www.gruporecoletas.com\/noticias\/wp-json\/wp\/v2\/posts\/14536\/revisions\/14540"}],"wp:featuredmedia":[{"embeddable":true,"href":"https:\/\/www.gruporecoletas.com\/noticias\/wp-json\/wp\/v2\/media\/14537"}],"wp:attachment":[{"href":"https:\/\/www.gruporecoletas.com\/noticias\/wp-json\/wp\/v2\/media?parent=14536"}],"wp:term":[{"taxonomy":"category","embeddable":true,"href":"https:\/\/www.gruporecoletas.com\/noticias\/wp-json\/wp\/v2\/categories?post=14536"},{"taxonomy":"post_tag","embeddable":true,"href":"https:\/\/www.gruporecoletas.com\/noticias\/wp-json\/wp\/v2\/tags?post=14536"}],"curies":[{"name":"wp","href":"https:\/\/api.w.org\/{rel}","templated":true}]}}