{"id":14581,"date":"2021-04-14T16:36:00","date_gmt":"2021-04-14T14:36:00","guid":{"rendered":"https:\/\/www.gruporecoletas.com\/noticias\/?p=14581"},"modified":"2021-05-04T12:35:47","modified_gmt":"2021-05-04T10:35:47","slug":"las-aranas-vasculares-y-su-tratamiento","status":"publish","type":"post","link":"https:\/\/www.gruporecoletas.com\/noticias\/las-aranas-vasculares-y-su-tratamiento\/","title":{"rendered":"Las ara\u00f1as vasculares y su tratamiento"},"content":{"rendered":"\n<p>El t\u00e9rmino m\u00e9dico para las ara\u00f1as vasculares es <strong>telangiectasia<\/strong>, que define un vaso superficial de la piel de 0.1mm a 1mm de di\u00e1metro, visible a simple vista. Pueden aparecer con formas caracter\u00edsticas diferenciadas: <\/p>\n\n\n\n<ul class=\"wp-block-list\"><li>como l\u00edneas delgadas eritematosas<\/li><li>dilatadas e intensas en su coloraci\u00f3n<\/li><li>con hipertensi\u00f3n venosa superficial <\/li><li>con elevaci\u00f3n tortuosa y coloraci\u00f3n azulada <\/li><\/ul>\n\n\n\n<p>Constituyen el <strong>Grado I de la insuficiencia venosa cr\u00f3nica <\/strong>de miembros inferiores. Las ara\u00f1as vasculares son otro de los signos producidos por la hipertensi\u00f3n venosa. Como resultado de alteraciones estructurales o funcionales de las venas de mayor calibre. Se estima que las venas varicosas <strong>se presentan hasta en el 60% de la poblaci\u00f3n adulta mundial.<\/strong> Adem\u00e1s, aumentan con la edad y est\u00e1n presentes en, aproximadamente, el 8% de las mujeres entre 20 y 30 a\u00f1os. La cifra sube al 41% despu\u00e9s de la quinta d\u00e9cada y llega al 72% en la s\u00e9ptima d\u00e9cada de la vida.<\/p>\n\n\n\n<h4 class=\"wp-block-heading\">Factores de riesgo<\/h4>\n\n\n\n<p>No todas las ara\u00f1as vasculares se asocian a varices. Se cree que las telangiectasias ocurren a trav\u00e9s de una liberaci\u00f3n de\u00a0sustancias vasoactivas\u00a0bajo la influencia de una variedad de factores, tales como: <\/p>\n\n\n\n<ul class=\"wp-block-list\"><li>hormonas sexuales (estr\u00f3genos)<\/li><li>f\u00e1rmacos (corticoesteroides)<\/li><li>sustancias qu\u00edmicas irritantes de la piel<\/li><li>factores f\u00edsicos (traumatismos, exposici\u00f3n solar, incisiones quir\u00fargicas previas\u2026) <\/li><\/ul>\n\n\n\n<p>El resultado es una\u00a0neog\u00e9nesis vascular, es decir, formaci\u00f3n de peque\u00f1os vasos que conforman las ara\u00f1as vasculares.<\/p>\n\n\n\n<p>Son m\u00e1s comunes en los <strong>muslos, tobillos y pies<\/strong>, pero tambi\u00e9n pueden aparecer en el rostro. La mayor\u00eda de las telangiectasias aparecen en las piernas. Esto se debe a la presi\u00f3n del peso corporal, la fuerza de la gravedad y la tarea de llevar la sangre de vuelta hasta el coraz\u00f3n.<\/p>\n\n\n\n<p>As\u00ed, entre los factores de riesgo para padecer telangiectasias en miembros inferiores destacan:<\/p>\n\n\n\n<ul class=\"wp-block-list\"><li>historia familiar de dicha patolog\u00eda<\/li><li>obesidad<\/li><li>uso de anticonceptivos orales<\/li><li>administraci\u00f3n de hormonas femeninas o esteroides<\/li><li>embarazo<\/li><li>permanecer mucho tiempo de pie o sentado<\/li><li>uso habitual de ropa ajustada<\/li><li>traumatismos <\/li><\/ul>\n\n\n\n<p>Las ara\u00f1as vasculares son raramente un problema de salud grave, pero pueden causar <strong>sensaciones desagradables<\/strong> como picaz\u00f3n o ardor. Algunos pacientes pueden presentar calambres, dolor puls\u00e1til, sensaci\u00f3n de pesadez o fatiga de la pierna. En otras ocasiones, cada vez con mayor frecuencia, las consultas se realizan por apariencia cosm\u00e9tica.<\/p>\n\n\n\n<h4 class=\"wp-block-heading\">Su tratamiento<\/h4>\n\n\n\n<p>El tratamiento de las ara\u00f1as vasculares se realiza para aliviar los s\u00edntomas y mejorar la apariencia. La <strong>escleroterapia <\/strong>es el tratamiento m\u00e1s com\u00fan. Se trata de un procedimiento sencillo que no requiere anestesia y se puede realizar en la consulta m\u00e9dica. Se utiliza una aguja de muy fino calibre para inyectar un producto qu\u00edmico l\u00edquido o en espuma en la peque\u00f1a vena a tratar. El producto esclerosante produce la destrucci\u00f3n localizada y controlada de la capa endotelial (m\u00e1s interna) del vaso. Es decir, hace que las paredes de las venas se hinchen, se peguen y sellen. Esto detiene el flujo de sangre y la vena se convierte en tejido fibroso. En pocas semanas, la vena debe desaparecer con <strong>excelentes resultados est\u00e9ticos. <\/strong>Se puede hacer vida normal inmediatamente despu\u00e9s del tratamiento.<\/p>\n\n\n\n<p>Normalmente se ha de repetir el tratamiento en la misma zona m\u00e1s de una vez para conseguir resultados \u00f3ptimos. Los tratamientos se realizan cada cuatro o seis semanas. Se recomienda la utilizaci\u00f3n de <strong>medias de compresi\u00f3n gradual<\/strong> despu\u00e9s de la escleroterapia para ayudar con la curaci\u00f3n y disminuir la inflamaci\u00f3n. Este tratamiento es muy eficaz si se realiza correctamente.<\/p>\n\n\n\n<p>Previamente a la escleroterapia, es absolutamente necesario que el cirujano vascular realice <strong>pruebas diagn\u00f3sticas. <\/strong> De esta forma, se permite evaluar la funcionalidad del sistema venoso profundo y superficial de los miembros inferiores y seleccionar el tratamiento m\u00e1s adecuado. Es muy importante el conocimiento del problema como un todo. Si existen varices asociadas, es preciso saber:<\/p>\n\n\n\n<ul class=\"wp-block-list\"><li>si son primarias o secundarias a un problema tromb\u00f3tico de las venas profundas<\/li><li>si hay insuficiencia de las venas safenas <\/li><li>si existen varices nutriendo y manteniendo las telangiectasias y ramificaciones. <\/li><\/ul>\n\n\n\n<p>En este caso es necesaria la retirada de los puntos de <strong>hipertensi\u00f3n venosa<\/strong> mediante cirug\u00eda convencional o t\u00e9cnicas percut\u00e1neas (radiofrecuencia o l\u00e1ser) previamente a la escleroterapia.<\/p>\n\n\n\n<h6 class=\"wp-block-heading\">Autor: Dr. Gonzalo Gonz\u00e1lez P\u00e9rez, Angiolog\u00eda y Cirug\u00eda Vascular<\/h6>\n","protected":false},"excerpt":{"rendered":"<p>El t\u00e9rmino m\u00e9dico para las ara\u00f1as vasculares es telangiectasia, que define un vaso superficial de la piel de 0.1mm a 1mm de di\u00e1metro, visible a simple vista. Pueden aparecer con formas caracter\u00edsticas diferenciadas: como l\u00edneas delgadas eritematosas dilatadas e intensas en su coloraci\u00f3n con hipertensi\u00f3n venosa superficial con elevaci\u00f3n tortuosa y coloraci\u00f3n azulada Constituyen el [&hellip;]<\/p>\n","protected":false},"author":12,"featured_media":14582,"comment_status":"closed","ping_status":"closed","sticky":false,"template":"","format":"standard","meta":{"_acf_changed":false,"footnotes":""},"categories":[10,42],"tags":[3116,3115,3117,3114,3102],"class_list":["post-14581","post","type-post","status-publish","format-standard","has-post-thumbnail","hentry","category-burgos","category-recoletas-salud","tag-angiologia","tag-aranas-vasculares","tag-cirugia-vascular","tag-gonzalo-gonzalez-perez","tag-recoletas-salud-23-abril-2021"],"acf":[],"yoast_head":"<!-- This site is optimized with the Yoast SEO Premium plugin v27.3 (Yoast SEO v27.3) - https:\/\/yoast.com\/product\/yoast-seo-premium-wordpress\/ -->\n<title>Las ara\u00f1as vasculares y su tratamiento - Noticias Grupo Recoletas<\/title>\n<meta name=\"description\" content=\"Las ara\u00f1as vasculares son vasos superficiales de la piel de 0.1mm a 1mm de di\u00e1metro, visibles a simple vista. \u00bfCu\u00e1l es su tratamiento?\" \/>\n<meta name=\"robots\" content=\"index, follow, max-snippet:-1, max-image-preview:large, max-video-preview:-1\" \/>\n<link rel=\"canonical\" href=\"https:\/\/www.gruporecoletas.com\/noticias\/las-aranas-vasculares-y-su-tratamiento\/\" \/>\n<meta property=\"og:locale\" content=\"es_ES\" \/>\n<meta property=\"og:type\" content=\"article\" \/>\n<meta property=\"og:title\" content=\"Las ara\u00f1as vasculares y su tratamiento\" \/>\n<meta property=\"og:description\" content=\"Las ara\u00f1as vasculares son vasos superficiales de la piel de 0.1mm a 1mm de di\u00e1metro, visibles a simple vista. \u00bfCu\u00e1l es su tratamiento?\" \/>\n<meta property=\"og:url\" content=\"https:\/\/www.gruporecoletas.com\/noticias\/las-aranas-vasculares-y-su-tratamiento\/\" \/>\n<meta property=\"og:site_name\" content=\"Noticias Grupo Recoletas\" \/>\n<meta property=\"article:publisher\" content=\"https:\/\/www.facebook.com\/GrupoRecoletas\/\" \/>\n<meta property=\"article:published_time\" content=\"2021-04-14T14:36:00+00:00\" \/>\n<meta property=\"article:modified_time\" content=\"2021-05-04T10:35:47+00:00\" \/>\n<meta property=\"og:image\" content=\"https:\/\/www.gruporecoletas.com\/noticias\/wp-content\/uploads\/2021\/04\/Burgos-post.jpg\" \/>\n\t<meta property=\"og:image:width\" content=\"1366\" \/>\n\t<meta property=\"og:image:height\" content=\"768\" \/>\n\t<meta property=\"og:image:type\" content=\"image\/jpeg\" \/>\n<meta name=\"author\" content=\"Andrea\" \/>\n<meta name=\"twitter:card\" content=\"summary_large_image\" \/>\n<meta name=\"twitter:creator\" content=\"@GrupoRecoletas\" \/>\n<meta name=\"twitter:site\" content=\"@GrupoRecoletas\" \/>\n<meta name=\"twitter:label1\" content=\"Escrito por\" \/>\n\t<meta name=\"twitter:data1\" content=\"Andrea\" \/>\n\t<meta name=\"twitter:label2\" content=\"Tiempo de lectura\" \/>\n\t<meta name=\"twitter:data2\" content=\"4 minutos\" \/>\n<script type=\"application\/ld+json\" class=\"yoast-schema-graph\">{\"@context\":\"https:\\\/\\\/schema.org\",\"@graph\":[{\"@type\":\"Article\",\"@id\":\"https:\\\/\\\/www.gruporecoletas.com\\\/noticias\\\/las-aranas-vasculares-y-su-tratamiento\\\/#article\",\"isPartOf\":{\"@id\":\"https:\\\/\\\/www.gruporecoletas.com\\\/noticias\\\/las-aranas-vasculares-y-su-tratamiento\\\/\"},\"author\":{\"name\":\"Andrea\",\"@id\":\"https:\\\/\\\/www.gruporecoletas.com\\\/noticias\\\/#\\\/schema\\\/person\\\/06ae47abe132337b3d64d46e6a153a44\"},\"headline\":\"Las ara\u00f1as vasculares y su tratamiento\",\"datePublished\":\"2021-04-14T14:36:00+00:00\",\"dateModified\":\"2021-05-04T10:35:47+00:00\",\"mainEntityOfPage\":{\"@id\":\"https:\\\/\\\/www.gruporecoletas.com\\\/noticias\\\/las-aranas-vasculares-y-su-tratamiento\\\/\"},\"wordCount\":752,\"image\":{\"@id\":\"https:\\\/\\\/www.gruporecoletas.com\\\/noticias\\\/las-aranas-vasculares-y-su-tratamiento\\\/#primaryimage\"},\"thumbnailUrl\":\"https:\\\/\\\/www.gruporecoletas.com\\\/noticias\\\/wp-content\\\/uploads\\\/2021\\\/04\\\/Burgos-post.jpg\",\"keywords\":[\"Angiolog\u00eda\",\"Ara\u00f1as vasculares\",\"Cirug\u00eda Vascular\",\"Gonzalo Gonz\u00e1lez P\u00e9rez\",\"Recoletas Salud N\u00ba23 \u2013 Abril 2021\"],\"articleSection\":[\"Burgos\",\"Recoletas Salud\"],\"inLanguage\":\"es\"},{\"@type\":\"WebPage\",\"@id\":\"https:\\\/\\\/www.gruporecoletas.com\\\/noticias\\\/las-aranas-vasculares-y-su-tratamiento\\\/\",\"url\":\"https:\\\/\\\/www.gruporecoletas.com\\\/noticias\\\/las-aranas-vasculares-y-su-tratamiento\\\/\",\"name\":\"Las ara\u00f1as vasculares y su tratamiento - Noticias Grupo Recoletas\",\"isPartOf\":{\"@id\":\"https:\\\/\\\/www.gruporecoletas.com\\\/noticias\\\/#website\"},\"primaryImageOfPage\":{\"@id\":\"https:\\\/\\\/www.gruporecoletas.com\\\/noticias\\\/las-aranas-vasculares-y-su-tratamiento\\\/#primaryimage\"},\"image\":{\"@id\":\"https:\\\/\\\/www.gruporecoletas.com\\\/noticias\\\/las-aranas-vasculares-y-su-tratamiento\\\/#primaryimage\"},\"thumbnailUrl\":\"https:\\\/\\\/www.gruporecoletas.com\\\/noticias\\\/wp-content\\\/uploads\\\/2021\\\/04\\\/Burgos-post.jpg\",\"datePublished\":\"2021-04-14T14:36:00+00:00\",\"dateModified\":\"2021-05-04T10:35:47+00:00\",\"author\":{\"@id\":\"https:\\\/\\\/www.gruporecoletas.com\\\/noticias\\\/#\\\/schema\\\/person\\\/06ae47abe132337b3d64d46e6a153a44\"},\"description\":\"Las ara\u00f1as vasculares son vasos superficiales de la piel de 0.1mm a 1mm de di\u00e1metro, visibles a simple vista. \u00bfCu\u00e1l es su tratamiento?\",\"breadcrumb\":{\"@id\":\"https:\\\/\\\/www.gruporecoletas.com\\\/noticias\\\/las-aranas-vasculares-y-su-tratamiento\\\/#breadcrumb\"},\"inLanguage\":\"es\",\"potentialAction\":[{\"@type\":\"ReadAction\",\"target\":[\"https:\\\/\\\/www.gruporecoletas.com\\\/noticias\\\/las-aranas-vasculares-y-su-tratamiento\\\/\"]}]},{\"@type\":\"ImageObject\",\"inLanguage\":\"es\",\"@id\":\"https:\\\/\\\/www.gruporecoletas.com\\\/noticias\\\/las-aranas-vasculares-y-su-tratamiento\\\/#primaryimage\",\"url\":\"https:\\\/\\\/www.gruporecoletas.com\\\/noticias\\\/wp-content\\\/uploads\\\/2021\\\/04\\\/Burgos-post.jpg\",\"contentUrl\":\"https:\\\/\\\/www.gruporecoletas.com\\\/noticias\\\/wp-content\\\/uploads\\\/2021\\\/04\\\/Burgos-post.jpg\",\"width\":1366,\"height\":768,\"caption\":\"Las ara\u00f1as vasculares y su tratamiento. Recoletas Burgos\"},{\"@type\":\"BreadcrumbList\",\"@id\":\"https:\\\/\\\/www.gruporecoletas.com\\\/noticias\\\/las-aranas-vasculares-y-su-tratamiento\\\/#breadcrumb\",\"itemListElement\":[{\"@type\":\"ListItem\",\"position\":1,\"name\":\"Portada\",\"item\":\"https:\\\/\\\/www.gruporecoletas.com\\\/noticias\\\/\"},{\"@type\":\"ListItem\",\"position\":2,\"name\":\"Las ara\u00f1as vasculares y su tratamiento\"}]},{\"@type\":\"WebSite\",\"@id\":\"https:\\\/\\\/www.gruporecoletas.com\\\/noticias\\\/#website\",\"url\":\"https:\\\/\\\/www.gruporecoletas.com\\\/noticias\\\/\",\"name\":\"Noticias Grupo Recoletas\",\"description\":\"Grupo Recoletas\",\"potentialAction\":[{\"@type\":\"SearchAction\",\"target\":{\"@type\":\"EntryPoint\",\"urlTemplate\":\"https:\\\/\\\/www.gruporecoletas.com\\\/noticias\\\/?s={search_term_string}\"},\"query-input\":{\"@type\":\"PropertyValueSpecification\",\"valueRequired\":true,\"valueName\":\"search_term_string\"}}],\"inLanguage\":\"es\"},{\"@type\":\"Person\",\"@id\":\"https:\\\/\\\/www.gruporecoletas.com\\\/noticias\\\/#\\\/schema\\\/person\\\/06ae47abe132337b3d64d46e6a153a44\",\"name\":\"Andrea\",\"url\":\"https:\\\/\\\/www.gruporecoletas.com\\\/noticias\\\/author\\\/andrea\\\/\"}]}<\/script>\n<!-- \/ Yoast SEO Premium plugin. -->","yoast_head_json":{"title":"Las ara\u00f1as vasculares y su tratamiento - Noticias Grupo Recoletas","description":"Las ara\u00f1as vasculares son vasos superficiales de la piel de 0.1mm a 1mm de di\u00e1metro, visibles a simple vista. \u00bfCu\u00e1l es su tratamiento?","robots":{"index":"index","follow":"follow","max-snippet":"max-snippet:-1","max-image-preview":"max-image-preview:large","max-video-preview":"max-video-preview:-1"},"canonical":"https:\/\/www.gruporecoletas.com\/noticias\/las-aranas-vasculares-y-su-tratamiento\/","og_locale":"es_ES","og_type":"article","og_title":"Las ara\u00f1as vasculares y su tratamiento","og_description":"Las ara\u00f1as vasculares son vasos superficiales de la piel de 0.1mm a 1mm de di\u00e1metro, visibles a simple vista. \u00bfCu\u00e1l es su tratamiento?","og_url":"https:\/\/www.gruporecoletas.com\/noticias\/las-aranas-vasculares-y-su-tratamiento\/","og_site_name":"Noticias Grupo Recoletas","article_publisher":"https:\/\/www.facebook.com\/GrupoRecoletas\/","article_published_time":"2021-04-14T14:36:00+00:00","article_modified_time":"2021-05-04T10:35:47+00:00","og_image":[{"width":1366,"height":768,"url":"https:\/\/www.gruporecoletas.com\/noticias\/wp-content\/uploads\/2021\/04\/Burgos-post.jpg","type":"image\/jpeg"}],"author":"Andrea","twitter_card":"summary_large_image","twitter_creator":"@GrupoRecoletas","twitter_site":"@GrupoRecoletas","twitter_misc":{"Escrito por":"Andrea","Tiempo de lectura":"4 minutos"},"schema":{"@context":"https:\/\/schema.org","@graph":[{"@type":"Article","@id":"https:\/\/www.gruporecoletas.com\/noticias\/las-aranas-vasculares-y-su-tratamiento\/#article","isPartOf":{"@id":"https:\/\/www.gruporecoletas.com\/noticias\/las-aranas-vasculares-y-su-tratamiento\/"},"author":{"name":"Andrea","@id":"https:\/\/www.gruporecoletas.com\/noticias\/#\/schema\/person\/06ae47abe132337b3d64d46e6a153a44"},"headline":"Las ara\u00f1as vasculares y su tratamiento","datePublished":"2021-04-14T14:36:00+00:00","dateModified":"2021-05-04T10:35:47+00:00","mainEntityOfPage":{"@id":"https:\/\/www.gruporecoletas.com\/noticias\/las-aranas-vasculares-y-su-tratamiento\/"},"wordCount":752,"image":{"@id":"https:\/\/www.gruporecoletas.com\/noticias\/las-aranas-vasculares-y-su-tratamiento\/#primaryimage"},"thumbnailUrl":"https:\/\/www.gruporecoletas.com\/noticias\/wp-content\/uploads\/2021\/04\/Burgos-post.jpg","keywords":["Angiolog\u00eda","Ara\u00f1as vasculares","Cirug\u00eda Vascular","Gonzalo Gonz\u00e1lez P\u00e9rez","Recoletas Salud N\u00ba23 \u2013 Abril 2021"],"articleSection":["Burgos","Recoletas Salud"],"inLanguage":"es"},{"@type":"WebPage","@id":"https:\/\/www.gruporecoletas.com\/noticias\/las-aranas-vasculares-y-su-tratamiento\/","url":"https:\/\/www.gruporecoletas.com\/noticias\/las-aranas-vasculares-y-su-tratamiento\/","name":"Las ara\u00f1as vasculares y su tratamiento - Noticias Grupo Recoletas","isPartOf":{"@id":"https:\/\/www.gruporecoletas.com\/noticias\/#website"},"primaryImageOfPage":{"@id":"https:\/\/www.gruporecoletas.com\/noticias\/las-aranas-vasculares-y-su-tratamiento\/#primaryimage"},"image":{"@id":"https:\/\/www.gruporecoletas.com\/noticias\/las-aranas-vasculares-y-su-tratamiento\/#primaryimage"},"thumbnailUrl":"https:\/\/www.gruporecoletas.com\/noticias\/wp-content\/uploads\/2021\/04\/Burgos-post.jpg","datePublished":"2021-04-14T14:36:00+00:00","dateModified":"2021-05-04T10:35:47+00:00","author":{"@id":"https:\/\/www.gruporecoletas.com\/noticias\/#\/schema\/person\/06ae47abe132337b3d64d46e6a153a44"},"description":"Las ara\u00f1as vasculares son vasos superficiales de la piel de 0.1mm a 1mm de di\u00e1metro, visibles a simple vista. \u00bfCu\u00e1l es su tratamiento?","breadcrumb":{"@id":"https:\/\/www.gruporecoletas.com\/noticias\/las-aranas-vasculares-y-su-tratamiento\/#breadcrumb"},"inLanguage":"es","potentialAction":[{"@type":"ReadAction","target":["https:\/\/www.gruporecoletas.com\/noticias\/las-aranas-vasculares-y-su-tratamiento\/"]}]},{"@type":"ImageObject","inLanguage":"es","@id":"https:\/\/www.gruporecoletas.com\/noticias\/las-aranas-vasculares-y-su-tratamiento\/#primaryimage","url":"https:\/\/www.gruporecoletas.com\/noticias\/wp-content\/uploads\/2021\/04\/Burgos-post.jpg","contentUrl":"https:\/\/www.gruporecoletas.com\/noticias\/wp-content\/uploads\/2021\/04\/Burgos-post.jpg","width":1366,"height":768,"caption":"Las ara\u00f1as vasculares y su tratamiento. Recoletas Burgos"},{"@type":"BreadcrumbList","@id":"https:\/\/www.gruporecoletas.com\/noticias\/las-aranas-vasculares-y-su-tratamiento\/#breadcrumb","itemListElement":[{"@type":"ListItem","position":1,"name":"Portada","item":"https:\/\/www.gruporecoletas.com\/noticias\/"},{"@type":"ListItem","position":2,"name":"Las ara\u00f1as vasculares y su tratamiento"}]},{"@type":"WebSite","@id":"https:\/\/www.gruporecoletas.com\/noticias\/#website","url":"https:\/\/www.gruporecoletas.com\/noticias\/","name":"Noticias Grupo Recoletas","description":"Grupo Recoletas","potentialAction":[{"@type":"SearchAction","target":{"@type":"EntryPoint","urlTemplate":"https:\/\/www.gruporecoletas.com\/noticias\/?s={search_term_string}"},"query-input":{"@type":"PropertyValueSpecification","valueRequired":true,"valueName":"search_term_string"}}],"inLanguage":"es"},{"@type":"Person","@id":"https:\/\/www.gruporecoletas.com\/noticias\/#\/schema\/person\/06ae47abe132337b3d64d46e6a153a44","name":"Andrea","url":"https:\/\/www.gruporecoletas.com\/noticias\/author\/andrea\/"}]}},"_links":{"self":[{"href":"https:\/\/www.gruporecoletas.com\/noticias\/wp-json\/wp\/v2\/posts\/14581","targetHints":{"allow":["GET"]}}],"collection":[{"href":"https:\/\/www.gruporecoletas.com\/noticias\/wp-json\/wp\/v2\/posts"}],"about":[{"href":"https:\/\/www.gruporecoletas.com\/noticias\/wp-json\/wp\/v2\/types\/post"}],"author":[{"embeddable":true,"href":"https:\/\/www.gruporecoletas.com\/noticias\/wp-json\/wp\/v2\/users\/12"}],"replies":[{"embeddable":true,"href":"https:\/\/www.gruporecoletas.com\/noticias\/wp-json\/wp\/v2\/comments?post=14581"}],"version-history":[{"count":1,"href":"https:\/\/www.gruporecoletas.com\/noticias\/wp-json\/wp\/v2\/posts\/14581\/revisions"}],"predecessor-version":[{"id":14583,"href":"https:\/\/www.gruporecoletas.com\/noticias\/wp-json\/wp\/v2\/posts\/14581\/revisions\/14583"}],"wp:featuredmedia":[{"embeddable":true,"href":"https:\/\/www.gruporecoletas.com\/noticias\/wp-json\/wp\/v2\/media\/14582"}],"wp:attachment":[{"href":"https:\/\/www.gruporecoletas.com\/noticias\/wp-json\/wp\/v2\/media?parent=14581"}],"wp:term":[{"taxonomy":"category","embeddable":true,"href":"https:\/\/www.gruporecoletas.com\/noticias\/wp-json\/wp\/v2\/categories?post=14581"},{"taxonomy":"post_tag","embeddable":true,"href":"https:\/\/www.gruporecoletas.com\/noticias\/wp-json\/wp\/v2\/tags?post=14581"}],"curies":[{"name":"wp","href":"https:\/\/api.w.org\/{rel}","templated":true}]}}