{"id":14587,"date":"2021-04-14T18:08:59","date_gmt":"2021-04-14T16:08:59","guid":{"rendered":"https:\/\/www.gruporecoletas.com\/noticias\/?p=14587"},"modified":"2021-05-04T12:35:33","modified_gmt":"2021-05-04T10:35:33","slug":"la-importancia-de-estudiar-el-sueno","status":"publish","type":"post","link":"https:\/\/www.gruporecoletas.com\/noticias\/la-importancia-de-estudiar-el-sueno\/","title":{"rendered":"La importancia de estudiar el sue\u00f1o"},"content":{"rendered":"\n<p><\/p>\n\n\n\n<p>Dormir bien es fundamental para la vida. No solo nos permite tener una sensaci\u00f3n placentera de descanso. Durante el sue\u00f1o se reparan aspectos f\u00edsicos de nuestro organismo y se producen <strong>procesos fisiol\u00f3gicos<\/strong> en el sistema cardiovascular y en el sistema hormonal. Adem\u00e1s, estos aspectos participan en los procesos cognitivos de memoria y aprendizaje.<\/p>\n\n\n\n<p>Muchos pacientes se quejan de <strong>problemas relacionados con el dormi<\/strong>r. Algunos de ellos, por <strong>exceso<\/strong>:<\/p>\n\n\n\n<ul class=\"wp-block-list\"><li>duermen demasiadas horas<\/li><li>tienen dificultades para permanecer despiertos<\/li><li>se duermen en momentos inadecuados<\/li><\/ul>\n\n\n\n<p>Otros, en cambio, por <strong>defecto<\/strong>: <\/p>\n\n\n\n<ul class=\"wp-block-list\"><li>no logran conciliar el sue\u00f1o<\/li><li>se despiertan muchas veces por la noche<\/li><li>tienen sensaci\u00f3n de no haber descansado<\/li><\/ul>\n\n\n\n<p>Una persona que no duerme bien puede llegar a tener serios problemas en su vida diaria. Tener complicaciones de sue\u00f1o de manera habitual puede provocar: <\/p>\n\n\n\n<ul class=\"wp-block-list\"><li>alteraciones en el estado f\u00edsico<\/li><li>irritabilidad<\/li><li>apat\u00eda<\/li><li>ansiedad\/depresi\u00f3n<\/li><li>p\u00e9rdida de memoria<\/li><li>dificultad de concentraci\u00f3n<\/li><\/ul>\n\n\n\n<p><\/p>\n\n\n\n<h4 class=\"wp-block-heading\">C\u00f3mo estudiar el sue\u00f1o<\/h4>\n\n\n\n<p>Existe una gran diversidad de enfermedades que pueden afectar al descanso. Por ejemplo el <strong>insomnio<\/strong>,<strong>la hipersomnia<\/strong> (exceso de sue\u00f1o diurno), <strong>trastornos del movimiento<\/strong> o <strong>trastornos respiratorios<\/strong>. Algunas enfermedades incluso pueden llegar a representar un riesgo vital para un individuo, como el S\u00edndrome de Apnea Obstructiva del Sue\u00f1o (<strong>SAOS<\/strong>). En este caso, ocurren episodios repetidos de obstrucci\u00f3n de la v\u00eda respiratoria.<\/p>\n\n\n\n<p>Debido a la gran variedad de causas, es muy importante identificar la causa exacta que origina la sintomatolog\u00eda de cada paciente en particular. Esto podemos lograrlo a trav\u00e9s de los <strong>estudios de sue\u00f1o<\/strong>, como la <strong>polisomnograf\u00eda nocturna<\/strong>. Es el estudio m\u00e1s completo para discriminar las causas de los trastornos ocurridos al dormir. Este estudio se realiza en un entorno hospitalario controlado y analiza: <\/p>\n\n\n\n<ul class=\"wp-block-list\"><li>la actividad cerebral durante el sue\u00f1o<\/li><li>los movimientos de las extremidades <\/li><li>la respiraci\u00f3n y la saturaci\u00f3n de ox\u00edgeno<\/li><\/ul>\n\n\n\n<p>De esta forma, se permite identificar las causas que alteran la cantidad y calidad del sue\u00f1o, lo cual resulta fundamental para el tratamiento de cada alteraci\u00f3n desde su origen.<\/p>\n\n\n\n<h6 class=\"wp-block-heading\">Autora: Dra. Alejandra Elberg, Neurofisiolog\u00eda <\/h6>\n\n\n\n<p><\/p>\n","protected":false},"excerpt":{"rendered":"<p>Dormir bien es fundamental para la vida. No solo nos permite tener una sensaci\u00f3n placentera de descanso. Durante el sue\u00f1o se reparan aspectos f\u00edsicos de nuestro organismo y se producen procesos fisiol\u00f3gicos en el sistema cardiovascular y en el sistema hormonal. Adem\u00e1s, estos aspectos participan en los procesos cognitivos de memoria y aprendizaje. Muchos pacientes [&hellip;]<\/p>\n","protected":false},"author":12,"featured_media":14588,"comment_status":"closed","ping_status":"closed","sticky":false,"template":"","format":"standard","meta":{"_acf_changed":false,"footnotes":""},"categories":[6,42],"tags":[3122,3125,3123,3102,3124],"class_list":["post-14587","post","type-post","status-publish","format-standard","has-post-thumbnail","hentry","category-cuenca","category-recoletas-salud","tag-alejandra-elberg","tag-estudio-del-sueno","tag-neurofisiologia","tag-recoletas-salud-23-abril-2021","tag-sueno"],"acf":[],"yoast_head":"<!-- This site is optimized with the Yoast SEO Premium plugin v27.3 (Yoast SEO v27.3) - https:\/\/yoast.com\/product\/yoast-seo-premium-wordpress\/ -->\n<title>La importancia de estudiar el sue\u00f1o - Noticias Grupo Recoletas<\/title>\n<meta name=\"description\" content=\"Durante el sue\u00f1o se reparan aspectos f\u00edsicos de nuestro organismo y se producen procesos fisiol\u00f3gicos en el sistema cardiovascular y en el sistema hormonal.\" \/>\n<meta name=\"robots\" content=\"index, follow, max-snippet:-1, max-image-preview:large, max-video-preview:-1\" \/>\n<link rel=\"canonical\" href=\"https:\/\/www.gruporecoletas.com\/noticias\/la-importancia-de-estudiar-el-sueno\/\" \/>\n<meta property=\"og:locale\" content=\"es_ES\" \/>\n<meta property=\"og:type\" content=\"article\" \/>\n<meta property=\"og:title\" content=\"La importancia de estudiar el sue\u00f1o\" \/>\n<meta property=\"og:description\" content=\"Durante el sue\u00f1o se reparan aspectos f\u00edsicos de nuestro organismo y se producen procesos fisiol\u00f3gicos en el sistema cardiovascular y en el sistema hormonal.\" \/>\n<meta property=\"og:url\" content=\"https:\/\/www.gruporecoletas.com\/noticias\/la-importancia-de-estudiar-el-sueno\/\" \/>\n<meta property=\"og:site_name\" content=\"Noticias Grupo Recoletas\" \/>\n<meta property=\"article:publisher\" content=\"https:\/\/www.facebook.com\/GrupoRecoletas\/\" \/>\n<meta property=\"article:published_time\" content=\"2021-04-14T16:08:59+00:00\" \/>\n<meta property=\"article:modified_time\" content=\"2021-05-04T10:35:33+00:00\" \/>\n<meta property=\"og:image\" content=\"https:\/\/www.gruporecoletas.com\/noticias\/wp-content\/uploads\/2021\/04\/Cuenca-post.jpg\" \/>\n\t<meta property=\"og:image:width\" content=\"1366\" \/>\n\t<meta property=\"og:image:height\" content=\"768\" \/>\n\t<meta property=\"og:image:type\" content=\"image\/jpeg\" \/>\n<meta name=\"author\" content=\"Andrea\" \/>\n<meta name=\"twitter:card\" content=\"summary_large_image\" \/>\n<meta name=\"twitter:creator\" content=\"@GrupoRecoletas\" \/>\n<meta name=\"twitter:site\" content=\"@GrupoRecoletas\" \/>\n<meta name=\"twitter:label1\" content=\"Escrito por\" \/>\n\t<meta name=\"twitter:data1\" content=\"Andrea\" \/>\n\t<meta name=\"twitter:label2\" content=\"Tiempo de lectura\" \/>\n\t<meta name=\"twitter:data2\" content=\"2 minutos\" \/>\n<script type=\"application\/ld+json\" class=\"yoast-schema-graph\">{\"@context\":\"https:\\\/\\\/schema.org\",\"@graph\":[{\"@type\":\"Article\",\"@id\":\"https:\\\/\\\/www.gruporecoletas.com\\\/noticias\\\/la-importancia-de-estudiar-el-sueno\\\/#article\",\"isPartOf\":{\"@id\":\"https:\\\/\\\/www.gruporecoletas.com\\\/noticias\\\/la-importancia-de-estudiar-el-sueno\\\/\"},\"author\":{\"name\":\"Andrea\",\"@id\":\"https:\\\/\\\/www.gruporecoletas.com\\\/noticias\\\/#\\\/schema\\\/person\\\/06ae47abe132337b3d64d46e6a153a44\"},\"headline\":\"La importancia de estudiar el sue\u00f1o\",\"datePublished\":\"2021-04-14T16:08:59+00:00\",\"dateModified\":\"2021-05-04T10:35:33+00:00\",\"mainEntityOfPage\":{\"@id\":\"https:\\\/\\\/www.gruporecoletas.com\\\/noticias\\\/la-importancia-de-estudiar-el-sueno\\\/\"},\"wordCount\":363,\"image\":{\"@id\":\"https:\\\/\\\/www.gruporecoletas.com\\\/noticias\\\/la-importancia-de-estudiar-el-sueno\\\/#primaryimage\"},\"thumbnailUrl\":\"https:\\\/\\\/www.gruporecoletas.com\\\/noticias\\\/wp-content\\\/uploads\\\/2021\\\/04\\\/Cuenca-post.jpg\",\"keywords\":[\"Alejandra Elberg\",\"Estudio del sue\u00f1o\",\"Neurofisiolog\u00eda\",\"Recoletas Salud N\u00ba23 \u2013 Abril 2021\",\"Sue\u00f1o\"],\"articleSection\":[\"Cuenca\",\"Recoletas Salud\"],\"inLanguage\":\"es\"},{\"@type\":\"WebPage\",\"@id\":\"https:\\\/\\\/www.gruporecoletas.com\\\/noticias\\\/la-importancia-de-estudiar-el-sueno\\\/\",\"url\":\"https:\\\/\\\/www.gruporecoletas.com\\\/noticias\\\/la-importancia-de-estudiar-el-sueno\\\/\",\"name\":\"La importancia de estudiar el sue\u00f1o - Noticias Grupo Recoletas\",\"isPartOf\":{\"@id\":\"https:\\\/\\\/www.gruporecoletas.com\\\/noticias\\\/#website\"},\"primaryImageOfPage\":{\"@id\":\"https:\\\/\\\/www.gruporecoletas.com\\\/noticias\\\/la-importancia-de-estudiar-el-sueno\\\/#primaryimage\"},\"image\":{\"@id\":\"https:\\\/\\\/www.gruporecoletas.com\\\/noticias\\\/la-importancia-de-estudiar-el-sueno\\\/#primaryimage\"},\"thumbnailUrl\":\"https:\\\/\\\/www.gruporecoletas.com\\\/noticias\\\/wp-content\\\/uploads\\\/2021\\\/04\\\/Cuenca-post.jpg\",\"datePublished\":\"2021-04-14T16:08:59+00:00\",\"dateModified\":\"2021-05-04T10:35:33+00:00\",\"author\":{\"@id\":\"https:\\\/\\\/www.gruporecoletas.com\\\/noticias\\\/#\\\/schema\\\/person\\\/06ae47abe132337b3d64d46e6a153a44\"},\"description\":\"Durante el sue\u00f1o se reparan aspectos f\u00edsicos de nuestro organismo y se producen procesos fisiol\u00f3gicos en el sistema cardiovascular y en el sistema hormonal.\",\"breadcrumb\":{\"@id\":\"https:\\\/\\\/www.gruporecoletas.com\\\/noticias\\\/la-importancia-de-estudiar-el-sueno\\\/#breadcrumb\"},\"inLanguage\":\"es\",\"potentialAction\":[{\"@type\":\"ReadAction\",\"target\":[\"https:\\\/\\\/www.gruporecoletas.com\\\/noticias\\\/la-importancia-de-estudiar-el-sueno\\\/\"]}]},{\"@type\":\"ImageObject\",\"inLanguage\":\"es\",\"@id\":\"https:\\\/\\\/www.gruporecoletas.com\\\/noticias\\\/la-importancia-de-estudiar-el-sueno\\\/#primaryimage\",\"url\":\"https:\\\/\\\/www.gruporecoletas.com\\\/noticias\\\/wp-content\\\/uploads\\\/2021\\\/04\\\/Cuenca-post.jpg\",\"contentUrl\":\"https:\\\/\\\/www.gruporecoletas.com\\\/noticias\\\/wp-content\\\/uploads\\\/2021\\\/04\\\/Cuenca-post.jpg\",\"width\":1366,\"height\":768,\"caption\":\"La importancia de estudiar el sue\u00f1o. Recoletas Cuenca\"},{\"@type\":\"BreadcrumbList\",\"@id\":\"https:\\\/\\\/www.gruporecoletas.com\\\/noticias\\\/la-importancia-de-estudiar-el-sueno\\\/#breadcrumb\",\"itemListElement\":[{\"@type\":\"ListItem\",\"position\":1,\"name\":\"Portada\",\"item\":\"https:\\\/\\\/www.gruporecoletas.com\\\/noticias\\\/\"},{\"@type\":\"ListItem\",\"position\":2,\"name\":\"La importancia de estudiar el sue\u00f1o\"}]},{\"@type\":\"WebSite\",\"@id\":\"https:\\\/\\\/www.gruporecoletas.com\\\/noticias\\\/#website\",\"url\":\"https:\\\/\\\/www.gruporecoletas.com\\\/noticias\\\/\",\"name\":\"Noticias Grupo Recoletas\",\"description\":\"Grupo Recoletas\",\"potentialAction\":[{\"@type\":\"SearchAction\",\"target\":{\"@type\":\"EntryPoint\",\"urlTemplate\":\"https:\\\/\\\/www.gruporecoletas.com\\\/noticias\\\/?s={search_term_string}\"},\"query-input\":{\"@type\":\"PropertyValueSpecification\",\"valueRequired\":true,\"valueName\":\"search_term_string\"}}],\"inLanguage\":\"es\"},{\"@type\":\"Person\",\"@id\":\"https:\\\/\\\/www.gruporecoletas.com\\\/noticias\\\/#\\\/schema\\\/person\\\/06ae47abe132337b3d64d46e6a153a44\",\"name\":\"Andrea\",\"url\":\"https:\\\/\\\/www.gruporecoletas.com\\\/noticias\\\/author\\\/andrea\\\/\"}]}<\/script>\n<!-- \/ Yoast SEO Premium plugin. -->","yoast_head_json":{"title":"La importancia de estudiar el sue\u00f1o - Noticias Grupo Recoletas","description":"Durante el sue\u00f1o se reparan aspectos f\u00edsicos de nuestro organismo y se producen procesos fisiol\u00f3gicos en el sistema cardiovascular y en el sistema hormonal.","robots":{"index":"index","follow":"follow","max-snippet":"max-snippet:-1","max-image-preview":"max-image-preview:large","max-video-preview":"max-video-preview:-1"},"canonical":"https:\/\/www.gruporecoletas.com\/noticias\/la-importancia-de-estudiar-el-sueno\/","og_locale":"es_ES","og_type":"article","og_title":"La importancia de estudiar el sue\u00f1o","og_description":"Durante el sue\u00f1o se reparan aspectos f\u00edsicos de nuestro organismo y se producen procesos fisiol\u00f3gicos en el sistema cardiovascular y en el sistema hormonal.","og_url":"https:\/\/www.gruporecoletas.com\/noticias\/la-importancia-de-estudiar-el-sueno\/","og_site_name":"Noticias Grupo Recoletas","article_publisher":"https:\/\/www.facebook.com\/GrupoRecoletas\/","article_published_time":"2021-04-14T16:08:59+00:00","article_modified_time":"2021-05-04T10:35:33+00:00","og_image":[{"width":1366,"height":768,"url":"https:\/\/www.gruporecoletas.com\/noticias\/wp-content\/uploads\/2021\/04\/Cuenca-post.jpg","type":"image\/jpeg"}],"author":"Andrea","twitter_card":"summary_large_image","twitter_creator":"@GrupoRecoletas","twitter_site":"@GrupoRecoletas","twitter_misc":{"Escrito por":"Andrea","Tiempo de lectura":"2 minutos"},"schema":{"@context":"https:\/\/schema.org","@graph":[{"@type":"Article","@id":"https:\/\/www.gruporecoletas.com\/noticias\/la-importancia-de-estudiar-el-sueno\/#article","isPartOf":{"@id":"https:\/\/www.gruporecoletas.com\/noticias\/la-importancia-de-estudiar-el-sueno\/"},"author":{"name":"Andrea","@id":"https:\/\/www.gruporecoletas.com\/noticias\/#\/schema\/person\/06ae47abe132337b3d64d46e6a153a44"},"headline":"La importancia de estudiar el sue\u00f1o","datePublished":"2021-04-14T16:08:59+00:00","dateModified":"2021-05-04T10:35:33+00:00","mainEntityOfPage":{"@id":"https:\/\/www.gruporecoletas.com\/noticias\/la-importancia-de-estudiar-el-sueno\/"},"wordCount":363,"image":{"@id":"https:\/\/www.gruporecoletas.com\/noticias\/la-importancia-de-estudiar-el-sueno\/#primaryimage"},"thumbnailUrl":"https:\/\/www.gruporecoletas.com\/noticias\/wp-content\/uploads\/2021\/04\/Cuenca-post.jpg","keywords":["Alejandra Elberg","Estudio del sue\u00f1o","Neurofisiolog\u00eda","Recoletas Salud N\u00ba23 \u2013 Abril 2021","Sue\u00f1o"],"articleSection":["Cuenca","Recoletas Salud"],"inLanguage":"es"},{"@type":"WebPage","@id":"https:\/\/www.gruporecoletas.com\/noticias\/la-importancia-de-estudiar-el-sueno\/","url":"https:\/\/www.gruporecoletas.com\/noticias\/la-importancia-de-estudiar-el-sueno\/","name":"La importancia de estudiar el sue\u00f1o - Noticias Grupo Recoletas","isPartOf":{"@id":"https:\/\/www.gruporecoletas.com\/noticias\/#website"},"primaryImageOfPage":{"@id":"https:\/\/www.gruporecoletas.com\/noticias\/la-importancia-de-estudiar-el-sueno\/#primaryimage"},"image":{"@id":"https:\/\/www.gruporecoletas.com\/noticias\/la-importancia-de-estudiar-el-sueno\/#primaryimage"},"thumbnailUrl":"https:\/\/www.gruporecoletas.com\/noticias\/wp-content\/uploads\/2021\/04\/Cuenca-post.jpg","datePublished":"2021-04-14T16:08:59+00:00","dateModified":"2021-05-04T10:35:33+00:00","author":{"@id":"https:\/\/www.gruporecoletas.com\/noticias\/#\/schema\/person\/06ae47abe132337b3d64d46e6a153a44"},"description":"Durante el sue\u00f1o se reparan aspectos f\u00edsicos de nuestro organismo y se producen procesos fisiol\u00f3gicos en el sistema cardiovascular y en el sistema hormonal.","breadcrumb":{"@id":"https:\/\/www.gruporecoletas.com\/noticias\/la-importancia-de-estudiar-el-sueno\/#breadcrumb"},"inLanguage":"es","potentialAction":[{"@type":"ReadAction","target":["https:\/\/www.gruporecoletas.com\/noticias\/la-importancia-de-estudiar-el-sueno\/"]}]},{"@type":"ImageObject","inLanguage":"es","@id":"https:\/\/www.gruporecoletas.com\/noticias\/la-importancia-de-estudiar-el-sueno\/#primaryimage","url":"https:\/\/www.gruporecoletas.com\/noticias\/wp-content\/uploads\/2021\/04\/Cuenca-post.jpg","contentUrl":"https:\/\/www.gruporecoletas.com\/noticias\/wp-content\/uploads\/2021\/04\/Cuenca-post.jpg","width":1366,"height":768,"caption":"La importancia de estudiar el sue\u00f1o. Recoletas Cuenca"},{"@type":"BreadcrumbList","@id":"https:\/\/www.gruporecoletas.com\/noticias\/la-importancia-de-estudiar-el-sueno\/#breadcrumb","itemListElement":[{"@type":"ListItem","position":1,"name":"Portada","item":"https:\/\/www.gruporecoletas.com\/noticias\/"},{"@type":"ListItem","position":2,"name":"La importancia de estudiar el sue\u00f1o"}]},{"@type":"WebSite","@id":"https:\/\/www.gruporecoletas.com\/noticias\/#website","url":"https:\/\/www.gruporecoletas.com\/noticias\/","name":"Noticias Grupo Recoletas","description":"Grupo Recoletas","potentialAction":[{"@type":"SearchAction","target":{"@type":"EntryPoint","urlTemplate":"https:\/\/www.gruporecoletas.com\/noticias\/?s={search_term_string}"},"query-input":{"@type":"PropertyValueSpecification","valueRequired":true,"valueName":"search_term_string"}}],"inLanguage":"es"},{"@type":"Person","@id":"https:\/\/www.gruporecoletas.com\/noticias\/#\/schema\/person\/06ae47abe132337b3d64d46e6a153a44","name":"Andrea","url":"https:\/\/www.gruporecoletas.com\/noticias\/author\/andrea\/"}]}},"_links":{"self":[{"href":"https:\/\/www.gruporecoletas.com\/noticias\/wp-json\/wp\/v2\/posts\/14587","targetHints":{"allow":["GET"]}}],"collection":[{"href":"https:\/\/www.gruporecoletas.com\/noticias\/wp-json\/wp\/v2\/posts"}],"about":[{"href":"https:\/\/www.gruporecoletas.com\/noticias\/wp-json\/wp\/v2\/types\/post"}],"author":[{"embeddable":true,"href":"https:\/\/www.gruporecoletas.com\/noticias\/wp-json\/wp\/v2\/users\/12"}],"replies":[{"embeddable":true,"href":"https:\/\/www.gruporecoletas.com\/noticias\/wp-json\/wp\/v2\/comments?post=14587"}],"version-history":[{"count":2,"href":"https:\/\/www.gruporecoletas.com\/noticias\/wp-json\/wp\/v2\/posts\/14587\/revisions"}],"predecessor-version":[{"id":14597,"href":"https:\/\/www.gruporecoletas.com\/noticias\/wp-json\/wp\/v2\/posts\/14587\/revisions\/14597"}],"wp:featuredmedia":[{"embeddable":true,"href":"https:\/\/www.gruporecoletas.com\/noticias\/wp-json\/wp\/v2\/media\/14588"}],"wp:attachment":[{"href":"https:\/\/www.gruporecoletas.com\/noticias\/wp-json\/wp\/v2\/media?parent=14587"}],"wp:term":[{"taxonomy":"category","embeddable":true,"href":"https:\/\/www.gruporecoletas.com\/noticias\/wp-json\/wp\/v2\/categories?post=14587"},{"taxonomy":"post_tag","embeddable":true,"href":"https:\/\/www.gruporecoletas.com\/noticias\/wp-json\/wp\/v2\/tags?post=14587"}],"curies":[{"name":"wp","href":"https:\/\/api.w.org\/{rel}","templated":true}]}}