{"id":14590,"date":"2021-04-14T18:38:19","date_gmt":"2021-04-14T16:38:19","guid":{"rendered":"https:\/\/www.gruporecoletas.com\/noticias\/?p=14590"},"modified":"2021-05-04T12:34:54","modified_gmt":"2021-05-04T10:34:54","slug":"alergia-aspectos-y-consideraciones","status":"publish","type":"post","link":"https:\/\/www.gruporecoletas.com\/noticias\/alergia-aspectos-y-consideraciones\/","title":{"rendered":"Alergia: aspectos y consideraciones"},"content":{"rendered":"\n<p>En las \u00faltimas semanas estamos enfocando la ilusi\u00f3n a poder tener controlada la pandemia por medio de la vacuna. Todo el mundo puede vacunarse, siempre y cuando no hayan tenido una reacci\u00f3n adversa o hayan sido diagnosticados de alergia a <strong>alguno de los componentes que contiene la vacuna<\/strong>, como por ejemplo el polietilenglicol (PGE).<\/p>\n\n\n\n<p>Las personas al\u00e9rgicas se ver\u00e1n expuestas a un nuevo periodo alerg\u00e9nico. Sin embargo, con las nuevas directrices de seguridad, se proporcionar\u00e1 tambi\u00e9n un efecto beneficioso <strong>al evitar la exposici\u00f3n a los al\u00e9rgenos<\/strong>.<\/p>\n\n\n\n<p><strong>En la zona de Castilla-Le\u00f3n<\/strong> la principal reacci\u00f3n es <strong>al polen<\/strong>. Las esporas de los hongos y los \u00e1caros tienen una escasa incidencia en nuestra zona centro. Comenzamos en febrero-marzo con la aparici\u00f3n del polen de las cupres\u00e1ceas, en abril tendr\u00e1 lugar la exposici\u00f3n al falso pl\u00e1tano y en mayo-junio el polen de las gram\u00edneas. Tambi\u00e9n tienen una escasa incidencia alerg\u00e9nica en nuestra zona los p\u00f3lenes de las malezas, exceptuando el plantago.<\/p>\n\n\n\n<h4 class=\"wp-block-heading\">Alergia VS otras patolog\u00edas<\/h4>\n\n\n\n<p>En cuanto a la sintomatolog\u00eda de un proceso al\u00e9rgico,  es f\u00e1cil confundirla con los resfriados, la gripe o, \u00faltimamente, el COVID 19. <\/p>\n\n\n\n<p>Es decir, una afectaci\u00f3n de la nariz (rinitis) o de ojos (conjuntivitis) por exposici\u00f3n a un al\u00e9rgeno va a provocar una sintomatolog\u00eda que <strong>no difiere a grandes rasgos de otros procesos patol\u00f3gicos<\/strong>. La nariz estornuda por picor, produce mocos y se congestiona. Tambi\u00e9n puede aparecer en los ojos la presencia de picor (prurito) y\/o lagrimeo. Las diferencias que se manifiestan <strong>se relacionan con la intensidad y la frecuencia de presentaci\u00f3n<\/strong>.<\/p>\n\n\n\n<p>El picor va a ser mucho m\u00e1s frecuente e intenso en el proceso al\u00e9rgico y muy escaso o ausente en un proceso catarral. Durante el resfriado, la sintomatolog\u00eda aumenta progresivamente, llegando al m\u00e1ximo en el 4\u00ba o 5\u00ba d\u00eda, para desaparecer en una semana con o sin medicaci\u00f3n. Por el contrario, en los procesos al\u00e9rgicos los s\u00edntomas pueden aparecer y desaparecer en el mismo d\u00eda, seg\u00fan la exposici\u00f3n. La fiebre o los dolores musculares no son s\u00edntomas correspondientes a un proceso al\u00e9rgico.<\/p>\n\n\n\n<h4 class=\"wp-block-heading\">\u00bfC\u00f3mo tratar la alergia?<\/h4>\n\n\n\n<p>El tratamiento debe efectuarse por un profesional especializado. No es suficiente con que se diagnostique un proceso al\u00e9rgico, sino que <strong>el profesional debe saber sobre Alergolog\u00eda <\/strong>para poder establecer un tratamiento adecuado. <\/p>\n\n\n\n<p>As\u00ed, el uso de antihistam\u00ednicos como \u00fanico f\u00e1rmaco no es un tratamiento adecuado. Al ser un <strong>proceso inflamatorio<\/strong> el causante de los s\u00edntomas, se debe instaurar un tratamiento antiinflamatorio. Para ello, se utilizan t\u00e9cnicas como el inhalador, en las dosis y el tiempo que su alerg\u00f3logo considere y en funci\u00f3n del proceso al\u00e9rgico y de la sintomatolog\u00eda del paciente. <\/p>\n\n\n\n<p>Las consecuencias de <strong>no tener un tratamiento correcto o de estar parcialmente tratado<\/strong> provocan que, en el periodo de exposici\u00f3n, el paciente presente una <strong>sensaci\u00f3n de falsa mejor\u00eda.<\/strong> Continuar\u00e1 presentado alg\u00fan s\u00edntoma, sobre todo obstrucci\u00f3n nasal o, en el caso de personas asm\u00e1ticas, la tos nocturna o durante el esfuerzo f\u00edsico.<\/p>\n\n\n\n<p>Con el tiempo, este tratamiento inadecuado puede producir una <strong>inflamaci\u00f3n subcl\u00ednica<\/strong>, que puede compararse como las ascuas del fuego que no han sido apagadas y, a\u00f1o tras a\u00f1o, esos s\u00edntomas que solo aparec\u00edan en la \u00e9poca de primavera, se van presentando en otras \u00e9pocas del a\u00f1o. Esto puede deberse a las condiciones adversas a las que se puede ver sometido, como los cambios de temperaturas (invierno), aire acondicionado, exposiciones a irritantes inespec\u00edficos (polvo, inhalaci\u00f3n de detergentes, humos), etc. Estos procesos inespec\u00edficos avivan las llamas (inflamaci\u00f3n) de un proceso al\u00e9rgico ocurrido en la primavera y que no ha sido interpretado y tratado correctamente.<\/p>\n\n\n\n<p>Hay que tener presente que, para tratar una alergia, hay que saber exactamente cu\u00e1l es el al\u00e9rgeno que la produce. <strong>Si en alguna ocasi\u00f3n le diagnostican una alergia, deber\u00e1n aclararle qu\u00e9 al\u00e9rgeno concreto se la produce<\/strong> para llevar a cabo un tratamiento adecuado y eficaz.<\/p>\n\n\n\n<h6 class=\"wp-block-heading\">Dr. Cuesta Herranz, Alergolog\u00eda <\/h6>\n","protected":false},"excerpt":{"rendered":"<p>En las \u00faltimas semanas estamos enfocando la ilusi\u00f3n a poder tener controlada la pandemia por medio de la vacuna. Todo el mundo puede vacunarse, siempre y cuando no hayan tenido una reacci\u00f3n adversa o hayan sido diagnosticados de alergia a alguno de los componentes que contiene la vacuna, como por ejemplo el polietilenglicol (PGE). Las [&hellip;]<\/p>\n","protected":false},"author":12,"featured_media":14591,"comment_status":"closed","ping_status":"closed","sticky":false,"template":"","format":"standard","meta":{"_acf_changed":false,"footnotes":""},"categories":[42,5],"tags":[3127,545,3126,3102],"class_list":["post-14590","post","type-post","status-publish","format-standard","has-post-thumbnail","hentry","category-recoletas-salud","category-segovia","tag-alergia","tag-alergologia","tag-dr-cuesta","tag-recoletas-salud-23-abril-2021"],"acf":[],"yoast_head":"<!-- This site is optimized with the Yoast SEO Premium plugin v27.3 (Yoast SEO v27.3) - https:\/\/yoast.com\/product\/yoast-seo-premium-wordpress\/ -->\n<title>Alergia: aspectos y consideraciones - Noticias Grupo Recoletas<\/title>\n<meta name=\"description\" content=\"Al tratar una alergia, hay que saber exactamente el al\u00e9rgeno que la produce. Adem\u00e1s, debemos acudir a un experto para poder recibir un tratamiento adecuado.\" \/>\n<meta name=\"robots\" content=\"index, follow, max-snippet:-1, max-image-preview:large, max-video-preview:-1\" \/>\n<link rel=\"canonical\" href=\"https:\/\/www.gruporecoletas.com\/noticias\/alergia-aspectos-y-consideraciones\/\" \/>\n<meta property=\"og:locale\" content=\"es_ES\" \/>\n<meta property=\"og:type\" content=\"article\" \/>\n<meta property=\"og:title\" content=\"Alergia: aspectos y consideraciones\" \/>\n<meta property=\"og:description\" content=\"Al tratar una alergia, hay que saber exactamente el al\u00e9rgeno que la produce. Adem\u00e1s, debemos acudir a un experto para poder recibir un tratamiento adecuado.\" \/>\n<meta property=\"og:url\" content=\"https:\/\/www.gruporecoletas.com\/noticias\/alergia-aspectos-y-consideraciones\/\" \/>\n<meta property=\"og:site_name\" content=\"Noticias Grupo Recoletas\" \/>\n<meta property=\"article:publisher\" content=\"https:\/\/www.facebook.com\/GrupoRecoletas\/\" \/>\n<meta property=\"article:published_time\" content=\"2021-04-14T16:38:19+00:00\" \/>\n<meta property=\"article:modified_time\" content=\"2021-05-04T10:34:54+00:00\" \/>\n<meta property=\"og:image\" content=\"https:\/\/www.gruporecoletas.com\/noticias\/wp-content\/uploads\/2021\/04\/Segovia-post.jpg\" \/>\n\t<meta property=\"og:image:width\" content=\"1366\" \/>\n\t<meta property=\"og:image:height\" content=\"768\" \/>\n\t<meta property=\"og:image:type\" content=\"image\/jpeg\" \/>\n<meta name=\"author\" content=\"Andrea\" \/>\n<meta name=\"twitter:card\" content=\"summary_large_image\" \/>\n<meta name=\"twitter:creator\" content=\"@GrupoRecoletas\" \/>\n<meta name=\"twitter:site\" content=\"@GrupoRecoletas\" \/>\n<meta name=\"twitter:label1\" content=\"Escrito por\" \/>\n\t<meta name=\"twitter:data1\" content=\"Andrea\" \/>\n\t<meta name=\"twitter:label2\" content=\"Tiempo de lectura\" \/>\n\t<meta name=\"twitter:data2\" content=\"4 minutos\" \/>\n<script type=\"application\/ld+json\" class=\"yoast-schema-graph\">{\"@context\":\"https:\\\/\\\/schema.org\",\"@graph\":[{\"@type\":\"Article\",\"@id\":\"https:\\\/\\\/www.gruporecoletas.com\\\/noticias\\\/alergia-aspectos-y-consideraciones\\\/#article\",\"isPartOf\":{\"@id\":\"https:\\\/\\\/www.gruporecoletas.com\\\/noticias\\\/alergia-aspectos-y-consideraciones\\\/\"},\"author\":{\"name\":\"Andrea\",\"@id\":\"https:\\\/\\\/www.gruporecoletas.com\\\/noticias\\\/#\\\/schema\\\/person\\\/06ae47abe132337b3d64d46e6a153a44\"},\"headline\":\"Alergia: aspectos y consideraciones\",\"datePublished\":\"2021-04-14T16:38:19+00:00\",\"dateModified\":\"2021-05-04T10:34:54+00:00\",\"mainEntityOfPage\":{\"@id\":\"https:\\\/\\\/www.gruporecoletas.com\\\/noticias\\\/alergia-aspectos-y-consideraciones\\\/\"},\"wordCount\":714,\"image\":{\"@id\":\"https:\\\/\\\/www.gruporecoletas.com\\\/noticias\\\/alergia-aspectos-y-consideraciones\\\/#primaryimage\"},\"thumbnailUrl\":\"https:\\\/\\\/www.gruporecoletas.com\\\/noticias\\\/wp-content\\\/uploads\\\/2021\\\/04\\\/Segovia-post.jpg\",\"keywords\":[\"Alergia\",\"Alergolog\u00eda\",\"Dr. Cuesta\",\"Recoletas Salud N\u00ba23 \u2013 Abril 2021\"],\"articleSection\":[\"Recoletas Salud\",\"Segovia\"],\"inLanguage\":\"es\"},{\"@type\":\"WebPage\",\"@id\":\"https:\\\/\\\/www.gruporecoletas.com\\\/noticias\\\/alergia-aspectos-y-consideraciones\\\/\",\"url\":\"https:\\\/\\\/www.gruporecoletas.com\\\/noticias\\\/alergia-aspectos-y-consideraciones\\\/\",\"name\":\"Alergia: aspectos y consideraciones - Noticias Grupo Recoletas\",\"isPartOf\":{\"@id\":\"https:\\\/\\\/www.gruporecoletas.com\\\/noticias\\\/#website\"},\"primaryImageOfPage\":{\"@id\":\"https:\\\/\\\/www.gruporecoletas.com\\\/noticias\\\/alergia-aspectos-y-consideraciones\\\/#primaryimage\"},\"image\":{\"@id\":\"https:\\\/\\\/www.gruporecoletas.com\\\/noticias\\\/alergia-aspectos-y-consideraciones\\\/#primaryimage\"},\"thumbnailUrl\":\"https:\\\/\\\/www.gruporecoletas.com\\\/noticias\\\/wp-content\\\/uploads\\\/2021\\\/04\\\/Segovia-post.jpg\",\"datePublished\":\"2021-04-14T16:38:19+00:00\",\"dateModified\":\"2021-05-04T10:34:54+00:00\",\"author\":{\"@id\":\"https:\\\/\\\/www.gruporecoletas.com\\\/noticias\\\/#\\\/schema\\\/person\\\/06ae47abe132337b3d64d46e6a153a44\"},\"description\":\"Al tratar una alergia, hay que saber exactamente el al\u00e9rgeno que la produce. Adem\u00e1s, debemos acudir a un experto para poder recibir un tratamiento adecuado.\",\"breadcrumb\":{\"@id\":\"https:\\\/\\\/www.gruporecoletas.com\\\/noticias\\\/alergia-aspectos-y-consideraciones\\\/#breadcrumb\"},\"inLanguage\":\"es\",\"potentialAction\":[{\"@type\":\"ReadAction\",\"target\":[\"https:\\\/\\\/www.gruporecoletas.com\\\/noticias\\\/alergia-aspectos-y-consideraciones\\\/\"]}]},{\"@type\":\"ImageObject\",\"inLanguage\":\"es\",\"@id\":\"https:\\\/\\\/www.gruporecoletas.com\\\/noticias\\\/alergia-aspectos-y-consideraciones\\\/#primaryimage\",\"url\":\"https:\\\/\\\/www.gruporecoletas.com\\\/noticias\\\/wp-content\\\/uploads\\\/2021\\\/04\\\/Segovia-post.jpg\",\"contentUrl\":\"https:\\\/\\\/www.gruporecoletas.com\\\/noticias\\\/wp-content\\\/uploads\\\/2021\\\/04\\\/Segovia-post.jpg\",\"width\":1366,\"height\":768,\"caption\":\"Alergia: aspectos y consideraciones. Recoletas Segovia\"},{\"@type\":\"BreadcrumbList\",\"@id\":\"https:\\\/\\\/www.gruporecoletas.com\\\/noticias\\\/alergia-aspectos-y-consideraciones\\\/#breadcrumb\",\"itemListElement\":[{\"@type\":\"ListItem\",\"position\":1,\"name\":\"Portada\",\"item\":\"https:\\\/\\\/www.gruporecoletas.com\\\/noticias\\\/\"},{\"@type\":\"ListItem\",\"position\":2,\"name\":\"Alergia: aspectos y consideraciones\"}]},{\"@type\":\"WebSite\",\"@id\":\"https:\\\/\\\/www.gruporecoletas.com\\\/noticias\\\/#website\",\"url\":\"https:\\\/\\\/www.gruporecoletas.com\\\/noticias\\\/\",\"name\":\"Noticias Grupo Recoletas\",\"description\":\"Grupo Recoletas\",\"potentialAction\":[{\"@type\":\"SearchAction\",\"target\":{\"@type\":\"EntryPoint\",\"urlTemplate\":\"https:\\\/\\\/www.gruporecoletas.com\\\/noticias\\\/?s={search_term_string}\"},\"query-input\":{\"@type\":\"PropertyValueSpecification\",\"valueRequired\":true,\"valueName\":\"search_term_string\"}}],\"inLanguage\":\"es\"},{\"@type\":\"Person\",\"@id\":\"https:\\\/\\\/www.gruporecoletas.com\\\/noticias\\\/#\\\/schema\\\/person\\\/06ae47abe132337b3d64d46e6a153a44\",\"name\":\"Andrea\",\"url\":\"https:\\\/\\\/www.gruporecoletas.com\\\/noticias\\\/author\\\/andrea\\\/\"}]}<\/script>\n<!-- \/ Yoast SEO Premium plugin. -->","yoast_head_json":{"title":"Alergia: aspectos y consideraciones - Noticias Grupo Recoletas","description":"Al tratar una alergia, hay que saber exactamente el al\u00e9rgeno que la produce. Adem\u00e1s, debemos acudir a un experto para poder recibir un tratamiento adecuado.","robots":{"index":"index","follow":"follow","max-snippet":"max-snippet:-1","max-image-preview":"max-image-preview:large","max-video-preview":"max-video-preview:-1"},"canonical":"https:\/\/www.gruporecoletas.com\/noticias\/alergia-aspectos-y-consideraciones\/","og_locale":"es_ES","og_type":"article","og_title":"Alergia: aspectos y consideraciones","og_description":"Al tratar una alergia, hay que saber exactamente el al\u00e9rgeno que la produce. Adem\u00e1s, debemos acudir a un experto para poder recibir un tratamiento adecuado.","og_url":"https:\/\/www.gruporecoletas.com\/noticias\/alergia-aspectos-y-consideraciones\/","og_site_name":"Noticias Grupo Recoletas","article_publisher":"https:\/\/www.facebook.com\/GrupoRecoletas\/","article_published_time":"2021-04-14T16:38:19+00:00","article_modified_time":"2021-05-04T10:34:54+00:00","og_image":[{"width":1366,"height":768,"url":"https:\/\/www.gruporecoletas.com\/noticias\/wp-content\/uploads\/2021\/04\/Segovia-post.jpg","type":"image\/jpeg"}],"author":"Andrea","twitter_card":"summary_large_image","twitter_creator":"@GrupoRecoletas","twitter_site":"@GrupoRecoletas","twitter_misc":{"Escrito por":"Andrea","Tiempo de lectura":"4 minutos"},"schema":{"@context":"https:\/\/schema.org","@graph":[{"@type":"Article","@id":"https:\/\/www.gruporecoletas.com\/noticias\/alergia-aspectos-y-consideraciones\/#article","isPartOf":{"@id":"https:\/\/www.gruporecoletas.com\/noticias\/alergia-aspectos-y-consideraciones\/"},"author":{"name":"Andrea","@id":"https:\/\/www.gruporecoletas.com\/noticias\/#\/schema\/person\/06ae47abe132337b3d64d46e6a153a44"},"headline":"Alergia: aspectos y consideraciones","datePublished":"2021-04-14T16:38:19+00:00","dateModified":"2021-05-04T10:34:54+00:00","mainEntityOfPage":{"@id":"https:\/\/www.gruporecoletas.com\/noticias\/alergia-aspectos-y-consideraciones\/"},"wordCount":714,"image":{"@id":"https:\/\/www.gruporecoletas.com\/noticias\/alergia-aspectos-y-consideraciones\/#primaryimage"},"thumbnailUrl":"https:\/\/www.gruporecoletas.com\/noticias\/wp-content\/uploads\/2021\/04\/Segovia-post.jpg","keywords":["Alergia","Alergolog\u00eda","Dr. Cuesta","Recoletas Salud N\u00ba23 \u2013 Abril 2021"],"articleSection":["Recoletas Salud","Segovia"],"inLanguage":"es"},{"@type":"WebPage","@id":"https:\/\/www.gruporecoletas.com\/noticias\/alergia-aspectos-y-consideraciones\/","url":"https:\/\/www.gruporecoletas.com\/noticias\/alergia-aspectos-y-consideraciones\/","name":"Alergia: aspectos y consideraciones - Noticias Grupo Recoletas","isPartOf":{"@id":"https:\/\/www.gruporecoletas.com\/noticias\/#website"},"primaryImageOfPage":{"@id":"https:\/\/www.gruporecoletas.com\/noticias\/alergia-aspectos-y-consideraciones\/#primaryimage"},"image":{"@id":"https:\/\/www.gruporecoletas.com\/noticias\/alergia-aspectos-y-consideraciones\/#primaryimage"},"thumbnailUrl":"https:\/\/www.gruporecoletas.com\/noticias\/wp-content\/uploads\/2021\/04\/Segovia-post.jpg","datePublished":"2021-04-14T16:38:19+00:00","dateModified":"2021-05-04T10:34:54+00:00","author":{"@id":"https:\/\/www.gruporecoletas.com\/noticias\/#\/schema\/person\/06ae47abe132337b3d64d46e6a153a44"},"description":"Al tratar una alergia, hay que saber exactamente el al\u00e9rgeno que la produce. Adem\u00e1s, debemos acudir a un experto para poder recibir un tratamiento adecuado.","breadcrumb":{"@id":"https:\/\/www.gruporecoletas.com\/noticias\/alergia-aspectos-y-consideraciones\/#breadcrumb"},"inLanguage":"es","potentialAction":[{"@type":"ReadAction","target":["https:\/\/www.gruporecoletas.com\/noticias\/alergia-aspectos-y-consideraciones\/"]}]},{"@type":"ImageObject","inLanguage":"es","@id":"https:\/\/www.gruporecoletas.com\/noticias\/alergia-aspectos-y-consideraciones\/#primaryimage","url":"https:\/\/www.gruporecoletas.com\/noticias\/wp-content\/uploads\/2021\/04\/Segovia-post.jpg","contentUrl":"https:\/\/www.gruporecoletas.com\/noticias\/wp-content\/uploads\/2021\/04\/Segovia-post.jpg","width":1366,"height":768,"caption":"Alergia: aspectos y consideraciones. Recoletas Segovia"},{"@type":"BreadcrumbList","@id":"https:\/\/www.gruporecoletas.com\/noticias\/alergia-aspectos-y-consideraciones\/#breadcrumb","itemListElement":[{"@type":"ListItem","position":1,"name":"Portada","item":"https:\/\/www.gruporecoletas.com\/noticias\/"},{"@type":"ListItem","position":2,"name":"Alergia: aspectos y consideraciones"}]},{"@type":"WebSite","@id":"https:\/\/www.gruporecoletas.com\/noticias\/#website","url":"https:\/\/www.gruporecoletas.com\/noticias\/","name":"Noticias Grupo Recoletas","description":"Grupo Recoletas","potentialAction":[{"@type":"SearchAction","target":{"@type":"EntryPoint","urlTemplate":"https:\/\/www.gruporecoletas.com\/noticias\/?s={search_term_string}"},"query-input":{"@type":"PropertyValueSpecification","valueRequired":true,"valueName":"search_term_string"}}],"inLanguage":"es"},{"@type":"Person","@id":"https:\/\/www.gruporecoletas.com\/noticias\/#\/schema\/person\/06ae47abe132337b3d64d46e6a153a44","name":"Andrea","url":"https:\/\/www.gruporecoletas.com\/noticias\/author\/andrea\/"}]}},"_links":{"self":[{"href":"https:\/\/www.gruporecoletas.com\/noticias\/wp-json\/wp\/v2\/posts\/14590","targetHints":{"allow":["GET"]}}],"collection":[{"href":"https:\/\/www.gruporecoletas.com\/noticias\/wp-json\/wp\/v2\/posts"}],"about":[{"href":"https:\/\/www.gruporecoletas.com\/noticias\/wp-json\/wp\/v2\/types\/post"}],"author":[{"embeddable":true,"href":"https:\/\/www.gruporecoletas.com\/noticias\/wp-json\/wp\/v2\/users\/12"}],"replies":[{"embeddable":true,"href":"https:\/\/www.gruporecoletas.com\/noticias\/wp-json\/wp\/v2\/comments?post=14590"}],"version-history":[{"count":1,"href":"https:\/\/www.gruporecoletas.com\/noticias\/wp-json\/wp\/v2\/posts\/14590\/revisions"}],"predecessor-version":[{"id":14592,"href":"https:\/\/www.gruporecoletas.com\/noticias\/wp-json\/wp\/v2\/posts\/14590\/revisions\/14592"}],"wp:featuredmedia":[{"embeddable":true,"href":"https:\/\/www.gruporecoletas.com\/noticias\/wp-json\/wp\/v2\/media\/14591"}],"wp:attachment":[{"href":"https:\/\/www.gruporecoletas.com\/noticias\/wp-json\/wp\/v2\/media?parent=14590"}],"wp:term":[{"taxonomy":"category","embeddable":true,"href":"https:\/\/www.gruporecoletas.com\/noticias\/wp-json\/wp\/v2\/categories?post=14590"},{"taxonomy":"post_tag","embeddable":true,"href":"https:\/\/www.gruporecoletas.com\/noticias\/wp-json\/wp\/v2\/tags?post=14590"}],"curies":[{"name":"wp","href":"https:\/\/api.w.org\/{rel}","templated":true}]}}