{"id":14607,"date":"2021-04-22T11:08:35","date_gmt":"2021-04-22T09:08:35","guid":{"rendered":"https:\/\/www.gruporecoletas.com\/noticias\/?p=14607"},"modified":"2021-04-22T11:08:35","modified_gmt":"2021-04-22T09:08:35","slug":"protesis-de-rodilla-personalizadas-por-impresora-3d","status":"publish","type":"post","link":"https:\/\/www.gruporecoletas.com\/noticias\/protesis-de-rodilla-personalizadas-por-impresora-3d\/","title":{"rendered":"Pr\u00f3tesis de rodilla personalizadas por impresora 3D"},"content":{"rendered":"\n<p>El\u00a0traumat\u00f3logo Oscar Ubaldo Pe\u00f1alba, del <a href=\"https:\/\/www.gruporecoletas.com\/hospitales\/hospital-recoletas-cuenca\/\" target=\"_blank\" rel=\"noreferrer noopener\">Hospital Recoletas Cuenca<\/a>, es el m\u00e9dico encargado de dirigir esta t\u00e9cnica pionera en Castilla La Mancha. Garantiza la colocaci\u00f3n de una pr\u00f3tesis id\u00e9ntica a la rodilla real del paciente en lugar del implante de fabricaci\u00f3n est\u00e1ndar, sin tener en cuenta las peque\u00f1as diferencias de cada individuo.<\/p>\n\n\n\n<p>La t\u00e9cnica, dirigida por el Dr. Pe\u00f1alba Su\u00e1rez\u00a0junto al Dr. \u00c1lvaro S\u00e1ez Arenillas, se sirve de un sistema de impresi\u00f3n 3D para recrear de una manera fiel la rodilla de cada paciente. As\u00ed, a\u00a0partir de un estudio de TAC 3D, los expertos obtienen un implante 100 % personalizado y adaptado a la anatom\u00eda de cada persona.<\/p>\n\n\n\n<p>Se trata de una t\u00e9cnica novedosa, ya que la pr\u00f3tesis que se coloca al paciente es una r\u00e9plica exacta de su rodilla. \u201c<em>Todas las partes blandas (ligamentos, tendones\u2026) funcionan exactamente igual que con su propia rodilla\u201d<\/em> ha explicado el traumat\u00f3logo.\u00a0<\/p>\n\n\n\n<p>Adem\u00e1s, ha a\u00f1adido el Dr. Pe\u00f1alba, al estar fabricada a medida, se logra determinadas ventajas: <\/p>\n\n\n\n<ul class=\"wp-block-list\"><li>una mayor precisi\u00f3n en la implantaci\u00f3n de la pieza en la rodilla<\/li><li> reducci\u00f3n de la p\u00e9rdida de sangre del paciente<\/li><li> menor da\u00f1o en el f\u00e9mur y la tibia<\/li><li> ahorro de  hueso (necesario para cuando el paciente tenga que recambiar la pr\u00f3tesis)<\/li><li> aceleraci\u00f3n de los procesos de quir\u00f3fano y recuperaci\u00f3n.<\/li><\/ul>\n\n\n\n<p>En Espa\u00f1a, este tipo de cirug\u00eda se ha realizado recientemente en Madrid, Catalu\u00f1a, Arag\u00f3n y Andaluc\u00eda. No obstante, el traumat\u00f3logo del Hospital Recoletas de Cuenca advierte que no se deben sacar conclusiones precipitadas de la efectividad de esta t\u00e9cnica.<\/p>\n\n\n\n<p>\u201c<em>En pr\u00f3tesis articulares, sacar conclusiones a corto plazo no es prudente; hay que esperar al menos entre cinco y diez a\u00f1os para hacer an\u00e1lisis, pero en Alemania y EEUU&nbsp;s\u00ed llevan m\u00e1s tiempo de evoluci\u00f3n y el balance es muy positivo<\/em>\u201d, ha se\u00f1alado.<\/p>\n\n\n\n<p>En cuanto al perfil de quien demanda esta operaci\u00f3n, se trata de personas de entre 65 y 80 a\u00f1os, con artrosis de rodilla por desgaste articular como los m\u00e1s abundantes en n\u00famero, aunque tambi\u00e9n se implantan pr\u00f3tesis en personas m\u00e1s j\u00f3venes.&nbsp;<\/p>\n\n\n\n<p>La pr\u00f3tesis est\u00e1 desarrollada por ConforMIS y comercializada por Medcomtech<strong>. <\/strong>Se precisan dos meses para la fabricaci\u00f3n de la pr\u00f3tesis en Estados Unidos.<\/p>\n","protected":false},"excerpt":{"rendered":"<p>El\u00a0traumat\u00f3logo Oscar Ubaldo Pe\u00f1alba, del Hospital Recoletas Cuenca, es el m\u00e9dico encargado de dirigir esta t\u00e9cnica pionera en Castilla La Mancha. Garantiza la colocaci\u00f3n de una pr\u00f3tesis id\u00e9ntica a la rodilla real del paciente en lugar del implante de fabricaci\u00f3n est\u00e1ndar, sin tener en cuenta las peque\u00f1as diferencias de cada individuo. La t\u00e9cnica, dirigida por [&hellip;]<\/p>\n","protected":false},"author":12,"featured_media":14611,"comment_status":"closed","ping_status":"closed","sticky":false,"template":"","format":"standard","meta":{"_acf_changed":false,"footnotes":""},"categories":[6],"tags":[3131,3130],"class_list":["post-14607","post","type-post","status-publish","format-standard","has-post-thumbnail","hentry","category-cuenca","tag-protesis-de-rodilla","tag-rodilla"],"acf":[],"yoast_head":"<!-- This site is optimized with the Yoast SEO Premium plugin v27.3 (Yoast SEO v27.3) - https:\/\/yoast.com\/product\/yoast-seo-premium-wordpress\/ -->\n<title>Pr\u00f3tesis de rodilla personalizadas por impresora 3D - Noticias Grupo Recoletas<\/title>\n<meta name=\"description\" content=\"Hospital Recoletas Cuenca emplea la colocaci\u00f3n de una pr\u00f3tesis id\u00e9ntica a la rodilla real del paciente, en lugar del implante de fabricaci\u00f3n est\u00e1ndar\" \/>\n<meta name=\"robots\" content=\"index, follow, max-snippet:-1, max-image-preview:large, max-video-preview:-1\" \/>\n<link rel=\"canonical\" href=\"https:\/\/www.gruporecoletas.com\/noticias\/protesis-de-rodilla-personalizadas-por-impresora-3d\/\" \/>\n<meta property=\"og:locale\" content=\"es_ES\" \/>\n<meta property=\"og:type\" content=\"article\" \/>\n<meta property=\"og:title\" content=\"Pr\u00f3tesis de rodilla personalizadas por impresora 3D\" \/>\n<meta property=\"og:description\" content=\"Hospital Recoletas Cuenca emplea la colocaci\u00f3n de una pr\u00f3tesis id\u00e9ntica a la rodilla real del paciente, en lugar del implante de fabricaci\u00f3n est\u00e1ndar\" \/>\n<meta property=\"og:url\" content=\"https:\/\/www.gruporecoletas.com\/noticias\/protesis-de-rodilla-personalizadas-por-impresora-3d\/\" \/>\n<meta property=\"og:site_name\" content=\"Noticias Grupo Recoletas\" \/>\n<meta property=\"article:publisher\" content=\"https:\/\/www.facebook.com\/GrupoRecoletas\/\" \/>\n<meta property=\"article:published_time\" content=\"2021-04-22T09:08:35+00:00\" \/>\n<meta property=\"og:image\" content=\"https:\/\/www.gruporecoletas.com\/noticias\/wp-content\/uploads\/2021\/04\/post-blog-1.jpg\" \/>\n\t<meta property=\"og:image:width\" content=\"1366\" \/>\n\t<meta property=\"og:image:height\" content=\"768\" \/>\n\t<meta property=\"og:image:type\" content=\"image\/jpeg\" \/>\n<meta name=\"author\" content=\"Andrea\" \/>\n<meta name=\"twitter:card\" content=\"summary_large_image\" \/>\n<meta name=\"twitter:creator\" content=\"@GrupoRecoletas\" \/>\n<meta name=\"twitter:site\" content=\"@GrupoRecoletas\" \/>\n<meta name=\"twitter:label1\" content=\"Escrito por\" \/>\n\t<meta name=\"twitter:data1\" content=\"Andrea\" \/>\n\t<meta name=\"twitter:label2\" content=\"Tiempo de lectura\" \/>\n\t<meta name=\"twitter:data2\" content=\"2 minutos\" \/>\n<script type=\"application\/ld+json\" class=\"yoast-schema-graph\">{\"@context\":\"https:\\\/\\\/schema.org\",\"@graph\":[{\"@type\":\"Article\",\"@id\":\"https:\\\/\\\/www.gruporecoletas.com\\\/noticias\\\/protesis-de-rodilla-personalizadas-por-impresora-3d\\\/#article\",\"isPartOf\":{\"@id\":\"https:\\\/\\\/www.gruporecoletas.com\\\/noticias\\\/protesis-de-rodilla-personalizadas-por-impresora-3d\\\/\"},\"author\":{\"name\":\"Andrea\",\"@id\":\"https:\\\/\\\/www.gruporecoletas.com\\\/noticias\\\/#\\\/schema\\\/person\\\/06ae47abe132337b3d64d46e6a153a44\"},\"headline\":\"Pr\u00f3tesis de rodilla personalizadas por impresora 3D\",\"datePublished\":\"2021-04-22T09:08:35+00:00\",\"mainEntityOfPage\":{\"@id\":\"https:\\\/\\\/www.gruporecoletas.com\\\/noticias\\\/protesis-de-rodilla-personalizadas-por-impresora-3d\\\/\"},\"wordCount\":423,\"image\":{\"@id\":\"https:\\\/\\\/www.gruporecoletas.com\\\/noticias\\\/protesis-de-rodilla-personalizadas-por-impresora-3d\\\/#primaryimage\"},\"thumbnailUrl\":\"https:\\\/\\\/www.gruporecoletas.com\\\/noticias\\\/wp-content\\\/uploads\\\/2021\\\/04\\\/post-blog-1.jpg\",\"keywords\":[\"Pr\u00f3tesis de rodilla\",\"rodilla\"],\"articleSection\":[\"Cuenca\"],\"inLanguage\":\"es\"},{\"@type\":\"WebPage\",\"@id\":\"https:\\\/\\\/www.gruporecoletas.com\\\/noticias\\\/protesis-de-rodilla-personalizadas-por-impresora-3d\\\/\",\"url\":\"https:\\\/\\\/www.gruporecoletas.com\\\/noticias\\\/protesis-de-rodilla-personalizadas-por-impresora-3d\\\/\",\"name\":\"Pr\u00f3tesis de rodilla personalizadas por impresora 3D - Noticias Grupo Recoletas\",\"isPartOf\":{\"@id\":\"https:\\\/\\\/www.gruporecoletas.com\\\/noticias\\\/#website\"},\"primaryImageOfPage\":{\"@id\":\"https:\\\/\\\/www.gruporecoletas.com\\\/noticias\\\/protesis-de-rodilla-personalizadas-por-impresora-3d\\\/#primaryimage\"},\"image\":{\"@id\":\"https:\\\/\\\/www.gruporecoletas.com\\\/noticias\\\/protesis-de-rodilla-personalizadas-por-impresora-3d\\\/#primaryimage\"},\"thumbnailUrl\":\"https:\\\/\\\/www.gruporecoletas.com\\\/noticias\\\/wp-content\\\/uploads\\\/2021\\\/04\\\/post-blog-1.jpg\",\"datePublished\":\"2021-04-22T09:08:35+00:00\",\"author\":{\"@id\":\"https:\\\/\\\/www.gruporecoletas.com\\\/noticias\\\/#\\\/schema\\\/person\\\/06ae47abe132337b3d64d46e6a153a44\"},\"description\":\"Hospital Recoletas Cuenca emplea la colocaci\u00f3n de una pr\u00f3tesis id\u00e9ntica a la rodilla real del paciente, en lugar del implante de fabricaci\u00f3n est\u00e1ndar\",\"breadcrumb\":{\"@id\":\"https:\\\/\\\/www.gruporecoletas.com\\\/noticias\\\/protesis-de-rodilla-personalizadas-por-impresora-3d\\\/#breadcrumb\"},\"inLanguage\":\"es\",\"potentialAction\":[{\"@type\":\"ReadAction\",\"target\":[\"https:\\\/\\\/www.gruporecoletas.com\\\/noticias\\\/protesis-de-rodilla-personalizadas-por-impresora-3d\\\/\"]}]},{\"@type\":\"ImageObject\",\"inLanguage\":\"es\",\"@id\":\"https:\\\/\\\/www.gruporecoletas.com\\\/noticias\\\/protesis-de-rodilla-personalizadas-por-impresora-3d\\\/#primaryimage\",\"url\":\"https:\\\/\\\/www.gruporecoletas.com\\\/noticias\\\/wp-content\\\/uploads\\\/2021\\\/04\\\/post-blog-1.jpg\",\"contentUrl\":\"https:\\\/\\\/www.gruporecoletas.com\\\/noticias\\\/wp-content\\\/uploads\\\/2021\\\/04\\\/post-blog-1.jpg\",\"width\":1366,\"height\":768,\"caption\":\"Pr\u00f3tesis de rodilla personalizada. Recoletas Cuenca\"},{\"@type\":\"BreadcrumbList\",\"@id\":\"https:\\\/\\\/www.gruporecoletas.com\\\/noticias\\\/protesis-de-rodilla-personalizadas-por-impresora-3d\\\/#breadcrumb\",\"itemListElement\":[{\"@type\":\"ListItem\",\"position\":1,\"name\":\"Portada\",\"item\":\"https:\\\/\\\/www.gruporecoletas.com\\\/noticias\\\/\"},{\"@type\":\"ListItem\",\"position\":2,\"name\":\"Pr\u00f3tesis de rodilla personalizadas por impresora 3D\"}]},{\"@type\":\"WebSite\",\"@id\":\"https:\\\/\\\/www.gruporecoletas.com\\\/noticias\\\/#website\",\"url\":\"https:\\\/\\\/www.gruporecoletas.com\\\/noticias\\\/\",\"name\":\"Noticias Grupo Recoletas\",\"description\":\"Grupo Recoletas\",\"potentialAction\":[{\"@type\":\"SearchAction\",\"target\":{\"@type\":\"EntryPoint\",\"urlTemplate\":\"https:\\\/\\\/www.gruporecoletas.com\\\/noticias\\\/?s={search_term_string}\"},\"query-input\":{\"@type\":\"PropertyValueSpecification\",\"valueRequired\":true,\"valueName\":\"search_term_string\"}}],\"inLanguage\":\"es\"},{\"@type\":\"Person\",\"@id\":\"https:\\\/\\\/www.gruporecoletas.com\\\/noticias\\\/#\\\/schema\\\/person\\\/06ae47abe132337b3d64d46e6a153a44\",\"name\":\"Andrea\",\"url\":\"https:\\\/\\\/www.gruporecoletas.com\\\/noticias\\\/author\\\/andrea\\\/\"}]}<\/script>\n<!-- \/ Yoast SEO Premium plugin. -->","yoast_head_json":{"title":"Pr\u00f3tesis de rodilla personalizadas por impresora 3D - Noticias Grupo Recoletas","description":"Hospital Recoletas Cuenca emplea la colocaci\u00f3n de una pr\u00f3tesis id\u00e9ntica a la rodilla real del paciente, en lugar del implante de fabricaci\u00f3n est\u00e1ndar","robots":{"index":"index","follow":"follow","max-snippet":"max-snippet:-1","max-image-preview":"max-image-preview:large","max-video-preview":"max-video-preview:-1"},"canonical":"https:\/\/www.gruporecoletas.com\/noticias\/protesis-de-rodilla-personalizadas-por-impresora-3d\/","og_locale":"es_ES","og_type":"article","og_title":"Pr\u00f3tesis de rodilla personalizadas por impresora 3D","og_description":"Hospital Recoletas Cuenca emplea la colocaci\u00f3n de una pr\u00f3tesis id\u00e9ntica a la rodilla real del paciente, en lugar del implante de fabricaci\u00f3n est\u00e1ndar","og_url":"https:\/\/www.gruporecoletas.com\/noticias\/protesis-de-rodilla-personalizadas-por-impresora-3d\/","og_site_name":"Noticias Grupo Recoletas","article_publisher":"https:\/\/www.facebook.com\/GrupoRecoletas\/","article_published_time":"2021-04-22T09:08:35+00:00","og_image":[{"width":1366,"height":768,"url":"https:\/\/www.gruporecoletas.com\/noticias\/wp-content\/uploads\/2021\/04\/post-blog-1.jpg","type":"image\/jpeg"}],"author":"Andrea","twitter_card":"summary_large_image","twitter_creator":"@GrupoRecoletas","twitter_site":"@GrupoRecoletas","twitter_misc":{"Escrito por":"Andrea","Tiempo de lectura":"2 minutos"},"schema":{"@context":"https:\/\/schema.org","@graph":[{"@type":"Article","@id":"https:\/\/www.gruporecoletas.com\/noticias\/protesis-de-rodilla-personalizadas-por-impresora-3d\/#article","isPartOf":{"@id":"https:\/\/www.gruporecoletas.com\/noticias\/protesis-de-rodilla-personalizadas-por-impresora-3d\/"},"author":{"name":"Andrea","@id":"https:\/\/www.gruporecoletas.com\/noticias\/#\/schema\/person\/06ae47abe132337b3d64d46e6a153a44"},"headline":"Pr\u00f3tesis de rodilla personalizadas por impresora 3D","datePublished":"2021-04-22T09:08:35+00:00","mainEntityOfPage":{"@id":"https:\/\/www.gruporecoletas.com\/noticias\/protesis-de-rodilla-personalizadas-por-impresora-3d\/"},"wordCount":423,"image":{"@id":"https:\/\/www.gruporecoletas.com\/noticias\/protesis-de-rodilla-personalizadas-por-impresora-3d\/#primaryimage"},"thumbnailUrl":"https:\/\/www.gruporecoletas.com\/noticias\/wp-content\/uploads\/2021\/04\/post-blog-1.jpg","keywords":["Pr\u00f3tesis de rodilla","rodilla"],"articleSection":["Cuenca"],"inLanguage":"es"},{"@type":"WebPage","@id":"https:\/\/www.gruporecoletas.com\/noticias\/protesis-de-rodilla-personalizadas-por-impresora-3d\/","url":"https:\/\/www.gruporecoletas.com\/noticias\/protesis-de-rodilla-personalizadas-por-impresora-3d\/","name":"Pr\u00f3tesis de rodilla personalizadas por impresora 3D - Noticias Grupo Recoletas","isPartOf":{"@id":"https:\/\/www.gruporecoletas.com\/noticias\/#website"},"primaryImageOfPage":{"@id":"https:\/\/www.gruporecoletas.com\/noticias\/protesis-de-rodilla-personalizadas-por-impresora-3d\/#primaryimage"},"image":{"@id":"https:\/\/www.gruporecoletas.com\/noticias\/protesis-de-rodilla-personalizadas-por-impresora-3d\/#primaryimage"},"thumbnailUrl":"https:\/\/www.gruporecoletas.com\/noticias\/wp-content\/uploads\/2021\/04\/post-blog-1.jpg","datePublished":"2021-04-22T09:08:35+00:00","author":{"@id":"https:\/\/www.gruporecoletas.com\/noticias\/#\/schema\/person\/06ae47abe132337b3d64d46e6a153a44"},"description":"Hospital Recoletas Cuenca emplea la colocaci\u00f3n de una pr\u00f3tesis id\u00e9ntica a la rodilla real del paciente, en lugar del implante de fabricaci\u00f3n est\u00e1ndar","breadcrumb":{"@id":"https:\/\/www.gruporecoletas.com\/noticias\/protesis-de-rodilla-personalizadas-por-impresora-3d\/#breadcrumb"},"inLanguage":"es","potentialAction":[{"@type":"ReadAction","target":["https:\/\/www.gruporecoletas.com\/noticias\/protesis-de-rodilla-personalizadas-por-impresora-3d\/"]}]},{"@type":"ImageObject","inLanguage":"es","@id":"https:\/\/www.gruporecoletas.com\/noticias\/protesis-de-rodilla-personalizadas-por-impresora-3d\/#primaryimage","url":"https:\/\/www.gruporecoletas.com\/noticias\/wp-content\/uploads\/2021\/04\/post-blog-1.jpg","contentUrl":"https:\/\/www.gruporecoletas.com\/noticias\/wp-content\/uploads\/2021\/04\/post-blog-1.jpg","width":1366,"height":768,"caption":"Pr\u00f3tesis de rodilla personalizada. Recoletas Cuenca"},{"@type":"BreadcrumbList","@id":"https:\/\/www.gruporecoletas.com\/noticias\/protesis-de-rodilla-personalizadas-por-impresora-3d\/#breadcrumb","itemListElement":[{"@type":"ListItem","position":1,"name":"Portada","item":"https:\/\/www.gruporecoletas.com\/noticias\/"},{"@type":"ListItem","position":2,"name":"Pr\u00f3tesis de rodilla personalizadas por impresora 3D"}]},{"@type":"WebSite","@id":"https:\/\/www.gruporecoletas.com\/noticias\/#website","url":"https:\/\/www.gruporecoletas.com\/noticias\/","name":"Noticias Grupo Recoletas","description":"Grupo Recoletas","potentialAction":[{"@type":"SearchAction","target":{"@type":"EntryPoint","urlTemplate":"https:\/\/www.gruporecoletas.com\/noticias\/?s={search_term_string}"},"query-input":{"@type":"PropertyValueSpecification","valueRequired":true,"valueName":"search_term_string"}}],"inLanguage":"es"},{"@type":"Person","@id":"https:\/\/www.gruporecoletas.com\/noticias\/#\/schema\/person\/06ae47abe132337b3d64d46e6a153a44","name":"Andrea","url":"https:\/\/www.gruporecoletas.com\/noticias\/author\/andrea\/"}]}},"_links":{"self":[{"href":"https:\/\/www.gruporecoletas.com\/noticias\/wp-json\/wp\/v2\/posts\/14607","targetHints":{"allow":["GET"]}}],"collection":[{"href":"https:\/\/www.gruporecoletas.com\/noticias\/wp-json\/wp\/v2\/posts"}],"about":[{"href":"https:\/\/www.gruporecoletas.com\/noticias\/wp-json\/wp\/v2\/types\/post"}],"author":[{"embeddable":true,"href":"https:\/\/www.gruporecoletas.com\/noticias\/wp-json\/wp\/v2\/users\/12"}],"replies":[{"embeddable":true,"href":"https:\/\/www.gruporecoletas.com\/noticias\/wp-json\/wp\/v2\/comments?post=14607"}],"version-history":[{"count":1,"href":"https:\/\/www.gruporecoletas.com\/noticias\/wp-json\/wp\/v2\/posts\/14607\/revisions"}],"predecessor-version":[{"id":14612,"href":"https:\/\/www.gruporecoletas.com\/noticias\/wp-json\/wp\/v2\/posts\/14607\/revisions\/14612"}],"wp:featuredmedia":[{"embeddable":true,"href":"https:\/\/www.gruporecoletas.com\/noticias\/wp-json\/wp\/v2\/media\/14611"}],"wp:attachment":[{"href":"https:\/\/www.gruporecoletas.com\/noticias\/wp-json\/wp\/v2\/media?parent=14607"}],"wp:term":[{"taxonomy":"category","embeddable":true,"href":"https:\/\/www.gruporecoletas.com\/noticias\/wp-json\/wp\/v2\/categories?post=14607"},{"taxonomy":"post_tag","embeddable":true,"href":"https:\/\/www.gruporecoletas.com\/noticias\/wp-json\/wp\/v2\/tags?post=14607"}],"curies":[{"name":"wp","href":"https:\/\/api.w.org\/{rel}","templated":true}]}}