{"id":14634,"date":"2021-04-14T19:28:00","date_gmt":"2021-04-14T17:28:00","guid":{"rendered":"https:\/\/www.gruporecoletas.com\/noticias\/?p=14634"},"modified":"2021-05-05T15:34:33","modified_gmt":"2021-05-05T13:34:33","slug":"carmen-rodriguez-gerente-de-clinica-ponferrada","status":"publish","type":"post","link":"https:\/\/www.gruporecoletas.com\/noticias\/carmen-rodriguez-gerente-de-clinica-ponferrada\/","title":{"rendered":"Carmen Rodr\u00edguez, gerente de Cl\u00ednica Ponferrada"},"content":{"rendered":"\n<p>Carmen Rodr\u00edguez Berm\u00fadez es la nueva gerente de la Cl\u00ednica Ponferrada, perteneciente al grupo hospitalario <a href=\"https:\/\/www.gruporecoletas.com\/\" target=\"_blank\" rel=\"noreferrer noopener\">Recoletas.<\/a><\/p>\n\n\n\n<h5 class=\"wp-block-heading\"><strong>La cl\u00ednica ha sido adquirida recientemente por el Grupo Recoletas. \u00bfC\u00f3mo est\u00e1 viviendo esta nueva e ilusionante etapa?<\/strong><\/h5>\n\n\n\n<p>Llegu\u00e9 a mediados de noviembre y, desde entonces, han sido semanas, d\u00edas y horas de much\u00edsimo trabajo.  Pero estoy muy satisfecha por la acogida y el apoyo recibido por parte del equipo, de los pacientes y de la poblaci\u00f3n. Ya soy casi una berciana m\u00e1s, encantada de estar aqu\u00ed, en la <a href=\"https:\/\/www.gruporecoletas.com\/noticias\/recoletas-reafirma-su-compromiso-con-ponferrada\/\" target=\"_blank\" rel=\"noreferrer noopener\">Cl\u00ednica Ponferrada<\/a>, y de poder formar parte de esta gran familia.<\/p>\n\n\n\n<p>Adem\u00e1s, me gustar\u00eda mencionar tambi\u00e9n el respaldo de todos mis compa\u00f1eros del resto de hospitales Recoletas y de las personas que trabajan en las oficinas centrales. Nos han ayudado en estas semanas en todo lo que hemos necesitado.<\/p>\n\n\n\n<h5 class=\"wp-block-heading\"><strong>Ya han transcurrido varias semanas desde que est\u00e1 al frente de la Cl\u00ednica Ponferrada, \u00bfqu\u00e9 nos puede decir de ella?<\/strong><\/h5>\n\n\n\n<p>La cl\u00ednica tiene unas instalaciones maravillosas y un equipo humano extraordinario; cuenta con profesionales sanitarios excelentes y con una oferta de salud de calidad. Y, adem\u00e1s de todo ello, tiene previstos importantes proyectos, algunos de los cuales ya est\u00e1n en marcha, para el buen futuro de la cl\u00ednica. Proyectos que nos ilusionan especialmente a todos los que trabajamos aqu\u00ed, gente con muchas ganas de crecer, con muchas ideas y planes de mejora y que, estoy convencida, ser\u00e1n muy bien recibidos tambi\u00e9n por nuestros pacientes y por el conjunto de la sociedad berciana.<\/p>\n\n\n\n<h4 class=\"wp-block-heading\">Futuros proyectos <\/h4>\n\n\n\n<p><strong>\u00bfCu\u00e1les son esos proyectos a los que se refiere y en los que ya est\u00e1n trabajando?<\/strong><\/p>\n\n\n\n<p>Hay proyectos en marcha para mejorar la imagen de la cl\u00ednica. Es cierto que es un edificio espectacular, pero es verdad tambi\u00e9n que requiere de ciertas intervenciones puntuales para la modernizaci\u00f3n y optimizaci\u00f3n de algunos espacios.<\/p>\n\n\n\n<p>De igual modo, estamos trabajando por mejorar la oferta de servicios, incorporando nuevas especialidades y nuevos profesionales. Es una suerte formar parte de un grupo l\u00edder en Sanidad Privada como es el Grupo Recoletas. Su trayectoria de \u00e9xito avala que sean muchos los m\u00e9dicos interesados en sumarse al equipo de Cl\u00ednica Ponferrada. De hecho, en menos de dos meses hemos incorporado al equipo m\u00e9dico profesionales de los servicios de Neurolog\u00eda, Urolog\u00eda, Cirug\u00eda General, Medicina Interna, Psiquiatr\u00eda y Urgencias 24 horas.<\/p>\n\n\n\n<p>Tambi\u00e9n en estas \u00faltimas semanas hemos realizado un importante estudio de mejora del equipamiento actual y de sus necesidades y hemos adquirido nuevo material para el servicio de Endoscopias y de Diagn\u00f3stico. Estamos, adem\u00e1s, ultimando un ambicioso plan de Oftalmolog\u00eda y otro para la creaci\u00f3n de una Unidad Interna en el hospital, con profesionales de prestigio que den cobertura a los pacientes las 24 horas durante los 365 d\u00edas del a\u00f1o.<\/p>\n\n\n\n<h5 class=\"wp-block-heading\"><strong>Recoletas se distingue por colaborar con el tejido social de las ciudades en las que est\u00e1 implantada. \u00bfQu\u00e9 planes tienen al respecto en El Bierzo?<\/strong><\/h5>\n\n\n\n<p>Efectivamente, Recoletas aspira siempre a formar parte importante de las sociedades a las que sirve y en Ponferrada y El Bierzo esa es tambi\u00e9n nuestra intenci\u00f3n. Acabamos de firmar un convenio de patrocinio con el Club de Baloncesto Ciudad de Ponferrada. Creemos que es una gran oportunidad de colaboraci\u00f3n para ambos y que, en concreto, a nosotros nos brinda la ocasi\u00f3n de estar presentes en el deporte de la ciudad, un sector estrechamente vinculado al \u00e1mbito de la salud.<\/p>\n\n\n\n<p>Tenemos tambi\u00e9n previstas otras actuaciones conjuntas con distintas empresas e instituciones y asociaciones de la ciudad. Nuestro prop\u00f3sito es apoyar y aportar nuestro grano de arena para que los bercianos disfruten de una mejor calidad de vida.<\/p>\n","protected":false},"excerpt":{"rendered":"<p>Carmen Rodr\u00edguez Berm\u00fadez es la nueva gerente de la Cl\u00ednica Ponferrada, perteneciente al grupo hospitalario Recoletas. La cl\u00ednica ha sido adquirida recientemente por el Grupo Recoletas. \u00bfC\u00f3mo est\u00e1 viviendo esta nueva e ilusionante etapa? Llegu\u00e9 a mediados de noviembre y, desde entonces, han sido semanas, d\u00edas y horas de much\u00edsimo trabajo. Pero estoy muy satisfecha [&hellip;]<\/p>\n","protected":false},"author":12,"featured_media":14638,"comment_status":"closed","ping_status":"closed","sticky":false,"template":"","format":"standard","meta":{"_acf_changed":false,"footnotes":""},"categories":[1,3091],"tags":[3138,1387,3102],"class_list":["post-14634","post","type-post","status-publish","format-standard","has-post-thumbnail","hentry","category-grupo-recoletas","category-ponferrada","tag-carmen-rodriguez","tag-entrevista","tag-recoletas-salud-23-abril-2021"],"acf":[],"yoast_head":"<!-- This site is optimized with the Yoast SEO Premium plugin v27.3 (Yoast SEO v27.3) - https:\/\/yoast.com\/product\/yoast-seo-premium-wordpress\/ -->\n<title>Carmen Rodr\u00edguez, gerente de Cl\u00ednica Ponferrada - Noticias Grupo Recoletas<\/title>\n<meta name=\"description\" content=\"En este art\u00edculo entrevistamos a Carmen Rodr\u00edguez Berm\u00fadez, la nueva gerente de la Cl\u00ednica Ponferrada, perteneciente al grupo hospitalario Recoletas.\" \/>\n<meta name=\"robots\" content=\"index, follow, max-snippet:-1, max-image-preview:large, max-video-preview:-1\" \/>\n<link rel=\"canonical\" href=\"https:\/\/www.gruporecoletas.com\/noticias\/carmen-rodriguez-gerente-de-clinica-ponferrada\/\" \/>\n<meta property=\"og:locale\" content=\"es_ES\" \/>\n<meta property=\"og:type\" content=\"article\" \/>\n<meta property=\"og:title\" content=\"Carmen Rodr\u00edguez, gerente de Cl\u00ednica Ponferrada\" \/>\n<meta property=\"og:description\" content=\"En este art\u00edculo entrevistamos a Carmen Rodr\u00edguez Berm\u00fadez, la nueva gerente de la Cl\u00ednica Ponferrada, perteneciente al grupo hospitalario Recoletas.\" \/>\n<meta property=\"og:url\" content=\"https:\/\/www.gruporecoletas.com\/noticias\/carmen-rodriguez-gerente-de-clinica-ponferrada\/\" \/>\n<meta property=\"og:site_name\" content=\"Noticias Grupo Recoletas\" \/>\n<meta property=\"article:publisher\" content=\"https:\/\/www.facebook.com\/GrupoRecoletas\/\" \/>\n<meta property=\"article:published_time\" content=\"2021-04-14T17:28:00+00:00\" \/>\n<meta property=\"article:modified_time\" content=\"2021-05-05T13:34:33+00:00\" \/>\n<meta property=\"og:image\" content=\"https:\/\/www.gruporecoletas.com\/noticias\/wp-content\/uploads\/2021\/04\/post-3.jpg\" \/>\n\t<meta property=\"og:image:width\" content=\"1366\" \/>\n\t<meta property=\"og:image:height\" content=\"768\" \/>\n\t<meta property=\"og:image:type\" content=\"image\/jpeg\" \/>\n<meta name=\"author\" content=\"Andrea\" \/>\n<meta name=\"twitter:card\" content=\"summary_large_image\" \/>\n<meta name=\"twitter:creator\" content=\"@GrupoRecoletas\" \/>\n<meta name=\"twitter:site\" content=\"@GrupoRecoletas\" \/>\n<meta name=\"twitter:label1\" content=\"Escrito por\" \/>\n\t<meta name=\"twitter:data1\" content=\"Andrea\" \/>\n\t<meta name=\"twitter:label2\" content=\"Tiempo de lectura\" \/>\n\t<meta name=\"twitter:data2\" content=\"3 minutos\" \/>\n<script type=\"application\/ld+json\" class=\"yoast-schema-graph\">{\"@context\":\"https:\\\/\\\/schema.org\",\"@graph\":[{\"@type\":\"Article\",\"@id\":\"https:\\\/\\\/www.gruporecoletas.com\\\/noticias\\\/carmen-rodriguez-gerente-de-clinica-ponferrada\\\/#article\",\"isPartOf\":{\"@id\":\"https:\\\/\\\/www.gruporecoletas.com\\\/noticias\\\/carmen-rodriguez-gerente-de-clinica-ponferrada\\\/\"},\"author\":{\"name\":\"Andrea\",\"@id\":\"https:\\\/\\\/www.gruporecoletas.com\\\/noticias\\\/#\\\/schema\\\/person\\\/06ae47abe132337b3d64d46e6a153a44\"},\"headline\":\"Carmen Rodr\u00edguez, gerente de Cl\u00ednica Ponferrada\",\"datePublished\":\"2021-04-14T17:28:00+00:00\",\"dateModified\":\"2021-05-05T13:34:33+00:00\",\"mainEntityOfPage\":{\"@id\":\"https:\\\/\\\/www.gruporecoletas.com\\\/noticias\\\/carmen-rodriguez-gerente-de-clinica-ponferrada\\\/\"},\"wordCount\":645,\"image\":{\"@id\":\"https:\\\/\\\/www.gruporecoletas.com\\\/noticias\\\/carmen-rodriguez-gerente-de-clinica-ponferrada\\\/#primaryimage\"},\"thumbnailUrl\":\"https:\\\/\\\/www.gruporecoletas.com\\\/noticias\\\/wp-content\\\/uploads\\\/2021\\\/04\\\/post-3.jpg\",\"keywords\":[\"Carmen Rodr\u00edguez\",\"Entrevista\",\"Recoletas Salud N\u00ba23 \u2013 Abril 2021\"],\"articleSection\":[\"Grupo Recoletas\",\"Ponferrada\"],\"inLanguage\":\"es\"},{\"@type\":\"WebPage\",\"@id\":\"https:\\\/\\\/www.gruporecoletas.com\\\/noticias\\\/carmen-rodriguez-gerente-de-clinica-ponferrada\\\/\",\"url\":\"https:\\\/\\\/www.gruporecoletas.com\\\/noticias\\\/carmen-rodriguez-gerente-de-clinica-ponferrada\\\/\",\"name\":\"Carmen Rodr\u00edguez, gerente de Cl\u00ednica Ponferrada - Noticias Grupo Recoletas\",\"isPartOf\":{\"@id\":\"https:\\\/\\\/www.gruporecoletas.com\\\/noticias\\\/#website\"},\"primaryImageOfPage\":{\"@id\":\"https:\\\/\\\/www.gruporecoletas.com\\\/noticias\\\/carmen-rodriguez-gerente-de-clinica-ponferrada\\\/#primaryimage\"},\"image\":{\"@id\":\"https:\\\/\\\/www.gruporecoletas.com\\\/noticias\\\/carmen-rodriguez-gerente-de-clinica-ponferrada\\\/#primaryimage\"},\"thumbnailUrl\":\"https:\\\/\\\/www.gruporecoletas.com\\\/noticias\\\/wp-content\\\/uploads\\\/2021\\\/04\\\/post-3.jpg\",\"datePublished\":\"2021-04-14T17:28:00+00:00\",\"dateModified\":\"2021-05-05T13:34:33+00:00\",\"author\":{\"@id\":\"https:\\\/\\\/www.gruporecoletas.com\\\/noticias\\\/#\\\/schema\\\/person\\\/06ae47abe132337b3d64d46e6a153a44\"},\"description\":\"En este art\u00edculo entrevistamos a Carmen Rodr\u00edguez Berm\u00fadez, la nueva gerente de la Cl\u00ednica Ponferrada, perteneciente al grupo hospitalario Recoletas.\",\"breadcrumb\":{\"@id\":\"https:\\\/\\\/www.gruporecoletas.com\\\/noticias\\\/carmen-rodriguez-gerente-de-clinica-ponferrada\\\/#breadcrumb\"},\"inLanguage\":\"es\",\"potentialAction\":[{\"@type\":\"ReadAction\",\"target\":[\"https:\\\/\\\/www.gruporecoletas.com\\\/noticias\\\/carmen-rodriguez-gerente-de-clinica-ponferrada\\\/\"]}]},{\"@type\":\"ImageObject\",\"inLanguage\":\"es\",\"@id\":\"https:\\\/\\\/www.gruporecoletas.com\\\/noticias\\\/carmen-rodriguez-gerente-de-clinica-ponferrada\\\/#primaryimage\",\"url\":\"https:\\\/\\\/www.gruporecoletas.com\\\/noticias\\\/wp-content\\\/uploads\\\/2021\\\/04\\\/post-3.jpg\",\"contentUrl\":\"https:\\\/\\\/www.gruporecoletas.com\\\/noticias\\\/wp-content\\\/uploads\\\/2021\\\/04\\\/post-3.jpg\",\"width\":1366,\"height\":768,\"caption\":\"Entrevista a Carmen Rodr\u00edguez. Cl\u00ednica Ponferrada\"},{\"@type\":\"BreadcrumbList\",\"@id\":\"https:\\\/\\\/www.gruporecoletas.com\\\/noticias\\\/carmen-rodriguez-gerente-de-clinica-ponferrada\\\/#breadcrumb\",\"itemListElement\":[{\"@type\":\"ListItem\",\"position\":1,\"name\":\"Portada\",\"item\":\"https:\\\/\\\/www.gruporecoletas.com\\\/noticias\\\/\"},{\"@type\":\"ListItem\",\"position\":2,\"name\":\"Carmen Rodr\u00edguez, gerente de Cl\u00ednica Ponferrada\"}]},{\"@type\":\"WebSite\",\"@id\":\"https:\\\/\\\/www.gruporecoletas.com\\\/noticias\\\/#website\",\"url\":\"https:\\\/\\\/www.gruporecoletas.com\\\/noticias\\\/\",\"name\":\"Noticias Grupo Recoletas\",\"description\":\"Grupo Recoletas\",\"potentialAction\":[{\"@type\":\"SearchAction\",\"target\":{\"@type\":\"EntryPoint\",\"urlTemplate\":\"https:\\\/\\\/www.gruporecoletas.com\\\/noticias\\\/?s={search_term_string}\"},\"query-input\":{\"@type\":\"PropertyValueSpecification\",\"valueRequired\":true,\"valueName\":\"search_term_string\"}}],\"inLanguage\":\"es\"},{\"@type\":\"Person\",\"@id\":\"https:\\\/\\\/www.gruporecoletas.com\\\/noticias\\\/#\\\/schema\\\/person\\\/06ae47abe132337b3d64d46e6a153a44\",\"name\":\"Andrea\",\"url\":\"https:\\\/\\\/www.gruporecoletas.com\\\/noticias\\\/author\\\/andrea\\\/\"}]}<\/script>\n<!-- \/ Yoast SEO Premium plugin. -->","yoast_head_json":{"title":"Carmen Rodr\u00edguez, gerente de Cl\u00ednica Ponferrada - Noticias Grupo Recoletas","description":"En este art\u00edculo entrevistamos a Carmen Rodr\u00edguez Berm\u00fadez, la nueva gerente de la Cl\u00ednica Ponferrada, perteneciente al grupo hospitalario Recoletas.","robots":{"index":"index","follow":"follow","max-snippet":"max-snippet:-1","max-image-preview":"max-image-preview:large","max-video-preview":"max-video-preview:-1"},"canonical":"https:\/\/www.gruporecoletas.com\/noticias\/carmen-rodriguez-gerente-de-clinica-ponferrada\/","og_locale":"es_ES","og_type":"article","og_title":"Carmen Rodr\u00edguez, gerente de Cl\u00ednica Ponferrada","og_description":"En este art\u00edculo entrevistamos a Carmen Rodr\u00edguez Berm\u00fadez, la nueva gerente de la Cl\u00ednica Ponferrada, perteneciente al grupo hospitalario Recoletas.","og_url":"https:\/\/www.gruporecoletas.com\/noticias\/carmen-rodriguez-gerente-de-clinica-ponferrada\/","og_site_name":"Noticias Grupo Recoletas","article_publisher":"https:\/\/www.facebook.com\/GrupoRecoletas\/","article_published_time":"2021-04-14T17:28:00+00:00","article_modified_time":"2021-05-05T13:34:33+00:00","og_image":[{"width":1366,"height":768,"url":"https:\/\/www.gruporecoletas.com\/noticias\/wp-content\/uploads\/2021\/04\/post-3.jpg","type":"image\/jpeg"}],"author":"Andrea","twitter_card":"summary_large_image","twitter_creator":"@GrupoRecoletas","twitter_site":"@GrupoRecoletas","twitter_misc":{"Escrito por":"Andrea","Tiempo de lectura":"3 minutos"},"schema":{"@context":"https:\/\/schema.org","@graph":[{"@type":"Article","@id":"https:\/\/www.gruporecoletas.com\/noticias\/carmen-rodriguez-gerente-de-clinica-ponferrada\/#article","isPartOf":{"@id":"https:\/\/www.gruporecoletas.com\/noticias\/carmen-rodriguez-gerente-de-clinica-ponferrada\/"},"author":{"name":"Andrea","@id":"https:\/\/www.gruporecoletas.com\/noticias\/#\/schema\/person\/06ae47abe132337b3d64d46e6a153a44"},"headline":"Carmen Rodr\u00edguez, gerente de Cl\u00ednica Ponferrada","datePublished":"2021-04-14T17:28:00+00:00","dateModified":"2021-05-05T13:34:33+00:00","mainEntityOfPage":{"@id":"https:\/\/www.gruporecoletas.com\/noticias\/carmen-rodriguez-gerente-de-clinica-ponferrada\/"},"wordCount":645,"image":{"@id":"https:\/\/www.gruporecoletas.com\/noticias\/carmen-rodriguez-gerente-de-clinica-ponferrada\/#primaryimage"},"thumbnailUrl":"https:\/\/www.gruporecoletas.com\/noticias\/wp-content\/uploads\/2021\/04\/post-3.jpg","keywords":["Carmen Rodr\u00edguez","Entrevista","Recoletas Salud N\u00ba23 \u2013 Abril 2021"],"articleSection":["Grupo Recoletas","Ponferrada"],"inLanguage":"es"},{"@type":"WebPage","@id":"https:\/\/www.gruporecoletas.com\/noticias\/carmen-rodriguez-gerente-de-clinica-ponferrada\/","url":"https:\/\/www.gruporecoletas.com\/noticias\/carmen-rodriguez-gerente-de-clinica-ponferrada\/","name":"Carmen Rodr\u00edguez, gerente de Cl\u00ednica Ponferrada - Noticias Grupo Recoletas","isPartOf":{"@id":"https:\/\/www.gruporecoletas.com\/noticias\/#website"},"primaryImageOfPage":{"@id":"https:\/\/www.gruporecoletas.com\/noticias\/carmen-rodriguez-gerente-de-clinica-ponferrada\/#primaryimage"},"image":{"@id":"https:\/\/www.gruporecoletas.com\/noticias\/carmen-rodriguez-gerente-de-clinica-ponferrada\/#primaryimage"},"thumbnailUrl":"https:\/\/www.gruporecoletas.com\/noticias\/wp-content\/uploads\/2021\/04\/post-3.jpg","datePublished":"2021-04-14T17:28:00+00:00","dateModified":"2021-05-05T13:34:33+00:00","author":{"@id":"https:\/\/www.gruporecoletas.com\/noticias\/#\/schema\/person\/06ae47abe132337b3d64d46e6a153a44"},"description":"En este art\u00edculo entrevistamos a Carmen Rodr\u00edguez Berm\u00fadez, la nueva gerente de la Cl\u00ednica Ponferrada, perteneciente al grupo hospitalario Recoletas.","breadcrumb":{"@id":"https:\/\/www.gruporecoletas.com\/noticias\/carmen-rodriguez-gerente-de-clinica-ponferrada\/#breadcrumb"},"inLanguage":"es","potentialAction":[{"@type":"ReadAction","target":["https:\/\/www.gruporecoletas.com\/noticias\/carmen-rodriguez-gerente-de-clinica-ponferrada\/"]}]},{"@type":"ImageObject","inLanguage":"es","@id":"https:\/\/www.gruporecoletas.com\/noticias\/carmen-rodriguez-gerente-de-clinica-ponferrada\/#primaryimage","url":"https:\/\/www.gruporecoletas.com\/noticias\/wp-content\/uploads\/2021\/04\/post-3.jpg","contentUrl":"https:\/\/www.gruporecoletas.com\/noticias\/wp-content\/uploads\/2021\/04\/post-3.jpg","width":1366,"height":768,"caption":"Entrevista a Carmen Rodr\u00edguez. Cl\u00ednica Ponferrada"},{"@type":"BreadcrumbList","@id":"https:\/\/www.gruporecoletas.com\/noticias\/carmen-rodriguez-gerente-de-clinica-ponferrada\/#breadcrumb","itemListElement":[{"@type":"ListItem","position":1,"name":"Portada","item":"https:\/\/www.gruporecoletas.com\/noticias\/"},{"@type":"ListItem","position":2,"name":"Carmen Rodr\u00edguez, gerente de Cl\u00ednica Ponferrada"}]},{"@type":"WebSite","@id":"https:\/\/www.gruporecoletas.com\/noticias\/#website","url":"https:\/\/www.gruporecoletas.com\/noticias\/","name":"Noticias Grupo Recoletas","description":"Grupo Recoletas","potentialAction":[{"@type":"SearchAction","target":{"@type":"EntryPoint","urlTemplate":"https:\/\/www.gruporecoletas.com\/noticias\/?s={search_term_string}"},"query-input":{"@type":"PropertyValueSpecification","valueRequired":true,"valueName":"search_term_string"}}],"inLanguage":"es"},{"@type":"Person","@id":"https:\/\/www.gruporecoletas.com\/noticias\/#\/schema\/person\/06ae47abe132337b3d64d46e6a153a44","name":"Andrea","url":"https:\/\/www.gruporecoletas.com\/noticias\/author\/andrea\/"}]}},"_links":{"self":[{"href":"https:\/\/www.gruporecoletas.com\/noticias\/wp-json\/wp\/v2\/posts\/14634","targetHints":{"allow":["GET"]}}],"collection":[{"href":"https:\/\/www.gruporecoletas.com\/noticias\/wp-json\/wp\/v2\/posts"}],"about":[{"href":"https:\/\/www.gruporecoletas.com\/noticias\/wp-json\/wp\/v2\/types\/post"}],"author":[{"embeddable":true,"href":"https:\/\/www.gruporecoletas.com\/noticias\/wp-json\/wp\/v2\/users\/12"}],"replies":[{"embeddable":true,"href":"https:\/\/www.gruporecoletas.com\/noticias\/wp-json\/wp\/v2\/comments?post=14634"}],"version-history":[{"count":2,"href":"https:\/\/www.gruporecoletas.com\/noticias\/wp-json\/wp\/v2\/posts\/14634\/revisions"}],"predecessor-version":[{"id":14639,"href":"https:\/\/www.gruporecoletas.com\/noticias\/wp-json\/wp\/v2\/posts\/14634\/revisions\/14639"}],"wp:featuredmedia":[{"embeddable":true,"href":"https:\/\/www.gruporecoletas.com\/noticias\/wp-json\/wp\/v2\/media\/14638"}],"wp:attachment":[{"href":"https:\/\/www.gruporecoletas.com\/noticias\/wp-json\/wp\/v2\/media?parent=14634"}],"wp:term":[{"taxonomy":"category","embeddable":true,"href":"https:\/\/www.gruporecoletas.com\/noticias\/wp-json\/wp\/v2\/categories?post=14634"},{"taxonomy":"post_tag","embeddable":true,"href":"https:\/\/www.gruporecoletas.com\/noticias\/wp-json\/wp\/v2\/tags?post=14634"}],"curies":[{"name":"wp","href":"https:\/\/api.w.org\/{rel}","templated":true}]}}