{"id":14666,"date":"2021-05-25T10:14:20","date_gmt":"2021-05-25T08:14:20","guid":{"rendered":"https:\/\/www.gruporecoletas.com\/noticias\/?p=14666"},"modified":"2021-05-25T10:14:22","modified_gmt":"2021-05-25T08:14:22","slug":"clinica-ponferrada-cuenta-con-una-unidad-de-la-mama","status":"publish","type":"post","link":"https:\/\/www.gruporecoletas.com\/noticias\/clinica-ponferrada-cuenta-con-una-unidad-de-la-mama\/","title":{"rendered":"Cl\u00ednica Ponferrada cuenta con una Unidad de la Mama"},"content":{"rendered":"\n<p class=\"has-text-align-center\"><strong><em>El equipo est\u00e1 dirigido por el Dr. Gonz\u00e1lez Crespo y cuenta con la tecnolog\u00eda m\u00e1s avanzada para la prevenci\u00f3n y el tratamiento de todas las patolog\u00edas<\/em><\/strong><\/p>\n\n\n\n<p>Cl\u00ednica Ponferrada ha puesto en marcha una <a href=\"https:\/\/www.gruporecoletas.com\/centros-medicos\/unidad-mujer-recoletas\/unidades\/unidad-de-mama\/\" target=\"_blank\" rel=\"noreferrer noopener\">Unidad de la Mama<\/a> con el objetivo de garantizar un tratamiento integral, r\u00e1pido y adecuado de cualquier patolog\u00eda de la mama. Dicha unidad est\u00e1 dirigida por Dr. Gonz\u00e1lez Crespo (Cirujano General), que est\u00e1 apoyado por sus compa\u00f1eros de servicio la Dra. De Paz (Cirujano General) y el Dr. Cabrera (Cirujano General). Adem\u00e1s, existe una estrecha coordinaci\u00f3n con profesionales de otras especialidades como radiolog\u00eda, ginecolog\u00eda, cirug\u00eda pl\u00e1stica, medicina nuclear, etc. <\/p>\n\n\n\n<p>El Dr. Gonz\u00e1lez Crespo ha explicado que la <a href=\"http:\/\/www.clinicaponferrada.es\/\" target=\"_blank\" rel=\"noreferrer noopener\">Cl\u00ednica Ponferrada<\/a> cuenta con los medios tecnol\u00f3gicos de imagen m\u00e1s avanzados para conseguir un diagn\u00f3stico r\u00e1pido y fiable. En concreto, cuenta con una mamograf\u00eda digital con tomos\u00edntesis, que ofrece una menor radiaci\u00f3n y permite detectar lesiones de manera m\u00e1s precoz y con mayor resoluci\u00f3n que la mamograf\u00eda convencional.<\/p>\n\n\n\n<p>Cuenta tambi\u00e9n con una ecograf\u00eda de alta resoluci\u00f3n y doppler, capaz de diferenciar distintos tipos de lesiones y realizar biopsias guiadas; una resonancia magn\u00e9tica mamaria, de especial utilidad en lesiones sospechosas y pacientes de alto riesgo, muy \u00fatil en el seguimiento en pacientes portadores de pr\u00f3tesis ya intervenidos con cirug\u00eda conservadora y un TAC para la realizaci\u00f3n de estudios de extensi\u00f3n.<\/p>\n\n\n\n<h4 class=\"wp-block-heading\">M\u00e1s equipamiento <\/h4>\n\n\n\n<p>Por su parte, el laboratorio, el servicio de anatom\u00eda patol\u00f3gica y el servicio de medicina nuclear disponen tambi\u00e9n de los medios m\u00e1s modernos para llegar a un diagn\u00f3stico exacto con capacidad de determinar factores pron\u00f3stico, ya que \u201c<em>s\u00f3lo de esta manera se consigue un tratamiento individualizado para cada paciente\u201d<\/em>, ha se\u00f1alado el Dr. Gonz\u00e1lez Crespo.<\/p>\n\n\n\n<p>Entre los medios que dispone la Cl\u00ednica Ponferrada al respecto destaca la Anatom\u00eda Patol\u00f3gica Preoperatoria, intraoperatoria y diferida; la Inmunohistiqu\u00edmica, que informa de las caracter\u00edsticas de las c\u00e9lulas que permitir\u00e1n un tratamiento m\u00e1s personalizado; Estudios Moleculares para determinar el riesgo de reca\u00edda, permitiendo programar las revisiones y controles necesarios; Estudios Gen\u00e9ticos indicados para pacientes con antecedentes familiares de c\u00e1ncer de mama y Ganglio Centinela que permite analizar la afectaci\u00f3n axilar durante el mismo acto quir\u00fargico, evitando al paciente una nueva intervenci\u00f3n.<\/p>\n\n\n\n<p>Gracias todo esto, a\u00f1adi\u00f3 el Dr. Gonz\u00e1lez Crespo, \u201c<em>conseguimos cumplir nuestro objetivo de prevenir, diagnosticar y tratar, de una manera r\u00e1pida, precoz, personalizada y efectiva cualquier patolog\u00eda de la mama, tanto benignas como malignas, y que puedan afectar tanto a hombres como a mujeres\u201d<\/em>.<\/p>\n\n\n\n<h4 class=\"wp-block-heading\">Los datos m\u00e1s recientes<\/h4>\n\n\n\n<p><u>El c\u00e1ncer de mama es la primera causa de muerte por c\u00e1ncer entre la poblaci\u00f3n femenina<\/u><\/p>\n\n\n\n<p>Hoy d\u00eda la patolog\u00eda de la mama es una de las consultas m\u00e9dicas m\u00e1s frecuentes y de las que genera m\u00e1s miedo y ansiedad a las mujeres; aunque la mayor\u00eda de enfermedades de la mama son benignas, es cierto que la incidencia en nuestro medio del c\u00e1ncer de mama est\u00e1 por encima del 8%, siendo el tumor m\u00e1s frecuente del sexo femenino, lo que implica que una de cada ocho mujeres presenta riesgo de padecer c\u00e1ncer de mama.<\/p>\n\n\n\n<p>Los nuevos tratamientos y los \u00faltimos avances tecnol\u00f3gicos est\u00e1n permitiendo obtener unas tasas de supervivencia global superiores al 80%, es decir que 4 de cada 5 mujeres afectadas por un c\u00e1ncer de mama quedar\u00e1n libres de enfermedad. Pero para ello resulta fundamental un diagn\u00f3stico precoz, centrado en programas de cribado; y un tratamiento individualizado de las pacientes.<\/p>\n\n\n\n<p>Desde la Unidad de Mama de Cl\u00ednica Ponferrada se recomienda a todas las mujeres mayores de 45 a\u00f1os llevar un programa de cribado.<\/p>\n","protected":false},"excerpt":{"rendered":"<p>El equipo est\u00e1 dirigido por el Dr. Gonz\u00e1lez Crespo y cuenta con la tecnolog\u00eda m\u00e1s avanzada para la prevenci\u00f3n y el tratamiento de todas las patolog\u00edas Cl\u00ednica Ponferrada ha puesto en marcha una Unidad de la Mama con el objetivo de garantizar un tratamiento integral, r\u00e1pido y adecuado de cualquier patolog\u00eda de la mama. Dicha [&hellip;]<\/p>\n","protected":false},"author":12,"featured_media":14667,"comment_status":"closed","ping_status":"closed","sticky":false,"template":"","format":"standard","meta":{"_acf_changed":false,"footnotes":""},"categories":[3091],"tags":[3144],"class_list":["post-14666","post","type-post","status-publish","format-standard","has-post-thumbnail","hentry","category-ponferrada","tag-unidad-de-mama"],"acf":[],"yoast_head":"<!-- This site is optimized with the Yoast SEO Premium plugin v27.3 (Yoast SEO v27.3) - https:\/\/yoast.com\/product\/yoast-seo-premium-wordpress\/ -->\n<title>Cl\u00ednica Ponferrada cuenta con una Unidad de la Mama - Noticias Grupo Recoletas<\/title>\n<meta name=\"description\" content=\"Cl\u00ednica Ponferrada ha puesto en marcha una Unidad de la Mama con el objetivo de garantizar un tratamiento integral, r\u00e1pido y adecuado de cualquier patolog\u00eda\" \/>\n<meta name=\"robots\" content=\"index, follow, max-snippet:-1, max-image-preview:large, max-video-preview:-1\" \/>\n<link rel=\"canonical\" href=\"https:\/\/www.gruporecoletas.com\/noticias\/clinica-ponferrada-cuenta-con-una-unidad-de-la-mama\/\" \/>\n<meta property=\"og:locale\" content=\"es_ES\" \/>\n<meta property=\"og:type\" content=\"article\" \/>\n<meta property=\"og:title\" content=\"Cl\u00ednica Ponferrada cuenta con una Unidad de la Mama\" \/>\n<meta property=\"og:description\" content=\"Cl\u00ednica Ponferrada ha puesto en marcha una Unidad de la Mama con el objetivo de garantizar un tratamiento integral, r\u00e1pido y adecuado de cualquier patolog\u00eda\" \/>\n<meta property=\"og:url\" content=\"https:\/\/www.gruporecoletas.com\/noticias\/clinica-ponferrada-cuenta-con-una-unidad-de-la-mama\/\" \/>\n<meta property=\"og:site_name\" content=\"Noticias Grupo Recoletas\" \/>\n<meta property=\"article:publisher\" content=\"https:\/\/www.facebook.com\/GrupoRecoletas\/\" \/>\n<meta property=\"article:published_time\" content=\"2021-05-25T08:14:20+00:00\" \/>\n<meta property=\"article:modified_time\" content=\"2021-05-25T08:14:22+00:00\" \/>\n<meta property=\"og:image\" content=\"https:\/\/www.gruporecoletas.com\/noticias\/wp-content\/uploads\/2021\/05\/post-1.jpg\" \/>\n\t<meta property=\"og:image:width\" content=\"1366\" \/>\n\t<meta property=\"og:image:height\" content=\"768\" \/>\n\t<meta property=\"og:image:type\" content=\"image\/jpeg\" \/>\n<meta name=\"author\" content=\"Andrea\" \/>\n<meta name=\"twitter:card\" content=\"summary_large_image\" \/>\n<meta name=\"twitter:creator\" content=\"@GrupoRecoletas\" \/>\n<meta name=\"twitter:site\" content=\"@GrupoRecoletas\" \/>\n<meta name=\"twitter:label1\" content=\"Escrito por\" \/>\n\t<meta name=\"twitter:data1\" content=\"Andrea\" \/>\n\t<meta name=\"twitter:label2\" content=\"Tiempo de lectura\" \/>\n\t<meta name=\"twitter:data2\" content=\"3 minutos\" \/>\n<script type=\"application\/ld+json\" class=\"yoast-schema-graph\">{\"@context\":\"https:\\\/\\\/schema.org\",\"@graph\":[{\"@type\":\"Article\",\"@id\":\"https:\\\/\\\/www.gruporecoletas.com\\\/noticias\\\/clinica-ponferrada-cuenta-con-una-unidad-de-la-mama\\\/#article\",\"isPartOf\":{\"@id\":\"https:\\\/\\\/www.gruporecoletas.com\\\/noticias\\\/clinica-ponferrada-cuenta-con-una-unidad-de-la-mama\\\/\"},\"author\":{\"name\":\"Andrea\",\"@id\":\"https:\\\/\\\/www.gruporecoletas.com\\\/noticias\\\/#\\\/schema\\\/person\\\/06ae47abe132337b3d64d46e6a153a44\"},\"headline\":\"Cl\u00ednica Ponferrada cuenta con una Unidad de la Mama\",\"datePublished\":\"2021-05-25T08:14:20+00:00\",\"dateModified\":\"2021-05-25T08:14:22+00:00\",\"mainEntityOfPage\":{\"@id\":\"https:\\\/\\\/www.gruporecoletas.com\\\/noticias\\\/clinica-ponferrada-cuenta-con-una-unidad-de-la-mama\\\/\"},\"wordCount\":668,\"image\":{\"@id\":\"https:\\\/\\\/www.gruporecoletas.com\\\/noticias\\\/clinica-ponferrada-cuenta-con-una-unidad-de-la-mama\\\/#primaryimage\"},\"thumbnailUrl\":\"https:\\\/\\\/www.gruporecoletas.com\\\/noticias\\\/wp-content\\\/uploads\\\/2021\\\/05\\\/post-1.jpg\",\"keywords\":[\"Unidad de mama\"],\"articleSection\":[\"Ponferrada\"],\"inLanguage\":\"es\"},{\"@type\":\"WebPage\",\"@id\":\"https:\\\/\\\/www.gruporecoletas.com\\\/noticias\\\/clinica-ponferrada-cuenta-con-una-unidad-de-la-mama\\\/\",\"url\":\"https:\\\/\\\/www.gruporecoletas.com\\\/noticias\\\/clinica-ponferrada-cuenta-con-una-unidad-de-la-mama\\\/\",\"name\":\"Cl\u00ednica Ponferrada cuenta con una Unidad de la Mama - Noticias Grupo Recoletas\",\"isPartOf\":{\"@id\":\"https:\\\/\\\/www.gruporecoletas.com\\\/noticias\\\/#website\"},\"primaryImageOfPage\":{\"@id\":\"https:\\\/\\\/www.gruporecoletas.com\\\/noticias\\\/clinica-ponferrada-cuenta-con-una-unidad-de-la-mama\\\/#primaryimage\"},\"image\":{\"@id\":\"https:\\\/\\\/www.gruporecoletas.com\\\/noticias\\\/clinica-ponferrada-cuenta-con-una-unidad-de-la-mama\\\/#primaryimage\"},\"thumbnailUrl\":\"https:\\\/\\\/www.gruporecoletas.com\\\/noticias\\\/wp-content\\\/uploads\\\/2021\\\/05\\\/post-1.jpg\",\"datePublished\":\"2021-05-25T08:14:20+00:00\",\"dateModified\":\"2021-05-25T08:14:22+00:00\",\"author\":{\"@id\":\"https:\\\/\\\/www.gruporecoletas.com\\\/noticias\\\/#\\\/schema\\\/person\\\/06ae47abe132337b3d64d46e6a153a44\"},\"description\":\"Cl\u00ednica Ponferrada ha puesto en marcha una Unidad de la Mama con el objetivo de garantizar un tratamiento integral, r\u00e1pido y adecuado de cualquier patolog\u00eda\",\"breadcrumb\":{\"@id\":\"https:\\\/\\\/www.gruporecoletas.com\\\/noticias\\\/clinica-ponferrada-cuenta-con-una-unidad-de-la-mama\\\/#breadcrumb\"},\"inLanguage\":\"es\",\"potentialAction\":[{\"@type\":\"ReadAction\",\"target\":[\"https:\\\/\\\/www.gruporecoletas.com\\\/noticias\\\/clinica-ponferrada-cuenta-con-una-unidad-de-la-mama\\\/\"]}]},{\"@type\":\"ImageObject\",\"inLanguage\":\"es\",\"@id\":\"https:\\\/\\\/www.gruporecoletas.com\\\/noticias\\\/clinica-ponferrada-cuenta-con-una-unidad-de-la-mama\\\/#primaryimage\",\"url\":\"https:\\\/\\\/www.gruporecoletas.com\\\/noticias\\\/wp-content\\\/uploads\\\/2021\\\/05\\\/post-1.jpg\",\"contentUrl\":\"https:\\\/\\\/www.gruporecoletas.com\\\/noticias\\\/wp-content\\\/uploads\\\/2021\\\/05\\\/post-1.jpg\",\"width\":1366,\"height\":768,\"caption\":\"Nueva Unidad de la mama en Cl\u00ednica Ponferrada. Grupo Recoletas\"},{\"@type\":\"BreadcrumbList\",\"@id\":\"https:\\\/\\\/www.gruporecoletas.com\\\/noticias\\\/clinica-ponferrada-cuenta-con-una-unidad-de-la-mama\\\/#breadcrumb\",\"itemListElement\":[{\"@type\":\"ListItem\",\"position\":1,\"name\":\"Portada\",\"item\":\"https:\\\/\\\/www.gruporecoletas.com\\\/noticias\\\/\"},{\"@type\":\"ListItem\",\"position\":2,\"name\":\"Cl\u00ednica Ponferrada cuenta con una Unidad de la Mama\"}]},{\"@type\":\"WebSite\",\"@id\":\"https:\\\/\\\/www.gruporecoletas.com\\\/noticias\\\/#website\",\"url\":\"https:\\\/\\\/www.gruporecoletas.com\\\/noticias\\\/\",\"name\":\"Noticias Grupo Recoletas\",\"description\":\"Grupo Recoletas\",\"potentialAction\":[{\"@type\":\"SearchAction\",\"target\":{\"@type\":\"EntryPoint\",\"urlTemplate\":\"https:\\\/\\\/www.gruporecoletas.com\\\/noticias\\\/?s={search_term_string}\"},\"query-input\":{\"@type\":\"PropertyValueSpecification\",\"valueRequired\":true,\"valueName\":\"search_term_string\"}}],\"inLanguage\":\"es\"},{\"@type\":\"Person\",\"@id\":\"https:\\\/\\\/www.gruporecoletas.com\\\/noticias\\\/#\\\/schema\\\/person\\\/06ae47abe132337b3d64d46e6a153a44\",\"name\":\"Andrea\",\"url\":\"https:\\\/\\\/www.gruporecoletas.com\\\/noticias\\\/author\\\/andrea\\\/\"}]}<\/script>\n<!-- \/ Yoast SEO Premium plugin. -->","yoast_head_json":{"title":"Cl\u00ednica Ponferrada cuenta con una Unidad de la Mama - Noticias Grupo Recoletas","description":"Cl\u00ednica Ponferrada ha puesto en marcha una Unidad de la Mama con el objetivo de garantizar un tratamiento integral, r\u00e1pido y adecuado de cualquier patolog\u00eda","robots":{"index":"index","follow":"follow","max-snippet":"max-snippet:-1","max-image-preview":"max-image-preview:large","max-video-preview":"max-video-preview:-1"},"canonical":"https:\/\/www.gruporecoletas.com\/noticias\/clinica-ponferrada-cuenta-con-una-unidad-de-la-mama\/","og_locale":"es_ES","og_type":"article","og_title":"Cl\u00ednica Ponferrada cuenta con una Unidad de la Mama","og_description":"Cl\u00ednica Ponferrada ha puesto en marcha una Unidad de la Mama con el objetivo de garantizar un tratamiento integral, r\u00e1pido y adecuado de cualquier patolog\u00eda","og_url":"https:\/\/www.gruporecoletas.com\/noticias\/clinica-ponferrada-cuenta-con-una-unidad-de-la-mama\/","og_site_name":"Noticias Grupo Recoletas","article_publisher":"https:\/\/www.facebook.com\/GrupoRecoletas\/","article_published_time":"2021-05-25T08:14:20+00:00","article_modified_time":"2021-05-25T08:14:22+00:00","og_image":[{"width":1366,"height":768,"url":"https:\/\/www.gruporecoletas.com\/noticias\/wp-content\/uploads\/2021\/05\/post-1.jpg","type":"image\/jpeg"}],"author":"Andrea","twitter_card":"summary_large_image","twitter_creator":"@GrupoRecoletas","twitter_site":"@GrupoRecoletas","twitter_misc":{"Escrito por":"Andrea","Tiempo de lectura":"3 minutos"},"schema":{"@context":"https:\/\/schema.org","@graph":[{"@type":"Article","@id":"https:\/\/www.gruporecoletas.com\/noticias\/clinica-ponferrada-cuenta-con-una-unidad-de-la-mama\/#article","isPartOf":{"@id":"https:\/\/www.gruporecoletas.com\/noticias\/clinica-ponferrada-cuenta-con-una-unidad-de-la-mama\/"},"author":{"name":"Andrea","@id":"https:\/\/www.gruporecoletas.com\/noticias\/#\/schema\/person\/06ae47abe132337b3d64d46e6a153a44"},"headline":"Cl\u00ednica Ponferrada cuenta con una Unidad de la Mama","datePublished":"2021-05-25T08:14:20+00:00","dateModified":"2021-05-25T08:14:22+00:00","mainEntityOfPage":{"@id":"https:\/\/www.gruporecoletas.com\/noticias\/clinica-ponferrada-cuenta-con-una-unidad-de-la-mama\/"},"wordCount":668,"image":{"@id":"https:\/\/www.gruporecoletas.com\/noticias\/clinica-ponferrada-cuenta-con-una-unidad-de-la-mama\/#primaryimage"},"thumbnailUrl":"https:\/\/www.gruporecoletas.com\/noticias\/wp-content\/uploads\/2021\/05\/post-1.jpg","keywords":["Unidad de mama"],"articleSection":["Ponferrada"],"inLanguage":"es"},{"@type":"WebPage","@id":"https:\/\/www.gruporecoletas.com\/noticias\/clinica-ponferrada-cuenta-con-una-unidad-de-la-mama\/","url":"https:\/\/www.gruporecoletas.com\/noticias\/clinica-ponferrada-cuenta-con-una-unidad-de-la-mama\/","name":"Cl\u00ednica Ponferrada cuenta con una Unidad de la Mama - Noticias Grupo Recoletas","isPartOf":{"@id":"https:\/\/www.gruporecoletas.com\/noticias\/#website"},"primaryImageOfPage":{"@id":"https:\/\/www.gruporecoletas.com\/noticias\/clinica-ponferrada-cuenta-con-una-unidad-de-la-mama\/#primaryimage"},"image":{"@id":"https:\/\/www.gruporecoletas.com\/noticias\/clinica-ponferrada-cuenta-con-una-unidad-de-la-mama\/#primaryimage"},"thumbnailUrl":"https:\/\/www.gruporecoletas.com\/noticias\/wp-content\/uploads\/2021\/05\/post-1.jpg","datePublished":"2021-05-25T08:14:20+00:00","dateModified":"2021-05-25T08:14:22+00:00","author":{"@id":"https:\/\/www.gruporecoletas.com\/noticias\/#\/schema\/person\/06ae47abe132337b3d64d46e6a153a44"},"description":"Cl\u00ednica Ponferrada ha puesto en marcha una Unidad de la Mama con el objetivo de garantizar un tratamiento integral, r\u00e1pido y adecuado de cualquier patolog\u00eda","breadcrumb":{"@id":"https:\/\/www.gruporecoletas.com\/noticias\/clinica-ponferrada-cuenta-con-una-unidad-de-la-mama\/#breadcrumb"},"inLanguage":"es","potentialAction":[{"@type":"ReadAction","target":["https:\/\/www.gruporecoletas.com\/noticias\/clinica-ponferrada-cuenta-con-una-unidad-de-la-mama\/"]}]},{"@type":"ImageObject","inLanguage":"es","@id":"https:\/\/www.gruporecoletas.com\/noticias\/clinica-ponferrada-cuenta-con-una-unidad-de-la-mama\/#primaryimage","url":"https:\/\/www.gruporecoletas.com\/noticias\/wp-content\/uploads\/2021\/05\/post-1.jpg","contentUrl":"https:\/\/www.gruporecoletas.com\/noticias\/wp-content\/uploads\/2021\/05\/post-1.jpg","width":1366,"height":768,"caption":"Nueva Unidad de la mama en Cl\u00ednica Ponferrada. Grupo Recoletas"},{"@type":"BreadcrumbList","@id":"https:\/\/www.gruporecoletas.com\/noticias\/clinica-ponferrada-cuenta-con-una-unidad-de-la-mama\/#breadcrumb","itemListElement":[{"@type":"ListItem","position":1,"name":"Portada","item":"https:\/\/www.gruporecoletas.com\/noticias\/"},{"@type":"ListItem","position":2,"name":"Cl\u00ednica Ponferrada cuenta con una Unidad de la Mama"}]},{"@type":"WebSite","@id":"https:\/\/www.gruporecoletas.com\/noticias\/#website","url":"https:\/\/www.gruporecoletas.com\/noticias\/","name":"Noticias Grupo Recoletas","description":"Grupo Recoletas","potentialAction":[{"@type":"SearchAction","target":{"@type":"EntryPoint","urlTemplate":"https:\/\/www.gruporecoletas.com\/noticias\/?s={search_term_string}"},"query-input":{"@type":"PropertyValueSpecification","valueRequired":true,"valueName":"search_term_string"}}],"inLanguage":"es"},{"@type":"Person","@id":"https:\/\/www.gruporecoletas.com\/noticias\/#\/schema\/person\/06ae47abe132337b3d64d46e6a153a44","name":"Andrea","url":"https:\/\/www.gruporecoletas.com\/noticias\/author\/andrea\/"}]}},"_links":{"self":[{"href":"https:\/\/www.gruporecoletas.com\/noticias\/wp-json\/wp\/v2\/posts\/14666","targetHints":{"allow":["GET"]}}],"collection":[{"href":"https:\/\/www.gruporecoletas.com\/noticias\/wp-json\/wp\/v2\/posts"}],"about":[{"href":"https:\/\/www.gruporecoletas.com\/noticias\/wp-json\/wp\/v2\/types\/post"}],"author":[{"embeddable":true,"href":"https:\/\/www.gruporecoletas.com\/noticias\/wp-json\/wp\/v2\/users\/12"}],"replies":[{"embeddable":true,"href":"https:\/\/www.gruporecoletas.com\/noticias\/wp-json\/wp\/v2\/comments?post=14666"}],"version-history":[{"count":1,"href":"https:\/\/www.gruporecoletas.com\/noticias\/wp-json\/wp\/v2\/posts\/14666\/revisions"}],"predecessor-version":[{"id":14668,"href":"https:\/\/www.gruporecoletas.com\/noticias\/wp-json\/wp\/v2\/posts\/14666\/revisions\/14668"}],"wp:featuredmedia":[{"embeddable":true,"href":"https:\/\/www.gruporecoletas.com\/noticias\/wp-json\/wp\/v2\/media\/14667"}],"wp:attachment":[{"href":"https:\/\/www.gruporecoletas.com\/noticias\/wp-json\/wp\/v2\/media?parent=14666"}],"wp:term":[{"taxonomy":"category","embeddable":true,"href":"https:\/\/www.gruporecoletas.com\/noticias\/wp-json\/wp\/v2\/categories?post=14666"},{"taxonomy":"post_tag","embeddable":true,"href":"https:\/\/www.gruporecoletas.com\/noticias\/wp-json\/wp\/v2\/tags?post=14666"}],"curies":[{"name":"wp","href":"https:\/\/api.w.org\/{rel}","templated":true}]}}