{"id":14678,"date":"2021-05-27T11:46:00","date_gmt":"2021-05-27T09:46:00","guid":{"rendered":"https:\/\/www.gruporecoletas.com\/noticias\/?p=14678"},"modified":"2022-11-17T13:30:57","modified_gmt":"2022-11-17T12:30:57","slug":"manana-se-celebra-el-dia-mundial-de-la-nutricion-y-recoletas-destaca-la-importancia-de-una-alimentacion-saludable","status":"publish","type":"post","link":"https:\/\/www.gruporecoletas.com\/noticias\/manana-se-celebra-el-dia-mundial-de-la-nutricion-y-recoletas-destaca-la-importancia-de-una-alimentacion-saludable\/","title":{"rendered":"Ma\u00f1ana se celebra el D\u00eda Mundial de la Nutrici\u00f3n y Recoletas destaca la importancia de una alimentaci\u00f3n saludable"},"content":{"rendered":"\n<h5 class=\"has-text-align-center wp-block-heading\"><em><strong>La alimentaci\u00f3n es clave para la recuperaci\u00f3n del COVID<\/strong><\/em><\/h5>\n\n\n\n<p>Ma\u00f1ana viernes, 28 de mayo, se celebra el D\u00eda Nacional de la Nutrici\u00f3n. Por ello,  Recoletas Red Hospitalaria quiere recordar que entre 2,5 y 3 millones de personas mueren al a\u00f1o en Espa\u00f1a por complicaciones asociadas a la obesidad (diabetes, enfermedades cardiovasculares, hipertensi\u00f3n, h\u00edgado graso, c\u00e1nceres, etc), muertes, que se podr\u00edan prevenir con buenos h\u00e1bitos alimentarios y un estilo de vida saludable.<\/p>\n\n\n\n<p>Castilla y Le\u00f3n tiene una tasa de obesidad entre la poblaci\u00f3n adulta del 13,2% y del 5,6% en menores de 18 a\u00f1os (la media de Espa\u00f1a 17% para adultos y 10% para menores). En cuanto a sobrepeso, la tasa en adultos es del 39,2% de la poblaci\u00f3n, dos puntos por encima de la media nacional y 17% la tasa infantil, un punto por debajo de la media del pa\u00eds.<\/p>\n\n\n\n<p>Adem\u00e1s de las complicaciones nombradas antes, otra de las principales consecuencias de la obesidad es que predispone a un estado de inflamaci\u00f3n cr\u00f3nico. Esto debilita, en cierta manera, el sistema inmune. Por eso, la doctora Paula Crespo, <a href=\"https:\/\/www.gruporecoletas.com\/especialidades\/nutricion-y-dietetica\/\" target=\"_blank\" rel=\"noreferrer noopener\">nutricionista<\/a> del Hospital Recoletas Campo Grande, recuerda que para mantener un buen sistema inmunitario y buen estado de salud es fundamental una correcta alimentaci\u00f3n. Sobre todo, que sea rica en vitaminas A, C, E B6 y B12, que podemos encontrar en: frutas, principalmente c\u00edtricas, vegetales de hoja verde, cereales integrales, legumbres, nueces, huevos, carnes blancas y productos l\u00e1cteos.<\/p>\n\n\n\n<h4 class=\"wp-block-heading\">Otras recomendaciones<\/h4>\n\n\n\n<p>Tambi\u00e9n, la vitamina D, que proporcionan el pescado azul, huevos, l\u00e1cteos enteros, champi\u00f1ones, aguacate y nueces y la ingesta, en las cantidades adecuadas, de algunos minerales como zinc, hierro y selenio, que encontramos principalmente en alimentos de origen animal y tambi\u00e9n verduras.<\/p>\n\n\n\n<p>Por \u00faltimo, seg\u00fan la doctora Crespo, una correcta alimentaci\u00f3n requiere de los aportes adecuados de omega 3, que encontramos en pescados azules, aguacate, y aceite de oliva virgen, principalmente.<\/p>\n\n\n\n<p>Por el contrario, la doctora ha insistido en evitar el consumo de alimentos ricos en az\u00facares y grasas de baja calidad (boller\u00eda industrial) y alimentos con mucho contenido en sal a\u00f1adida (frutos secos fritos, alimentos precocinados, picoteos preparados, embutidos grasos, etc). Se trata de alimentos proinflamatorios, que perjudican nuestro sistema inmune y la obesidad.<\/p>\n\n\n\n<p>En cuanto a bebidas, evitar las azucaradas, refrescos, los batidos y zumos industriales y el alcohol. Priorizar el agua y optar por las alternativas sin alcohol de cerveza, granizados sin az\u00facar o agua con gas con alguna fruta exprimida.<\/p>\n\n\n\n<p>Por \u00faltimo, la doctora Crespo rechaz\u00f3 la b\u00fasqueda de soluciones r\u00e1pidas para la p\u00e9rdida de peso, que han demostrado tener efectos negativos sobre la salud y el metabolismo. La media de p\u00e9rdida de peso que se considera saludable para mantener un buen estado nutricional se estima en 0,5 \u2013 1 kg a la semana. Por tanto, concluy\u00f3 destacando la doctora, toda dieta o producto que prometa una p\u00e9rdida de peso mayor en menos tiempo, nos debe hacer sospechar que no se trata del m\u00e9todo m\u00e1s adecuado.<\/p>\n\n\n\n<p>Al respecto, se\u00f1al\u00f3 que el Hospital Recoletas Campo Grande cuenta con un Servicio de Nutrici\u00f3n que ofrece asesoramiento y tratamiento nutricional personalizado ajustado a las necesidades de cada persona y especializado en Nutrici\u00f3n Pedi\u00e1trica, Mujer, Enfermedad Celiaca, Intolerancias alimentarias, Enfermedades Digestivas, Enfermedad Inflamatoria Intestinal, Oncolog\u00eda y Educaci\u00f3n Alimentaria y p\u00e9rdida de peso.<\/p>\n\n\n\n<h4 class=\"wp-block-heading\">Covid y alimentaci\u00f3n <\/h4>\n\n\n\n<p>Por otra parte, y en referencia a la COVID, la Dra. Crespo se\u00f1al\u00f3 que los estudios sobre el efecto del virus en nuestro organismo han puesto de manifiesto que la COVID afecta al estado nutricional de los pacientes y que una alimentaci\u00f3n adecuada es importante para su recuperaci\u00f3n. <strong><u><\/u><\/strong><\/p>\n\n\n\n<p>Se sabe que la COVID-19 y su tratamiento, influye directamente sobre el apetito de las personas y otros procesos como la degluci\u00f3n y digesti\u00f3n de los alimentos. Pero, adem\u00e1s, afecta tambi\u00e9n indirectamente a la ingesta, que disminuye y por lo tanto empeoran el estado nutricional de los pacientes, principalmente: anorexia (p\u00e9rdida del apetito) y p\u00e9rdida parcial o total del sentido del olfato y del gusto, disminuyendo as\u00ed la capacidad de percibir sabores, ya sean dulces, salados, amargos o \u00e1cidos.<\/p>\n\n\n\n<p>Las recomendaciones generales son aumentar la ingesta cal\u00f3rica, preferiblemente aceite de oliva virgen extra e hidratos de carbono. Tambi\u00e9n salsas suaves caseras, ricas en energ\u00eda y prote\u00ednas de calidad.<\/p>\n\n\n\n<p>En el caso de p\u00e9rdida del gusto y del olfato, ser\u00e1 necesario potenciar el sabor de los alimentos y las formas de preparaci\u00f3n que estimulen las papilas gustativas mediante la utilizaci\u00f3n de especias, aromas y aderezos y preparaciones calientes, ya que desprenden m\u00e1s olores. Y cuando exista dificultad para tragar (disfagia), habr\u00e1 que adaptar las texturas a pur\u00e9s y espesar los l\u00edquidos.<\/p>\n\n\n\n<p>En cuanto a la hidrataci\u00f3n, se recomienda beber alrededor de tres litros de agua al d\u00eda.<\/p>\n\n\n\n<p>Por \u00faltimo, los pacientes con obesidad, que han sufrido COVID-19, es preciso que afronten una p\u00e9rdida de peso, pero no de masa muscular. Para ello, deber\u00e1n aumentar las prote\u00ednas: carnes, pescados, huevos, l\u00e1cteos y legumbres y evitar las grasas de baja calidad y los az\u00facares refinados.<\/p>\n","protected":false},"excerpt":{"rendered":"<p>La alimentaci\u00f3n es clave para la recuperaci\u00f3n del COVID Ma\u00f1ana viernes, 28 de mayo, se celebra el D\u00eda Nacional de la Nutrici\u00f3n. Por ello, Recoletas Red Hospitalaria quiere recordar que entre 2,5 y 3 millones de personas mueren al a\u00f1o en Espa\u00f1a por complicaciones asociadas a la obesidad (diabetes, enfermedades cardiovasculares, hipertensi\u00f3n, h\u00edgado graso, c\u00e1nceres, [&hellip;]<\/p>\n","protected":false},"author":12,"featured_media":14679,"comment_status":"closed","ping_status":"closed","sticky":false,"template":"","format":"standard","meta":{"_acf_changed":false,"footnotes":""},"categories":[3298,41],"tags":[1417,3145],"class_list":["post-14678","post","type-post","status-publish","format-standard","has-post-thumbnail","hentry","category-instituto-de-salud-digestiva","category-nutricion-y-dietetica","tag-nutricion","tag-paula-crespo"],"acf":[],"yoast_head":"<!-- This site is optimized with the Yoast SEO Premium plugin v27.3 (Yoast SEO v27.3) - https:\/\/yoast.com\/product\/yoast-seo-premium-wordpress\/ -->\n<title>Ma\u00f1ana se celebra el D\u00eda Mundial de la Nutrici\u00f3n y Recoletas destaca la importancia de una alimentaci\u00f3n saludable - Noticias Grupo Recoletas<\/title>\n<meta name=\"description\" content=\"Ma\u00f1ana viernes, 28 de mayo, se celebra el D\u00eda Nacional de la Nutrici\u00f3n. Recoletas destaca la importancia de una buena alimentaci\u00f3n para mantenernos sanos.\" \/>\n<meta name=\"robots\" content=\"index, follow, max-snippet:-1, max-image-preview:large, max-video-preview:-1\" \/>\n<link rel=\"canonical\" href=\"https:\/\/www.gruporecoletas.com\/noticias\/manana-se-celebra-el-dia-mundial-de-la-nutricion-y-recoletas-destaca-la-importancia-de-una-alimentacion-saludable\/\" \/>\n<meta property=\"og:locale\" content=\"es_ES\" \/>\n<meta property=\"og:type\" content=\"article\" \/>\n<meta property=\"og:title\" content=\"Ma\u00f1ana se celebra el D\u00eda Mundial de la Nutrici\u00f3n y Recoletas destaca la importancia de una alimentaci\u00f3n saludable\" \/>\n<meta property=\"og:description\" content=\"Ma\u00f1ana viernes, 28 de mayo, se celebra el D\u00eda Nacional de la Nutrici\u00f3n. Recoletas destaca la importancia de una buena alimentaci\u00f3n para mantenernos sanos.\" \/>\n<meta property=\"og:url\" content=\"https:\/\/www.gruporecoletas.com\/noticias\/manana-se-celebra-el-dia-mundial-de-la-nutricion-y-recoletas-destaca-la-importancia-de-una-alimentacion-saludable\/\" \/>\n<meta property=\"og:site_name\" content=\"Noticias Grupo Recoletas\" \/>\n<meta property=\"article:publisher\" content=\"https:\/\/www.facebook.com\/GrupoRecoletas\/\" \/>\n<meta property=\"article:published_time\" content=\"2021-05-27T09:46:00+00:00\" \/>\n<meta property=\"article:modified_time\" content=\"2022-11-17T12:30:57+00:00\" \/>\n<meta property=\"og:image\" content=\"https:\/\/www.gruporecoletas.com\/noticias\/wp-content\/uploads\/2021\/05\/nutri.jpg\" \/>\n\t<meta property=\"og:image:width\" content=\"1366\" \/>\n\t<meta property=\"og:image:height\" content=\"768\" \/>\n\t<meta property=\"og:image:type\" content=\"image\/jpeg\" \/>\n<meta name=\"author\" content=\"Andrea\" \/>\n<meta name=\"twitter:card\" content=\"summary_large_image\" \/>\n<meta name=\"twitter:creator\" content=\"@GrupoRecoletas\" \/>\n<meta name=\"twitter:site\" content=\"@GrupoRecoletas\" \/>\n<meta name=\"twitter:label1\" content=\"Escrito por\" \/>\n\t<meta name=\"twitter:data1\" content=\"Andrea\" \/>\n\t<meta name=\"twitter:label2\" content=\"Tiempo de lectura\" \/>\n\t<meta name=\"twitter:data2\" content=\"4 minutos\" \/>\n<script type=\"application\/ld+json\" class=\"yoast-schema-graph\">{\"@context\":\"https:\\\/\\\/schema.org\",\"@graph\":[{\"@type\":\"Article\",\"@id\":\"https:\\\/\\\/www.gruporecoletas.com\\\/noticias\\\/manana-se-celebra-el-dia-mundial-de-la-nutricion-y-recoletas-destaca-la-importancia-de-una-alimentacion-saludable\\\/#article\",\"isPartOf\":{\"@id\":\"https:\\\/\\\/www.gruporecoletas.com\\\/noticias\\\/manana-se-celebra-el-dia-mundial-de-la-nutricion-y-recoletas-destaca-la-importancia-de-una-alimentacion-saludable\\\/\"},\"author\":{\"name\":\"Andrea\",\"@id\":\"https:\\\/\\\/www.gruporecoletas.com\\\/noticias\\\/#\\\/schema\\\/person\\\/06ae47abe132337b3d64d46e6a153a44\"},\"headline\":\"Ma\u00f1ana se celebra el D\u00eda Mundial de la Nutrici\u00f3n y Recoletas destaca la importancia de una alimentaci\u00f3n saludable\",\"datePublished\":\"2021-05-27T09:46:00+00:00\",\"dateModified\":\"2022-11-17T12:30:57+00:00\",\"mainEntityOfPage\":{\"@id\":\"https:\\\/\\\/www.gruporecoletas.com\\\/noticias\\\/manana-se-celebra-el-dia-mundial-de-la-nutricion-y-recoletas-destaca-la-importancia-de-una-alimentacion-saludable\\\/\"},\"wordCount\":905,\"image\":{\"@id\":\"https:\\\/\\\/www.gruporecoletas.com\\\/noticias\\\/manana-se-celebra-el-dia-mundial-de-la-nutricion-y-recoletas-destaca-la-importancia-de-una-alimentacion-saludable\\\/#primaryimage\"},\"thumbnailUrl\":\"https:\\\/\\\/www.gruporecoletas.com\\\/noticias\\\/wp-content\\\/uploads\\\/2021\\\/05\\\/nutri.jpg\",\"keywords\":[\"nutricion\",\"Paula Crespo\"],\"articleSection\":[\"Instituto de Salud Digestiva\",\"Nutrici\u00f3n y dietetica\"],\"inLanguage\":\"es\"},{\"@type\":\"WebPage\",\"@id\":\"https:\\\/\\\/www.gruporecoletas.com\\\/noticias\\\/manana-se-celebra-el-dia-mundial-de-la-nutricion-y-recoletas-destaca-la-importancia-de-una-alimentacion-saludable\\\/\",\"url\":\"https:\\\/\\\/www.gruporecoletas.com\\\/noticias\\\/manana-se-celebra-el-dia-mundial-de-la-nutricion-y-recoletas-destaca-la-importancia-de-una-alimentacion-saludable\\\/\",\"name\":\"Ma\u00f1ana se celebra el D\u00eda Mundial de la Nutrici\u00f3n y Recoletas destaca la importancia de una alimentaci\u00f3n saludable - Noticias Grupo Recoletas\",\"isPartOf\":{\"@id\":\"https:\\\/\\\/www.gruporecoletas.com\\\/noticias\\\/#website\"},\"primaryImageOfPage\":{\"@id\":\"https:\\\/\\\/www.gruporecoletas.com\\\/noticias\\\/manana-se-celebra-el-dia-mundial-de-la-nutricion-y-recoletas-destaca-la-importancia-de-una-alimentacion-saludable\\\/#primaryimage\"},\"image\":{\"@id\":\"https:\\\/\\\/www.gruporecoletas.com\\\/noticias\\\/manana-se-celebra-el-dia-mundial-de-la-nutricion-y-recoletas-destaca-la-importancia-de-una-alimentacion-saludable\\\/#primaryimage\"},\"thumbnailUrl\":\"https:\\\/\\\/www.gruporecoletas.com\\\/noticias\\\/wp-content\\\/uploads\\\/2021\\\/05\\\/nutri.jpg\",\"datePublished\":\"2021-05-27T09:46:00+00:00\",\"dateModified\":\"2022-11-17T12:30:57+00:00\",\"author\":{\"@id\":\"https:\\\/\\\/www.gruporecoletas.com\\\/noticias\\\/#\\\/schema\\\/person\\\/06ae47abe132337b3d64d46e6a153a44\"},\"description\":\"Ma\u00f1ana viernes, 28 de mayo, se celebra el D\u00eda Nacional de la Nutrici\u00f3n. Recoletas destaca la importancia de una buena alimentaci\u00f3n para mantenernos sanos.\",\"breadcrumb\":{\"@id\":\"https:\\\/\\\/www.gruporecoletas.com\\\/noticias\\\/manana-se-celebra-el-dia-mundial-de-la-nutricion-y-recoletas-destaca-la-importancia-de-una-alimentacion-saludable\\\/#breadcrumb\"},\"inLanguage\":\"es\",\"potentialAction\":[{\"@type\":\"ReadAction\",\"target\":[\"https:\\\/\\\/www.gruporecoletas.com\\\/noticias\\\/manana-se-celebra-el-dia-mundial-de-la-nutricion-y-recoletas-destaca-la-importancia-de-una-alimentacion-saludable\\\/\"]}]},{\"@type\":\"ImageObject\",\"inLanguage\":\"es\",\"@id\":\"https:\\\/\\\/www.gruporecoletas.com\\\/noticias\\\/manana-se-celebra-el-dia-mundial-de-la-nutricion-y-recoletas-destaca-la-importancia-de-una-alimentacion-saludable\\\/#primaryimage\",\"url\":\"https:\\\/\\\/www.gruporecoletas.com\\\/noticias\\\/wp-content\\\/uploads\\\/2021\\\/05\\\/nutri.jpg\",\"contentUrl\":\"https:\\\/\\\/www.gruporecoletas.com\\\/noticias\\\/wp-content\\\/uploads\\\/2021\\\/05\\\/nutri.jpg\",\"width\":1366,\"height\":768,\"caption\":\"D\u00eda Mundial de la Nutrici\u00f3n. Grupo Recoletas\"},{\"@type\":\"BreadcrumbList\",\"@id\":\"https:\\\/\\\/www.gruporecoletas.com\\\/noticias\\\/manana-se-celebra-el-dia-mundial-de-la-nutricion-y-recoletas-destaca-la-importancia-de-una-alimentacion-saludable\\\/#breadcrumb\",\"itemListElement\":[{\"@type\":\"ListItem\",\"position\":1,\"name\":\"Portada\",\"item\":\"https:\\\/\\\/www.gruporecoletas.com\\\/noticias\\\/\"},{\"@type\":\"ListItem\",\"position\":2,\"name\":\"Ma\u00f1ana se celebra el D\u00eda Mundial de la Nutrici\u00f3n y Recoletas destaca la importancia de una alimentaci\u00f3n saludable\"}]},{\"@type\":\"WebSite\",\"@id\":\"https:\\\/\\\/www.gruporecoletas.com\\\/noticias\\\/#website\",\"url\":\"https:\\\/\\\/www.gruporecoletas.com\\\/noticias\\\/\",\"name\":\"Noticias Grupo Recoletas\",\"description\":\"Grupo Recoletas\",\"potentialAction\":[{\"@type\":\"SearchAction\",\"target\":{\"@type\":\"EntryPoint\",\"urlTemplate\":\"https:\\\/\\\/www.gruporecoletas.com\\\/noticias\\\/?s={search_term_string}\"},\"query-input\":{\"@type\":\"PropertyValueSpecification\",\"valueRequired\":true,\"valueName\":\"search_term_string\"}}],\"inLanguage\":\"es\"},{\"@type\":\"Person\",\"@id\":\"https:\\\/\\\/www.gruporecoletas.com\\\/noticias\\\/#\\\/schema\\\/person\\\/06ae47abe132337b3d64d46e6a153a44\",\"name\":\"Andrea\",\"url\":\"https:\\\/\\\/www.gruporecoletas.com\\\/noticias\\\/author\\\/andrea\\\/\"}]}<\/script>\n<!-- \/ Yoast SEO Premium plugin. -->","yoast_head_json":{"title":"Ma\u00f1ana se celebra el D\u00eda Mundial de la Nutrici\u00f3n y Recoletas destaca la importancia de una alimentaci\u00f3n saludable - Noticias Grupo Recoletas","description":"Ma\u00f1ana viernes, 28 de mayo, se celebra el D\u00eda Nacional de la Nutrici\u00f3n. Recoletas destaca la importancia de una buena alimentaci\u00f3n para mantenernos sanos.","robots":{"index":"index","follow":"follow","max-snippet":"max-snippet:-1","max-image-preview":"max-image-preview:large","max-video-preview":"max-video-preview:-1"},"canonical":"https:\/\/www.gruporecoletas.com\/noticias\/manana-se-celebra-el-dia-mundial-de-la-nutricion-y-recoletas-destaca-la-importancia-de-una-alimentacion-saludable\/","og_locale":"es_ES","og_type":"article","og_title":"Ma\u00f1ana se celebra el D\u00eda Mundial de la Nutrici\u00f3n y Recoletas destaca la importancia de una alimentaci\u00f3n saludable","og_description":"Ma\u00f1ana viernes, 28 de mayo, se celebra el D\u00eda Nacional de la Nutrici\u00f3n. Recoletas destaca la importancia de una buena alimentaci\u00f3n para mantenernos sanos.","og_url":"https:\/\/www.gruporecoletas.com\/noticias\/manana-se-celebra-el-dia-mundial-de-la-nutricion-y-recoletas-destaca-la-importancia-de-una-alimentacion-saludable\/","og_site_name":"Noticias Grupo Recoletas","article_publisher":"https:\/\/www.facebook.com\/GrupoRecoletas\/","article_published_time":"2021-05-27T09:46:00+00:00","article_modified_time":"2022-11-17T12:30:57+00:00","og_image":[{"width":1366,"height":768,"url":"https:\/\/www.gruporecoletas.com\/noticias\/wp-content\/uploads\/2021\/05\/nutri.jpg","type":"image\/jpeg"}],"author":"Andrea","twitter_card":"summary_large_image","twitter_creator":"@GrupoRecoletas","twitter_site":"@GrupoRecoletas","twitter_misc":{"Escrito por":"Andrea","Tiempo de lectura":"4 minutos"},"schema":{"@context":"https:\/\/schema.org","@graph":[{"@type":"Article","@id":"https:\/\/www.gruporecoletas.com\/noticias\/manana-se-celebra-el-dia-mundial-de-la-nutricion-y-recoletas-destaca-la-importancia-de-una-alimentacion-saludable\/#article","isPartOf":{"@id":"https:\/\/www.gruporecoletas.com\/noticias\/manana-se-celebra-el-dia-mundial-de-la-nutricion-y-recoletas-destaca-la-importancia-de-una-alimentacion-saludable\/"},"author":{"name":"Andrea","@id":"https:\/\/www.gruporecoletas.com\/noticias\/#\/schema\/person\/06ae47abe132337b3d64d46e6a153a44"},"headline":"Ma\u00f1ana se celebra el D\u00eda Mundial de la Nutrici\u00f3n y Recoletas destaca la importancia de una alimentaci\u00f3n saludable","datePublished":"2021-05-27T09:46:00+00:00","dateModified":"2022-11-17T12:30:57+00:00","mainEntityOfPage":{"@id":"https:\/\/www.gruporecoletas.com\/noticias\/manana-se-celebra-el-dia-mundial-de-la-nutricion-y-recoletas-destaca-la-importancia-de-una-alimentacion-saludable\/"},"wordCount":905,"image":{"@id":"https:\/\/www.gruporecoletas.com\/noticias\/manana-se-celebra-el-dia-mundial-de-la-nutricion-y-recoletas-destaca-la-importancia-de-una-alimentacion-saludable\/#primaryimage"},"thumbnailUrl":"https:\/\/www.gruporecoletas.com\/noticias\/wp-content\/uploads\/2021\/05\/nutri.jpg","keywords":["nutricion","Paula Crespo"],"articleSection":["Instituto de Salud Digestiva","Nutrici\u00f3n y dietetica"],"inLanguage":"es"},{"@type":"WebPage","@id":"https:\/\/www.gruporecoletas.com\/noticias\/manana-se-celebra-el-dia-mundial-de-la-nutricion-y-recoletas-destaca-la-importancia-de-una-alimentacion-saludable\/","url":"https:\/\/www.gruporecoletas.com\/noticias\/manana-se-celebra-el-dia-mundial-de-la-nutricion-y-recoletas-destaca-la-importancia-de-una-alimentacion-saludable\/","name":"Ma\u00f1ana se celebra el D\u00eda Mundial de la Nutrici\u00f3n y Recoletas destaca la importancia de una alimentaci\u00f3n saludable - Noticias Grupo Recoletas","isPartOf":{"@id":"https:\/\/www.gruporecoletas.com\/noticias\/#website"},"primaryImageOfPage":{"@id":"https:\/\/www.gruporecoletas.com\/noticias\/manana-se-celebra-el-dia-mundial-de-la-nutricion-y-recoletas-destaca-la-importancia-de-una-alimentacion-saludable\/#primaryimage"},"image":{"@id":"https:\/\/www.gruporecoletas.com\/noticias\/manana-se-celebra-el-dia-mundial-de-la-nutricion-y-recoletas-destaca-la-importancia-de-una-alimentacion-saludable\/#primaryimage"},"thumbnailUrl":"https:\/\/www.gruporecoletas.com\/noticias\/wp-content\/uploads\/2021\/05\/nutri.jpg","datePublished":"2021-05-27T09:46:00+00:00","dateModified":"2022-11-17T12:30:57+00:00","author":{"@id":"https:\/\/www.gruporecoletas.com\/noticias\/#\/schema\/person\/06ae47abe132337b3d64d46e6a153a44"},"description":"Ma\u00f1ana viernes, 28 de mayo, se celebra el D\u00eda Nacional de la Nutrici\u00f3n. Recoletas destaca la importancia de una buena alimentaci\u00f3n para mantenernos sanos.","breadcrumb":{"@id":"https:\/\/www.gruporecoletas.com\/noticias\/manana-se-celebra-el-dia-mundial-de-la-nutricion-y-recoletas-destaca-la-importancia-de-una-alimentacion-saludable\/#breadcrumb"},"inLanguage":"es","potentialAction":[{"@type":"ReadAction","target":["https:\/\/www.gruporecoletas.com\/noticias\/manana-se-celebra-el-dia-mundial-de-la-nutricion-y-recoletas-destaca-la-importancia-de-una-alimentacion-saludable\/"]}]},{"@type":"ImageObject","inLanguage":"es","@id":"https:\/\/www.gruporecoletas.com\/noticias\/manana-se-celebra-el-dia-mundial-de-la-nutricion-y-recoletas-destaca-la-importancia-de-una-alimentacion-saludable\/#primaryimage","url":"https:\/\/www.gruporecoletas.com\/noticias\/wp-content\/uploads\/2021\/05\/nutri.jpg","contentUrl":"https:\/\/www.gruporecoletas.com\/noticias\/wp-content\/uploads\/2021\/05\/nutri.jpg","width":1366,"height":768,"caption":"D\u00eda Mundial de la Nutrici\u00f3n. Grupo Recoletas"},{"@type":"BreadcrumbList","@id":"https:\/\/www.gruporecoletas.com\/noticias\/manana-se-celebra-el-dia-mundial-de-la-nutricion-y-recoletas-destaca-la-importancia-de-una-alimentacion-saludable\/#breadcrumb","itemListElement":[{"@type":"ListItem","position":1,"name":"Portada","item":"https:\/\/www.gruporecoletas.com\/noticias\/"},{"@type":"ListItem","position":2,"name":"Ma\u00f1ana se celebra el D\u00eda Mundial de la Nutrici\u00f3n y Recoletas destaca la importancia de una alimentaci\u00f3n saludable"}]},{"@type":"WebSite","@id":"https:\/\/www.gruporecoletas.com\/noticias\/#website","url":"https:\/\/www.gruporecoletas.com\/noticias\/","name":"Noticias Grupo Recoletas","description":"Grupo Recoletas","potentialAction":[{"@type":"SearchAction","target":{"@type":"EntryPoint","urlTemplate":"https:\/\/www.gruporecoletas.com\/noticias\/?s={search_term_string}"},"query-input":{"@type":"PropertyValueSpecification","valueRequired":true,"valueName":"search_term_string"}}],"inLanguage":"es"},{"@type":"Person","@id":"https:\/\/www.gruporecoletas.com\/noticias\/#\/schema\/person\/06ae47abe132337b3d64d46e6a153a44","name":"Andrea","url":"https:\/\/www.gruporecoletas.com\/noticias\/author\/andrea\/"}]}},"_links":{"self":[{"href":"https:\/\/www.gruporecoletas.com\/noticias\/wp-json\/wp\/v2\/posts\/14678","targetHints":{"allow":["GET"]}}],"collection":[{"href":"https:\/\/www.gruporecoletas.com\/noticias\/wp-json\/wp\/v2\/posts"}],"about":[{"href":"https:\/\/www.gruporecoletas.com\/noticias\/wp-json\/wp\/v2\/types\/post"}],"author":[{"embeddable":true,"href":"https:\/\/www.gruporecoletas.com\/noticias\/wp-json\/wp\/v2\/users\/12"}],"replies":[{"embeddable":true,"href":"https:\/\/www.gruporecoletas.com\/noticias\/wp-json\/wp\/v2\/comments?post=14678"}],"version-history":[{"count":1,"href":"https:\/\/www.gruporecoletas.com\/noticias\/wp-json\/wp\/v2\/posts\/14678\/revisions"}],"predecessor-version":[{"id":14680,"href":"https:\/\/www.gruporecoletas.com\/noticias\/wp-json\/wp\/v2\/posts\/14678\/revisions\/14680"}],"wp:featuredmedia":[{"embeddable":true,"href":"https:\/\/www.gruporecoletas.com\/noticias\/wp-json\/wp\/v2\/media\/14679"}],"wp:attachment":[{"href":"https:\/\/www.gruporecoletas.com\/noticias\/wp-json\/wp\/v2\/media?parent=14678"}],"wp:term":[{"taxonomy":"category","embeddable":true,"href":"https:\/\/www.gruporecoletas.com\/noticias\/wp-json\/wp\/v2\/categories?post=14678"},{"taxonomy":"post_tag","embeddable":true,"href":"https:\/\/www.gruporecoletas.com\/noticias\/wp-json\/wp\/v2\/tags?post=14678"}],"curies":[{"name":"wp","href":"https:\/\/api.w.org\/{rel}","templated":true}]}}